{"id":9905,"date":"2025-06-19T23:16:26","date_gmt":"2025-06-19T21:16:26","guid":{"rendered":"https:\/\/www.eddh-airport.de\/eddhairport\/?p=9905"},"modified":"2025-10-10T12:58:47","modified_gmt":"2025-10-10T10:58:47","slug":"icelandair-tf-fiu-2","status":"publish","type":"post","link":"https:\/\/www.eddh-airport.de\/eddhairport\/icelandair-tf-fiu-2\/","title":{"rendered":"Icelandair, TF-FIU"},"content":{"rendered":"<h6>Icelandair, TF-FIU<\/h6>\n<p>Aktuell bedient Icelandair die Route in die isl\u00e4ndische Hauptstadt Reykjavik nur saisonal \u00fcber die Sommermonate. In diesem Jahr eher mit fotografischen suboptimalen Slots, denn die Flugzeuge kommen meist kurz vor Sonnenuntergang und verschwinden beim Start meist schon in der einsetzten Dunkelheit der Nacht. Flog Icelandair bis vor einigen Jahren noch regelm\u00e4\u00dfig mit der Boeing 757 Hamburg an, so kommen aktuell lediglich planm\u00e4\u00dfig nur noch Flugzeuge des Typs Boeing 737 MAX zum Einsatz &#8211; bis zum gestrigen Abend. Denn mit TF-FIU schickte Icelandair die wohl wahrscheinlich aktuell sch\u00f6nste 757 auf dem Planeten nach Fuhlsb\u00fcttel. Bereits seit Dezember 2014 tr\u00e4gt der Zweistrahler die ikonische &#8220;Hekla Aurora&#8221; Sonerlackierung die auf dem kompletten Rumpf das Himmelsspektakel der Polarlichter zeigt.<\/p>\n<p><a href=\"https:\/\/www.netairspace.cc\/pic\/684850\/\"><img decoding=\"async\" src=\"https:\/\/www.netairspace.cc\/pic\/684850\/hottestbrick_main.jpg\" alt=\"Aviation photo\" \/><\/a><br \/>\n<a href=\"https:\/\/www.netairspace.cc\/pic\/684850\/\"><span style=\"font-size: xx-small;\">TF-FIU at Hamburg &#8211; Fuhlsbuettel (Helmut Schmidt)<br \/>\nby Niclas Rebbelmund on netAirspace<\/span><\/a><\/p>\n<p>\u00dcber die Piste 23 setzte die mehr als 31 Jahre alte Maschine weit vor ihrer eigentlichen Ankunfszeit am Hamburg Airport auf und rollte nach der Landung auf die Parkposition 08. Nach der Abfertigung dort und bereits nach Sonnenuntergang im Dunkeln, hob das Mittelstreckenflugzeug \u00fcber die Startbahn 33 wieder in Richtung Island ab.<\/p>\n<p><a href=\"https:\/\/www.netairspace.cc\/pic\/684851\/\"><img decoding=\"async\" src=\"https:\/\/www.netairspace.cc\/pic\/684851\/hottestbrick_main.jpg\" alt=\"Aviation photo\" \/><\/a><br \/>\n<a href=\"https:\/\/www.netairspace.cc\/pic\/684851\/\"><span style=\"font-size: xx-small;\">TF-FIU at Hamburg &#8211; Fuhlsbuettel (Helmut Schmidt)<br \/>\nby Niclas Rebbelmund on netAirspace<\/span><\/a><\/p>\n<p>F\u00fcr TF-FIU neigt sich ihre Dienstzeit bei Icelandair und voraussichtlich auch ihre komplette aktive Karriere langsam aber sicher dem Ende zu. Denn die isl\u00e4ndische Fluggesellschaft entscheid bereits Anfang Juli 2023 ihre alternden 757 Flotte durch den Airbus A321neo zur ersetzen. Mit der Auslieferung der ersten Jets vor einigen Monaten begann zeitgleich die Ausflottung der Boeing 757. Bereits beide 757-300 haben die Flotte verlassen und fliegen aktuell in Usbekistan weiter. F\u00fcr die &#8220;Hekla Aurora&#8221; soll Ende Oktober dann nach mehr als 20 Jahren bei Icelandair Schluss sein. Zuvor flog sie seit ihrer Auslieferung am 29. Juli 1994 zun\u00e4chst f\u00fcr die spanische Iberia, sp\u00e4ter f\u00fcr die japanische Itochu und ab Mitte April 2004 Loftleidir Icelandic sowie kurzzeitig f\u00fcr die italienische Volareweb. Ob man unter diesen Vorraussetzungen diese ikonische Sonderlackierung noch einmal am Hamburger Flughafen zu Gesicht bekommen wird, bleibt mehr als fraglich&#8230;<\/p>\n<p>Lust bekommen, selber mit Icelandair nach Island aufzubrechen?\u00a0 <a href=\"https:\/\/www.icelandair.com\/de-de\/fluege\/fluege-nach-island\" target=\"_blank\" rel=\"noopener\">Hier geht es lang<\/a><\/p>\n","protected":false},"excerpt":{"rendered":"<p>Icelandair, TF-FIU Aktuell bedient Icelandair die Route in die isl\u00e4ndische Hauptstadt Reykjavik nur saisonal \u00fcber die Sommermonate. In diesem Jahr eher mit fotografischen suboptimalen Slots, denn die Flugzeuge kommen meist kurz vor Sonnenuntergang und verschwinden beim Start meist schon in der einsetzten Dunkelheit der Nacht. Flog Icelandair bis vor einigen Jahren noch regelm\u00e4\u00dfig mit der [&hellip;]<\/p>\n","protected":false},"author":3,"featured_media":0,"comment_status":"open","ping_status":"open","sticky":false,"template":"","format":"standard","meta":{"_monsterinsights_skip_tracking":false,"_monsterinsights_sitenote_active":false,"_monsterinsights_sitenote_note":"","_monsterinsights_sitenote_category":0,"site-sidebar-layout":"default","site-content-layout":"","ast-site-content-layout":"default","site-content-style":"default","site-sidebar-style":"default","ast-global-header-display":"","ast-banner-title-visibility":"","ast-main-header-display":"","ast-hfb-above-header-display":"","ast-hfb-below-header-display":"","ast-hfb-mobile-header-display":"","site-post-title":"","ast-breadcrumbs-content":"","ast-featured-img":"","footer-sml-layout":"","ast-disable-related-posts":"","theme-transparent-header-meta":"default","adv-header-id-meta":"","stick-header-meta":"","header-above-stick-meta":"","header-main-stick-meta":"","header-below-stick-meta":"","astra-migrate-meta-layouts":"set","ast-page-background-enabled":"default","ast-page-background-meta":{"desktop":{"background-color":"","background-image":"","background-repeat":"repeat","background-position":"center center","background-size":"auto","background-attachment":"scroll","background-type":"","background-media":"","overlay-type":"","overlay-color":"","overlay-opacity":"","overlay-gradient":""},"tablet":{"background-color":"","background-image":"","background-repeat":"repeat","background-position":"center center","background-size":"auto","background-attachment":"scroll","background-type":"","background-media":"","overlay-type":"","overlay-color":"","overlay-opacity":"","overlay-gradient":""},"mobile":{"background-color":"","background-image":"","background-repeat":"repeat","background-position":"center center","background-size":"auto","background-attachment":"scroll","background-type":"","background-media":"","overlay-type":"","overlay-color":"","overlay-opacity":"","overlay-gradient":""}},"ast-content-background-meta":{"desktop":{"background-color":"var(--ast-global-color-5)","background-image":"","background-repeat":"repeat","background-position":"center center","background-size":"auto","background-attachment":"scroll","background-type":"","background-media":"","overlay-type":"","overlay-color":"","overlay-opacity":"","overlay-gradient":""},"tablet":{"background-color":"var(--ast-global-color-5)","background-image":"","background-repeat":"repeat","background-position":"center center","background-size":"auto","background-attachment":"scroll","background-type":"","background-media":"","overlay-type":"","overlay-color":"","overlay-opacity":"","overlay-gradient":""},"mobile":{"background-color":"var(--ast-global-color-5)","background-image":"","background-repeat":"repeat","background-position":"center center","background-size":"auto","background-attachment":"scroll","background-type":"","background-media":"","overlay-type":"","overlay-color":"","overlay-opacity":"","overlay-gradient":""}},"footnotes":""},"categories":[8],"tags":[177,256,96,462,29,389,630,10,11,90,178,75,67],"class_list":["post-9905","post","type-post","status-publish","format-standard","hentry","category-movements-eddh","tag-177","tag-757-200","tag-b757","tag-b757-200","tag-boeing","tag-boeing-757","tag-boeing-757-200","tag-eddh","tag-ham","tag-hamburg-airport","tag-hekla-aurora","tag-icelandair","tag-sonderlackierung"],"yoast_head":"<!-- This site is optimized with the Yoast SEO plugin v27.4 - https:\/\/yoast.com\/product\/yoast-seo-wordpress\/ -->\n<title>Icelandair, TF-FIU - eddh-airport<\/title>\n<meta name=\"description\" content=\"Am gestrigen Abend schaute entgegen der eigentlichen Planung mit TF-FIU die wohl sch\u00f6nste Boeing 757 aktuell in Hamburg vorbei.\" \/>\n<meta name=\"robots\" content=\"index, follow, max-snippet:-1, max-image-preview:large, max-video-preview:-1\" \/>\n<link rel=\"canonical\" href=\"https:\/\/www.eddh-airport.de\/eddhairport\/icelandair-tf-fiu-2\/\" \/>\n<meta property=\"og:locale\" content=\"de_DE\" \/>\n<meta property=\"og:type\" content=\"article\" \/>\n<meta property=\"og:title\" content=\"Icelandair, TF-FIU - eddh-airport\" \/>\n<meta property=\"og:description\" content=\"Am gestrigen Abend schaute entgegen der eigentlichen Planung mit TF-FIU die wohl sch\u00f6nste Boeing 757 aktuell in Hamburg vorbei.\" \/>\n<meta property=\"og:url\" content=\"https:\/\/www.eddh-airport.de\/eddhairport\/icelandair-tf-fiu-2\/\" \/>\n<meta property=\"og:site_name\" content=\"eddh-airport\" \/>\n<meta property=\"article:publisher\" content=\"https:\/\/www.facebook.com\/eddhairport\/\" \/>\n<meta property=\"article:published_time\" content=\"2025-06-19T21:16:26+00:00\" \/>\n<meta property=\"article:modified_time\" content=\"2025-10-10T10:58:47+00:00\" \/>\n<meta property=\"og:image\" content=\"https:\/\/www.netairspace.cc\/pic\/684850\/hottestbrick_main.jpg\" \/>\n<meta name=\"author\" content=\"Niclas Rebbelmund\" \/>\n<meta name=\"twitter:card\" content=\"summary_large_image\" \/>\n<meta name=\"twitter:creator\" content=\"@EDDH_airport_de\" \/>\n<meta name=\"twitter:site\" content=\"@EDDH_airport_de\" \/>\n<meta name=\"twitter:label1\" content=\"Verfasst von\" \/>\n\t<meta name=\"twitter:data1\" content=\"Niclas Rebbelmund\" \/>\n\t<meta name=\"twitter:label2\" content=\"Gesch\u00e4tzte Lesezeit\" \/>\n\t<meta name=\"twitter:data2\" content=\"3\u00a0Minuten\" \/>\n<script type=\"application\/ld+json\" class=\"yoast-schema-graph\">{\"@context\":\"https:\\\/\\\/schema.org\",\"@graph\":[{\"@type\":\"Article\",\"@id\":\"https:\\\/\\\/www.eddh-airport.de\\\/eddhairport\\\/icelandair-tf-fiu-2\\\/#article\",\"isPartOf\":{\"@id\":\"https:\\\/\\\/www.eddh-airport.de\\\/eddhairport\\\/icelandair-tf-fiu-2\\\/\"},\"author\":{\"name\":\"Niclas Rebbelmund\",\"@id\":\"https:\\\/\\\/www.eddh-airport.de\\\/eddhairport\\\/#\\\/schema\\\/person\\\/69e52086d712e506636c8f4c5f088abe\"},\"headline\":\"Icelandair, TF-FIU\",\"datePublished\":\"2025-06-19T21:16:26+00:00\",\"dateModified\":\"2025-10-10T10:58:47+00:00\",\"mainEntityOfPage\":{\"@id\":\"https:\\\/\\\/www.eddh-airport.de\\\/eddhairport\\\/icelandair-tf-fiu-2\\\/\"},\"wordCount\":347,\"commentCount\":0,\"publisher\":{\"@id\":\"https:\\\/\\\/www.eddh-airport.de\\\/eddhairport\\\/#organization\"},\"image\":{\"@id\":\"https:\\\/\\\/www.eddh-airport.de\\\/eddhairport\\\/icelandair-tf-fiu-2\\\/#primaryimage\"},\"thumbnailUrl\":\"https:\\\/\\\/www.netairspace.cc\\\/pic\\\/684850\\\/hottestbrick_main.jpg\",\"keywords\":[\"757\",\"757-200\",\"B757\",\"B757-200\",\"Boeing\",\"Boeing 757\",\"Boeing 757-200\",\"EDDH\",\"HAM\",\"Hamburg Airport\",\"Hekla Aurora\",\"Icelandair\",\"Sonderlackierung\"],\"articleSection\":[\"Movements EDDH\"],\"inLanguage\":\"de\",\"potentialAction\":[{\"@type\":\"CommentAction\",\"name\":\"Comment\",\"target\":[\"https:\\\/\\\/www.eddh-airport.de\\\/eddhairport\\\/icelandair-tf-fiu-2\\\/#respond\"]}]},{\"@type\":\"WebPage\",\"@id\":\"https:\\\/\\\/www.eddh-airport.de\\\/eddhairport\\\/icelandair-tf-fiu-2\\\/\",\"url\":\"https:\\\/\\\/www.eddh-airport.de\\\/eddhairport\\\/icelandair-tf-fiu-2\\\/\",\"name\":\"Icelandair, TF-FIU - eddh-airport\",\"isPartOf\":{\"@id\":\"https:\\\/\\\/www.eddh-airport.de\\\/eddhairport\\\/#website\"},\"primaryImageOfPage\":{\"@id\":\"https:\\\/\\\/www.eddh-airport.de\\\/eddhairport\\\/icelandair-tf-fiu-2\\\/#primaryimage\"},\"image\":{\"@id\":\"https:\\\/\\\/www.eddh-airport.de\\\/eddhairport\\\/icelandair-tf-fiu-2\\\/#primaryimage\"},\"thumbnailUrl\":\"https:\\\/\\\/www.netairspace.cc\\\/pic\\\/684850\\\/hottestbrick_main.jpg\",\"datePublished\":\"2025-06-19T21:16:26+00:00\",\"dateModified\":\"2025-10-10T10:58:47+00:00\",\"description\":\"Am gestrigen Abend schaute entgegen der eigentlichen Planung mit TF-FIU die wohl sch\u00f6nste Boeing 757 aktuell in Hamburg vorbei.\",\"breadcrumb\":{\"@id\":\"https:\\\/\\\/www.eddh-airport.de\\\/eddhairport\\\/icelandair-tf-fiu-2\\\/#breadcrumb\"},\"inLanguage\":\"de\",\"potentialAction\":[{\"@type\":\"ReadAction\",\"target\":[\"https:\\\/\\\/www.eddh-airport.de\\\/eddhairport\\\/icelandair-tf-fiu-2\\\/\"]}]},{\"@type\":\"ImageObject\",\"inLanguage\":\"de\",\"@id\":\"https:\\\/\\\/www.eddh-airport.de\\\/eddhairport\\\/icelandair-tf-fiu-2\\\/#primaryimage\",\"url\":\"https:\\\/\\\/www.netairspace.cc\\\/pic\\\/684850\\\/hottestbrick_main.jpg\",\"contentUrl\":\"https:\\\/\\\/www.netairspace.cc\\\/pic\\\/684850\\\/hottestbrick_main.jpg\"},{\"@type\":\"BreadcrumbList\",\"@id\":\"https:\\\/\\\/www.eddh-airport.de\\\/eddhairport\\\/icelandair-tf-fiu-2\\\/#breadcrumb\",\"itemListElement\":[{\"@type\":\"ListItem\",\"position\":1,\"name\":\"Startseite\",\"item\":\"https:\\\/\\\/www.eddh-airport.de\\\/eddhairport\\\/\"},{\"@type\":\"ListItem\",\"position\":2,\"name\":\"Icelandair, TF-FIU\"}]},{\"@type\":\"WebSite\",\"@id\":\"https:\\\/\\\/www.eddh-airport.de\\\/eddhairport\\\/#website\",\"url\":\"https:\\\/\\\/www.eddh-airport.de\\\/eddhairport\\\/\",\"name\":\"eddh-airport\",\"description\":\"Luftfahrtnews und Planespotting aus Hamburg\",\"publisher\":{\"@id\":\"https:\\\/\\\/www.eddh-airport.de\\\/eddhairport\\\/#organization\"},\"potentialAction\":[{\"@type\":\"SearchAction\",\"target\":{\"@type\":\"EntryPoint\",\"urlTemplate\":\"https:\\\/\\\/www.eddh-airport.de\\\/eddhairport\\\/?s={search_term_string}\"},\"query-input\":{\"@type\":\"PropertyValueSpecification\",\"valueRequired\":true,\"valueName\":\"search_term_string\"}}],\"inLanguage\":\"de\"},{\"@type\":\"Organization\",\"@id\":\"https:\\\/\\\/www.eddh-airport.de\\\/eddhairport\\\/#organization\",\"name\":\"eddh-airport\",\"url\":\"https:\\\/\\\/www.eddh-airport.de\\\/eddhairport\\\/\",\"logo\":{\"@type\":\"ImageObject\",\"inLanguage\":\"de\",\"@id\":\"https:\\\/\\\/www.eddh-airport.de\\\/eddhairport\\\/#\\\/schema\\\/logo\\\/image\\\/\",\"url\":\"https:\\\/\\\/www.eddh-airport.de\\\/eddhairport\\\/wp-content\\\/uploads\\\/2018\\\/10\\\/cropped-Neues-Logo-blau-eine-Ebene-2.jpg\",\"contentUrl\":\"https:\\\/\\\/www.eddh-airport.de\\\/eddhairport\\\/wp-content\\\/uploads\\\/2018\\\/10\\\/cropped-Neues-Logo-blau-eine-Ebene-2.jpg\",\"width\":512,\"height\":512,\"caption\":\"eddh-airport\"},\"image\":{\"@id\":\"https:\\\/\\\/www.eddh-airport.de\\\/eddhairport\\\/#\\\/schema\\\/logo\\\/image\\\/\"},\"sameAs\":[\"https:\\\/\\\/www.facebook.com\\\/eddhairport\\\/\",\"https:\\\/\\\/x.com\\\/EDDH_airport_de\",\"https:\\\/\\\/www.instagram.com\\\/eddhairport\\\/?hl=de\"]},{\"@type\":\"Person\",\"@id\":\"https:\\\/\\\/www.eddh-airport.de\\\/eddhairport\\\/#\\\/schema\\\/person\\\/69e52086d712e506636c8f4c5f088abe\",\"name\":\"Niclas Rebbelmund\",\"image\":{\"@type\":\"ImageObject\",\"inLanguage\":\"de\",\"@id\":\"https:\\\/\\\/secure.gravatar.com\\\/avatar\\\/d84f2b77774e9493691ea91c216d4e4e5412d631f5fe9806ac1d1d54bd3c30cb?s=96&d=mm&r=g\",\"url\":\"https:\\\/\\\/secure.gravatar.com\\\/avatar\\\/d84f2b77774e9493691ea91c216d4e4e5412d631f5fe9806ac1d1d54bd3c30cb?s=96&d=mm&r=g\",\"contentUrl\":\"https:\\\/\\\/secure.gravatar.com\\\/avatar\\\/d84f2b77774e9493691ea91c216d4e4e5412d631f5fe9806ac1d1d54bd3c30cb?s=96&d=mm&r=g\",\"caption\":\"Niclas Rebbelmund\"},\"description\":\"34 Jahre, Team Nikon, Aviation &amp; Fotografie Enthusiast\",\"sameAs\":[\"https:\\\/\\\/www.instagram.com\\\/niclashco\\\/\"],\"url\":\"https:\\\/\\\/www.eddh-airport.de\\\/eddhairport\\\/author\\\/niclas-rebbelmund\\\/\"}]}<\/script>\n<!-- \/ Yoast SEO plugin. -->","yoast_head_json":{"title":"Icelandair, TF-FIU - eddh-airport","description":"Am gestrigen Abend schaute entgegen der eigentlichen Planung mit TF-FIU die wohl sch\u00f6nste Boeing 757 aktuell in Hamburg vorbei.","robots":{"index":"index","follow":"follow","max-snippet":"max-snippet:-1","max-image-preview":"max-image-preview:large","max-video-preview":"max-video-preview:-1"},"canonical":"https:\/\/www.eddh-airport.de\/eddhairport\/icelandair-tf-fiu-2\/","og_locale":"de_DE","og_type":"article","og_title":"Icelandair, TF-FIU - eddh-airport","og_description":"Am gestrigen Abend schaute entgegen der eigentlichen Planung mit TF-FIU die wohl sch\u00f6nste Boeing 757 aktuell in Hamburg vorbei.","og_url":"https:\/\/www.eddh-airport.de\/eddhairport\/icelandair-tf-fiu-2\/","og_site_name":"eddh-airport","article_publisher":"https:\/\/www.facebook.com\/eddhairport\/","article_published_time":"2025-06-19T21:16:26+00:00","article_modified_time":"2025-10-10T10:58:47+00:00","og_image":[{"url":"https:\/\/www.netairspace.cc\/pic\/684850\/hottestbrick_main.jpg","type":"","width":"","height":""}],"author":"Niclas Rebbelmund","twitter_card":"summary_large_image","twitter_creator":"@EDDH_airport_de","twitter_site":"@EDDH_airport_de","twitter_misc":{"Verfasst von":"Niclas Rebbelmund","Gesch\u00e4tzte Lesezeit":"3\u00a0Minuten"},"schema":{"@context":"https:\/\/schema.org","@graph":[{"@type":"Article","@id":"https:\/\/www.eddh-airport.de\/eddhairport\/icelandair-tf-fiu-2\/#article","isPartOf":{"@id":"https:\/\/www.eddh-airport.de\/eddhairport\/icelandair-tf-fiu-2\/"},"author":{"name":"Niclas Rebbelmund","@id":"https:\/\/www.eddh-airport.de\/eddhairport\/#\/schema\/person\/69e52086d712e506636c8f4c5f088abe"},"headline":"Icelandair, TF-FIU","datePublished":"2025-06-19T21:16:26+00:00","dateModified":"2025-10-10T10:58:47+00:00","mainEntityOfPage":{"@id":"https:\/\/www.eddh-airport.de\/eddhairport\/icelandair-tf-fiu-2\/"},"wordCount":347,"commentCount":0,"publisher":{"@id":"https:\/\/www.eddh-airport.de\/eddhairport\/#organization"},"image":{"@id":"https:\/\/www.eddh-airport.de\/eddhairport\/icelandair-tf-fiu-2\/#primaryimage"},"thumbnailUrl":"https:\/\/www.netairspace.cc\/pic\/684850\/hottestbrick_main.jpg","keywords":["757","757-200","B757","B757-200","Boeing","Boeing 757","Boeing 757-200","EDDH","HAM","Hamburg Airport","Hekla Aurora","Icelandair","Sonderlackierung"],"articleSection":["Movements EDDH"],"inLanguage":"de","potentialAction":[{"@type":"CommentAction","name":"Comment","target":["https:\/\/www.eddh-airport.de\/eddhairport\/icelandair-tf-fiu-2\/#respond"]}]},{"@type":"WebPage","@id":"https:\/\/www.eddh-airport.de\/eddhairport\/icelandair-tf-fiu-2\/","url":"https:\/\/www.eddh-airport.de\/eddhairport\/icelandair-tf-fiu-2\/","name":"Icelandair, TF-FIU - eddh-airport","isPartOf":{"@id":"https:\/\/www.eddh-airport.de\/eddhairport\/#website"},"primaryImageOfPage":{"@id":"https:\/\/www.eddh-airport.de\/eddhairport\/icelandair-tf-fiu-2\/#primaryimage"},"image":{"@id":"https:\/\/www.eddh-airport.de\/eddhairport\/icelandair-tf-fiu-2\/#primaryimage"},"thumbnailUrl":"https:\/\/www.netairspace.cc\/pic\/684850\/hottestbrick_main.jpg","datePublished":"2025-06-19T21:16:26+00:00","dateModified":"2025-10-10T10:58:47+00:00","description":"Am gestrigen Abend schaute entgegen der eigentlichen Planung mit TF-FIU die wohl sch\u00f6nste Boeing 757 aktuell in Hamburg vorbei.","breadcrumb":{"@id":"https:\/\/www.eddh-airport.de\/eddhairport\/icelandair-tf-fiu-2\/#breadcrumb"},"inLanguage":"de","potentialAction":[{"@type":"ReadAction","target":["https:\/\/www.eddh-airport.de\/eddhairport\/icelandair-tf-fiu-2\/"]}]},{"@type":"ImageObject","inLanguage":"de","@id":"https:\/\/www.eddh-airport.de\/eddhairport\/icelandair-tf-fiu-2\/#primaryimage","url":"https:\/\/www.netairspace.cc\/pic\/684850\/hottestbrick_main.jpg","contentUrl":"https:\/\/www.netairspace.cc\/pic\/684850\/hottestbrick_main.jpg"},{"@type":"BreadcrumbList","@id":"https:\/\/www.eddh-airport.de\/eddhairport\/icelandair-tf-fiu-2\/#breadcrumb","itemListElement":[{"@type":"ListItem","position":1,"name":"Startseite","item":"https:\/\/www.eddh-airport.de\/eddhairport\/"},{"@type":"ListItem","position":2,"name":"Icelandair, TF-FIU"}]},{"@type":"WebSite","@id":"https:\/\/www.eddh-airport.de\/eddhairport\/#website","url":"https:\/\/www.eddh-airport.de\/eddhairport\/","name":"eddh-airport","description":"Luftfahrtnews und Planespotting aus Hamburg","publisher":{"@id":"https:\/\/www.eddh-airport.de\/eddhairport\/#organization"},"potentialAction":[{"@type":"SearchAction","target":{"@type":"EntryPoint","urlTemplate":"https:\/\/www.eddh-airport.de\/eddhairport\/?s={search_term_string}"},"query-input":{"@type":"PropertyValueSpecification","valueRequired":true,"valueName":"search_term_string"}}],"inLanguage":"de"},{"@type":"Organization","@id":"https:\/\/www.eddh-airport.de\/eddhairport\/#organization","name":"eddh-airport","url":"https:\/\/www.eddh-airport.de\/eddhairport\/","logo":{"@type":"ImageObject","inLanguage":"de","@id":"https:\/\/www.eddh-airport.de\/eddhairport\/#\/schema\/logo\/image\/","url":"https:\/\/www.eddh-airport.de\/eddhairport\/wp-content\/uploads\/2018\/10\/cropped-Neues-Logo-blau-eine-Ebene-2.jpg","contentUrl":"https:\/\/www.eddh-airport.de\/eddhairport\/wp-content\/uploads\/2018\/10\/cropped-Neues-Logo-blau-eine-Ebene-2.jpg","width":512,"height":512,"caption":"eddh-airport"},"image":{"@id":"https:\/\/www.eddh-airport.de\/eddhairport\/#\/schema\/logo\/image\/"},"sameAs":["https:\/\/www.facebook.com\/eddhairport\/","https:\/\/x.com\/EDDH_airport_de","https:\/\/www.instagram.com\/eddhairport\/?hl=de"]},{"@type":"Person","@id":"https:\/\/www.eddh-airport.de\/eddhairport\/#\/schema\/person\/69e52086d712e506636c8f4c5f088abe","name":"Niclas Rebbelmund","image":{"@type":"ImageObject","inLanguage":"de","@id":"https:\/\/secure.gravatar.com\/avatar\/d84f2b77774e9493691ea91c216d4e4e5412d631f5fe9806ac1d1d54bd3c30cb?s=96&d=mm&r=g","url":"https:\/\/secure.gravatar.com\/avatar\/d84f2b77774e9493691ea91c216d4e4e5412d631f5fe9806ac1d1d54bd3c30cb?s=96&d=mm&r=g","contentUrl":"https:\/\/secure.gravatar.com\/avatar\/d84f2b77774e9493691ea91c216d4e4e5412d631f5fe9806ac1d1d54bd3c30cb?s=96&d=mm&r=g","caption":"Niclas Rebbelmund"},"description":"34 Jahre, Team Nikon, Aviation &amp; Fotografie Enthusiast","sameAs":["https:\/\/www.instagram.com\/niclashco\/"],"url":"https:\/\/www.eddh-airport.de\/eddhairport\/author\/niclas-rebbelmund\/"}]}},"_links":{"self":[{"href":"https:\/\/www.eddh-airport.de\/eddhairport\/wp-json\/wp\/v2\/posts\/9905","targetHints":{"allow":["GET"]}}],"collection":[{"href":"https:\/\/www.eddh-airport.de\/eddhairport\/wp-json\/wp\/v2\/posts"}],"about":[{"href":"https:\/\/www.eddh-airport.de\/eddhairport\/wp-json\/wp\/v2\/types\/post"}],"author":[{"embeddable":true,"href":"https:\/\/www.eddh-airport.de\/eddhairport\/wp-json\/wp\/v2\/users\/3"}],"replies":[{"embeddable":true,"href":"https:\/\/www.eddh-airport.de\/eddhairport\/wp-json\/wp\/v2\/comments?post=9905"}],"version-history":[{"count":3,"href":"https:\/\/www.eddh-airport.de\/eddhairport\/wp-json\/wp\/v2\/posts\/9905\/revisions"}],"predecessor-version":[{"id":10093,"href":"https:\/\/www.eddh-airport.de\/eddhairport\/wp-json\/wp\/v2\/posts\/9905\/revisions\/10093"}],"wp:attachment":[{"href":"https:\/\/www.eddh-airport.de\/eddhairport\/wp-json\/wp\/v2\/media?parent=9905"}],"wp:term":[{"taxonomy":"category","embeddable":true,"href":"https:\/\/www.eddh-airport.de\/eddhairport\/wp-json\/wp\/v2\/categories?post=9905"},{"taxonomy":"post_tag","embeddable":true,"href":"https:\/\/www.eddh-airport.de\/eddhairport\/wp-json\/wp\/v2\/tags?post=9905"}],"curies":[{"name":"wp","href":"https:\/\/api.w.org\/{rel}","templated":true}]}}