{"id":9782,"date":"2025-03-31T09:39:47","date_gmt":"2025-03-31T07:39:47","guid":{"rendered":"https:\/\/www.eddh-airport.de\/eddhairport\/?p=9782"},"modified":"2025-03-31T09:39:47","modified_gmt":"2025-03-31T07:39:47","slug":"forca-aerea-brasileira-brazilian-air-force-fab2855-2","status":"publish","type":"post","link":"https:\/\/www.eddh-airport.de\/eddhairport\/forca-aerea-brasileira-brazilian-air-force-fab2855-2\/","title":{"rendered":"For\u00e7a A\u00e9rea Brasileira (Brazilian Air Force), FAB2855"},"content":{"rendered":"<h6>For\u00e7a A\u00e9rea Brasileira (Brazilian Air Force), FAB2855<\/h6>\n<p>Ende Oktober vergangenen Jahres kam mit FAB2855 eine Embraer KC-390 Millennium der brasilianischen Luftstreitkr\u00e4fte an den Hamburger Flughafen und markierte damit auch gleichzeitig die Erstlandung dieses Flugzeugtyps in Fuhlsb\u00fcttel (<a href=\"https:\/\/www.eddh-airport.de\/eddhairport\/forca-aerea-brasileira-brazilian-air-force-fab2855\/\">wir berichteten<\/a>). Damals brachte der milit\u00e4rische Transporter das Fahrwerk eine Airbus A330, welches in den vergangenen Monaten von der Lufthansa Technik (LHT) \u00fcberholt wurde und flog in der Folge weiter in die (damalige) Krisenregion im nahen Osten.<br \/>\nAm heutigen sp\u00e4ten Abend landete dieselbe KC-390 erneut am Hamburg Airport &#8211; diesmal um das \u00fcberholte Fahrwerk wieder abzuholen.<\/p>\n<p><a href=\"https:\/\/www.netairspace.cc\/pic\/673012\/\"><img decoding=\"async\" src=\"https:\/\/www.netairspace.cc\/pic\/673012\/hottestbrick_main.jpg\" alt=\"Aviation photo\" \/><\/a><br \/>\n<a href=\"https:\/\/www.netairspace.cc\/pic\/673012\/\"><span style=\"font-size: xx-small;\">FAB2855 at Hamburg &#8211; Fuhlsbuettel (Helmut Schmidt)<br \/>\nby Niclas Rebbelmund on netAirspace<\/span><\/a><\/p>\n<p>Dazu flog der bald f\u00fcnf Jahre alte Zweistrahler mit einem Tankstopp auf Gran Canaria (LPA) aus Brasilien nach Hamburg und setzte hier kurz vor Mitternacht auf der Piste 23 auf. Zur weiteren Abfertigung rollte die Maschine auf das Vorfeld 2 und die dortige Position 93.<br \/>\nBereits seit dem 27. Juni 2020 fliegt FAB2855 f\u00fcr die brasilianische Air Force und nimmt dort unter anderem Aufgaben wie die Luftbetankung oder den Transport von milit\u00e4rischem Ger\u00e4t und Soldaten wahr. Aktuell befinden sich insgesamt sieben Flugzeuge diesen Typs in der Teilflotte der Brasilianer, die jedoch in den kommenden Jahren auf insgesamt 22 Exemplare vergr\u00f6\u00dfert werden soll.<br \/>\nDoch auch in Europa wird dieser noch recht seltene Flugzeugtyp in den kommenden Jahren h\u00e4ufiger zu sehen sein. Denn neben f\u00fcnf bereits zum Teil an Portugal ausgelieferten KC-390 Millennium bestellten Ungarn und Tschechien je zwei, \u00d6sterreich und die Niederlande in Kooperation f\u00fcnf Maschinen dieses Typs. Weitere Interessenten bzw. K\u00e4ufer sind unter anderem Schweden und die Slowakei.<\/p>\n","protected":false},"excerpt":{"rendered":"<p>For\u00e7a A\u00e9rea Brasileira (Brazilian Air Force), FAB2855 Ende Oktober vergangenen Jahres kam mit FAB2855 eine Embraer KC-390 Millennium der brasilianischen Luftstreitkr\u00e4fte an den Hamburger Flughafen und markierte damit auch gleichzeitig die Erstlandung dieses Flugzeugtyps in Fuhlsb\u00fcttel (wir berichteten). Damals brachte der milit\u00e4rische Transporter das Fahrwerk eine Airbus A330, welches in den vergangenen Monaten von der [&hellip;]<\/p>\n","protected":false},"author":3,"featured_media":0,"comment_status":"open","ping_status":"open","sticky":false,"template":"","format":"standard","meta":{"_monsterinsights_skip_tracking":false,"_monsterinsights_sitenote_active":false,"_monsterinsights_sitenote_note":"","_monsterinsights_sitenote_category":0,"site-sidebar-layout":"default","site-content-layout":"","ast-site-content-layout":"default","site-content-style":"default","site-sidebar-style":"default","ast-global-header-display":"","ast-banner-title-visibility":"","ast-main-header-display":"","ast-hfb-above-header-display":"","ast-hfb-below-header-display":"","ast-hfb-mobile-header-display":"","site-post-title":"","ast-breadcrumbs-content":"","ast-featured-img":"","footer-sml-layout":"","ast-disable-related-posts":"","theme-transparent-header-meta":"default","adv-header-id-meta":"","stick-header-meta":"","header-above-stick-meta":"","header-main-stick-meta":"","header-below-stick-meta":"","astra-migrate-meta-layouts":"set","ast-page-background-enabled":"default","ast-page-background-meta":{"desktop":{"background-color":"","background-image":"","background-repeat":"repeat","background-position":"center center","background-size":"auto","background-attachment":"scroll","background-type":"","background-media":"","overlay-type":"","overlay-color":"","overlay-opacity":"","overlay-gradient":""},"tablet":{"background-color":"","background-image":"","background-repeat":"repeat","background-position":"center center","background-size":"auto","background-attachment":"scroll","background-type":"","background-media":"","overlay-type":"","overlay-color":"","overlay-opacity":"","overlay-gradient":""},"mobile":{"background-color":"","background-image":"","background-repeat":"repeat","background-position":"center center","background-size":"auto","background-attachment":"scroll","background-type":"","background-media":"","overlay-type":"","overlay-color":"","overlay-opacity":"","overlay-gradient":""}},"ast-content-background-meta":{"desktop":{"background-color":"var(--ast-global-color-5)","background-image":"","background-repeat":"repeat","background-position":"center center","background-size":"auto","background-attachment":"scroll","background-type":"","background-media":"","overlay-type":"","overlay-color":"","overlay-opacity":"","overlay-gradient":""},"tablet":{"background-color":"var(--ast-global-color-5)","background-image":"","background-repeat":"repeat","background-position":"center center","background-size":"auto","background-attachment":"scroll","background-type":"","background-media":"","overlay-type":"","overlay-color":"","overlay-opacity":"","overlay-gradient":""},"mobile":{"background-color":"var(--ast-global-color-5)","background-image":"","background-repeat":"repeat","background-position":"center center","background-size":"auto","background-attachment":"scroll","background-type":"","background-media":"","overlay-type":"","overlay-color":"","overlay-opacity":"","overlay-gradient":""}},"footnotes":""},"categories":[8],"tags":[1452,10,138,2022,1454,1453,11,90,2021,2023],"class_list":["post-9782","post","type-post","status-publish","format-standard","hentry","category-movements-eddh","tag-brazilian-air-force","tag-eddh","tag-embraer","tag-embraer-kc-390-millennium","tag-forca-aerea-brasileira","tag-forca-aerea-brasileira-brazilian-air-force","tag-ham","tag-hamburg-airport","tag-kc-390","tag-kc-390-millennium"],"yoast_head":"<!-- This site is optimized with the Yoast SEO plugin v27.4 - https:\/\/yoast.com\/product\/yoast-seo-wordpress\/ -->\n<title>For\u00e7a A\u00e9rea Brasileira (Brazilian Air Force), FAB2855 - eddh-airport<\/title>\n<meta name=\"description\" content=\"Kurz vor Mitternacht landete am heutigen sp\u00e4ten Abend mit FAB2855 eine KC-390 der brasilianischen Luftstreitkr\u00e4fte in Hamburg.\" \/>\n<meta name=\"robots\" content=\"index, follow, max-snippet:-1, max-image-preview:large, max-video-preview:-1\" \/>\n<link rel=\"canonical\" href=\"https:\/\/www.eddh-airport.de\/eddhairport\/forca-aerea-brasileira-brazilian-air-force-fab2855-2\/\" \/>\n<meta property=\"og:locale\" content=\"de_DE\" \/>\n<meta property=\"og:type\" content=\"article\" \/>\n<meta property=\"og:title\" content=\"For\u00e7a A\u00e9rea Brasileira (Brazilian Air Force), FAB2855 - eddh-airport\" \/>\n<meta property=\"og:description\" content=\"Kurz vor Mitternacht landete am heutigen sp\u00e4ten Abend mit FAB2855 eine KC-390 der brasilianischen Luftstreitkr\u00e4fte in Hamburg.\" \/>\n<meta property=\"og:url\" content=\"https:\/\/www.eddh-airport.de\/eddhairport\/forca-aerea-brasileira-brazilian-air-force-fab2855-2\/\" \/>\n<meta property=\"og:site_name\" content=\"eddh-airport\" \/>\n<meta property=\"article:publisher\" content=\"https:\/\/www.facebook.com\/eddhairport\/\" \/>\n<meta property=\"article:published_time\" content=\"2025-03-31T07:39:47+00:00\" \/>\n<meta property=\"og:image\" content=\"https:\/\/www.netairspace.cc\/pic\/673012\/hottestbrick_main.jpg\" \/>\n<meta name=\"author\" content=\"Niclas Rebbelmund\" \/>\n<meta name=\"twitter:card\" content=\"summary_large_image\" \/>\n<meta name=\"twitter:creator\" content=\"@EDDH_airport_de\" \/>\n<meta name=\"twitter:site\" content=\"@EDDH_airport_de\" \/>\n<meta name=\"twitter:label1\" content=\"Verfasst von\" \/>\n\t<meta name=\"twitter:data1\" content=\"Niclas Rebbelmund\" \/>\n\t<meta name=\"twitter:label2\" content=\"Gesch\u00e4tzte Lesezeit\" \/>\n\t<meta name=\"twitter:data2\" content=\"2\u00a0Minuten\" \/>\n<script type=\"application\/ld+json\" class=\"yoast-schema-graph\">{\"@context\":\"https:\\\/\\\/schema.org\",\"@graph\":[{\"@type\":\"Article\",\"@id\":\"https:\\\/\\\/www.eddh-airport.de\\\/eddhairport\\\/forca-aerea-brasileira-brazilian-air-force-fab2855-2\\\/#article\",\"isPartOf\":{\"@id\":\"https:\\\/\\\/www.eddh-airport.de\\\/eddhairport\\\/forca-aerea-brasileira-brazilian-air-force-fab2855-2\\\/\"},\"author\":{\"name\":\"Niclas Rebbelmund\",\"@id\":\"https:\\\/\\\/www.eddh-airport.de\\\/eddhairport\\\/#\\\/schema\\\/person\\\/69e52086d712e506636c8f4c5f088abe\"},\"headline\":\"For\u00e7a A\u00e9rea Brasileira (Brazilian Air Force), FAB2855\",\"datePublished\":\"2025-03-31T07:39:47+00:00\",\"mainEntityOfPage\":{\"@id\":\"https:\\\/\\\/www.eddh-airport.de\\\/eddhairport\\\/forca-aerea-brasileira-brazilian-air-force-fab2855-2\\\/\"},\"wordCount\":280,\"commentCount\":1,\"publisher\":{\"@id\":\"https:\\\/\\\/www.eddh-airport.de\\\/eddhairport\\\/#organization\"},\"image\":{\"@id\":\"https:\\\/\\\/www.eddh-airport.de\\\/eddhairport\\\/forca-aerea-brasileira-brazilian-air-force-fab2855-2\\\/#primaryimage\"},\"thumbnailUrl\":\"https:\\\/\\\/www.netairspace.cc\\\/pic\\\/673012\\\/hottestbrick_main.jpg\",\"keywords\":[\"Brazilian Air Force\",\"EDDH\",\"Embraer\",\"Embraer KC-390 Millennium\",\"For\u00e7a A\u00e9rea Brasileira\",\"For\u00e7a A\u00e9rea Brasileira (Brazilian Air Force)\",\"HAM\",\"Hamburg Airport\",\"KC-390\",\"KC-390 Millennium\"],\"articleSection\":[\"Movements EDDH\"],\"inLanguage\":\"de\",\"potentialAction\":[{\"@type\":\"CommentAction\",\"name\":\"Comment\",\"target\":[\"https:\\\/\\\/www.eddh-airport.de\\\/eddhairport\\\/forca-aerea-brasileira-brazilian-air-force-fab2855-2\\\/#respond\"]}]},{\"@type\":\"WebPage\",\"@id\":\"https:\\\/\\\/www.eddh-airport.de\\\/eddhairport\\\/forca-aerea-brasileira-brazilian-air-force-fab2855-2\\\/\",\"url\":\"https:\\\/\\\/www.eddh-airport.de\\\/eddhairport\\\/forca-aerea-brasileira-brazilian-air-force-fab2855-2\\\/\",\"name\":\"For\u00e7a A\u00e9rea Brasileira (Brazilian Air Force), FAB2855 - eddh-airport\",\"isPartOf\":{\"@id\":\"https:\\\/\\\/www.eddh-airport.de\\\/eddhairport\\\/#website\"},\"primaryImageOfPage\":{\"@id\":\"https:\\\/\\\/www.eddh-airport.de\\\/eddhairport\\\/forca-aerea-brasileira-brazilian-air-force-fab2855-2\\\/#primaryimage\"},\"image\":{\"@id\":\"https:\\\/\\\/www.eddh-airport.de\\\/eddhairport\\\/forca-aerea-brasileira-brazilian-air-force-fab2855-2\\\/#primaryimage\"},\"thumbnailUrl\":\"https:\\\/\\\/www.netairspace.cc\\\/pic\\\/673012\\\/hottestbrick_main.jpg\",\"datePublished\":\"2025-03-31T07:39:47+00:00\",\"description\":\"Kurz vor Mitternacht landete am heutigen sp\u00e4ten Abend mit FAB2855 eine KC-390 der brasilianischen Luftstreitkr\u00e4fte in Hamburg.\",\"breadcrumb\":{\"@id\":\"https:\\\/\\\/www.eddh-airport.de\\\/eddhairport\\\/forca-aerea-brasileira-brazilian-air-force-fab2855-2\\\/#breadcrumb\"},\"inLanguage\":\"de\",\"potentialAction\":[{\"@type\":\"ReadAction\",\"target\":[\"https:\\\/\\\/www.eddh-airport.de\\\/eddhairport\\\/forca-aerea-brasileira-brazilian-air-force-fab2855-2\\\/\"]}]},{\"@type\":\"ImageObject\",\"inLanguage\":\"de\",\"@id\":\"https:\\\/\\\/www.eddh-airport.de\\\/eddhairport\\\/forca-aerea-brasileira-brazilian-air-force-fab2855-2\\\/#primaryimage\",\"url\":\"https:\\\/\\\/www.netairspace.cc\\\/pic\\\/673012\\\/hottestbrick_main.jpg\",\"contentUrl\":\"https:\\\/\\\/www.netairspace.cc\\\/pic\\\/673012\\\/hottestbrick_main.jpg\"},{\"@type\":\"BreadcrumbList\",\"@id\":\"https:\\\/\\\/www.eddh-airport.de\\\/eddhairport\\\/forca-aerea-brasileira-brazilian-air-force-fab2855-2\\\/#breadcrumb\",\"itemListElement\":[{\"@type\":\"ListItem\",\"position\":1,\"name\":\"Startseite\",\"item\":\"https:\\\/\\\/www.eddh-airport.de\\\/eddhairport\\\/\"},{\"@type\":\"ListItem\",\"position\":2,\"name\":\"For\u00e7a A\u00e9rea Brasileira (Brazilian Air Force), FAB2855\"}]},{\"@type\":\"WebSite\",\"@id\":\"https:\\\/\\\/www.eddh-airport.de\\\/eddhairport\\\/#website\",\"url\":\"https:\\\/\\\/www.eddh-airport.de\\\/eddhairport\\\/\",\"name\":\"eddh-airport\",\"description\":\"Luftfahrtnews und Planespotting aus Hamburg\",\"publisher\":{\"@id\":\"https:\\\/\\\/www.eddh-airport.de\\\/eddhairport\\\/#organization\"},\"potentialAction\":[{\"@type\":\"SearchAction\",\"target\":{\"@type\":\"EntryPoint\",\"urlTemplate\":\"https:\\\/\\\/www.eddh-airport.de\\\/eddhairport\\\/?s={search_term_string}\"},\"query-input\":{\"@type\":\"PropertyValueSpecification\",\"valueRequired\":true,\"valueName\":\"search_term_string\"}}],\"inLanguage\":\"de\"},{\"@type\":\"Organization\",\"@id\":\"https:\\\/\\\/www.eddh-airport.de\\\/eddhairport\\\/#organization\",\"name\":\"eddh-airport\",\"url\":\"https:\\\/\\\/www.eddh-airport.de\\\/eddhairport\\\/\",\"logo\":{\"@type\":\"ImageObject\",\"inLanguage\":\"de\",\"@id\":\"https:\\\/\\\/www.eddh-airport.de\\\/eddhairport\\\/#\\\/schema\\\/logo\\\/image\\\/\",\"url\":\"https:\\\/\\\/www.eddh-airport.de\\\/eddhairport\\\/wp-content\\\/uploads\\\/2018\\\/10\\\/cropped-Neues-Logo-blau-eine-Ebene-2.jpg\",\"contentUrl\":\"https:\\\/\\\/www.eddh-airport.de\\\/eddhairport\\\/wp-content\\\/uploads\\\/2018\\\/10\\\/cropped-Neues-Logo-blau-eine-Ebene-2.jpg\",\"width\":512,\"height\":512,\"caption\":\"eddh-airport\"},\"image\":{\"@id\":\"https:\\\/\\\/www.eddh-airport.de\\\/eddhairport\\\/#\\\/schema\\\/logo\\\/image\\\/\"},\"sameAs\":[\"https:\\\/\\\/www.facebook.com\\\/eddhairport\\\/\",\"https:\\\/\\\/x.com\\\/EDDH_airport_de\",\"https:\\\/\\\/www.instagram.com\\\/eddhairport\\\/?hl=de\"]},{\"@type\":\"Person\",\"@id\":\"https:\\\/\\\/www.eddh-airport.de\\\/eddhairport\\\/#\\\/schema\\\/person\\\/69e52086d712e506636c8f4c5f088abe\",\"name\":\"Niclas Rebbelmund\",\"image\":{\"@type\":\"ImageObject\",\"inLanguage\":\"de\",\"@id\":\"https:\\\/\\\/secure.gravatar.com\\\/avatar\\\/d84f2b77774e9493691ea91c216d4e4e5412d631f5fe9806ac1d1d54bd3c30cb?s=96&d=mm&r=g\",\"url\":\"https:\\\/\\\/secure.gravatar.com\\\/avatar\\\/d84f2b77774e9493691ea91c216d4e4e5412d631f5fe9806ac1d1d54bd3c30cb?s=96&d=mm&r=g\",\"contentUrl\":\"https:\\\/\\\/secure.gravatar.com\\\/avatar\\\/d84f2b77774e9493691ea91c216d4e4e5412d631f5fe9806ac1d1d54bd3c30cb?s=96&d=mm&r=g\",\"caption\":\"Niclas Rebbelmund\"},\"description\":\"34 Jahre, Team Nikon, Aviation &amp; Fotografie Enthusiast\",\"sameAs\":[\"https:\\\/\\\/www.instagram.com\\\/niclashco\\\/\"],\"url\":\"https:\\\/\\\/www.eddh-airport.de\\\/eddhairport\\\/author\\\/niclas-rebbelmund\\\/\"}]}<\/script>\n<!-- \/ Yoast SEO plugin. -->","yoast_head_json":{"title":"For\u00e7a A\u00e9rea Brasileira (Brazilian Air Force), FAB2855 - eddh-airport","description":"Kurz vor Mitternacht landete am heutigen sp\u00e4ten Abend mit FAB2855 eine KC-390 der brasilianischen Luftstreitkr\u00e4fte in Hamburg.","robots":{"index":"index","follow":"follow","max-snippet":"max-snippet:-1","max-image-preview":"max-image-preview:large","max-video-preview":"max-video-preview:-1"},"canonical":"https:\/\/www.eddh-airport.de\/eddhairport\/forca-aerea-brasileira-brazilian-air-force-fab2855-2\/","og_locale":"de_DE","og_type":"article","og_title":"For\u00e7a A\u00e9rea Brasileira (Brazilian Air Force), FAB2855 - eddh-airport","og_description":"Kurz vor Mitternacht landete am heutigen sp\u00e4ten Abend mit FAB2855 eine KC-390 der brasilianischen Luftstreitkr\u00e4fte in Hamburg.","og_url":"https:\/\/www.eddh-airport.de\/eddhairport\/forca-aerea-brasileira-brazilian-air-force-fab2855-2\/","og_site_name":"eddh-airport","article_publisher":"https:\/\/www.facebook.com\/eddhairport\/","article_published_time":"2025-03-31T07:39:47+00:00","og_image":[{"url":"https:\/\/www.netairspace.cc\/pic\/673012\/hottestbrick_main.jpg","type":"","width":"","height":""}],"author":"Niclas Rebbelmund","twitter_card":"summary_large_image","twitter_creator":"@EDDH_airport_de","twitter_site":"@EDDH_airport_de","twitter_misc":{"Verfasst von":"Niclas Rebbelmund","Gesch\u00e4tzte Lesezeit":"2\u00a0Minuten"},"schema":{"@context":"https:\/\/schema.org","@graph":[{"@type":"Article","@id":"https:\/\/www.eddh-airport.de\/eddhairport\/forca-aerea-brasileira-brazilian-air-force-fab2855-2\/#article","isPartOf":{"@id":"https:\/\/www.eddh-airport.de\/eddhairport\/forca-aerea-brasileira-brazilian-air-force-fab2855-2\/"},"author":{"name":"Niclas Rebbelmund","@id":"https:\/\/www.eddh-airport.de\/eddhairport\/#\/schema\/person\/69e52086d712e506636c8f4c5f088abe"},"headline":"For\u00e7a A\u00e9rea Brasileira (Brazilian Air Force), FAB2855","datePublished":"2025-03-31T07:39:47+00:00","mainEntityOfPage":{"@id":"https:\/\/www.eddh-airport.de\/eddhairport\/forca-aerea-brasileira-brazilian-air-force-fab2855-2\/"},"wordCount":280,"commentCount":1,"publisher":{"@id":"https:\/\/www.eddh-airport.de\/eddhairport\/#organization"},"image":{"@id":"https:\/\/www.eddh-airport.de\/eddhairport\/forca-aerea-brasileira-brazilian-air-force-fab2855-2\/#primaryimage"},"thumbnailUrl":"https:\/\/www.netairspace.cc\/pic\/673012\/hottestbrick_main.jpg","keywords":["Brazilian Air Force","EDDH","Embraer","Embraer KC-390 Millennium","For\u00e7a A\u00e9rea Brasileira","For\u00e7a A\u00e9rea Brasileira (Brazilian Air Force)","HAM","Hamburg Airport","KC-390","KC-390 Millennium"],"articleSection":["Movements EDDH"],"inLanguage":"de","potentialAction":[{"@type":"CommentAction","name":"Comment","target":["https:\/\/www.eddh-airport.de\/eddhairport\/forca-aerea-brasileira-brazilian-air-force-fab2855-2\/#respond"]}]},{"@type":"WebPage","@id":"https:\/\/www.eddh-airport.de\/eddhairport\/forca-aerea-brasileira-brazilian-air-force-fab2855-2\/","url":"https:\/\/www.eddh-airport.de\/eddhairport\/forca-aerea-brasileira-brazilian-air-force-fab2855-2\/","name":"For\u00e7a A\u00e9rea Brasileira (Brazilian Air Force), FAB2855 - eddh-airport","isPartOf":{"@id":"https:\/\/www.eddh-airport.de\/eddhairport\/#website"},"primaryImageOfPage":{"@id":"https:\/\/www.eddh-airport.de\/eddhairport\/forca-aerea-brasileira-brazilian-air-force-fab2855-2\/#primaryimage"},"image":{"@id":"https:\/\/www.eddh-airport.de\/eddhairport\/forca-aerea-brasileira-brazilian-air-force-fab2855-2\/#primaryimage"},"thumbnailUrl":"https:\/\/www.netairspace.cc\/pic\/673012\/hottestbrick_main.jpg","datePublished":"2025-03-31T07:39:47+00:00","description":"Kurz vor Mitternacht landete am heutigen sp\u00e4ten Abend mit FAB2855 eine KC-390 der brasilianischen Luftstreitkr\u00e4fte in Hamburg.","breadcrumb":{"@id":"https:\/\/www.eddh-airport.de\/eddhairport\/forca-aerea-brasileira-brazilian-air-force-fab2855-2\/#breadcrumb"},"inLanguage":"de","potentialAction":[{"@type":"ReadAction","target":["https:\/\/www.eddh-airport.de\/eddhairport\/forca-aerea-brasileira-brazilian-air-force-fab2855-2\/"]}]},{"@type":"ImageObject","inLanguage":"de","@id":"https:\/\/www.eddh-airport.de\/eddhairport\/forca-aerea-brasileira-brazilian-air-force-fab2855-2\/#primaryimage","url":"https:\/\/www.netairspace.cc\/pic\/673012\/hottestbrick_main.jpg","contentUrl":"https:\/\/www.netairspace.cc\/pic\/673012\/hottestbrick_main.jpg"},{"@type":"BreadcrumbList","@id":"https:\/\/www.eddh-airport.de\/eddhairport\/forca-aerea-brasileira-brazilian-air-force-fab2855-2\/#breadcrumb","itemListElement":[{"@type":"ListItem","position":1,"name":"Startseite","item":"https:\/\/www.eddh-airport.de\/eddhairport\/"},{"@type":"ListItem","position":2,"name":"For\u00e7a A\u00e9rea Brasileira (Brazilian Air Force), FAB2855"}]},{"@type":"WebSite","@id":"https:\/\/www.eddh-airport.de\/eddhairport\/#website","url":"https:\/\/www.eddh-airport.de\/eddhairport\/","name":"eddh-airport","description":"Luftfahrtnews und Planespotting aus Hamburg","publisher":{"@id":"https:\/\/www.eddh-airport.de\/eddhairport\/#organization"},"potentialAction":[{"@type":"SearchAction","target":{"@type":"EntryPoint","urlTemplate":"https:\/\/www.eddh-airport.de\/eddhairport\/?s={search_term_string}"},"query-input":{"@type":"PropertyValueSpecification","valueRequired":true,"valueName":"search_term_string"}}],"inLanguage":"de"},{"@type":"Organization","@id":"https:\/\/www.eddh-airport.de\/eddhairport\/#organization","name":"eddh-airport","url":"https:\/\/www.eddh-airport.de\/eddhairport\/","logo":{"@type":"ImageObject","inLanguage":"de","@id":"https:\/\/www.eddh-airport.de\/eddhairport\/#\/schema\/logo\/image\/","url":"https:\/\/www.eddh-airport.de\/eddhairport\/wp-content\/uploads\/2018\/10\/cropped-Neues-Logo-blau-eine-Ebene-2.jpg","contentUrl":"https:\/\/www.eddh-airport.de\/eddhairport\/wp-content\/uploads\/2018\/10\/cropped-Neues-Logo-blau-eine-Ebene-2.jpg","width":512,"height":512,"caption":"eddh-airport"},"image":{"@id":"https:\/\/www.eddh-airport.de\/eddhairport\/#\/schema\/logo\/image\/"},"sameAs":["https:\/\/www.facebook.com\/eddhairport\/","https:\/\/x.com\/EDDH_airport_de","https:\/\/www.instagram.com\/eddhairport\/?hl=de"]},{"@type":"Person","@id":"https:\/\/www.eddh-airport.de\/eddhairport\/#\/schema\/person\/69e52086d712e506636c8f4c5f088abe","name":"Niclas Rebbelmund","image":{"@type":"ImageObject","inLanguage":"de","@id":"https:\/\/secure.gravatar.com\/avatar\/d84f2b77774e9493691ea91c216d4e4e5412d631f5fe9806ac1d1d54bd3c30cb?s=96&d=mm&r=g","url":"https:\/\/secure.gravatar.com\/avatar\/d84f2b77774e9493691ea91c216d4e4e5412d631f5fe9806ac1d1d54bd3c30cb?s=96&d=mm&r=g","contentUrl":"https:\/\/secure.gravatar.com\/avatar\/d84f2b77774e9493691ea91c216d4e4e5412d631f5fe9806ac1d1d54bd3c30cb?s=96&d=mm&r=g","caption":"Niclas Rebbelmund"},"description":"34 Jahre, Team Nikon, Aviation &amp; Fotografie Enthusiast","sameAs":["https:\/\/www.instagram.com\/niclashco\/"],"url":"https:\/\/www.eddh-airport.de\/eddhairport\/author\/niclas-rebbelmund\/"}]}},"_links":{"self":[{"href":"https:\/\/www.eddh-airport.de\/eddhairport\/wp-json\/wp\/v2\/posts\/9782","targetHints":{"allow":["GET"]}}],"collection":[{"href":"https:\/\/www.eddh-airport.de\/eddhairport\/wp-json\/wp\/v2\/posts"}],"about":[{"href":"https:\/\/www.eddh-airport.de\/eddhairport\/wp-json\/wp\/v2\/types\/post"}],"author":[{"embeddable":true,"href":"https:\/\/www.eddh-airport.de\/eddhairport\/wp-json\/wp\/v2\/users\/3"}],"replies":[{"embeddable":true,"href":"https:\/\/www.eddh-airport.de\/eddhairport\/wp-json\/wp\/v2\/comments?post=9782"}],"version-history":[{"count":4,"href":"https:\/\/www.eddh-airport.de\/eddhairport\/wp-json\/wp\/v2\/posts\/9782\/revisions"}],"predecessor-version":[{"id":9786,"href":"https:\/\/www.eddh-airport.de\/eddhairport\/wp-json\/wp\/v2\/posts\/9782\/revisions\/9786"}],"wp:attachment":[{"href":"https:\/\/www.eddh-airport.de\/eddhairport\/wp-json\/wp\/v2\/media?parent=9782"}],"wp:term":[{"taxonomy":"category","embeddable":true,"href":"https:\/\/www.eddh-airport.de\/eddhairport\/wp-json\/wp\/v2\/categories?post=9782"},{"taxonomy":"post_tag","embeddable":true,"href":"https:\/\/www.eddh-airport.de\/eddhairport\/wp-json\/wp\/v2\/tags?post=9782"}],"curies":[{"name":"wp","href":"https:\/\/api.w.org\/{rel}","templated":true}]}}