{"id":9750,"date":"2025-03-14T14:19:11","date_gmt":"2025-03-14T13:19:11","guid":{"rendered":"https:\/\/www.eddh-airport.de\/eddhairport\/?p=9750"},"modified":"2025-03-14T14:19:11","modified_gmt":"2025-03-14T13:19:11","slug":"deutsche-luftwaffe-1511-1503","status":"publish","type":"post","link":"https:\/\/www.eddh-airport.de\/eddhairport\/deutsche-luftwaffe-1511-1503\/","title":{"rendered":"Deutsche Luftwaffe, 15+11 &#038; 15+03"},"content":{"rendered":"<h6>Deutsche Luftwaffe, 15+11 &amp; 15+03<\/h6>\n<p>Ebenfalls zur Wartung bei der Lufthansa Technik (LHT) am Hamburg Airport war die vergangenen Wochen 15+11 der Luftwaffe. Der Airbus A321-251NX wurde am heutigen Vormittag auf das Vorfeld 2 geschleppt und dort betankt und abgefertigt. Die Crew f\u00fcr diesen Positionierungsflug nach K\u00f6ln (CGN) brachte am sp\u00e4ten Vormittag dann mit 15+03 einer der drei Airbus A319 in der Flotte der Flugbereitschaft des Bundesministeriums f\u00fcr Verteidigung. Die beiden Flugzeuge parkten nebeneinander auf dem Vorfeld 2.<\/p>\n<p><a href=\"https:\/\/www.netairspace.cc\/pic\/669058\/\"><img decoding=\"async\" src=\"https:\/\/www.netairspace.cc\/pic\/669058\/hottestbrick_main.jpg\" alt=\"Aviation photo\" \/><\/a><br \/>\n<a href=\"https:\/\/www.netairspace.cc\/pic\/669058\/\"><span style=\"font-size: xx-small;\">1503 at Hamburg &#8211; Fuhlsbuettel (Helmut Schmidt)<br \/>\nby Niclas Rebbelmund on netAirspace<\/span><\/a><\/p>\n<p>Zuerst flog mit 15+03 der bald 25 Jahre alte A319-133 ACJ wieder aus Fuhlsb\u00fcttel ab und setzte seinen Weg auf einem Trainingsflug Richtung Leipzig (LEJ) fort. Die Maschine nimmt in der Flotte eine Sonderrolle ein, ist sie doch im Rahmen des &#8220;Open Skies&#8221; Abkommen das einzige deutsche Beobachtungsflugzeug.<\/p>\n<p><a href=\"https:\/\/www.netairspace.cc\/pic\/669052\/\"><img decoding=\"async\" src=\"https:\/\/www.netairspace.cc\/pic\/669052\/hottestbrick_main.jpg\" alt=\"Aviation photo\" \/><\/a><br \/>\n<a href=\"https:\/\/www.netairspace.cc\/pic\/669052\/\"><span style=\"font-size: xx-small;\">1511 at Hamburg &#8211; Fuhlsbuettel (Helmut Schmidt)<br \/>\nby Niclas Rebbelmund on netAirspace<\/span><\/a><\/p>\n<p>Nur einige Minuten sp\u00e4ter rollte auch 15+11 zum Start \u00fcber die Piste 33. Der etwas mehr als drei Jahre alte A321neo flog wieder zur\u00fcck zu seiner Basis am K\u00f6lner Flughafen.<\/p>\n","protected":false},"excerpt":{"rendered":"<p>Deutsche Luftwaffe, 15+11 &amp; 15+03 Ebenfalls zur Wartung bei der Lufthansa Technik (LHT) am Hamburg Airport war die vergangenen Wochen 15+11 der Luftwaffe. Der Airbus A321-251NX wurde am heutigen Vormittag auf das Vorfeld 2 geschleppt und dort betankt und abgefertigt. Die Crew f\u00fcr diesen Positionierungsflug nach K\u00f6ln (CGN) brachte am sp\u00e4ten Vormittag dann mit 15+03 [&hellip;]<\/p>\n","protected":false},"author":3,"featured_media":0,"comment_status":"open","ping_status":"open","sticky":false,"template":"","format":"standard","meta":{"_monsterinsights_skip_tracking":false,"_monsterinsights_sitenote_active":false,"_monsterinsights_sitenote_note":"","_monsterinsights_sitenote_category":0,"site-sidebar-layout":"default","site-content-layout":"","ast-site-content-layout":"default","site-content-style":"default","site-sidebar-style":"default","ast-global-header-display":"","ast-banner-title-visibility":"","ast-main-header-display":"","ast-hfb-above-header-display":"","ast-hfb-below-header-display":"","ast-hfb-mobile-header-display":"","site-post-title":"","ast-breadcrumbs-content":"","ast-featured-img":"","footer-sml-layout":"","ast-disable-related-posts":"","theme-transparent-header-meta":"default","adv-header-id-meta":"","stick-header-meta":"","header-above-stick-meta":"","header-main-stick-meta":"","header-below-stick-meta":"","astra-migrate-meta-layouts":"set","ast-page-background-enabled":"default","ast-page-background-meta":{"desktop":{"background-color":"","background-image":"","background-repeat":"repeat","background-position":"center center","background-size":"auto","background-attachment":"scroll","background-type":"","background-media":"","overlay-type":"","overlay-color":"","overlay-opacity":"","overlay-gradient":""},"tablet":{"background-color":"","background-image":"","background-repeat":"repeat","background-position":"center center","background-size":"auto","background-attachment":"scroll","background-type":"","background-media":"","overlay-type":"","overlay-color":"","overlay-opacity":"","overlay-gradient":""},"mobile":{"background-color":"","background-image":"","background-repeat":"repeat","background-position":"center center","background-size":"auto","background-attachment":"scroll","background-type":"","background-media":"","overlay-type":"","overlay-color":"","overlay-opacity":"","overlay-gradient":""}},"ast-content-background-meta":{"desktop":{"background-color":"var(--ast-global-color-5)","background-image":"","background-repeat":"repeat","background-position":"center center","background-size":"auto","background-attachment":"scroll","background-type":"","background-media":"","overlay-type":"","overlay-color":"","overlay-opacity":"","overlay-gradient":""},"tablet":{"background-color":"var(--ast-global-color-5)","background-image":"","background-repeat":"repeat","background-position":"center center","background-size":"auto","background-attachment":"scroll","background-type":"","background-media":"","overlay-type":"","overlay-color":"","overlay-opacity":"","overlay-gradient":""},"mobile":{"background-color":"var(--ast-global-color-5)","background-image":"","background-repeat":"repeat","background-position":"center center","background-size":"auto","background-attachment":"scroll","background-type":"","background-media":"","overlay-type":"","overlay-color":"","overlay-opacity":"","overlay-gradient":""}},"footnotes":""},"categories":[8],"tags":[19,739,1919,1849,13,548,12,484,1850,1037,1918,1853,517,547,10,11,90,392,63,84],"class_list":["post-9750","post","type-post","status-publish","format-standard","hentry","category-movements-eddh","tag-a319","tag-a319-100","tag-a319-133","tag-a319-133-acj","tag-a321","tag-a321nx","tag-airbus","tag-airbus-a319","tag-airbus-a319-acj","tag-airbus-a319-100","tag-airbus-a319-133","tag-airbus-a319-133-acj","tag-airbus-a321neo","tag-airbus-a321nx","tag-eddh","tag-ham","tag-hamburg-airport","tag-lht","tag-lufthansa-technik","tag-luftwaffe"],"yoast_head":"<!-- This site is optimized with the Yoast SEO plugin v27.4 - https:\/\/yoast.com\/product\/yoast-seo-wordpress\/ -->\n<title>Deutsche Luftwaffe, 15+11 &amp; 15+03 - eddh-airport<\/title>\n<meta name=\"description\" content=\"Am Mittag verlie\u00df mit 15+11 einer der beiden Airbus A321neo der Luftwaffe die Lufthansa Technik. Die Crew f\u00fcr diesen Flug brachte 15+03.\" \/>\n<meta name=\"robots\" content=\"index, follow, max-snippet:-1, max-image-preview:large, max-video-preview:-1\" \/>\n<link rel=\"canonical\" href=\"https:\/\/www.eddh-airport.de\/eddhairport\/deutsche-luftwaffe-1511-1503\/\" \/>\n<meta property=\"og:locale\" content=\"de_DE\" \/>\n<meta property=\"og:type\" content=\"article\" \/>\n<meta property=\"og:title\" content=\"Deutsche Luftwaffe, 15+11 &amp; 15+03 - eddh-airport\" \/>\n<meta property=\"og:description\" content=\"Am Mittag verlie\u00df mit 15+11 einer der beiden Airbus A321neo der Luftwaffe die Lufthansa Technik. Die Crew f\u00fcr diesen Flug brachte 15+03.\" \/>\n<meta property=\"og:url\" content=\"https:\/\/www.eddh-airport.de\/eddhairport\/deutsche-luftwaffe-1511-1503\/\" \/>\n<meta property=\"og:site_name\" content=\"eddh-airport\" \/>\n<meta property=\"article:publisher\" content=\"https:\/\/www.facebook.com\/eddhairport\/\" \/>\n<meta property=\"article:published_time\" content=\"2025-03-14T13:19:11+00:00\" \/>\n<meta property=\"og:image\" content=\"https:\/\/www.netairspace.cc\/pic\/669058\/hottestbrick_main.jpg\" \/>\n<meta name=\"author\" content=\"Niclas Rebbelmund\" \/>\n<meta name=\"twitter:card\" content=\"summary_large_image\" \/>\n<meta name=\"twitter:creator\" content=\"@EDDH_airport_de\" \/>\n<meta name=\"twitter:site\" content=\"@EDDH_airport_de\" \/>\n<meta name=\"twitter:label1\" content=\"Verfasst von\" \/>\n\t<meta name=\"twitter:data1\" content=\"Niclas Rebbelmund\" \/>\n\t<meta name=\"twitter:label2\" content=\"Gesch\u00e4tzte Lesezeit\" \/>\n\t<meta name=\"twitter:data2\" content=\"2\u00a0Minuten\" \/>\n<script type=\"application\/ld+json\" class=\"yoast-schema-graph\">{\"@context\":\"https:\\\/\\\/schema.org\",\"@graph\":[{\"@type\":\"Article\",\"@id\":\"https:\\\/\\\/www.eddh-airport.de\\\/eddhairport\\\/deutsche-luftwaffe-1511-1503\\\/#article\",\"isPartOf\":{\"@id\":\"https:\\\/\\\/www.eddh-airport.de\\\/eddhairport\\\/deutsche-luftwaffe-1511-1503\\\/\"},\"author\":{\"name\":\"Niclas Rebbelmund\",\"@id\":\"https:\\\/\\\/www.eddh-airport.de\\\/eddhairport\\\/#\\\/schema\\\/person\\\/69e52086d712e506636c8f4c5f088abe\"},\"headline\":\"Deutsche Luftwaffe, 15+11 &#038; 15+03\",\"datePublished\":\"2025-03-14T13:19:11+00:00\",\"mainEntityOfPage\":{\"@id\":\"https:\\\/\\\/www.eddh-airport.de\\\/eddhairport\\\/deutsche-luftwaffe-1511-1503\\\/\"},\"wordCount\":182,\"commentCount\":0,\"publisher\":{\"@id\":\"https:\\\/\\\/www.eddh-airport.de\\\/eddhairport\\\/#organization\"},\"image\":{\"@id\":\"https:\\\/\\\/www.eddh-airport.de\\\/eddhairport\\\/deutsche-luftwaffe-1511-1503\\\/#primaryimage\"},\"thumbnailUrl\":\"https:\\\/\\\/www.netairspace.cc\\\/pic\\\/669058\\\/hottestbrick_main.jpg\",\"keywords\":[\"A319\",\"A319-100\",\"A319-133\",\"A319-133 ACJ\",\"A321\",\"A321NX\",\"Airbus\",\"Airbus A319\",\"Airbus A319 ACJ\",\"Airbus A319-100\",\"Airbus A319-133\",\"Airbus A319-133 ACJ\",\"Airbus A321neo\",\"Airbus A321NX\",\"EDDH\",\"HAM\",\"Hamburg Airport\",\"LHT\",\"Lufthansa Technik\",\"Luftwaffe\"],\"articleSection\":[\"Movements EDDH\"],\"inLanguage\":\"de\",\"potentialAction\":[{\"@type\":\"CommentAction\",\"name\":\"Comment\",\"target\":[\"https:\\\/\\\/www.eddh-airport.de\\\/eddhairport\\\/deutsche-luftwaffe-1511-1503\\\/#respond\"]}]},{\"@type\":\"WebPage\",\"@id\":\"https:\\\/\\\/www.eddh-airport.de\\\/eddhairport\\\/deutsche-luftwaffe-1511-1503\\\/\",\"url\":\"https:\\\/\\\/www.eddh-airport.de\\\/eddhairport\\\/deutsche-luftwaffe-1511-1503\\\/\",\"name\":\"Deutsche Luftwaffe, 15+11 & 15+03 - eddh-airport\",\"isPartOf\":{\"@id\":\"https:\\\/\\\/www.eddh-airport.de\\\/eddhairport\\\/#website\"},\"primaryImageOfPage\":{\"@id\":\"https:\\\/\\\/www.eddh-airport.de\\\/eddhairport\\\/deutsche-luftwaffe-1511-1503\\\/#primaryimage\"},\"image\":{\"@id\":\"https:\\\/\\\/www.eddh-airport.de\\\/eddhairport\\\/deutsche-luftwaffe-1511-1503\\\/#primaryimage\"},\"thumbnailUrl\":\"https:\\\/\\\/www.netairspace.cc\\\/pic\\\/669058\\\/hottestbrick_main.jpg\",\"datePublished\":\"2025-03-14T13:19:11+00:00\",\"description\":\"Am Mittag verlie\u00df mit 15+11 einer der beiden Airbus A321neo der Luftwaffe die Lufthansa Technik. Die Crew f\u00fcr diesen Flug brachte 15+03.\",\"breadcrumb\":{\"@id\":\"https:\\\/\\\/www.eddh-airport.de\\\/eddhairport\\\/deutsche-luftwaffe-1511-1503\\\/#breadcrumb\"},\"inLanguage\":\"de\",\"potentialAction\":[{\"@type\":\"ReadAction\",\"target\":[\"https:\\\/\\\/www.eddh-airport.de\\\/eddhairport\\\/deutsche-luftwaffe-1511-1503\\\/\"]}]},{\"@type\":\"ImageObject\",\"inLanguage\":\"de\",\"@id\":\"https:\\\/\\\/www.eddh-airport.de\\\/eddhairport\\\/deutsche-luftwaffe-1511-1503\\\/#primaryimage\",\"url\":\"https:\\\/\\\/www.netairspace.cc\\\/pic\\\/669058\\\/hottestbrick_main.jpg\",\"contentUrl\":\"https:\\\/\\\/www.netairspace.cc\\\/pic\\\/669058\\\/hottestbrick_main.jpg\"},{\"@type\":\"BreadcrumbList\",\"@id\":\"https:\\\/\\\/www.eddh-airport.de\\\/eddhairport\\\/deutsche-luftwaffe-1511-1503\\\/#breadcrumb\",\"itemListElement\":[{\"@type\":\"ListItem\",\"position\":1,\"name\":\"Startseite\",\"item\":\"https:\\\/\\\/www.eddh-airport.de\\\/eddhairport\\\/\"},{\"@type\":\"ListItem\",\"position\":2,\"name\":\"Deutsche Luftwaffe, 15+11 &#038; 15+03\"}]},{\"@type\":\"WebSite\",\"@id\":\"https:\\\/\\\/www.eddh-airport.de\\\/eddhairport\\\/#website\",\"url\":\"https:\\\/\\\/www.eddh-airport.de\\\/eddhairport\\\/\",\"name\":\"eddh-airport\",\"description\":\"Luftfahrtnews und Planespotting aus Hamburg\",\"publisher\":{\"@id\":\"https:\\\/\\\/www.eddh-airport.de\\\/eddhairport\\\/#organization\"},\"potentialAction\":[{\"@type\":\"SearchAction\",\"target\":{\"@type\":\"EntryPoint\",\"urlTemplate\":\"https:\\\/\\\/www.eddh-airport.de\\\/eddhairport\\\/?s={search_term_string}\"},\"query-input\":{\"@type\":\"PropertyValueSpecification\",\"valueRequired\":true,\"valueName\":\"search_term_string\"}}],\"inLanguage\":\"de\"},{\"@type\":\"Organization\",\"@id\":\"https:\\\/\\\/www.eddh-airport.de\\\/eddhairport\\\/#organization\",\"name\":\"eddh-airport\",\"url\":\"https:\\\/\\\/www.eddh-airport.de\\\/eddhairport\\\/\",\"logo\":{\"@type\":\"ImageObject\",\"inLanguage\":\"de\",\"@id\":\"https:\\\/\\\/www.eddh-airport.de\\\/eddhairport\\\/#\\\/schema\\\/logo\\\/image\\\/\",\"url\":\"https:\\\/\\\/www.eddh-airport.de\\\/eddhairport\\\/wp-content\\\/uploads\\\/2018\\\/10\\\/cropped-Neues-Logo-blau-eine-Ebene-2.jpg\",\"contentUrl\":\"https:\\\/\\\/www.eddh-airport.de\\\/eddhairport\\\/wp-content\\\/uploads\\\/2018\\\/10\\\/cropped-Neues-Logo-blau-eine-Ebene-2.jpg\",\"width\":512,\"height\":512,\"caption\":\"eddh-airport\"},\"image\":{\"@id\":\"https:\\\/\\\/www.eddh-airport.de\\\/eddhairport\\\/#\\\/schema\\\/logo\\\/image\\\/\"},\"sameAs\":[\"https:\\\/\\\/www.facebook.com\\\/eddhairport\\\/\",\"https:\\\/\\\/x.com\\\/EDDH_airport_de\",\"https:\\\/\\\/www.instagram.com\\\/eddhairport\\\/?hl=de\"]},{\"@type\":\"Person\",\"@id\":\"https:\\\/\\\/www.eddh-airport.de\\\/eddhairport\\\/#\\\/schema\\\/person\\\/69e52086d712e506636c8f4c5f088abe\",\"name\":\"Niclas Rebbelmund\",\"image\":{\"@type\":\"ImageObject\",\"inLanguage\":\"de\",\"@id\":\"https:\\\/\\\/secure.gravatar.com\\\/avatar\\\/d84f2b77774e9493691ea91c216d4e4e5412d631f5fe9806ac1d1d54bd3c30cb?s=96&d=mm&r=g\",\"url\":\"https:\\\/\\\/secure.gravatar.com\\\/avatar\\\/d84f2b77774e9493691ea91c216d4e4e5412d631f5fe9806ac1d1d54bd3c30cb?s=96&d=mm&r=g\",\"contentUrl\":\"https:\\\/\\\/secure.gravatar.com\\\/avatar\\\/d84f2b77774e9493691ea91c216d4e4e5412d631f5fe9806ac1d1d54bd3c30cb?s=96&d=mm&r=g\",\"caption\":\"Niclas Rebbelmund\"},\"description\":\"34 Jahre, Team Nikon, Aviation &amp; Fotografie Enthusiast\",\"sameAs\":[\"https:\\\/\\\/www.instagram.com\\\/niclashco\\\/\"],\"url\":\"https:\\\/\\\/www.eddh-airport.de\\\/eddhairport\\\/author\\\/niclas-rebbelmund\\\/\"}]}<\/script>\n<!-- \/ Yoast SEO plugin. -->","yoast_head_json":{"title":"Deutsche Luftwaffe, 15+11 & 15+03 - eddh-airport","description":"Am Mittag verlie\u00df mit 15+11 einer der beiden Airbus A321neo der Luftwaffe die Lufthansa Technik. Die Crew f\u00fcr diesen Flug brachte 15+03.","robots":{"index":"index","follow":"follow","max-snippet":"max-snippet:-1","max-image-preview":"max-image-preview:large","max-video-preview":"max-video-preview:-1"},"canonical":"https:\/\/www.eddh-airport.de\/eddhairport\/deutsche-luftwaffe-1511-1503\/","og_locale":"de_DE","og_type":"article","og_title":"Deutsche Luftwaffe, 15+11 & 15+03 - eddh-airport","og_description":"Am Mittag verlie\u00df mit 15+11 einer der beiden Airbus A321neo der Luftwaffe die Lufthansa Technik. Die Crew f\u00fcr diesen Flug brachte 15+03.","og_url":"https:\/\/www.eddh-airport.de\/eddhairport\/deutsche-luftwaffe-1511-1503\/","og_site_name":"eddh-airport","article_publisher":"https:\/\/www.facebook.com\/eddhairport\/","article_published_time":"2025-03-14T13:19:11+00:00","og_image":[{"url":"https:\/\/www.netairspace.cc\/pic\/669058\/hottestbrick_main.jpg","type":"","width":"","height":""}],"author":"Niclas Rebbelmund","twitter_card":"summary_large_image","twitter_creator":"@EDDH_airport_de","twitter_site":"@EDDH_airport_de","twitter_misc":{"Verfasst von":"Niclas Rebbelmund","Gesch\u00e4tzte Lesezeit":"2\u00a0Minuten"},"schema":{"@context":"https:\/\/schema.org","@graph":[{"@type":"Article","@id":"https:\/\/www.eddh-airport.de\/eddhairport\/deutsche-luftwaffe-1511-1503\/#article","isPartOf":{"@id":"https:\/\/www.eddh-airport.de\/eddhairport\/deutsche-luftwaffe-1511-1503\/"},"author":{"name":"Niclas Rebbelmund","@id":"https:\/\/www.eddh-airport.de\/eddhairport\/#\/schema\/person\/69e52086d712e506636c8f4c5f088abe"},"headline":"Deutsche Luftwaffe, 15+11 &#038; 15+03","datePublished":"2025-03-14T13:19:11+00:00","mainEntityOfPage":{"@id":"https:\/\/www.eddh-airport.de\/eddhairport\/deutsche-luftwaffe-1511-1503\/"},"wordCount":182,"commentCount":0,"publisher":{"@id":"https:\/\/www.eddh-airport.de\/eddhairport\/#organization"},"image":{"@id":"https:\/\/www.eddh-airport.de\/eddhairport\/deutsche-luftwaffe-1511-1503\/#primaryimage"},"thumbnailUrl":"https:\/\/www.netairspace.cc\/pic\/669058\/hottestbrick_main.jpg","keywords":["A319","A319-100","A319-133","A319-133 ACJ","A321","A321NX","Airbus","Airbus A319","Airbus A319 ACJ","Airbus A319-100","Airbus A319-133","Airbus A319-133 ACJ","Airbus A321neo","Airbus A321NX","EDDH","HAM","Hamburg Airport","LHT","Lufthansa Technik","Luftwaffe"],"articleSection":["Movements EDDH"],"inLanguage":"de","potentialAction":[{"@type":"CommentAction","name":"Comment","target":["https:\/\/www.eddh-airport.de\/eddhairport\/deutsche-luftwaffe-1511-1503\/#respond"]}]},{"@type":"WebPage","@id":"https:\/\/www.eddh-airport.de\/eddhairport\/deutsche-luftwaffe-1511-1503\/","url":"https:\/\/www.eddh-airport.de\/eddhairport\/deutsche-luftwaffe-1511-1503\/","name":"Deutsche Luftwaffe, 15+11 & 15+03 - eddh-airport","isPartOf":{"@id":"https:\/\/www.eddh-airport.de\/eddhairport\/#website"},"primaryImageOfPage":{"@id":"https:\/\/www.eddh-airport.de\/eddhairport\/deutsche-luftwaffe-1511-1503\/#primaryimage"},"image":{"@id":"https:\/\/www.eddh-airport.de\/eddhairport\/deutsche-luftwaffe-1511-1503\/#primaryimage"},"thumbnailUrl":"https:\/\/www.netairspace.cc\/pic\/669058\/hottestbrick_main.jpg","datePublished":"2025-03-14T13:19:11+00:00","description":"Am Mittag verlie\u00df mit 15+11 einer der beiden Airbus A321neo der Luftwaffe die Lufthansa Technik. Die Crew f\u00fcr diesen Flug brachte 15+03.","breadcrumb":{"@id":"https:\/\/www.eddh-airport.de\/eddhairport\/deutsche-luftwaffe-1511-1503\/#breadcrumb"},"inLanguage":"de","potentialAction":[{"@type":"ReadAction","target":["https:\/\/www.eddh-airport.de\/eddhairport\/deutsche-luftwaffe-1511-1503\/"]}]},{"@type":"ImageObject","inLanguage":"de","@id":"https:\/\/www.eddh-airport.de\/eddhairport\/deutsche-luftwaffe-1511-1503\/#primaryimage","url":"https:\/\/www.netairspace.cc\/pic\/669058\/hottestbrick_main.jpg","contentUrl":"https:\/\/www.netairspace.cc\/pic\/669058\/hottestbrick_main.jpg"},{"@type":"BreadcrumbList","@id":"https:\/\/www.eddh-airport.de\/eddhairport\/deutsche-luftwaffe-1511-1503\/#breadcrumb","itemListElement":[{"@type":"ListItem","position":1,"name":"Startseite","item":"https:\/\/www.eddh-airport.de\/eddhairport\/"},{"@type":"ListItem","position":2,"name":"Deutsche Luftwaffe, 15+11 &#038; 15+03"}]},{"@type":"WebSite","@id":"https:\/\/www.eddh-airport.de\/eddhairport\/#website","url":"https:\/\/www.eddh-airport.de\/eddhairport\/","name":"eddh-airport","description":"Luftfahrtnews und Planespotting aus Hamburg","publisher":{"@id":"https:\/\/www.eddh-airport.de\/eddhairport\/#organization"},"potentialAction":[{"@type":"SearchAction","target":{"@type":"EntryPoint","urlTemplate":"https:\/\/www.eddh-airport.de\/eddhairport\/?s={search_term_string}"},"query-input":{"@type":"PropertyValueSpecification","valueRequired":true,"valueName":"search_term_string"}}],"inLanguage":"de"},{"@type":"Organization","@id":"https:\/\/www.eddh-airport.de\/eddhairport\/#organization","name":"eddh-airport","url":"https:\/\/www.eddh-airport.de\/eddhairport\/","logo":{"@type":"ImageObject","inLanguage":"de","@id":"https:\/\/www.eddh-airport.de\/eddhairport\/#\/schema\/logo\/image\/","url":"https:\/\/www.eddh-airport.de\/eddhairport\/wp-content\/uploads\/2018\/10\/cropped-Neues-Logo-blau-eine-Ebene-2.jpg","contentUrl":"https:\/\/www.eddh-airport.de\/eddhairport\/wp-content\/uploads\/2018\/10\/cropped-Neues-Logo-blau-eine-Ebene-2.jpg","width":512,"height":512,"caption":"eddh-airport"},"image":{"@id":"https:\/\/www.eddh-airport.de\/eddhairport\/#\/schema\/logo\/image\/"},"sameAs":["https:\/\/www.facebook.com\/eddhairport\/","https:\/\/x.com\/EDDH_airport_de","https:\/\/www.instagram.com\/eddhairport\/?hl=de"]},{"@type":"Person","@id":"https:\/\/www.eddh-airport.de\/eddhairport\/#\/schema\/person\/69e52086d712e506636c8f4c5f088abe","name":"Niclas Rebbelmund","image":{"@type":"ImageObject","inLanguage":"de","@id":"https:\/\/secure.gravatar.com\/avatar\/d84f2b77774e9493691ea91c216d4e4e5412d631f5fe9806ac1d1d54bd3c30cb?s=96&d=mm&r=g","url":"https:\/\/secure.gravatar.com\/avatar\/d84f2b77774e9493691ea91c216d4e4e5412d631f5fe9806ac1d1d54bd3c30cb?s=96&d=mm&r=g","contentUrl":"https:\/\/secure.gravatar.com\/avatar\/d84f2b77774e9493691ea91c216d4e4e5412d631f5fe9806ac1d1d54bd3c30cb?s=96&d=mm&r=g","caption":"Niclas Rebbelmund"},"description":"34 Jahre, Team Nikon, Aviation &amp; Fotografie Enthusiast","sameAs":["https:\/\/www.instagram.com\/niclashco\/"],"url":"https:\/\/www.eddh-airport.de\/eddhairport\/author\/niclas-rebbelmund\/"}]}},"_links":{"self":[{"href":"https:\/\/www.eddh-airport.de\/eddhairport\/wp-json\/wp\/v2\/posts\/9750","targetHints":{"allow":["GET"]}}],"collection":[{"href":"https:\/\/www.eddh-airport.de\/eddhairport\/wp-json\/wp\/v2\/posts"}],"about":[{"href":"https:\/\/www.eddh-airport.de\/eddhairport\/wp-json\/wp\/v2\/types\/post"}],"author":[{"embeddable":true,"href":"https:\/\/www.eddh-airport.de\/eddhairport\/wp-json\/wp\/v2\/users\/3"}],"replies":[{"embeddable":true,"href":"https:\/\/www.eddh-airport.de\/eddhairport\/wp-json\/wp\/v2\/comments?post=9750"}],"version-history":[{"count":1,"href":"https:\/\/www.eddh-airport.de\/eddhairport\/wp-json\/wp\/v2\/posts\/9750\/revisions"}],"predecessor-version":[{"id":9751,"href":"https:\/\/www.eddh-airport.de\/eddhairport\/wp-json\/wp\/v2\/posts\/9750\/revisions\/9751"}],"wp:attachment":[{"href":"https:\/\/www.eddh-airport.de\/eddhairport\/wp-json\/wp\/v2\/media?parent=9750"}],"wp:term":[{"taxonomy":"category","embeddable":true,"href":"https:\/\/www.eddh-airport.de\/eddhairport\/wp-json\/wp\/v2\/categories?post=9750"},{"taxonomy":"post_tag","embeddable":true,"href":"https:\/\/www.eddh-airport.de\/eddhairport\/wp-json\/wp\/v2\/tags?post=9750"}],"curies":[{"name":"wp","href":"https:\/\/api.w.org\/{rel}","templated":true}]}}