{"id":970,"date":"2019-01-07T20:52:37","date_gmt":"2019-01-07T19:52:37","guid":{"rendered":"https:\/\/www.eddh-airport.de\/eddhairport\/?p=970"},"modified":"2019-01-07T20:52:38","modified_gmt":"2019-01-07T19:52:38","slug":"bund-verklagt-hamburg-airport","status":"publish","type":"post","link":"https:\/\/www.eddh-airport.de\/eddhairport\/bund-verklagt-hamburg-airport\/","title":{"rendered":"BUND verklagt Hamburg Airport"},"content":{"rendered":"\n<h4 class=\"wp-block-heading\">BUND verklagt Hamburg Airport<\/h4>\n\n\n\n<p>Es war bedrohlich ruhig geworden, nachdem der BUND noch im Dezember <a href=\"https:\/\/www.eddh-airport.de\/forum\/index.php?thread\/81-bund-fordert-sofortigen-stopp-des-flughafenausbaus-und-absetzung-von-eggenschwil\/\" target=\"_blank\" rel=\"noreferrer noopener\" aria-label=\"den sofortigen Stopp des Flughafenausbaus und die Absetzung des CEOs Michael Eggenschwiler forderte (\u00f6ffnet in neuem Tab)\">den sofortigen Stopp des Flughafenausbaus und die Absetzung des CEOs Michael Eggenschwiler forderte<\/a>. Wie sich nun zeigt, war es das tiefe Luftholen, ehe man zum Angriff blies.<\/p>\n\n\n\n<p>Wie heute bekannt wurde hat der BUND am Montag Klage beim Hamburger Oberverwaltungsgericht eingereicht. Unterst\u00fctzung erhielt man nat\u00fcrlich sofort von der BAW, unter anderem mit der qualifizierten Aussage, dass mit zus\u00e4tzlichen 15.000 Starts und Landungen zu rechnen ist, was jeden Tag 20 Gro\u00dfraumflugzeuge von der Gr\u00f6\u00dfe einer A380 bedeutet.<\/p>\n\n\n\n<p>Da fragen wir uns: Wo sollen die denn her kommen? Welche Airline w\u00fcrde dies, abseits ihrer Hubs, machen? Richtig: Keine! Dazu muss auch noch gesagt werden: Die Kapazit\u00e4ten des sich kreuzenden Bahnsystem in Hamburg sind nicht unbegrenzt. Irgendwann ist, aufgrund dieser Tatsache, sowieso Schluss mit einer Ausweitung von Kapazit\u00e4ten.<\/p>\n\n\n\n<p>Hier wird wieder einmal mit, aus der Luft gegriffenen Zahlen, Panik gemacht und unter den B\u00fcrgern dieser Stadt Angst gesch\u00fcrt.<\/p>\n\n\n\n<p>Ihr habt dazu auch etwas zu sagen? Nutzt gerne unseren <a href=\"https:\/\/www.eddh-airport.de\/forum\/index.php?thread\/93-bund-klagt-gegen-den-ausbau-des-airports\/\" target=\"_blank\" rel=\"noreferrer noopener\" aria-label=\"Diskussionsthread (\u00f6ffnet in neuem Tab)\">Diskussionsthread<\/a> im Forum.<\/p>\n\n\n","protected":false},"excerpt":{"rendered":"<p>BUND verklagt Hamburg Airport Es war bedrohlich ruhig geworden, nachdem der BUND noch im Dezember den sofortigen Stopp des Flughafenausbaus und die Absetzung des CEOs Michael Eggenschwiler forderte. Wie sich nun zeigt, war es das tiefe Luftholen, ehe man zum Angriff blies. Wie heute bekannt wurde hat der BUND am Montag Klage beim Hamburger Oberverwaltungsgericht [&hellip;]<\/p>\n","protected":false},"author":1,"featured_media":0,"comment_status":"open","ping_status":"open","sticky":false,"template":"","format":"standard","meta":{"_monsterinsights_skip_tracking":false,"_monsterinsights_sitenote_active":false,"_monsterinsights_sitenote_note":"","_monsterinsights_sitenote_category":0,"site-sidebar-layout":"default","site-content-layout":"","ast-site-content-layout":"default","site-content-style":"default","site-sidebar-style":"default","ast-global-header-display":"","ast-banner-title-visibility":"","ast-main-header-display":"","ast-hfb-above-header-display":"","ast-hfb-below-header-display":"","ast-hfb-mobile-header-display":"","site-post-title":"","ast-breadcrumbs-content":"","ast-featured-img":"","footer-sml-layout":"","ast-disable-related-posts":"","theme-transparent-header-meta":"","adv-header-id-meta":"","stick-header-meta":"","header-above-stick-meta":"","header-main-stick-meta":"","header-below-stick-meta":"","astra-migrate-meta-layouts":"default","ast-page-background-enabled":"default","ast-page-background-meta":{"desktop":{"background-color":"","background-image":"","background-repeat":"repeat","background-position":"center center","background-size":"auto","background-attachment":"scroll","background-type":"","background-media":"","overlay-type":"","overlay-color":"","overlay-opacity":"","overlay-gradient":""},"tablet":{"background-color":"","background-image":"","background-repeat":"repeat","background-position":"center center","background-size":"auto","background-attachment":"scroll","background-type":"","background-media":"","overlay-type":"","overlay-color":"","overlay-opacity":"","overlay-gradient":""},"mobile":{"background-color":"","background-image":"","background-repeat":"repeat","background-position":"center center","background-size":"auto","background-attachment":"scroll","background-type":"","background-media":"","overlay-type":"","overlay-color":"","overlay-opacity":"","overlay-gradient":""}},"ast-content-background-meta":{"desktop":{"background-color":"var(--ast-global-color-5)","background-image":"","background-repeat":"repeat","background-position":"center center","background-size":"auto","background-attachment":"scroll","background-type":"","background-media":"","overlay-type":"","overlay-color":"","overlay-opacity":"","overlay-gradient":""},"tablet":{"background-color":"var(--ast-global-color-5)","background-image":"","background-repeat":"repeat","background-position":"center center","background-size":"auto","background-attachment":"scroll","background-type":"","background-media":"","overlay-type":"","overlay-color":"","overlay-opacity":"","overlay-gradient":""},"mobile":{"background-color":"var(--ast-global-color-5)","background-image":"","background-repeat":"repeat","background-position":"center center","background-size":"auto","background-attachment":"scroll","background-type":"","background-media":"","overlay-type":"","overlay-color":"","overlay-opacity":"","overlay-gradient":""}},"footnotes":""},"categories":[89],"tags":[366,10,329,11,90],"class_list":["post-970","post","type-post","status-publish","format-standard","hentry","category-airport-news","tag-bund","tag-eddh","tag-flughafenausbau","tag-ham","tag-hamburg-airport"],"yoast_head":"<!-- This site is optimized with the Yoast SEO plugin v27.4 - https:\/\/yoast.com\/product\/yoast-seo-wordpress\/ -->\n<title>BUND verklagt Hamburg Airport - eddh-airport<\/title>\n<meta name=\"description\" content=\"Wie heute bekannt wurde hat der BUND am Montag Klage beim Hamburger Oberverwaltungsgericht eingereicht. Die Klage richtet sich gegen den Ausbau des Airport.\" \/>\n<meta name=\"robots\" content=\"index, follow, max-snippet:-1, max-image-preview:large, max-video-preview:-1\" \/>\n<link rel=\"canonical\" href=\"https:\/\/www.eddh-airport.de\/eddhairport\/bund-verklagt-hamburg-airport\/\" \/>\n<meta property=\"og:locale\" content=\"de_DE\" \/>\n<meta property=\"og:type\" content=\"article\" \/>\n<meta property=\"og:title\" content=\"BUND verklagt Hamburg Airport - eddh-airport\" \/>\n<meta property=\"og:description\" content=\"Wie heute bekannt wurde hat der BUND am Montag Klage beim Hamburger Oberverwaltungsgericht eingereicht. Die Klage richtet sich gegen den Ausbau des Airport.\" \/>\n<meta property=\"og:url\" content=\"https:\/\/www.eddh-airport.de\/eddhairport\/bund-verklagt-hamburg-airport\/\" \/>\n<meta property=\"og:site_name\" content=\"eddh-airport\" \/>\n<meta property=\"article:publisher\" content=\"https:\/\/www.facebook.com\/eddhairport\/\" \/>\n<meta property=\"article:published_time\" content=\"2019-01-07T19:52:37+00:00\" \/>\n<meta property=\"article:modified_time\" content=\"2019-01-07T19:52:38+00:00\" \/>\n<meta name=\"author\" content=\"Timo Soyke\" \/>\n<meta name=\"twitter:card\" content=\"summary_large_image\" \/>\n<meta name=\"twitter:creator\" content=\"@EDDH_airport_de\" \/>\n<meta name=\"twitter:site\" content=\"@EDDH_airport_de\" \/>\n<meta name=\"twitter:label1\" content=\"Verfasst von\" \/>\n\t<meta name=\"twitter:data1\" content=\"Timo Soyke\" \/>\n\t<meta name=\"twitter:label2\" content=\"Gesch\u00e4tzte Lesezeit\" \/>\n\t<meta name=\"twitter:data2\" content=\"1\u00a0Minute\" \/>\n<script type=\"application\/ld+json\" class=\"yoast-schema-graph\">{\"@context\":\"https:\\\/\\\/schema.org\",\"@graph\":[{\"@type\":\"Article\",\"@id\":\"https:\\\/\\\/www.eddh-airport.de\\\/eddhairport\\\/bund-verklagt-hamburg-airport\\\/#article\",\"isPartOf\":{\"@id\":\"https:\\\/\\\/www.eddh-airport.de\\\/eddhairport\\\/bund-verklagt-hamburg-airport\\\/\"},\"author\":{\"name\":\"Timo Soyke\",\"@id\":\"https:\\\/\\\/www.eddh-airport.de\\\/eddhairport\\\/#\\\/schema\\\/person\\\/215dbb8135c74e69a26ed4d4430769ed\"},\"headline\":\"BUND verklagt Hamburg Airport\",\"datePublished\":\"2019-01-07T19:52:37+00:00\",\"dateModified\":\"2019-01-07T19:52:38+00:00\",\"mainEntityOfPage\":{\"@id\":\"https:\\\/\\\/www.eddh-airport.de\\\/eddhairport\\\/bund-verklagt-hamburg-airport\\\/\"},\"wordCount\":185,\"commentCount\":0,\"publisher\":{\"@id\":\"https:\\\/\\\/www.eddh-airport.de\\\/eddhairport\\\/#organization\"},\"keywords\":[\"BUND\",\"EDDH\",\"Flughafenausbau\",\"HAM\",\"Hamburg Airport\"],\"articleSection\":[\"Airport News\"],\"inLanguage\":\"de\",\"potentialAction\":[{\"@type\":\"CommentAction\",\"name\":\"Comment\",\"target\":[\"https:\\\/\\\/www.eddh-airport.de\\\/eddhairport\\\/bund-verklagt-hamburg-airport\\\/#respond\"]}]},{\"@type\":\"WebPage\",\"@id\":\"https:\\\/\\\/www.eddh-airport.de\\\/eddhairport\\\/bund-verklagt-hamburg-airport\\\/\",\"url\":\"https:\\\/\\\/www.eddh-airport.de\\\/eddhairport\\\/bund-verklagt-hamburg-airport\\\/\",\"name\":\"BUND verklagt Hamburg Airport - eddh-airport\",\"isPartOf\":{\"@id\":\"https:\\\/\\\/www.eddh-airport.de\\\/eddhairport\\\/#website\"},\"datePublished\":\"2019-01-07T19:52:37+00:00\",\"dateModified\":\"2019-01-07T19:52:38+00:00\",\"description\":\"Wie heute bekannt wurde hat der BUND am Montag Klage beim Hamburger Oberverwaltungsgericht eingereicht. Die Klage richtet sich gegen den Ausbau des Airport.\",\"breadcrumb\":{\"@id\":\"https:\\\/\\\/www.eddh-airport.de\\\/eddhairport\\\/bund-verklagt-hamburg-airport\\\/#breadcrumb\"},\"inLanguage\":\"de\",\"potentialAction\":[{\"@type\":\"ReadAction\",\"target\":[\"https:\\\/\\\/www.eddh-airport.de\\\/eddhairport\\\/bund-verklagt-hamburg-airport\\\/\"]}]},{\"@type\":\"BreadcrumbList\",\"@id\":\"https:\\\/\\\/www.eddh-airport.de\\\/eddhairport\\\/bund-verklagt-hamburg-airport\\\/#breadcrumb\",\"itemListElement\":[{\"@type\":\"ListItem\",\"position\":1,\"name\":\"Startseite\",\"item\":\"https:\\\/\\\/www.eddh-airport.de\\\/eddhairport\\\/\"},{\"@type\":\"ListItem\",\"position\":2,\"name\":\"BUND verklagt Hamburg Airport\"}]},{\"@type\":\"WebSite\",\"@id\":\"https:\\\/\\\/www.eddh-airport.de\\\/eddhairport\\\/#website\",\"url\":\"https:\\\/\\\/www.eddh-airport.de\\\/eddhairport\\\/\",\"name\":\"eddh-airport\",\"description\":\"Luftfahrtnews und Planespotting aus Hamburg\",\"publisher\":{\"@id\":\"https:\\\/\\\/www.eddh-airport.de\\\/eddhairport\\\/#organization\"},\"potentialAction\":[{\"@type\":\"SearchAction\",\"target\":{\"@type\":\"EntryPoint\",\"urlTemplate\":\"https:\\\/\\\/www.eddh-airport.de\\\/eddhairport\\\/?s={search_term_string}\"},\"query-input\":{\"@type\":\"PropertyValueSpecification\",\"valueRequired\":true,\"valueName\":\"search_term_string\"}}],\"inLanguage\":\"de\"},{\"@type\":\"Organization\",\"@id\":\"https:\\\/\\\/www.eddh-airport.de\\\/eddhairport\\\/#organization\",\"name\":\"eddh-airport\",\"url\":\"https:\\\/\\\/www.eddh-airport.de\\\/eddhairport\\\/\",\"logo\":{\"@type\":\"ImageObject\",\"inLanguage\":\"de\",\"@id\":\"https:\\\/\\\/www.eddh-airport.de\\\/eddhairport\\\/#\\\/schema\\\/logo\\\/image\\\/\",\"url\":\"https:\\\/\\\/www.eddh-airport.de\\\/eddhairport\\\/wp-content\\\/uploads\\\/2018\\\/10\\\/cropped-Neues-Logo-blau-eine-Ebene-2.jpg\",\"contentUrl\":\"https:\\\/\\\/www.eddh-airport.de\\\/eddhairport\\\/wp-content\\\/uploads\\\/2018\\\/10\\\/cropped-Neues-Logo-blau-eine-Ebene-2.jpg\",\"width\":512,\"height\":512,\"caption\":\"eddh-airport\"},\"image\":{\"@id\":\"https:\\\/\\\/www.eddh-airport.de\\\/eddhairport\\\/#\\\/schema\\\/logo\\\/image\\\/\"},\"sameAs\":[\"https:\\\/\\\/www.facebook.com\\\/eddhairport\\\/\",\"https:\\\/\\\/x.com\\\/EDDH_airport_de\",\"https:\\\/\\\/www.instagram.com\\\/eddhairport\\\/?hl=de\"]},{\"@type\":\"Person\",\"@id\":\"https:\\\/\\\/www.eddh-airport.de\\\/eddhairport\\\/#\\\/schema\\\/person\\\/215dbb8135c74e69a26ed4d4430769ed\",\"name\":\"Timo Soyke\",\"image\":{\"@type\":\"ImageObject\",\"inLanguage\":\"de\",\"@id\":\"https:\\\/\\\/secure.gravatar.com\\\/avatar\\\/b2e4754e6816c52584f724da7648112ad5d1f0b1afc020e780292a8b474e46d0?s=96&d=mm&r=g\",\"url\":\"https:\\\/\\\/secure.gravatar.com\\\/avatar\\\/b2e4754e6816c52584f724da7648112ad5d1f0b1afc020e780292a8b474e46d0?s=96&d=mm&r=g\",\"contentUrl\":\"https:\\\/\\\/secure.gravatar.com\\\/avatar\\\/b2e4754e6816c52584f724da7648112ad5d1f0b1afc020e780292a8b474e46d0?s=96&d=mm&r=g\",\"caption\":\"Timo Soyke\"},\"url\":\"https:\\\/\\\/www.eddh-airport.de\\\/eddhairport\\\/author\\\/timo-soyke\\\/\"}]}<\/script>\n<!-- \/ Yoast SEO plugin. -->","yoast_head_json":{"title":"BUND verklagt Hamburg Airport - eddh-airport","description":"Wie heute bekannt wurde hat der BUND am Montag Klage beim Hamburger Oberverwaltungsgericht eingereicht. Die Klage richtet sich gegen den Ausbau des Airport.","robots":{"index":"index","follow":"follow","max-snippet":"max-snippet:-1","max-image-preview":"max-image-preview:large","max-video-preview":"max-video-preview:-1"},"canonical":"https:\/\/www.eddh-airport.de\/eddhairport\/bund-verklagt-hamburg-airport\/","og_locale":"de_DE","og_type":"article","og_title":"BUND verklagt Hamburg Airport - eddh-airport","og_description":"Wie heute bekannt wurde hat der BUND am Montag Klage beim Hamburger Oberverwaltungsgericht eingereicht. Die Klage richtet sich gegen den Ausbau des Airport.","og_url":"https:\/\/www.eddh-airport.de\/eddhairport\/bund-verklagt-hamburg-airport\/","og_site_name":"eddh-airport","article_publisher":"https:\/\/www.facebook.com\/eddhairport\/","article_published_time":"2019-01-07T19:52:37+00:00","article_modified_time":"2019-01-07T19:52:38+00:00","author":"Timo Soyke","twitter_card":"summary_large_image","twitter_creator":"@EDDH_airport_de","twitter_site":"@EDDH_airport_de","twitter_misc":{"Verfasst von":"Timo Soyke","Gesch\u00e4tzte Lesezeit":"1\u00a0Minute"},"schema":{"@context":"https:\/\/schema.org","@graph":[{"@type":"Article","@id":"https:\/\/www.eddh-airport.de\/eddhairport\/bund-verklagt-hamburg-airport\/#article","isPartOf":{"@id":"https:\/\/www.eddh-airport.de\/eddhairport\/bund-verklagt-hamburg-airport\/"},"author":{"name":"Timo Soyke","@id":"https:\/\/www.eddh-airport.de\/eddhairport\/#\/schema\/person\/215dbb8135c74e69a26ed4d4430769ed"},"headline":"BUND verklagt Hamburg Airport","datePublished":"2019-01-07T19:52:37+00:00","dateModified":"2019-01-07T19:52:38+00:00","mainEntityOfPage":{"@id":"https:\/\/www.eddh-airport.de\/eddhairport\/bund-verklagt-hamburg-airport\/"},"wordCount":185,"commentCount":0,"publisher":{"@id":"https:\/\/www.eddh-airport.de\/eddhairport\/#organization"},"keywords":["BUND","EDDH","Flughafenausbau","HAM","Hamburg Airport"],"articleSection":["Airport News"],"inLanguage":"de","potentialAction":[{"@type":"CommentAction","name":"Comment","target":["https:\/\/www.eddh-airport.de\/eddhairport\/bund-verklagt-hamburg-airport\/#respond"]}]},{"@type":"WebPage","@id":"https:\/\/www.eddh-airport.de\/eddhairport\/bund-verklagt-hamburg-airport\/","url":"https:\/\/www.eddh-airport.de\/eddhairport\/bund-verklagt-hamburg-airport\/","name":"BUND verklagt Hamburg Airport - eddh-airport","isPartOf":{"@id":"https:\/\/www.eddh-airport.de\/eddhairport\/#website"},"datePublished":"2019-01-07T19:52:37+00:00","dateModified":"2019-01-07T19:52:38+00:00","description":"Wie heute bekannt wurde hat der BUND am Montag Klage beim Hamburger Oberverwaltungsgericht eingereicht. Die Klage richtet sich gegen den Ausbau des Airport.","breadcrumb":{"@id":"https:\/\/www.eddh-airport.de\/eddhairport\/bund-verklagt-hamburg-airport\/#breadcrumb"},"inLanguage":"de","potentialAction":[{"@type":"ReadAction","target":["https:\/\/www.eddh-airport.de\/eddhairport\/bund-verklagt-hamburg-airport\/"]}]},{"@type":"BreadcrumbList","@id":"https:\/\/www.eddh-airport.de\/eddhairport\/bund-verklagt-hamburg-airport\/#breadcrumb","itemListElement":[{"@type":"ListItem","position":1,"name":"Startseite","item":"https:\/\/www.eddh-airport.de\/eddhairport\/"},{"@type":"ListItem","position":2,"name":"BUND verklagt Hamburg Airport"}]},{"@type":"WebSite","@id":"https:\/\/www.eddh-airport.de\/eddhairport\/#website","url":"https:\/\/www.eddh-airport.de\/eddhairport\/","name":"eddh-airport","description":"Luftfahrtnews und Planespotting aus Hamburg","publisher":{"@id":"https:\/\/www.eddh-airport.de\/eddhairport\/#organization"},"potentialAction":[{"@type":"SearchAction","target":{"@type":"EntryPoint","urlTemplate":"https:\/\/www.eddh-airport.de\/eddhairport\/?s={search_term_string}"},"query-input":{"@type":"PropertyValueSpecification","valueRequired":true,"valueName":"search_term_string"}}],"inLanguage":"de"},{"@type":"Organization","@id":"https:\/\/www.eddh-airport.de\/eddhairport\/#organization","name":"eddh-airport","url":"https:\/\/www.eddh-airport.de\/eddhairport\/","logo":{"@type":"ImageObject","inLanguage":"de","@id":"https:\/\/www.eddh-airport.de\/eddhairport\/#\/schema\/logo\/image\/","url":"https:\/\/www.eddh-airport.de\/eddhairport\/wp-content\/uploads\/2018\/10\/cropped-Neues-Logo-blau-eine-Ebene-2.jpg","contentUrl":"https:\/\/www.eddh-airport.de\/eddhairport\/wp-content\/uploads\/2018\/10\/cropped-Neues-Logo-blau-eine-Ebene-2.jpg","width":512,"height":512,"caption":"eddh-airport"},"image":{"@id":"https:\/\/www.eddh-airport.de\/eddhairport\/#\/schema\/logo\/image\/"},"sameAs":["https:\/\/www.facebook.com\/eddhairport\/","https:\/\/x.com\/EDDH_airport_de","https:\/\/www.instagram.com\/eddhairport\/?hl=de"]},{"@type":"Person","@id":"https:\/\/www.eddh-airport.de\/eddhairport\/#\/schema\/person\/215dbb8135c74e69a26ed4d4430769ed","name":"Timo Soyke","image":{"@type":"ImageObject","inLanguage":"de","@id":"https:\/\/secure.gravatar.com\/avatar\/b2e4754e6816c52584f724da7648112ad5d1f0b1afc020e780292a8b474e46d0?s=96&d=mm&r=g","url":"https:\/\/secure.gravatar.com\/avatar\/b2e4754e6816c52584f724da7648112ad5d1f0b1afc020e780292a8b474e46d0?s=96&d=mm&r=g","contentUrl":"https:\/\/secure.gravatar.com\/avatar\/b2e4754e6816c52584f724da7648112ad5d1f0b1afc020e780292a8b474e46d0?s=96&d=mm&r=g","caption":"Timo Soyke"},"url":"https:\/\/www.eddh-airport.de\/eddhairport\/author\/timo-soyke\/"}]}},"_links":{"self":[{"href":"https:\/\/www.eddh-airport.de\/eddhairport\/wp-json\/wp\/v2\/posts\/970","targetHints":{"allow":["GET"]}}],"collection":[{"href":"https:\/\/www.eddh-airport.de\/eddhairport\/wp-json\/wp\/v2\/posts"}],"about":[{"href":"https:\/\/www.eddh-airport.de\/eddhairport\/wp-json\/wp\/v2\/types\/post"}],"author":[{"embeddable":true,"href":"https:\/\/www.eddh-airport.de\/eddhairport\/wp-json\/wp\/v2\/users\/1"}],"replies":[{"embeddable":true,"href":"https:\/\/www.eddh-airport.de\/eddhairport\/wp-json\/wp\/v2\/comments?post=970"}],"version-history":[{"count":1,"href":"https:\/\/www.eddh-airport.de\/eddhairport\/wp-json\/wp\/v2\/posts\/970\/revisions"}],"predecessor-version":[{"id":971,"href":"https:\/\/www.eddh-airport.de\/eddhairport\/wp-json\/wp\/v2\/posts\/970\/revisions\/971"}],"wp:attachment":[{"href":"https:\/\/www.eddh-airport.de\/eddhairport\/wp-json\/wp\/v2\/media?parent=970"}],"wp:term":[{"taxonomy":"category","embeddable":true,"href":"https:\/\/www.eddh-airport.de\/eddhairport\/wp-json\/wp\/v2\/categories?post=970"},{"taxonomy":"post_tag","embeddable":true,"href":"https:\/\/www.eddh-airport.de\/eddhairport\/wp-json\/wp\/v2\/tags?post=970"}],"curies":[{"name":"wp","href":"https:\/\/api.w.org\/{rel}","templated":true}]}}