{"id":9437,"date":"2024-11-03T14:06:15","date_gmt":"2024-11-03T13:06:15","guid":{"rendered":"https:\/\/www.eddh-airport.de\/eddhairport\/?p=9437"},"modified":"2024-11-04T12:19:48","modified_gmt":"2024-11-04T11:19:48","slug":"german-airways-d-acjj","status":"publish","type":"post","link":"https:\/\/www.eddh-airport.de\/eddhairport\/german-airways-d-acjj\/","title":{"rendered":"German Airways, D-ACJJ"},"content":{"rendered":"<h6>German Airways, D-ACJJ<\/h6>\n<p>Schon einige Monate fliegt German Airways t\u00e4glich Kurse f\u00fcr die niederl\u00e4ndische KLM aus Amsterdam (AMS) nach Europa. Bislang wurden die angemieteten Maschinen jedoch nicht nach Hamburg eingesetzt. Mit dem nun aktiven Winterflugplan \u00e4nderte sich dies. So sind die Embraer E190 der German Airways an Sonnabend und Sonntag nun erstmal auf je einem Kurs aus der niederl\u00e4ndischen Metrople in Fuhlsb\u00fcttel zu sehen.<br \/>\nInteressanterweise betreibt German Airways dabei einige Jets mit einer Sonderlackierung. Am heutigen Vormittag kam in Form von D-ACJJ zum ersten Mal eine solche spezielle Lackierung an den Hamburg Airport. Die Embraer ERJ-190LR (ERJ-190-100 LR) setzte \u00fcber die Runway 15 auf und rollte danach auf die Parkposition 03A vor dem Terminal 1.<\/p>\n<p><a href=\"https:\/\/www.netairspace.cc\/pic\/651061\/\"><img decoding=\"async\" src=\"https:\/\/www.netairspace.cc\/pic\/651061\/hottestbrick_main.jpg\" alt=\"Aviation photo\" \/><\/a><br \/>\n<a href=\"https:\/\/www.netairspace.cc\/pic\/651061\/\"><span style=\"font-size: xx-small;\">D-ACJJ at Hamburg &#8211; Fuhlsbuettel (Helmut Schmidt)<br \/>\nby Niclas Rebbelmund on netAirspace<\/span><\/a><\/p>\n<p>\u00dcber die Startbahn 33 hob der mehr als 17 Jahre alte Zweistrahler dann wenig sp\u00e4ter wieder in Richtung Amsterdam ab. Die Sonderlackierung zu Ehren des 75-j\u00e4hrigen Bestehens des Modell-Herstellers Herpa aus Dietenhofen in Bayern tr\u00e4gt die ERJ-190LR erst seit Juli diesen Jahres. Zeitnah soll auch das passende Modell der Maschine in den Ma\u00dfst\u00e4ben 1:200 und 1:500 erscheinen. D-ACJJ ist dabei bereits seit dem 17. Dezember in der Flotte der German Airways. Die Airline ging aus einer Umfirmierung der damaligen WDL Aviation hervor. Auch dort war das Kurzstreckenflugzeug bereits unter der bereits genannten Kennung dem 13. M\u00e4rz 2019 aktiv. Von Mai 2022 bis in den November 2023 vermietete German Airways den Flieger an Luxair aus Luxembourg. Urspr\u00fcnglich wurde die Maschine am 28. September 2007 im brasilianischen Sao Jose Dos Campos (SJK) an die kolumbianische Aero Republica ausgeliefert. \u00dcber Copa Airlines Colombia (ab 6. Oktober 2010) gelangte das Flugzeug am 14. Februar 2019 zum amerikanischen Leasinggeber Azorra Aviation und einige Wochen sp\u00e4ter zur WDL Aviation. Diese vermietete die Embraer im Fr\u00fchjahr 2020 f\u00fcr einige Wochen an die schwedische BRA &#8211; Braathens Regional Airlines, holte sie jedoch auf Grund der beginnenden Coronapandemie wieder zur\u00fcck.<\/p>\n","protected":false},"excerpt":{"rendered":"<p>German Airways, D-ACJJ Schon einige Monate fliegt German Airways t\u00e4glich Kurse f\u00fcr die niederl\u00e4ndische KLM aus Amsterdam (AMS) nach Europa. Bislang wurden die angemieteten Maschinen jedoch nicht nach Hamburg eingesetzt. Mit dem nun aktiven Winterflugplan \u00e4nderte sich dies. So sind die Embraer E190 der German Airways an Sonnabend und Sonntag nun erstmal auf je einem [&hellip;]<\/p>\n","protected":false},"author":3,"featured_media":0,"comment_status":"open","ping_status":"open","sticky":false,"template":"","format":"standard","meta":{"_monsterinsights_skip_tracking":false,"_monsterinsights_sitenote_active":false,"_monsterinsights_sitenote_note":"","_monsterinsights_sitenote_category":0,"site-sidebar-layout":"default","site-content-layout":"","ast-site-content-layout":"default","site-content-style":"default","site-sidebar-style":"default","ast-global-header-display":"","ast-banner-title-visibility":"","ast-main-header-display":"","ast-hfb-above-header-display":"","ast-hfb-below-header-display":"","ast-hfb-mobile-header-display":"","site-post-title":"","ast-breadcrumbs-content":"","ast-featured-img":"","footer-sml-layout":"","ast-disable-related-posts":"","theme-transparent-header-meta":"default","adv-header-id-meta":"","stick-header-meta":"","header-above-stick-meta":"","header-main-stick-meta":"","header-below-stick-meta":"","astra-migrate-meta-layouts":"set","ast-page-background-enabled":"default","ast-page-background-meta":{"desktop":{"background-color":"","background-image":"","background-repeat":"repeat","background-position":"center center","background-size":"auto","background-attachment":"scroll","background-type":"","background-media":"","overlay-type":"","overlay-color":"","overlay-opacity":"","overlay-gradient":""},"tablet":{"background-color":"","background-image":"","background-repeat":"repeat","background-position":"center center","background-size":"auto","background-attachment":"scroll","background-type":"","background-media":"","overlay-type":"","overlay-color":"","overlay-opacity":"","overlay-gradient":""},"mobile":{"background-color":"","background-image":"","background-repeat":"repeat","background-position":"center center","background-size":"auto","background-attachment":"scroll","background-type":"","background-media":"","overlay-type":"","overlay-color":"","overlay-opacity":"","overlay-gradient":""}},"ast-content-background-meta":{"desktop":{"background-color":"var(--ast-global-color-5)","background-image":"","background-repeat":"repeat","background-position":"center center","background-size":"auto","background-attachment":"scroll","background-type":"","background-media":"","overlay-type":"","overlay-color":"","overlay-opacity":"","overlay-gradient":""},"tablet":{"background-color":"var(--ast-global-color-5)","background-image":"","background-repeat":"repeat","background-position":"center center","background-size":"auto","background-attachment":"scroll","background-type":"","background-media":"","overlay-type":"","overlay-color":"","overlay-opacity":"","overlay-gradient":""},"mobile":{"background-color":"var(--ast-global-color-5)","background-image":"","background-repeat":"repeat","background-position":"center center","background-size":"auto","background-attachment":"scroll","background-type":"","background-media":"","overlay-type":"","overlay-color":"","overlay-opacity":"","overlay-gradient":""}},"footnotes":""},"categories":[8],"tags":[1738,2026,261,942,10,138,1874,2027,785,2028,1560,861,915,2025,1050,11,90],"class_list":["post-9437","post","type-post","status-publish","format-standard","hentry","category-movements-eddh","tag-e-190","tag-e-190lr","tag-e190","tag-e190lr","tag-eddh","tag-embraer","tag-embraer-e-190","tag-embraer-e-190lr","tag-embraer-e190","tag-embraer-e190lr","tag-embraer-erj","tag-embraer-erj-190","tag-embraer-erj-190lr","tag-embraer-erj-190lr-erj-190-100-lr","tag-german-airways","tag-ham","tag-hamburg-airport"],"yoast_head":"<!-- This site is optimized with the Yoast SEO plugin v27.4 - https:\/\/yoast.com\/product\/yoast-seo-wordpress\/ -->\n<title>German Airways, D-ACJJ - eddh-airport<\/title>\n<meta name=\"description\" content=\"Am heutigen Vormittag besuchte zum ersten Mal mit D-ACJJ die &quot;75 Jahre Herpa&quot; Sonderlackierung der German Airways den Hamburg Airport.\" \/>\n<meta name=\"robots\" content=\"index, follow, max-snippet:-1, max-image-preview:large, max-video-preview:-1\" \/>\n<link rel=\"canonical\" href=\"https:\/\/www.eddh-airport.de\/eddhairport\/german-airways-d-acjj\/\" \/>\n<meta property=\"og:locale\" content=\"de_DE\" \/>\n<meta property=\"og:type\" content=\"article\" \/>\n<meta property=\"og:title\" content=\"German Airways, D-ACJJ - eddh-airport\" \/>\n<meta property=\"og:description\" content=\"Am heutigen Vormittag besuchte zum ersten Mal mit D-ACJJ die &quot;75 Jahre Herpa&quot; Sonderlackierung der German Airways den Hamburg Airport.\" \/>\n<meta property=\"og:url\" content=\"https:\/\/www.eddh-airport.de\/eddhairport\/german-airways-d-acjj\/\" \/>\n<meta property=\"og:site_name\" content=\"eddh-airport\" \/>\n<meta property=\"article:publisher\" content=\"https:\/\/www.facebook.com\/eddhairport\/\" \/>\n<meta property=\"article:published_time\" content=\"2024-11-03T13:06:15+00:00\" \/>\n<meta property=\"article:modified_time\" content=\"2024-11-04T11:19:48+00:00\" \/>\n<meta property=\"og:image\" content=\"https:\/\/www.netairspace.cc\/pic\/651061\/hottestbrick_main.jpg\" \/>\n<meta name=\"author\" content=\"Niclas Rebbelmund\" \/>\n<meta name=\"twitter:card\" content=\"summary_large_image\" \/>\n<meta name=\"twitter:creator\" content=\"@EDDH_airport_de\" \/>\n<meta name=\"twitter:site\" content=\"@EDDH_airport_de\" \/>\n<meta name=\"twitter:label1\" content=\"Verfasst von\" \/>\n\t<meta name=\"twitter:data1\" content=\"Niclas Rebbelmund\" \/>\n\t<meta name=\"twitter:label2\" content=\"Gesch\u00e4tzte Lesezeit\" \/>\n\t<meta name=\"twitter:data2\" content=\"2\u00a0Minuten\" \/>\n<script type=\"application\/ld+json\" class=\"yoast-schema-graph\">{\"@context\":\"https:\\\/\\\/schema.org\",\"@graph\":[{\"@type\":\"Article\",\"@id\":\"https:\\\/\\\/www.eddh-airport.de\\\/eddhairport\\\/german-airways-d-acjj\\\/#article\",\"isPartOf\":{\"@id\":\"https:\\\/\\\/www.eddh-airport.de\\\/eddhairport\\\/german-airways-d-acjj\\\/\"},\"author\":{\"name\":\"Niclas Rebbelmund\",\"@id\":\"https:\\\/\\\/www.eddh-airport.de\\\/eddhairport\\\/#\\\/schema\\\/person\\\/69e52086d712e506636c8f4c5f088abe\"},\"headline\":\"German Airways, D-ACJJ\",\"datePublished\":\"2024-11-03T13:06:15+00:00\",\"dateModified\":\"2024-11-04T11:19:48+00:00\",\"mainEntityOfPage\":{\"@id\":\"https:\\\/\\\/www.eddh-airport.de\\\/eddhairport\\\/german-airways-d-acjj\\\/\"},\"wordCount\":322,\"commentCount\":0,\"publisher\":{\"@id\":\"https:\\\/\\\/www.eddh-airport.de\\\/eddhairport\\\/#organization\"},\"image\":{\"@id\":\"https:\\\/\\\/www.eddh-airport.de\\\/eddhairport\\\/german-airways-d-acjj\\\/#primaryimage\"},\"thumbnailUrl\":\"https:\\\/\\\/www.netairspace.cc\\\/pic\\\/651061\\\/hottestbrick_main.jpg\",\"keywords\":[\"E-190\",\"E-190LR\",\"E190\",\"E190LR\",\"EDDH\",\"Embraer\",\"Embraer E-190\",\"Embraer E-190LR\",\"Embraer E190\",\"Embraer E190LR\",\"Embraer ERJ\",\"Embraer ERJ-190\",\"Embraer ERJ-190LR\",\"Embraer ERJ-190LR (ERJ-190-100 LR)\",\"German Airways\",\"HAM\",\"Hamburg Airport\"],\"articleSection\":[\"Movements EDDH\"],\"inLanguage\":\"de\",\"potentialAction\":[{\"@type\":\"CommentAction\",\"name\":\"Comment\",\"target\":[\"https:\\\/\\\/www.eddh-airport.de\\\/eddhairport\\\/german-airways-d-acjj\\\/#respond\"]}]},{\"@type\":\"WebPage\",\"@id\":\"https:\\\/\\\/www.eddh-airport.de\\\/eddhairport\\\/german-airways-d-acjj\\\/\",\"url\":\"https:\\\/\\\/www.eddh-airport.de\\\/eddhairport\\\/german-airways-d-acjj\\\/\",\"name\":\"German Airways, D-ACJJ - eddh-airport\",\"isPartOf\":{\"@id\":\"https:\\\/\\\/www.eddh-airport.de\\\/eddhairport\\\/#website\"},\"primaryImageOfPage\":{\"@id\":\"https:\\\/\\\/www.eddh-airport.de\\\/eddhairport\\\/german-airways-d-acjj\\\/#primaryimage\"},\"image\":{\"@id\":\"https:\\\/\\\/www.eddh-airport.de\\\/eddhairport\\\/german-airways-d-acjj\\\/#primaryimage\"},\"thumbnailUrl\":\"https:\\\/\\\/www.netairspace.cc\\\/pic\\\/651061\\\/hottestbrick_main.jpg\",\"datePublished\":\"2024-11-03T13:06:15+00:00\",\"dateModified\":\"2024-11-04T11:19:48+00:00\",\"description\":\"Am heutigen Vormittag besuchte zum ersten Mal mit D-ACJJ die \\\"75 Jahre Herpa\\\" Sonderlackierung der German Airways den Hamburg Airport.\",\"breadcrumb\":{\"@id\":\"https:\\\/\\\/www.eddh-airport.de\\\/eddhairport\\\/german-airways-d-acjj\\\/#breadcrumb\"},\"inLanguage\":\"de\",\"potentialAction\":[{\"@type\":\"ReadAction\",\"target\":[\"https:\\\/\\\/www.eddh-airport.de\\\/eddhairport\\\/german-airways-d-acjj\\\/\"]}]},{\"@type\":\"ImageObject\",\"inLanguage\":\"de\",\"@id\":\"https:\\\/\\\/www.eddh-airport.de\\\/eddhairport\\\/german-airways-d-acjj\\\/#primaryimage\",\"url\":\"https:\\\/\\\/www.netairspace.cc\\\/pic\\\/651061\\\/hottestbrick_main.jpg\",\"contentUrl\":\"https:\\\/\\\/www.netairspace.cc\\\/pic\\\/651061\\\/hottestbrick_main.jpg\"},{\"@type\":\"BreadcrumbList\",\"@id\":\"https:\\\/\\\/www.eddh-airport.de\\\/eddhairport\\\/german-airways-d-acjj\\\/#breadcrumb\",\"itemListElement\":[{\"@type\":\"ListItem\",\"position\":1,\"name\":\"Startseite\",\"item\":\"https:\\\/\\\/www.eddh-airport.de\\\/eddhairport\\\/\"},{\"@type\":\"ListItem\",\"position\":2,\"name\":\"German Airways, D-ACJJ\"}]},{\"@type\":\"WebSite\",\"@id\":\"https:\\\/\\\/www.eddh-airport.de\\\/eddhairport\\\/#website\",\"url\":\"https:\\\/\\\/www.eddh-airport.de\\\/eddhairport\\\/\",\"name\":\"eddh-airport\",\"description\":\"Luftfahrtnews und Planespotting aus Hamburg\",\"publisher\":{\"@id\":\"https:\\\/\\\/www.eddh-airport.de\\\/eddhairport\\\/#organization\"},\"potentialAction\":[{\"@type\":\"SearchAction\",\"target\":{\"@type\":\"EntryPoint\",\"urlTemplate\":\"https:\\\/\\\/www.eddh-airport.de\\\/eddhairport\\\/?s={search_term_string}\"},\"query-input\":{\"@type\":\"PropertyValueSpecification\",\"valueRequired\":true,\"valueName\":\"search_term_string\"}}],\"inLanguage\":\"de\"},{\"@type\":\"Organization\",\"@id\":\"https:\\\/\\\/www.eddh-airport.de\\\/eddhairport\\\/#organization\",\"name\":\"eddh-airport\",\"url\":\"https:\\\/\\\/www.eddh-airport.de\\\/eddhairport\\\/\",\"logo\":{\"@type\":\"ImageObject\",\"inLanguage\":\"de\",\"@id\":\"https:\\\/\\\/www.eddh-airport.de\\\/eddhairport\\\/#\\\/schema\\\/logo\\\/image\\\/\",\"url\":\"https:\\\/\\\/www.eddh-airport.de\\\/eddhairport\\\/wp-content\\\/uploads\\\/2018\\\/10\\\/cropped-Neues-Logo-blau-eine-Ebene-2.jpg\",\"contentUrl\":\"https:\\\/\\\/www.eddh-airport.de\\\/eddhairport\\\/wp-content\\\/uploads\\\/2018\\\/10\\\/cropped-Neues-Logo-blau-eine-Ebene-2.jpg\",\"width\":512,\"height\":512,\"caption\":\"eddh-airport\"},\"image\":{\"@id\":\"https:\\\/\\\/www.eddh-airport.de\\\/eddhairport\\\/#\\\/schema\\\/logo\\\/image\\\/\"},\"sameAs\":[\"https:\\\/\\\/www.facebook.com\\\/eddhairport\\\/\",\"https:\\\/\\\/x.com\\\/EDDH_airport_de\",\"https:\\\/\\\/www.instagram.com\\\/eddhairport\\\/?hl=de\"]},{\"@type\":\"Person\",\"@id\":\"https:\\\/\\\/www.eddh-airport.de\\\/eddhairport\\\/#\\\/schema\\\/person\\\/69e52086d712e506636c8f4c5f088abe\",\"name\":\"Niclas Rebbelmund\",\"image\":{\"@type\":\"ImageObject\",\"inLanguage\":\"de\",\"@id\":\"https:\\\/\\\/secure.gravatar.com\\\/avatar\\\/d84f2b77774e9493691ea91c216d4e4e5412d631f5fe9806ac1d1d54bd3c30cb?s=96&d=mm&r=g\",\"url\":\"https:\\\/\\\/secure.gravatar.com\\\/avatar\\\/d84f2b77774e9493691ea91c216d4e4e5412d631f5fe9806ac1d1d54bd3c30cb?s=96&d=mm&r=g\",\"contentUrl\":\"https:\\\/\\\/secure.gravatar.com\\\/avatar\\\/d84f2b77774e9493691ea91c216d4e4e5412d631f5fe9806ac1d1d54bd3c30cb?s=96&d=mm&r=g\",\"caption\":\"Niclas Rebbelmund\"},\"description\":\"34 Jahre, Team Nikon, Aviation &amp; Fotografie Enthusiast\",\"sameAs\":[\"https:\\\/\\\/www.instagram.com\\\/niclashco\\\/\"],\"url\":\"https:\\\/\\\/www.eddh-airport.de\\\/eddhairport\\\/author\\\/niclas-rebbelmund\\\/\"}]}<\/script>\n<!-- \/ Yoast SEO plugin. -->","yoast_head_json":{"title":"German Airways, D-ACJJ - eddh-airport","description":"Am heutigen Vormittag besuchte zum ersten Mal mit D-ACJJ die \"75 Jahre Herpa\" Sonderlackierung der German Airways den Hamburg Airport.","robots":{"index":"index","follow":"follow","max-snippet":"max-snippet:-1","max-image-preview":"max-image-preview:large","max-video-preview":"max-video-preview:-1"},"canonical":"https:\/\/www.eddh-airport.de\/eddhairport\/german-airways-d-acjj\/","og_locale":"de_DE","og_type":"article","og_title":"German Airways, D-ACJJ - eddh-airport","og_description":"Am heutigen Vormittag besuchte zum ersten Mal mit D-ACJJ die \"75 Jahre Herpa\" Sonderlackierung der German Airways den Hamburg Airport.","og_url":"https:\/\/www.eddh-airport.de\/eddhairport\/german-airways-d-acjj\/","og_site_name":"eddh-airport","article_publisher":"https:\/\/www.facebook.com\/eddhairport\/","article_published_time":"2024-11-03T13:06:15+00:00","article_modified_time":"2024-11-04T11:19:48+00:00","og_image":[{"url":"https:\/\/www.netairspace.cc\/pic\/651061\/hottestbrick_main.jpg","type":"","width":"","height":""}],"author":"Niclas Rebbelmund","twitter_card":"summary_large_image","twitter_creator":"@EDDH_airport_de","twitter_site":"@EDDH_airport_de","twitter_misc":{"Verfasst von":"Niclas Rebbelmund","Gesch\u00e4tzte Lesezeit":"2\u00a0Minuten"},"schema":{"@context":"https:\/\/schema.org","@graph":[{"@type":"Article","@id":"https:\/\/www.eddh-airport.de\/eddhairport\/german-airways-d-acjj\/#article","isPartOf":{"@id":"https:\/\/www.eddh-airport.de\/eddhairport\/german-airways-d-acjj\/"},"author":{"name":"Niclas Rebbelmund","@id":"https:\/\/www.eddh-airport.de\/eddhairport\/#\/schema\/person\/69e52086d712e506636c8f4c5f088abe"},"headline":"German Airways, D-ACJJ","datePublished":"2024-11-03T13:06:15+00:00","dateModified":"2024-11-04T11:19:48+00:00","mainEntityOfPage":{"@id":"https:\/\/www.eddh-airport.de\/eddhairport\/german-airways-d-acjj\/"},"wordCount":322,"commentCount":0,"publisher":{"@id":"https:\/\/www.eddh-airport.de\/eddhairport\/#organization"},"image":{"@id":"https:\/\/www.eddh-airport.de\/eddhairport\/german-airways-d-acjj\/#primaryimage"},"thumbnailUrl":"https:\/\/www.netairspace.cc\/pic\/651061\/hottestbrick_main.jpg","keywords":["E-190","E-190LR","E190","E190LR","EDDH","Embraer","Embraer E-190","Embraer E-190LR","Embraer E190","Embraer E190LR","Embraer ERJ","Embraer ERJ-190","Embraer ERJ-190LR","Embraer ERJ-190LR (ERJ-190-100 LR)","German Airways","HAM","Hamburg Airport"],"articleSection":["Movements EDDH"],"inLanguage":"de","potentialAction":[{"@type":"CommentAction","name":"Comment","target":["https:\/\/www.eddh-airport.de\/eddhairport\/german-airways-d-acjj\/#respond"]}]},{"@type":"WebPage","@id":"https:\/\/www.eddh-airport.de\/eddhairport\/german-airways-d-acjj\/","url":"https:\/\/www.eddh-airport.de\/eddhairport\/german-airways-d-acjj\/","name":"German Airways, D-ACJJ - eddh-airport","isPartOf":{"@id":"https:\/\/www.eddh-airport.de\/eddhairport\/#website"},"primaryImageOfPage":{"@id":"https:\/\/www.eddh-airport.de\/eddhairport\/german-airways-d-acjj\/#primaryimage"},"image":{"@id":"https:\/\/www.eddh-airport.de\/eddhairport\/german-airways-d-acjj\/#primaryimage"},"thumbnailUrl":"https:\/\/www.netairspace.cc\/pic\/651061\/hottestbrick_main.jpg","datePublished":"2024-11-03T13:06:15+00:00","dateModified":"2024-11-04T11:19:48+00:00","description":"Am heutigen Vormittag besuchte zum ersten Mal mit D-ACJJ die \"75 Jahre Herpa\" Sonderlackierung der German Airways den Hamburg Airport.","breadcrumb":{"@id":"https:\/\/www.eddh-airport.de\/eddhairport\/german-airways-d-acjj\/#breadcrumb"},"inLanguage":"de","potentialAction":[{"@type":"ReadAction","target":["https:\/\/www.eddh-airport.de\/eddhairport\/german-airways-d-acjj\/"]}]},{"@type":"ImageObject","inLanguage":"de","@id":"https:\/\/www.eddh-airport.de\/eddhairport\/german-airways-d-acjj\/#primaryimage","url":"https:\/\/www.netairspace.cc\/pic\/651061\/hottestbrick_main.jpg","contentUrl":"https:\/\/www.netairspace.cc\/pic\/651061\/hottestbrick_main.jpg"},{"@type":"BreadcrumbList","@id":"https:\/\/www.eddh-airport.de\/eddhairport\/german-airways-d-acjj\/#breadcrumb","itemListElement":[{"@type":"ListItem","position":1,"name":"Startseite","item":"https:\/\/www.eddh-airport.de\/eddhairport\/"},{"@type":"ListItem","position":2,"name":"German Airways, D-ACJJ"}]},{"@type":"WebSite","@id":"https:\/\/www.eddh-airport.de\/eddhairport\/#website","url":"https:\/\/www.eddh-airport.de\/eddhairport\/","name":"eddh-airport","description":"Luftfahrtnews und Planespotting aus Hamburg","publisher":{"@id":"https:\/\/www.eddh-airport.de\/eddhairport\/#organization"},"potentialAction":[{"@type":"SearchAction","target":{"@type":"EntryPoint","urlTemplate":"https:\/\/www.eddh-airport.de\/eddhairport\/?s={search_term_string}"},"query-input":{"@type":"PropertyValueSpecification","valueRequired":true,"valueName":"search_term_string"}}],"inLanguage":"de"},{"@type":"Organization","@id":"https:\/\/www.eddh-airport.de\/eddhairport\/#organization","name":"eddh-airport","url":"https:\/\/www.eddh-airport.de\/eddhairport\/","logo":{"@type":"ImageObject","inLanguage":"de","@id":"https:\/\/www.eddh-airport.de\/eddhairport\/#\/schema\/logo\/image\/","url":"https:\/\/www.eddh-airport.de\/eddhairport\/wp-content\/uploads\/2018\/10\/cropped-Neues-Logo-blau-eine-Ebene-2.jpg","contentUrl":"https:\/\/www.eddh-airport.de\/eddhairport\/wp-content\/uploads\/2018\/10\/cropped-Neues-Logo-blau-eine-Ebene-2.jpg","width":512,"height":512,"caption":"eddh-airport"},"image":{"@id":"https:\/\/www.eddh-airport.de\/eddhairport\/#\/schema\/logo\/image\/"},"sameAs":["https:\/\/www.facebook.com\/eddhairport\/","https:\/\/x.com\/EDDH_airport_de","https:\/\/www.instagram.com\/eddhairport\/?hl=de"]},{"@type":"Person","@id":"https:\/\/www.eddh-airport.de\/eddhairport\/#\/schema\/person\/69e52086d712e506636c8f4c5f088abe","name":"Niclas Rebbelmund","image":{"@type":"ImageObject","inLanguage":"de","@id":"https:\/\/secure.gravatar.com\/avatar\/d84f2b77774e9493691ea91c216d4e4e5412d631f5fe9806ac1d1d54bd3c30cb?s=96&d=mm&r=g","url":"https:\/\/secure.gravatar.com\/avatar\/d84f2b77774e9493691ea91c216d4e4e5412d631f5fe9806ac1d1d54bd3c30cb?s=96&d=mm&r=g","contentUrl":"https:\/\/secure.gravatar.com\/avatar\/d84f2b77774e9493691ea91c216d4e4e5412d631f5fe9806ac1d1d54bd3c30cb?s=96&d=mm&r=g","caption":"Niclas Rebbelmund"},"description":"34 Jahre, Team Nikon, Aviation &amp; Fotografie Enthusiast","sameAs":["https:\/\/www.instagram.com\/niclashco\/"],"url":"https:\/\/www.eddh-airport.de\/eddhairport\/author\/niclas-rebbelmund\/"}]}},"_links":{"self":[{"href":"https:\/\/www.eddh-airport.de\/eddhairport\/wp-json\/wp\/v2\/posts\/9437","targetHints":{"allow":["GET"]}}],"collection":[{"href":"https:\/\/www.eddh-airport.de\/eddhairport\/wp-json\/wp\/v2\/posts"}],"about":[{"href":"https:\/\/www.eddh-airport.de\/eddhairport\/wp-json\/wp\/v2\/types\/post"}],"author":[{"embeddable":true,"href":"https:\/\/www.eddh-airport.de\/eddhairport\/wp-json\/wp\/v2\/users\/3"}],"replies":[{"embeddable":true,"href":"https:\/\/www.eddh-airport.de\/eddhairport\/wp-json\/wp\/v2\/comments?post=9437"}],"version-history":[{"count":1,"href":"https:\/\/www.eddh-airport.de\/eddhairport\/wp-json\/wp\/v2\/posts\/9437\/revisions"}],"predecessor-version":[{"id":9438,"href":"https:\/\/www.eddh-airport.de\/eddhairport\/wp-json\/wp\/v2\/posts\/9437\/revisions\/9438"}],"wp:attachment":[{"href":"https:\/\/www.eddh-airport.de\/eddhairport\/wp-json\/wp\/v2\/media?parent=9437"}],"wp:term":[{"taxonomy":"category","embeddable":true,"href":"https:\/\/www.eddh-airport.de\/eddhairport\/wp-json\/wp\/v2\/categories?post=9437"},{"taxonomy":"post_tag","embeddable":true,"href":"https:\/\/www.eddh-airport.de\/eddhairport\/wp-json\/wp\/v2\/tags?post=9437"}],"curies":[{"name":"wp","href":"https:\/\/api.w.org\/{rel}","templated":true}]}}