{"id":9361,"date":"2024-10-12T14:43:24","date_gmt":"2024-10-12T12:43:24","guid":{"rendered":"https:\/\/www.eddh-airport.de\/eddhairport\/?p=9361"},"modified":"2024-10-12T14:43:24","modified_gmt":"2024-10-12T12:43:24","slug":"presidential-flight-a6-pfe-3","status":"publish","type":"post","link":"https:\/\/www.eddh-airport.de\/eddhairport\/presidential-flight-a6-pfe-3\/","title":{"rendered":"Presidential Flight, A6-PFE"},"content":{"rendered":"<h6>Presidential Flight, A6-PFE<\/h6>\n<p>Wie nach dem gestrigen Testflug korrekt vermutet (<a href=\"https:\/\/www.eddh-airport.de\/eddhairport\/presidential-flight-a6-pfe-2\/\">hier gehts zum Artikel<\/a>), fand der finale Abflug der A6-PFE dann am heutigen Sonnabendvormittag statt. Nachdem die Boeing 787-9 BBJ Dreamliner erfolgreich die Tests absolvierte, verlie\u00df der Zweistrahler das Werksgel\u00e4nde der Lufthansa Technik (LHT). \u00dcber die Taxiways T, D1 und Z3 rollte das Langstreckenflugzeug in den Farben der Etihad Airways zur Startbahn 23.<\/p>\n<p><a href=\"https:\/\/www.netairspace.cc\/pic\/646330\/\"><img decoding=\"async\" src=\"https:\/\/www.netairspace.cc\/pic\/646330\/hottestbrick_main.jpg\" alt=\"Aviation photo\" \/><\/a><br \/>\n<a href=\"https:\/\/www.netairspace.cc\/pic\/646330\/\"><span style=\"font-size: xx-small;\">A6-PFE at Hamburg &#8211; Fuhlsbuettel (Helmut Schmidt)<br \/>\nby Niclas Rebbelmund on netAirspace<\/span><\/a><\/p>\n<p>Von dort hob die mehr als sieben Jahre alte Maschine nur Augenblicke sp\u00e4ter ab und nahm Kurs auf den Flughafen von Abu Dhabi (AUH). Dort dient der Dreamliner dem Scheich Muhammad bin Zayid bin Sultan Al Nahyan von Abu Dhabi und seiner Herrscherfamilie als luxuri\u00f6ses Fortbewegungsmittel. Seit dem 14. M\u00e4rz 2017 geh\u00f6rt A6-PFE der Flotte der Presidential Flight an, die die VIP-Flotte der Emirate Dubai und Abu Dhabi betreut.<\/p>\n","protected":false},"excerpt":{"rendered":"<p>Presidential Flight, A6-PFE Wie nach dem gestrigen Testflug korrekt vermutet (hier gehts zum Artikel), fand der finale Abflug der A6-PFE dann am heutigen Sonnabendvormittag statt. Nachdem die Boeing 787-9 BBJ Dreamliner erfolgreich die Tests absolvierte, verlie\u00df der Zweistrahler das Werksgel\u00e4nde der Lufthansa Technik (LHT). \u00dcber die Taxiways T, D1 und Z3 rollte das Langstreckenflugzeug in [&hellip;]<\/p>\n","protected":false},"author":3,"featured_media":0,"comment_status":"open","ping_status":"open","sticky":false,"template":"","format":"standard","meta":{"_monsterinsights_skip_tracking":false,"_monsterinsights_sitenote_active":false,"_monsterinsights_sitenote_note":"","_monsterinsights_sitenote_category":0,"site-sidebar-layout":"default","site-content-layout":"","ast-site-content-layout":"default","site-content-style":"default","site-sidebar-style":"default","ast-global-header-display":"","ast-banner-title-visibility":"","ast-main-header-display":"","ast-hfb-above-header-display":"","ast-hfb-below-header-display":"","ast-hfb-mobile-header-display":"","site-post-title":"","ast-breadcrumbs-content":"","ast-featured-img":"","footer-sml-layout":"","ast-disable-related-posts":"","theme-transparent-header-meta":"default","adv-header-id-meta":"","stick-header-meta":"","header-above-stick-meta":"","header-main-stick-meta":"","header-below-stick-meta":"","astra-migrate-meta-layouts":"set","ast-page-background-enabled":"default","ast-page-background-meta":{"desktop":{"background-color":"","background-image":"","background-repeat":"repeat","background-position":"center center","background-size":"auto","background-attachment":"scroll","background-type":"","background-media":"","overlay-type":"","overlay-color":"","overlay-opacity":"","overlay-gradient":""},"tablet":{"background-color":"","background-image":"","background-repeat":"repeat","background-position":"center center","background-size":"auto","background-attachment":"scroll","background-type":"","background-media":"","overlay-type":"","overlay-color":"","overlay-opacity":"","overlay-gradient":""},"mobile":{"background-color":"","background-image":"","background-repeat":"repeat","background-position":"center center","background-size":"auto","background-attachment":"scroll","background-type":"","background-media":"","overlay-type":"","overlay-color":"","overlay-opacity":"","overlay-gradient":""}},"ast-content-background-meta":{"desktop":{"background-color":"var(--ast-global-color-5)","background-image":"","background-repeat":"repeat","background-position":"center center","background-size":"auto","background-attachment":"scroll","background-type":"","background-media":"","overlay-type":"","overlay-color":"","overlay-opacity":"","overlay-gradient":""},"tablet":{"background-color":"var(--ast-global-color-5)","background-image":"","background-repeat":"repeat","background-position":"center center","background-size":"auto","background-attachment":"scroll","background-type":"","background-media":"","overlay-type":"","overlay-color":"","overlay-opacity":"","overlay-gradient":""},"mobile":{"background-color":"var(--ast-global-color-5)","background-image":"","background-repeat":"repeat","background-position":"center center","background-size":"auto","background-attachment":"scroll","background-type":"","background-media":"","overlay-type":"","overlay-color":"","overlay-opacity":"","overlay-gradient":""}},"footnotes":""},"categories":[8],"tags":[174,872,1398,132,871,1349,29,867,870,1348,131,10,1986,620,11,90,1985],"class_list":["post-9361","post","type-post","status-publish","format-standard","hentry","category-movements-eddh","tag-174","tag-787-9","tag-787-9-dreamliner","tag-b787","tag-b787-9","tag-b787-9-dreamliner","tag-boeing","tag-boeing-787","tag-boeing-787-9","tag-boeing-787-9-dreamliner","tag-dreamliner","tag-eddh","tag-etihad","tag-etihad-airways","tag-ham","tag-hamburg-airport","tag-presidential-flight"],"yoast_head":"<!-- This site is optimized with the Yoast SEO plugin v27.4 - https:\/\/yoast.com\/product\/yoast-seo-wordpress\/ -->\n<title>Presidential Flight, A6-PFE - eddh-airport<\/title>\n<meta name=\"description\" content=\"Am heutigen Vormittag verlie\u00df A6-PFE der Presidential Flight final die Werkshallen der Lufthansa Technik und somit auch den Hamburg Airport.\" \/>\n<meta name=\"robots\" content=\"index, follow, max-snippet:-1, max-image-preview:large, max-video-preview:-1\" \/>\n<link rel=\"canonical\" href=\"https:\/\/www.eddh-airport.de\/eddhairport\/presidential-flight-a6-pfe-3\/\" \/>\n<meta property=\"og:locale\" content=\"de_DE\" \/>\n<meta property=\"og:type\" content=\"article\" \/>\n<meta property=\"og:title\" content=\"Presidential Flight, A6-PFE - eddh-airport\" \/>\n<meta property=\"og:description\" content=\"Am heutigen Vormittag verlie\u00df A6-PFE der Presidential Flight final die Werkshallen der Lufthansa Technik und somit auch den Hamburg Airport.\" \/>\n<meta property=\"og:url\" content=\"https:\/\/www.eddh-airport.de\/eddhairport\/presidential-flight-a6-pfe-3\/\" \/>\n<meta property=\"og:site_name\" content=\"eddh-airport\" \/>\n<meta property=\"article:publisher\" content=\"https:\/\/www.facebook.com\/eddhairport\/\" \/>\n<meta property=\"article:published_time\" content=\"2024-10-12T12:43:24+00:00\" \/>\n<meta property=\"og:image\" content=\"https:\/\/www.netairspace.cc\/pic\/646330\/hottestbrick_main.jpg\" \/>\n<meta name=\"author\" content=\"Niclas Rebbelmund\" \/>\n<meta name=\"twitter:card\" content=\"summary_large_image\" \/>\n<meta name=\"twitter:creator\" content=\"@EDDH_airport_de\" \/>\n<meta name=\"twitter:site\" content=\"@EDDH_airport_de\" \/>\n<meta name=\"twitter:label1\" content=\"Verfasst von\" \/>\n\t<meta name=\"twitter:data1\" content=\"Niclas Rebbelmund\" \/>\n\t<meta name=\"twitter:label2\" content=\"Gesch\u00e4tzte Lesezeit\" \/>\n\t<meta name=\"twitter:data2\" content=\"1\u00a0Minute\" \/>\n<script type=\"application\/ld+json\" class=\"yoast-schema-graph\">{\"@context\":\"https:\\\/\\\/schema.org\",\"@graph\":[{\"@type\":\"Article\",\"@id\":\"https:\\\/\\\/www.eddh-airport.de\\\/eddhairport\\\/presidential-flight-a6-pfe-3\\\/#article\",\"isPartOf\":{\"@id\":\"https:\\\/\\\/www.eddh-airport.de\\\/eddhairport\\\/presidential-flight-a6-pfe-3\\\/\"},\"author\":{\"name\":\"Niclas Rebbelmund\",\"@id\":\"https:\\\/\\\/www.eddh-airport.de\\\/eddhairport\\\/#\\\/schema\\\/person\\\/69e52086d712e506636c8f4c5f088abe\"},\"headline\":\"Presidential Flight, A6-PFE\",\"datePublished\":\"2024-10-12T12:43:24+00:00\",\"mainEntityOfPage\":{\"@id\":\"https:\\\/\\\/www.eddh-airport.de\\\/eddhairport\\\/presidential-flight-a6-pfe-3\\\/\"},\"wordCount\":154,\"commentCount\":0,\"publisher\":{\"@id\":\"https:\\\/\\\/www.eddh-airport.de\\\/eddhairport\\\/#organization\"},\"image\":{\"@id\":\"https:\\\/\\\/www.eddh-airport.de\\\/eddhairport\\\/presidential-flight-a6-pfe-3\\\/#primaryimage\"},\"thumbnailUrl\":\"https:\\\/\\\/www.netairspace.cc\\\/pic\\\/646330\\\/hottestbrick_main.jpg\",\"keywords\":[\"787\",\"787-9\",\"787-9 Dreamliner\",\"B787\",\"B787-9\",\"B787-9 Dreamliner\",\"Boeing\",\"Boeing 787\",\"Boeing 787-9\",\"Boeing 787-9 Dreamliner\",\"Dreamliner\",\"EDDH\",\"Etihad\",\"Etihad Airways\",\"HAM\",\"Hamburg Airport\",\"Presidential Flight\"],\"articleSection\":[\"Movements EDDH\"],\"inLanguage\":\"de\",\"potentialAction\":[{\"@type\":\"CommentAction\",\"name\":\"Comment\",\"target\":[\"https:\\\/\\\/www.eddh-airport.de\\\/eddhairport\\\/presidential-flight-a6-pfe-3\\\/#respond\"]}]},{\"@type\":\"WebPage\",\"@id\":\"https:\\\/\\\/www.eddh-airport.de\\\/eddhairport\\\/presidential-flight-a6-pfe-3\\\/\",\"url\":\"https:\\\/\\\/www.eddh-airport.de\\\/eddhairport\\\/presidential-flight-a6-pfe-3\\\/\",\"name\":\"Presidential Flight, A6-PFE - eddh-airport\",\"isPartOf\":{\"@id\":\"https:\\\/\\\/www.eddh-airport.de\\\/eddhairport\\\/#website\"},\"primaryImageOfPage\":{\"@id\":\"https:\\\/\\\/www.eddh-airport.de\\\/eddhairport\\\/presidential-flight-a6-pfe-3\\\/#primaryimage\"},\"image\":{\"@id\":\"https:\\\/\\\/www.eddh-airport.de\\\/eddhairport\\\/presidential-flight-a6-pfe-3\\\/#primaryimage\"},\"thumbnailUrl\":\"https:\\\/\\\/www.netairspace.cc\\\/pic\\\/646330\\\/hottestbrick_main.jpg\",\"datePublished\":\"2024-10-12T12:43:24+00:00\",\"description\":\"Am heutigen Vormittag verlie\u00df A6-PFE der Presidential Flight final die Werkshallen der Lufthansa Technik und somit auch den Hamburg Airport.\",\"breadcrumb\":{\"@id\":\"https:\\\/\\\/www.eddh-airport.de\\\/eddhairport\\\/presidential-flight-a6-pfe-3\\\/#breadcrumb\"},\"inLanguage\":\"de\",\"potentialAction\":[{\"@type\":\"ReadAction\",\"target\":[\"https:\\\/\\\/www.eddh-airport.de\\\/eddhairport\\\/presidential-flight-a6-pfe-3\\\/\"]}]},{\"@type\":\"ImageObject\",\"inLanguage\":\"de\",\"@id\":\"https:\\\/\\\/www.eddh-airport.de\\\/eddhairport\\\/presidential-flight-a6-pfe-3\\\/#primaryimage\",\"url\":\"https:\\\/\\\/www.netairspace.cc\\\/pic\\\/646330\\\/hottestbrick_main.jpg\",\"contentUrl\":\"https:\\\/\\\/www.netairspace.cc\\\/pic\\\/646330\\\/hottestbrick_main.jpg\"},{\"@type\":\"BreadcrumbList\",\"@id\":\"https:\\\/\\\/www.eddh-airport.de\\\/eddhairport\\\/presidential-flight-a6-pfe-3\\\/#breadcrumb\",\"itemListElement\":[{\"@type\":\"ListItem\",\"position\":1,\"name\":\"Startseite\",\"item\":\"https:\\\/\\\/www.eddh-airport.de\\\/eddhairport\\\/\"},{\"@type\":\"ListItem\",\"position\":2,\"name\":\"Presidential Flight, A6-PFE\"}]},{\"@type\":\"WebSite\",\"@id\":\"https:\\\/\\\/www.eddh-airport.de\\\/eddhairport\\\/#website\",\"url\":\"https:\\\/\\\/www.eddh-airport.de\\\/eddhairport\\\/\",\"name\":\"eddh-airport\",\"description\":\"Luftfahrtnews und Planespotting aus Hamburg\",\"publisher\":{\"@id\":\"https:\\\/\\\/www.eddh-airport.de\\\/eddhairport\\\/#organization\"},\"potentialAction\":[{\"@type\":\"SearchAction\",\"target\":{\"@type\":\"EntryPoint\",\"urlTemplate\":\"https:\\\/\\\/www.eddh-airport.de\\\/eddhairport\\\/?s={search_term_string}\"},\"query-input\":{\"@type\":\"PropertyValueSpecification\",\"valueRequired\":true,\"valueName\":\"search_term_string\"}}],\"inLanguage\":\"de\"},{\"@type\":\"Organization\",\"@id\":\"https:\\\/\\\/www.eddh-airport.de\\\/eddhairport\\\/#organization\",\"name\":\"eddh-airport\",\"url\":\"https:\\\/\\\/www.eddh-airport.de\\\/eddhairport\\\/\",\"logo\":{\"@type\":\"ImageObject\",\"inLanguage\":\"de\",\"@id\":\"https:\\\/\\\/www.eddh-airport.de\\\/eddhairport\\\/#\\\/schema\\\/logo\\\/image\\\/\",\"url\":\"https:\\\/\\\/www.eddh-airport.de\\\/eddhairport\\\/wp-content\\\/uploads\\\/2018\\\/10\\\/cropped-Neues-Logo-blau-eine-Ebene-2.jpg\",\"contentUrl\":\"https:\\\/\\\/www.eddh-airport.de\\\/eddhairport\\\/wp-content\\\/uploads\\\/2018\\\/10\\\/cropped-Neues-Logo-blau-eine-Ebene-2.jpg\",\"width\":512,\"height\":512,\"caption\":\"eddh-airport\"},\"image\":{\"@id\":\"https:\\\/\\\/www.eddh-airport.de\\\/eddhairport\\\/#\\\/schema\\\/logo\\\/image\\\/\"},\"sameAs\":[\"https:\\\/\\\/www.facebook.com\\\/eddhairport\\\/\",\"https:\\\/\\\/x.com\\\/EDDH_airport_de\",\"https:\\\/\\\/www.instagram.com\\\/eddhairport\\\/?hl=de\"]},{\"@type\":\"Person\",\"@id\":\"https:\\\/\\\/www.eddh-airport.de\\\/eddhairport\\\/#\\\/schema\\\/person\\\/69e52086d712e506636c8f4c5f088abe\",\"name\":\"Niclas Rebbelmund\",\"image\":{\"@type\":\"ImageObject\",\"inLanguage\":\"de\",\"@id\":\"https:\\\/\\\/secure.gravatar.com\\\/avatar\\\/d84f2b77774e9493691ea91c216d4e4e5412d631f5fe9806ac1d1d54bd3c30cb?s=96&d=mm&r=g\",\"url\":\"https:\\\/\\\/secure.gravatar.com\\\/avatar\\\/d84f2b77774e9493691ea91c216d4e4e5412d631f5fe9806ac1d1d54bd3c30cb?s=96&d=mm&r=g\",\"contentUrl\":\"https:\\\/\\\/secure.gravatar.com\\\/avatar\\\/d84f2b77774e9493691ea91c216d4e4e5412d631f5fe9806ac1d1d54bd3c30cb?s=96&d=mm&r=g\",\"caption\":\"Niclas Rebbelmund\"},\"description\":\"34 Jahre, Team Nikon, Aviation &amp; Fotografie Enthusiast\",\"sameAs\":[\"https:\\\/\\\/www.instagram.com\\\/niclashco\\\/\"],\"url\":\"https:\\\/\\\/www.eddh-airport.de\\\/eddhairport\\\/author\\\/niclas-rebbelmund\\\/\"}]}<\/script>\n<!-- \/ Yoast SEO plugin. -->","yoast_head_json":{"title":"Presidential Flight, A6-PFE - eddh-airport","description":"Am heutigen Vormittag verlie\u00df A6-PFE der Presidential Flight final die Werkshallen der Lufthansa Technik und somit auch den Hamburg Airport.","robots":{"index":"index","follow":"follow","max-snippet":"max-snippet:-1","max-image-preview":"max-image-preview:large","max-video-preview":"max-video-preview:-1"},"canonical":"https:\/\/www.eddh-airport.de\/eddhairport\/presidential-flight-a6-pfe-3\/","og_locale":"de_DE","og_type":"article","og_title":"Presidential Flight, A6-PFE - eddh-airport","og_description":"Am heutigen Vormittag verlie\u00df A6-PFE der Presidential Flight final die Werkshallen der Lufthansa Technik und somit auch den Hamburg Airport.","og_url":"https:\/\/www.eddh-airport.de\/eddhairport\/presidential-flight-a6-pfe-3\/","og_site_name":"eddh-airport","article_publisher":"https:\/\/www.facebook.com\/eddhairport\/","article_published_time":"2024-10-12T12:43:24+00:00","og_image":[{"url":"https:\/\/www.netairspace.cc\/pic\/646330\/hottestbrick_main.jpg","type":"","width":"","height":""}],"author":"Niclas Rebbelmund","twitter_card":"summary_large_image","twitter_creator":"@EDDH_airport_de","twitter_site":"@EDDH_airport_de","twitter_misc":{"Verfasst von":"Niclas Rebbelmund","Gesch\u00e4tzte Lesezeit":"1\u00a0Minute"},"schema":{"@context":"https:\/\/schema.org","@graph":[{"@type":"Article","@id":"https:\/\/www.eddh-airport.de\/eddhairport\/presidential-flight-a6-pfe-3\/#article","isPartOf":{"@id":"https:\/\/www.eddh-airport.de\/eddhairport\/presidential-flight-a6-pfe-3\/"},"author":{"name":"Niclas Rebbelmund","@id":"https:\/\/www.eddh-airport.de\/eddhairport\/#\/schema\/person\/69e52086d712e506636c8f4c5f088abe"},"headline":"Presidential Flight, A6-PFE","datePublished":"2024-10-12T12:43:24+00:00","mainEntityOfPage":{"@id":"https:\/\/www.eddh-airport.de\/eddhairport\/presidential-flight-a6-pfe-3\/"},"wordCount":154,"commentCount":0,"publisher":{"@id":"https:\/\/www.eddh-airport.de\/eddhairport\/#organization"},"image":{"@id":"https:\/\/www.eddh-airport.de\/eddhairport\/presidential-flight-a6-pfe-3\/#primaryimage"},"thumbnailUrl":"https:\/\/www.netairspace.cc\/pic\/646330\/hottestbrick_main.jpg","keywords":["787","787-9","787-9 Dreamliner","B787","B787-9","B787-9 Dreamliner","Boeing","Boeing 787","Boeing 787-9","Boeing 787-9 Dreamliner","Dreamliner","EDDH","Etihad","Etihad Airways","HAM","Hamburg Airport","Presidential Flight"],"articleSection":["Movements EDDH"],"inLanguage":"de","potentialAction":[{"@type":"CommentAction","name":"Comment","target":["https:\/\/www.eddh-airport.de\/eddhairport\/presidential-flight-a6-pfe-3\/#respond"]}]},{"@type":"WebPage","@id":"https:\/\/www.eddh-airport.de\/eddhairport\/presidential-flight-a6-pfe-3\/","url":"https:\/\/www.eddh-airport.de\/eddhairport\/presidential-flight-a6-pfe-3\/","name":"Presidential Flight, A6-PFE - eddh-airport","isPartOf":{"@id":"https:\/\/www.eddh-airport.de\/eddhairport\/#website"},"primaryImageOfPage":{"@id":"https:\/\/www.eddh-airport.de\/eddhairport\/presidential-flight-a6-pfe-3\/#primaryimage"},"image":{"@id":"https:\/\/www.eddh-airport.de\/eddhairport\/presidential-flight-a6-pfe-3\/#primaryimage"},"thumbnailUrl":"https:\/\/www.netairspace.cc\/pic\/646330\/hottestbrick_main.jpg","datePublished":"2024-10-12T12:43:24+00:00","description":"Am heutigen Vormittag verlie\u00df A6-PFE der Presidential Flight final die Werkshallen der Lufthansa Technik und somit auch den Hamburg Airport.","breadcrumb":{"@id":"https:\/\/www.eddh-airport.de\/eddhairport\/presidential-flight-a6-pfe-3\/#breadcrumb"},"inLanguage":"de","potentialAction":[{"@type":"ReadAction","target":["https:\/\/www.eddh-airport.de\/eddhairport\/presidential-flight-a6-pfe-3\/"]}]},{"@type":"ImageObject","inLanguage":"de","@id":"https:\/\/www.eddh-airport.de\/eddhairport\/presidential-flight-a6-pfe-3\/#primaryimage","url":"https:\/\/www.netairspace.cc\/pic\/646330\/hottestbrick_main.jpg","contentUrl":"https:\/\/www.netairspace.cc\/pic\/646330\/hottestbrick_main.jpg"},{"@type":"BreadcrumbList","@id":"https:\/\/www.eddh-airport.de\/eddhairport\/presidential-flight-a6-pfe-3\/#breadcrumb","itemListElement":[{"@type":"ListItem","position":1,"name":"Startseite","item":"https:\/\/www.eddh-airport.de\/eddhairport\/"},{"@type":"ListItem","position":2,"name":"Presidential Flight, A6-PFE"}]},{"@type":"WebSite","@id":"https:\/\/www.eddh-airport.de\/eddhairport\/#website","url":"https:\/\/www.eddh-airport.de\/eddhairport\/","name":"eddh-airport","description":"Luftfahrtnews und Planespotting aus Hamburg","publisher":{"@id":"https:\/\/www.eddh-airport.de\/eddhairport\/#organization"},"potentialAction":[{"@type":"SearchAction","target":{"@type":"EntryPoint","urlTemplate":"https:\/\/www.eddh-airport.de\/eddhairport\/?s={search_term_string}"},"query-input":{"@type":"PropertyValueSpecification","valueRequired":true,"valueName":"search_term_string"}}],"inLanguage":"de"},{"@type":"Organization","@id":"https:\/\/www.eddh-airport.de\/eddhairport\/#organization","name":"eddh-airport","url":"https:\/\/www.eddh-airport.de\/eddhairport\/","logo":{"@type":"ImageObject","inLanguage":"de","@id":"https:\/\/www.eddh-airport.de\/eddhairport\/#\/schema\/logo\/image\/","url":"https:\/\/www.eddh-airport.de\/eddhairport\/wp-content\/uploads\/2018\/10\/cropped-Neues-Logo-blau-eine-Ebene-2.jpg","contentUrl":"https:\/\/www.eddh-airport.de\/eddhairport\/wp-content\/uploads\/2018\/10\/cropped-Neues-Logo-blau-eine-Ebene-2.jpg","width":512,"height":512,"caption":"eddh-airport"},"image":{"@id":"https:\/\/www.eddh-airport.de\/eddhairport\/#\/schema\/logo\/image\/"},"sameAs":["https:\/\/www.facebook.com\/eddhairport\/","https:\/\/x.com\/EDDH_airport_de","https:\/\/www.instagram.com\/eddhairport\/?hl=de"]},{"@type":"Person","@id":"https:\/\/www.eddh-airport.de\/eddhairport\/#\/schema\/person\/69e52086d712e506636c8f4c5f088abe","name":"Niclas Rebbelmund","image":{"@type":"ImageObject","inLanguage":"de","@id":"https:\/\/secure.gravatar.com\/avatar\/d84f2b77774e9493691ea91c216d4e4e5412d631f5fe9806ac1d1d54bd3c30cb?s=96&d=mm&r=g","url":"https:\/\/secure.gravatar.com\/avatar\/d84f2b77774e9493691ea91c216d4e4e5412d631f5fe9806ac1d1d54bd3c30cb?s=96&d=mm&r=g","contentUrl":"https:\/\/secure.gravatar.com\/avatar\/d84f2b77774e9493691ea91c216d4e4e5412d631f5fe9806ac1d1d54bd3c30cb?s=96&d=mm&r=g","caption":"Niclas Rebbelmund"},"description":"34 Jahre, Team Nikon, Aviation &amp; Fotografie Enthusiast","sameAs":["https:\/\/www.instagram.com\/niclashco\/"],"url":"https:\/\/www.eddh-airport.de\/eddhairport\/author\/niclas-rebbelmund\/"}]}},"_links":{"self":[{"href":"https:\/\/www.eddh-airport.de\/eddhairport\/wp-json\/wp\/v2\/posts\/9361","targetHints":{"allow":["GET"]}}],"collection":[{"href":"https:\/\/www.eddh-airport.de\/eddhairport\/wp-json\/wp\/v2\/posts"}],"about":[{"href":"https:\/\/www.eddh-airport.de\/eddhairport\/wp-json\/wp\/v2\/types\/post"}],"author":[{"embeddable":true,"href":"https:\/\/www.eddh-airport.de\/eddhairport\/wp-json\/wp\/v2\/users\/3"}],"replies":[{"embeddable":true,"href":"https:\/\/www.eddh-airport.de\/eddhairport\/wp-json\/wp\/v2\/comments?post=9361"}],"version-history":[{"count":1,"href":"https:\/\/www.eddh-airport.de\/eddhairport\/wp-json\/wp\/v2\/posts\/9361\/revisions"}],"predecessor-version":[{"id":9362,"href":"https:\/\/www.eddh-airport.de\/eddhairport\/wp-json\/wp\/v2\/posts\/9361\/revisions\/9362"}],"wp:attachment":[{"href":"https:\/\/www.eddh-airport.de\/eddhairport\/wp-json\/wp\/v2\/media?parent=9361"}],"wp:term":[{"taxonomy":"category","embeddable":true,"href":"https:\/\/www.eddh-airport.de\/eddhairport\/wp-json\/wp\/v2\/categories?post=9361"},{"taxonomy":"post_tag","embeddable":true,"href":"https:\/\/www.eddh-airport.de\/eddhairport\/wp-json\/wp\/v2\/tags?post=9361"}],"curies":[{"name":"wp","href":"https:\/\/api.w.org\/{rel}","templated":true}]}}