{"id":9331,"date":"2024-10-02T17:22:47","date_gmt":"2024-10-02T15:22:47","guid":{"rendered":"https:\/\/www.eddh-airport.de\/eddhairport\/?p=9331"},"modified":"2024-10-02T17:22:47","modified_gmt":"2024-10-02T15:22:47","slug":"jet2-d-azas-g-suno","status":"publish","type":"post","link":"https:\/\/www.eddh-airport.de\/eddhairport\/jet2-d-azas-g-suno\/","title":{"rendered":"Jet2, D-AZAS (G-SUNO)"},"content":{"rendered":"<h6>Jet2, D-AZAS (G-SUNO)<\/h6>\n<p>Der britische Ferienflieger Jet2 treibt den Verj\u00fcngungsprozess seiner Flotte weiter voran. Zwar sind noch \u00e4ltere Flugzeuge wie beispielsweise die Boeing 737-300 oder 757-200 in der Flotte vertreten, so gehen der Flotte aktuell jedoch stetig neue Flugzeuge des Musters Airbus A321neo zu. Bislang erhielten diese Maschinen erst nach der Auslieferung ihre finale Lackierung in Gro\u00dfbritannien und verlie\u00dfen das Airbuswerk in Finkenwerder (XFW) mit einer Grundlackierung. Dabei ist Jet2 f\u00fcr zwei Lackierungen bekannt: zum einen die klassische Lackierung in den Farben Rot und Silber, zum anderen die Jet2 Holidays Lackierung in Blau und Wei\u00df. Alle bislang an Jet2 ausgelieferten Airbus Mittelstreckenflugzeuge tragen letztgenannte Lackierung.<\/p>\n<p><a href=\"https:\/\/www.netairspace.cc\/pic\/643751\/\"><img decoding=\"async\" src=\"https:\/\/www.netairspace.cc\/pic\/643751\/hottestbrick_main.jpg\" alt=\"Aviation photo\" \/><\/a><br \/>\n<a href=\"https:\/\/www.netairspace.cc\/pic\/643751\/\"><span style=\"font-size: xx-small;\">D-AZAS at Hamburg &#8211; Fuhlsbuettel (Helmut Schmidt)<br \/>\nby Niclas Rebbelmund on netAirspace<\/span><\/a><\/p>\n<p>Am heutigen Vormittag brach in Finkenwerder dann der erste Airbus A321-251NX im rot-silbernen Farbkleid zu seinem Erstflug auf. Die Maschine mit der Kennung D-AZAS (sp\u00e4ter G-SUNO) absolvierte ihren mehr als drei Stunden dauernden Erstflug zun\u00e4chst \u00fcber Niedersachsen, dem \u00f6stlichen Schleswig-Holstein und dem westlichen Mecklenburg-Vorpommern, ehe es f\u00fcr den werksneuen Zweistrahler raus auf die Nordsee ging. \u00dcber dem Wattenmeer und der K\u00fcste von Ost- und Nordfriesland vollzog er sein Niedrig-Flugprogramm, das der Jet s\u00fcd-westlich von Bremen beendete und f\u00fcr ein &#8220;Touch-and-Go&#8221;-Man\u00f6ver die Runway 05 in Fuhlsb\u00fcttel am Mittag ansteuerte. Nach dem Durchstarten auf der Piste kehrte die zuk\u00fcnftige G-SUNO dann nach Finkenwerder zur\u00fcck. Ganze 98 Exemplare hat Jet2 von Airbus neuster Variante des A321 fest bestellt, die jedoch bei Bedarf auf insgesamt 146 St\u00fcck erweitert werden k\u00f6nnen.<\/p>\n","protected":false},"excerpt":{"rendered":"<p>Jet2, D-AZAS (G-SUNO) Der britische Ferienflieger Jet2 treibt den Verj\u00fcngungsprozess seiner Flotte weiter voran. Zwar sind noch \u00e4ltere Flugzeuge wie beispielsweise die Boeing 737-300 oder 757-200 in der Flotte vertreten, so gehen der Flotte aktuell jedoch stetig neue Flugzeuge des Musters Airbus A321neo zu. Bislang erhielten diese Maschinen erst nach der Auslieferung ihre finale Lackierung [&hellip;]<\/p>\n","protected":false},"author":3,"featured_media":0,"comment_status":"open","ping_status":"open","sticky":false,"template":"","format":"standard","meta":{"_monsterinsights_skip_tracking":false,"_monsterinsights_sitenote_active":false,"_monsterinsights_sitenote_note":"","_monsterinsights_sitenote_category":0,"site-sidebar-layout":"default","site-content-layout":"","ast-site-content-layout":"default","site-content-style":"default","site-sidebar-style":"default","ast-global-header-display":"","ast-banner-title-visibility":"","ast-main-header-display":"","ast-hfb-above-header-display":"","ast-hfb-below-header-display":"","ast-hfb-mobile-header-display":"","site-post-title":"","ast-breadcrumbs-content":"","ast-featured-img":"","footer-sml-layout":"","ast-disable-related-posts":"","theme-transparent-header-meta":"default","adv-header-id-meta":"","stick-header-meta":"","header-above-stick-meta":"","header-main-stick-meta":"","header-below-stick-meta":"","astra-migrate-meta-layouts":"set","ast-page-background-enabled":"default","ast-page-background-meta":{"desktop":{"background-color":"","background-image":"","background-repeat":"repeat","background-position":"center center","background-size":"auto","background-attachment":"scroll","background-type":"","background-media":"","overlay-type":"","overlay-color":"","overlay-opacity":"","overlay-gradient":""},"tablet":{"background-color":"","background-image":"","background-repeat":"repeat","background-position":"center center","background-size":"auto","background-attachment":"scroll","background-type":"","background-media":"","overlay-type":"","overlay-color":"","overlay-opacity":"","overlay-gradient":""},"mobile":{"background-color":"","background-image":"","background-repeat":"repeat","background-position":"center center","background-size":"auto","background-attachment":"scroll","background-type":"","background-media":"","overlay-type":"","overlay-color":"","overlay-opacity":"","overlay-gradient":""}},"ast-content-background-meta":{"desktop":{"background-color":"var(--ast-global-color-5)","background-image":"","background-repeat":"repeat","background-position":"center center","background-size":"auto","background-attachment":"scroll","background-type":"","background-media":"","overlay-type":"","overlay-color":"","overlay-opacity":"","overlay-gradient":""},"tablet":{"background-color":"var(--ast-global-color-5)","background-image":"","background-repeat":"repeat","background-position":"center center","background-size":"auto","background-attachment":"scroll","background-type":"","background-media":"","overlay-type":"","overlay-color":"","overlay-opacity":"","overlay-gradient":""},"mobile":{"background-color":"var(--ast-global-color-5)","background-image":"","background-repeat":"repeat","background-position":"center center","background-size":"auto","background-attachment":"scroll","background-type":"","background-media":"","overlay-type":"","overlay-color":"","overlay-opacity":"","overlay-gradient":""}},"footnotes":""},"categories":[8],"tags":[13,14,548,12,471,517,547,10,464,234,11,90,1641,25],"class_list":["post-9331","post","type-post","status-publish","format-standard","hentry","category-movements-eddh","tag-a321","tag-a321neo","tag-a321nx","tag-airbus","tag-airbus-a321","tag-airbus-a321neo","tag-airbus-a321nx","tag-eddh","tag-erstflug","tag-finkenwerder","tag-ham","tag-hamburg-airport","tag-jet2","tag-xfw"],"yoast_head":"<!-- This site is optimized with the Yoast SEO plugin v27.4 - https:\/\/yoast.com\/product\/yoast-seo-wordpress\/ -->\n<title>Jet2, D-AZAS (G-SUNO) - eddh-airport<\/title>\n<meta name=\"description\" content=\"Zum ersten Mal hob am heutigen Tag mit der zuk\u00fcnftigen G-SUNO ein Airbus A321neo der Jet2 in den Farben Rot und Silber zum Erstflug ab.\" \/>\n<meta name=\"robots\" content=\"index, follow, max-snippet:-1, max-image-preview:large, max-video-preview:-1\" \/>\n<link rel=\"canonical\" href=\"https:\/\/www.eddh-airport.de\/eddhairport\/jet2-d-azas-g-suno\/\" \/>\n<meta property=\"og:locale\" content=\"de_DE\" \/>\n<meta property=\"og:type\" content=\"article\" \/>\n<meta property=\"og:title\" content=\"Jet2, D-AZAS (G-SUNO) - eddh-airport\" \/>\n<meta property=\"og:description\" content=\"Zum ersten Mal hob am heutigen Tag mit der zuk\u00fcnftigen G-SUNO ein Airbus A321neo der Jet2 in den Farben Rot und Silber zum Erstflug ab.\" \/>\n<meta property=\"og:url\" content=\"https:\/\/www.eddh-airport.de\/eddhairport\/jet2-d-azas-g-suno\/\" \/>\n<meta property=\"og:site_name\" content=\"eddh-airport\" \/>\n<meta property=\"article:publisher\" content=\"https:\/\/www.facebook.com\/eddhairport\/\" \/>\n<meta property=\"article:published_time\" content=\"2024-10-02T15:22:47+00:00\" \/>\n<meta property=\"og:image\" content=\"https:\/\/www.netairspace.cc\/pic\/643751\/hottestbrick_main.jpg\" \/>\n<meta name=\"author\" content=\"Niclas Rebbelmund\" \/>\n<meta name=\"twitter:card\" content=\"summary_large_image\" \/>\n<meta name=\"twitter:creator\" content=\"@EDDH_airport_de\" \/>\n<meta name=\"twitter:site\" content=\"@EDDH_airport_de\" \/>\n<meta name=\"twitter:label1\" content=\"Verfasst von\" \/>\n\t<meta name=\"twitter:data1\" content=\"Niclas Rebbelmund\" \/>\n\t<meta name=\"twitter:label2\" content=\"Gesch\u00e4tzte Lesezeit\" \/>\n\t<meta name=\"twitter:data2\" content=\"2\u00a0Minuten\" \/>\n<script type=\"application\/ld+json\" class=\"yoast-schema-graph\">{\"@context\":\"https:\\\/\\\/schema.org\",\"@graph\":[{\"@type\":\"Article\",\"@id\":\"https:\\\/\\\/www.eddh-airport.de\\\/eddhairport\\\/jet2-d-azas-g-suno\\\/#article\",\"isPartOf\":{\"@id\":\"https:\\\/\\\/www.eddh-airport.de\\\/eddhairport\\\/jet2-d-azas-g-suno\\\/\"},\"author\":{\"name\":\"Niclas Rebbelmund\",\"@id\":\"https:\\\/\\\/www.eddh-airport.de\\\/eddhairport\\\/#\\\/schema\\\/person\\\/69e52086d712e506636c8f4c5f088abe\"},\"headline\":\"Jet2, D-AZAS (G-SUNO)\",\"datePublished\":\"2024-10-02T15:22:47+00:00\",\"mainEntityOfPage\":{\"@id\":\"https:\\\/\\\/www.eddh-airport.de\\\/eddhairport\\\/jet2-d-azas-g-suno\\\/\"},\"wordCount\":263,\"commentCount\":0,\"publisher\":{\"@id\":\"https:\\\/\\\/www.eddh-airport.de\\\/eddhairport\\\/#organization\"},\"image\":{\"@id\":\"https:\\\/\\\/www.eddh-airport.de\\\/eddhairport\\\/jet2-d-azas-g-suno\\\/#primaryimage\"},\"thumbnailUrl\":\"https:\\\/\\\/www.netairspace.cc\\\/pic\\\/643751\\\/hottestbrick_main.jpg\",\"keywords\":[\"A321\",\"A321Neo\",\"A321NX\",\"Airbus\",\"Airbus A321\",\"Airbus A321neo\",\"Airbus A321NX\",\"EDDH\",\"Erstflug\",\"Finkenwerder\",\"HAM\",\"Hamburg Airport\",\"Jet2\",\"XFW\"],\"articleSection\":[\"Movements EDDH\"],\"inLanguage\":\"de\",\"potentialAction\":[{\"@type\":\"CommentAction\",\"name\":\"Comment\",\"target\":[\"https:\\\/\\\/www.eddh-airport.de\\\/eddhairport\\\/jet2-d-azas-g-suno\\\/#respond\"]}]},{\"@type\":\"WebPage\",\"@id\":\"https:\\\/\\\/www.eddh-airport.de\\\/eddhairport\\\/jet2-d-azas-g-suno\\\/\",\"url\":\"https:\\\/\\\/www.eddh-airport.de\\\/eddhairport\\\/jet2-d-azas-g-suno\\\/\",\"name\":\"Jet2, D-AZAS (G-SUNO) - eddh-airport\",\"isPartOf\":{\"@id\":\"https:\\\/\\\/www.eddh-airport.de\\\/eddhairport\\\/#website\"},\"primaryImageOfPage\":{\"@id\":\"https:\\\/\\\/www.eddh-airport.de\\\/eddhairport\\\/jet2-d-azas-g-suno\\\/#primaryimage\"},\"image\":{\"@id\":\"https:\\\/\\\/www.eddh-airport.de\\\/eddhairport\\\/jet2-d-azas-g-suno\\\/#primaryimage\"},\"thumbnailUrl\":\"https:\\\/\\\/www.netairspace.cc\\\/pic\\\/643751\\\/hottestbrick_main.jpg\",\"datePublished\":\"2024-10-02T15:22:47+00:00\",\"description\":\"Zum ersten Mal hob am heutigen Tag mit der zuk\u00fcnftigen G-SUNO ein Airbus A321neo der Jet2 in den Farben Rot und Silber zum Erstflug ab.\",\"breadcrumb\":{\"@id\":\"https:\\\/\\\/www.eddh-airport.de\\\/eddhairport\\\/jet2-d-azas-g-suno\\\/#breadcrumb\"},\"inLanguage\":\"de\",\"potentialAction\":[{\"@type\":\"ReadAction\",\"target\":[\"https:\\\/\\\/www.eddh-airport.de\\\/eddhairport\\\/jet2-d-azas-g-suno\\\/\"]}]},{\"@type\":\"ImageObject\",\"inLanguage\":\"de\",\"@id\":\"https:\\\/\\\/www.eddh-airport.de\\\/eddhairport\\\/jet2-d-azas-g-suno\\\/#primaryimage\",\"url\":\"https:\\\/\\\/www.netairspace.cc\\\/pic\\\/643751\\\/hottestbrick_main.jpg\",\"contentUrl\":\"https:\\\/\\\/www.netairspace.cc\\\/pic\\\/643751\\\/hottestbrick_main.jpg\"},{\"@type\":\"BreadcrumbList\",\"@id\":\"https:\\\/\\\/www.eddh-airport.de\\\/eddhairport\\\/jet2-d-azas-g-suno\\\/#breadcrumb\",\"itemListElement\":[{\"@type\":\"ListItem\",\"position\":1,\"name\":\"Startseite\",\"item\":\"https:\\\/\\\/www.eddh-airport.de\\\/eddhairport\\\/\"},{\"@type\":\"ListItem\",\"position\":2,\"name\":\"Jet2, D-AZAS (G-SUNO)\"}]},{\"@type\":\"WebSite\",\"@id\":\"https:\\\/\\\/www.eddh-airport.de\\\/eddhairport\\\/#website\",\"url\":\"https:\\\/\\\/www.eddh-airport.de\\\/eddhairport\\\/\",\"name\":\"eddh-airport\",\"description\":\"Luftfahrtnews und Planespotting aus Hamburg\",\"publisher\":{\"@id\":\"https:\\\/\\\/www.eddh-airport.de\\\/eddhairport\\\/#organization\"},\"potentialAction\":[{\"@type\":\"SearchAction\",\"target\":{\"@type\":\"EntryPoint\",\"urlTemplate\":\"https:\\\/\\\/www.eddh-airport.de\\\/eddhairport\\\/?s={search_term_string}\"},\"query-input\":{\"@type\":\"PropertyValueSpecification\",\"valueRequired\":true,\"valueName\":\"search_term_string\"}}],\"inLanguage\":\"de\"},{\"@type\":\"Organization\",\"@id\":\"https:\\\/\\\/www.eddh-airport.de\\\/eddhairport\\\/#organization\",\"name\":\"eddh-airport\",\"url\":\"https:\\\/\\\/www.eddh-airport.de\\\/eddhairport\\\/\",\"logo\":{\"@type\":\"ImageObject\",\"inLanguage\":\"de\",\"@id\":\"https:\\\/\\\/www.eddh-airport.de\\\/eddhairport\\\/#\\\/schema\\\/logo\\\/image\\\/\",\"url\":\"https:\\\/\\\/www.eddh-airport.de\\\/eddhairport\\\/wp-content\\\/uploads\\\/2018\\\/10\\\/cropped-Neues-Logo-blau-eine-Ebene-2.jpg\",\"contentUrl\":\"https:\\\/\\\/www.eddh-airport.de\\\/eddhairport\\\/wp-content\\\/uploads\\\/2018\\\/10\\\/cropped-Neues-Logo-blau-eine-Ebene-2.jpg\",\"width\":512,\"height\":512,\"caption\":\"eddh-airport\"},\"image\":{\"@id\":\"https:\\\/\\\/www.eddh-airport.de\\\/eddhairport\\\/#\\\/schema\\\/logo\\\/image\\\/\"},\"sameAs\":[\"https:\\\/\\\/www.facebook.com\\\/eddhairport\\\/\",\"https:\\\/\\\/x.com\\\/EDDH_airport_de\",\"https:\\\/\\\/www.instagram.com\\\/eddhairport\\\/?hl=de\"]},{\"@type\":\"Person\",\"@id\":\"https:\\\/\\\/www.eddh-airport.de\\\/eddhairport\\\/#\\\/schema\\\/person\\\/69e52086d712e506636c8f4c5f088abe\",\"name\":\"Niclas Rebbelmund\",\"image\":{\"@type\":\"ImageObject\",\"inLanguage\":\"de\",\"@id\":\"https:\\\/\\\/secure.gravatar.com\\\/avatar\\\/d84f2b77774e9493691ea91c216d4e4e5412d631f5fe9806ac1d1d54bd3c30cb?s=96&d=mm&r=g\",\"url\":\"https:\\\/\\\/secure.gravatar.com\\\/avatar\\\/d84f2b77774e9493691ea91c216d4e4e5412d631f5fe9806ac1d1d54bd3c30cb?s=96&d=mm&r=g\",\"contentUrl\":\"https:\\\/\\\/secure.gravatar.com\\\/avatar\\\/d84f2b77774e9493691ea91c216d4e4e5412d631f5fe9806ac1d1d54bd3c30cb?s=96&d=mm&r=g\",\"caption\":\"Niclas Rebbelmund\"},\"description\":\"34 Jahre, Team Nikon, Aviation &amp; Fotografie Enthusiast\",\"sameAs\":[\"https:\\\/\\\/www.instagram.com\\\/niclashco\\\/\"],\"url\":\"https:\\\/\\\/www.eddh-airport.de\\\/eddhairport\\\/author\\\/niclas-rebbelmund\\\/\"}]}<\/script>\n<!-- \/ Yoast SEO plugin. -->","yoast_head_json":{"title":"Jet2, D-AZAS (G-SUNO) - eddh-airport","description":"Zum ersten Mal hob am heutigen Tag mit der zuk\u00fcnftigen G-SUNO ein Airbus A321neo der Jet2 in den Farben Rot und Silber zum Erstflug ab.","robots":{"index":"index","follow":"follow","max-snippet":"max-snippet:-1","max-image-preview":"max-image-preview:large","max-video-preview":"max-video-preview:-1"},"canonical":"https:\/\/www.eddh-airport.de\/eddhairport\/jet2-d-azas-g-suno\/","og_locale":"de_DE","og_type":"article","og_title":"Jet2, D-AZAS (G-SUNO) - eddh-airport","og_description":"Zum ersten Mal hob am heutigen Tag mit der zuk\u00fcnftigen G-SUNO ein Airbus A321neo der Jet2 in den Farben Rot und Silber zum Erstflug ab.","og_url":"https:\/\/www.eddh-airport.de\/eddhairport\/jet2-d-azas-g-suno\/","og_site_name":"eddh-airport","article_publisher":"https:\/\/www.facebook.com\/eddhairport\/","article_published_time":"2024-10-02T15:22:47+00:00","og_image":[{"url":"https:\/\/www.netairspace.cc\/pic\/643751\/hottestbrick_main.jpg","type":"","width":"","height":""}],"author":"Niclas Rebbelmund","twitter_card":"summary_large_image","twitter_creator":"@EDDH_airport_de","twitter_site":"@EDDH_airport_de","twitter_misc":{"Verfasst von":"Niclas Rebbelmund","Gesch\u00e4tzte Lesezeit":"2\u00a0Minuten"},"schema":{"@context":"https:\/\/schema.org","@graph":[{"@type":"Article","@id":"https:\/\/www.eddh-airport.de\/eddhairport\/jet2-d-azas-g-suno\/#article","isPartOf":{"@id":"https:\/\/www.eddh-airport.de\/eddhairport\/jet2-d-azas-g-suno\/"},"author":{"name":"Niclas Rebbelmund","@id":"https:\/\/www.eddh-airport.de\/eddhairport\/#\/schema\/person\/69e52086d712e506636c8f4c5f088abe"},"headline":"Jet2, D-AZAS (G-SUNO)","datePublished":"2024-10-02T15:22:47+00:00","mainEntityOfPage":{"@id":"https:\/\/www.eddh-airport.de\/eddhairport\/jet2-d-azas-g-suno\/"},"wordCount":263,"commentCount":0,"publisher":{"@id":"https:\/\/www.eddh-airport.de\/eddhairport\/#organization"},"image":{"@id":"https:\/\/www.eddh-airport.de\/eddhairport\/jet2-d-azas-g-suno\/#primaryimage"},"thumbnailUrl":"https:\/\/www.netairspace.cc\/pic\/643751\/hottestbrick_main.jpg","keywords":["A321","A321Neo","A321NX","Airbus","Airbus A321","Airbus A321neo","Airbus A321NX","EDDH","Erstflug","Finkenwerder","HAM","Hamburg Airport","Jet2","XFW"],"articleSection":["Movements EDDH"],"inLanguage":"de","potentialAction":[{"@type":"CommentAction","name":"Comment","target":["https:\/\/www.eddh-airport.de\/eddhairport\/jet2-d-azas-g-suno\/#respond"]}]},{"@type":"WebPage","@id":"https:\/\/www.eddh-airport.de\/eddhairport\/jet2-d-azas-g-suno\/","url":"https:\/\/www.eddh-airport.de\/eddhairport\/jet2-d-azas-g-suno\/","name":"Jet2, D-AZAS (G-SUNO) - eddh-airport","isPartOf":{"@id":"https:\/\/www.eddh-airport.de\/eddhairport\/#website"},"primaryImageOfPage":{"@id":"https:\/\/www.eddh-airport.de\/eddhairport\/jet2-d-azas-g-suno\/#primaryimage"},"image":{"@id":"https:\/\/www.eddh-airport.de\/eddhairport\/jet2-d-azas-g-suno\/#primaryimage"},"thumbnailUrl":"https:\/\/www.netairspace.cc\/pic\/643751\/hottestbrick_main.jpg","datePublished":"2024-10-02T15:22:47+00:00","description":"Zum ersten Mal hob am heutigen Tag mit der zuk\u00fcnftigen G-SUNO ein Airbus A321neo der Jet2 in den Farben Rot und Silber zum Erstflug ab.","breadcrumb":{"@id":"https:\/\/www.eddh-airport.de\/eddhairport\/jet2-d-azas-g-suno\/#breadcrumb"},"inLanguage":"de","potentialAction":[{"@type":"ReadAction","target":["https:\/\/www.eddh-airport.de\/eddhairport\/jet2-d-azas-g-suno\/"]}]},{"@type":"ImageObject","inLanguage":"de","@id":"https:\/\/www.eddh-airport.de\/eddhairport\/jet2-d-azas-g-suno\/#primaryimage","url":"https:\/\/www.netairspace.cc\/pic\/643751\/hottestbrick_main.jpg","contentUrl":"https:\/\/www.netairspace.cc\/pic\/643751\/hottestbrick_main.jpg"},{"@type":"BreadcrumbList","@id":"https:\/\/www.eddh-airport.de\/eddhairport\/jet2-d-azas-g-suno\/#breadcrumb","itemListElement":[{"@type":"ListItem","position":1,"name":"Startseite","item":"https:\/\/www.eddh-airport.de\/eddhairport\/"},{"@type":"ListItem","position":2,"name":"Jet2, D-AZAS (G-SUNO)"}]},{"@type":"WebSite","@id":"https:\/\/www.eddh-airport.de\/eddhairport\/#website","url":"https:\/\/www.eddh-airport.de\/eddhairport\/","name":"eddh-airport","description":"Luftfahrtnews und Planespotting aus Hamburg","publisher":{"@id":"https:\/\/www.eddh-airport.de\/eddhairport\/#organization"},"potentialAction":[{"@type":"SearchAction","target":{"@type":"EntryPoint","urlTemplate":"https:\/\/www.eddh-airport.de\/eddhairport\/?s={search_term_string}"},"query-input":{"@type":"PropertyValueSpecification","valueRequired":true,"valueName":"search_term_string"}}],"inLanguage":"de"},{"@type":"Organization","@id":"https:\/\/www.eddh-airport.de\/eddhairport\/#organization","name":"eddh-airport","url":"https:\/\/www.eddh-airport.de\/eddhairport\/","logo":{"@type":"ImageObject","inLanguage":"de","@id":"https:\/\/www.eddh-airport.de\/eddhairport\/#\/schema\/logo\/image\/","url":"https:\/\/www.eddh-airport.de\/eddhairport\/wp-content\/uploads\/2018\/10\/cropped-Neues-Logo-blau-eine-Ebene-2.jpg","contentUrl":"https:\/\/www.eddh-airport.de\/eddhairport\/wp-content\/uploads\/2018\/10\/cropped-Neues-Logo-blau-eine-Ebene-2.jpg","width":512,"height":512,"caption":"eddh-airport"},"image":{"@id":"https:\/\/www.eddh-airport.de\/eddhairport\/#\/schema\/logo\/image\/"},"sameAs":["https:\/\/www.facebook.com\/eddhairport\/","https:\/\/x.com\/EDDH_airport_de","https:\/\/www.instagram.com\/eddhairport\/?hl=de"]},{"@type":"Person","@id":"https:\/\/www.eddh-airport.de\/eddhairport\/#\/schema\/person\/69e52086d712e506636c8f4c5f088abe","name":"Niclas Rebbelmund","image":{"@type":"ImageObject","inLanguage":"de","@id":"https:\/\/secure.gravatar.com\/avatar\/d84f2b77774e9493691ea91c216d4e4e5412d631f5fe9806ac1d1d54bd3c30cb?s=96&d=mm&r=g","url":"https:\/\/secure.gravatar.com\/avatar\/d84f2b77774e9493691ea91c216d4e4e5412d631f5fe9806ac1d1d54bd3c30cb?s=96&d=mm&r=g","contentUrl":"https:\/\/secure.gravatar.com\/avatar\/d84f2b77774e9493691ea91c216d4e4e5412d631f5fe9806ac1d1d54bd3c30cb?s=96&d=mm&r=g","caption":"Niclas Rebbelmund"},"description":"34 Jahre, Team Nikon, Aviation &amp; Fotografie Enthusiast","sameAs":["https:\/\/www.instagram.com\/niclashco\/"],"url":"https:\/\/www.eddh-airport.de\/eddhairport\/author\/niclas-rebbelmund\/"}]}},"_links":{"self":[{"href":"https:\/\/www.eddh-airport.de\/eddhairport\/wp-json\/wp\/v2\/posts\/9331","targetHints":{"allow":["GET"]}}],"collection":[{"href":"https:\/\/www.eddh-airport.de\/eddhairport\/wp-json\/wp\/v2\/posts"}],"about":[{"href":"https:\/\/www.eddh-airport.de\/eddhairport\/wp-json\/wp\/v2\/types\/post"}],"author":[{"embeddable":true,"href":"https:\/\/www.eddh-airport.de\/eddhairport\/wp-json\/wp\/v2\/users\/3"}],"replies":[{"embeddable":true,"href":"https:\/\/www.eddh-airport.de\/eddhairport\/wp-json\/wp\/v2\/comments?post=9331"}],"version-history":[{"count":1,"href":"https:\/\/www.eddh-airport.de\/eddhairport\/wp-json\/wp\/v2\/posts\/9331\/revisions"}],"predecessor-version":[{"id":9332,"href":"https:\/\/www.eddh-airport.de\/eddhairport\/wp-json\/wp\/v2\/posts\/9331\/revisions\/9332"}],"wp:attachment":[{"href":"https:\/\/www.eddh-airport.de\/eddhairport\/wp-json\/wp\/v2\/media?parent=9331"}],"wp:term":[{"taxonomy":"category","embeddable":true,"href":"https:\/\/www.eddh-airport.de\/eddhairport\/wp-json\/wp\/v2\/categories?post=9331"},{"taxonomy":"post_tag","embeddable":true,"href":"https:\/\/www.eddh-airport.de\/eddhairport\/wp-json\/wp\/v2\/tags?post=9331"}],"curies":[{"name":"wp","href":"https:\/\/api.w.org\/{rel}","templated":true}]}}