{"id":9217,"date":"2024-08-26T13:45:56","date_gmt":"2024-08-26T11:45:56","guid":{"rendered":"https:\/\/www.eddh-airport.de\/eddhairport\/?p=9217"},"modified":"2024-08-26T13:45:56","modified_gmt":"2024-08-26T11:45:56","slug":"centrum-air-d-avyj-uk32131","status":"publish","type":"post","link":"https:\/\/www.eddh-airport.de\/eddhairport\/centrum-air-d-avyj-uk32131\/","title":{"rendered":"Centrum Air, D-AVYJ (UK32131)"},"content":{"rendered":"<h6>Centrum Air, D-AVYJ (UK32131)<\/h6>\n<p>Erst im Januar 2023 gr\u00fcndete sich in Usbekistan die private Fluggesellschaft Centrum Air mit dem staatlichen vorgegebenen Ziel die Luftfahrt in dem asiatischen Land qualitativ und quantitativ voranzubringen. Dazu startete die Airline mit vier \u00e4lteren Airbus A320 und zwei gemieteten Boeing 737-800 der litauischen GetJet Airlines. Lediglich einer der A320 verbleibt bis zum heutigen Tag noch in der Flotte, denn die anderen Maschinen sind bereits wieder ausgeflottet und Centrum Air setzt nun auf moderneres Flugger\u00e4t. Dazu wurde j\u00fcngst aus der Insolvenzmasse der schwedischen Novair ein Airbus A321neo eingeflottet.<\/p>\n<p><a href=\"https:\/\/www.netairspace.cc\/pic\/637892\/\"><img decoding=\"async\" src=\"https:\/\/www.netairspace.cc\/pic\/637892\/hottestbrick_main.jpg\" alt=\"Aviation photo\" \/><\/a><br \/>\n<a href=\"https:\/\/www.netairspace.cc\/pic\/637892\/\"><span style=\"font-size: xx-small;\">D-AVYJ at Hamburg &#8211; Fuhlsbuettel (Helmut Schmidt)<br \/>\nby Niclas Rebbelmund on netAirspace<\/span><\/a><\/p>\n<p>In Finkenwerder ist derweil erste werksneue A321-253NX mit der sp\u00e4teren Kennung UK32131 in seiner Erprobungsphase angekommen. Am heutigen Vormittag begab sich der Zweistrahler dann auf seinen mehr als zwei Stunden dauernden Erstflug. Dieser f\u00fchrte den Jet nat\u00fcrlich auch gen Ende zu einem Besuch an den Hamburg Airport. Anders jedoch als sonst \u00fcblich setzte der A321neo nicht zu einem Low Approach \u00fcber die Landebahn 15 an, sondern vollzog ein sogenanntes &#8220;Touch and Go&#8221; Man\u00f6ver.<br \/>\nNach dem Durchstarten hob die Maschine wieder von der Runway 15 ab und kehrte zum Airbuswerk im S\u00fcden Hamburgs zur\u00fcck. Zuvor absolvierte das Mittelstreckenflugzeug sein Erstflug-Programm \u00fcber Niedersachen, Brandenburg, Mecklenburg-Vorpommern, der Ostsee und Schleswig-Holstein. Noch in dieser Woche stehen weitere Tests an dem 216-Sitzer an. Nach seiner \u00dcbergabe an die usbekische Airline wird die Testkennung D-AVYJ dann gegen die finale Registrierung UK32131 getauscht.<\/p>\n","protected":false},"excerpt":{"rendered":"<p>Centrum Air, D-AVYJ (UK32131) Erst im Januar 2023 gr\u00fcndete sich in Usbekistan die private Fluggesellschaft Centrum Air mit dem staatlichen vorgegebenen Ziel die Luftfahrt in dem asiatischen Land qualitativ und quantitativ voranzubringen. Dazu startete die Airline mit vier \u00e4lteren Airbus A320 und zwei gemieteten Boeing 737-800 der litauischen GetJet Airlines. Lediglich einer der A320 verbleibt [&hellip;]<\/p>\n","protected":false},"author":3,"featured_media":0,"comment_status":"open","ping_status":"open","sticky":false,"template":"","format":"standard","meta":{"_monsterinsights_skip_tracking":false,"_monsterinsights_sitenote_active":false,"_monsterinsights_sitenote_note":"","_monsterinsights_sitenote_category":0,"site-sidebar-layout":"default","site-content-layout":"","ast-site-content-layout":"default","site-content-style":"default","site-sidebar-style":"default","ast-global-header-display":"","ast-banner-title-visibility":"","ast-main-header-display":"","ast-hfb-above-header-display":"","ast-hfb-below-header-display":"","ast-hfb-mobile-header-display":"","site-post-title":"","ast-breadcrumbs-content":"","ast-featured-img":"","footer-sml-layout":"","ast-disable-related-posts":"","theme-transparent-header-meta":"default","adv-header-id-meta":"","stick-header-meta":"","header-above-stick-meta":"","header-main-stick-meta":"","header-below-stick-meta":"","astra-migrate-meta-layouts":"set","ast-page-background-enabled":"default","ast-page-background-meta":{"desktop":{"background-color":"","background-image":"","background-repeat":"repeat","background-position":"center center","background-size":"auto","background-attachment":"scroll","background-type":"","background-media":"","overlay-type":"","overlay-color":"","overlay-opacity":"","overlay-gradient":""},"tablet":{"background-color":"","background-image":"","background-repeat":"repeat","background-position":"center center","background-size":"auto","background-attachment":"scroll","background-type":"","background-media":"","overlay-type":"","overlay-color":"","overlay-opacity":"","overlay-gradient":""},"mobile":{"background-color":"","background-image":"","background-repeat":"repeat","background-position":"center center","background-size":"auto","background-attachment":"scroll","background-type":"","background-media":"","overlay-type":"","overlay-color":"","overlay-opacity":"","overlay-gradient":""}},"ast-content-background-meta":{"desktop":{"background-color":"var(--ast-global-color-5)","background-image":"","background-repeat":"repeat","background-position":"center center","background-size":"auto","background-attachment":"scroll","background-type":"","background-media":"","overlay-type":"","overlay-color":"","overlay-opacity":"","overlay-gradient":""},"tablet":{"background-color":"var(--ast-global-color-5)","background-image":"","background-repeat":"repeat","background-position":"center center","background-size":"auto","background-attachment":"scroll","background-type":"","background-media":"","overlay-type":"","overlay-color":"","overlay-opacity":"","overlay-gradient":""},"mobile":{"background-color":"var(--ast-global-color-5)","background-image":"","background-repeat":"repeat","background-position":"center center","background-size":"auto","background-attachment":"scroll","background-type":"","background-media":"","overlay-type":"","overlay-color":"","overlay-opacity":"","overlay-gradient":""}},"footnotes":""},"categories":[8],"tags":[13,14,548,12,471,517,547,1677,10,23,464,234,11,90,25],"class_list":["post-9217","post","type-post","status-publish","format-standard","hentry","category-movements-eddh","tag-a321","tag-a321neo","tag-a321nx","tag-airbus","tag-airbus-a321","tag-airbus-a321neo","tag-airbus-a321nx","tag-centrum-air","tag-eddh","tag-edhi","tag-erstflug","tag-finkenwerder","tag-ham","tag-hamburg-airport","tag-xfw"],"yoast_head":"<!-- This site is optimized with the Yoast SEO plugin v27.4 - https:\/\/yoast.com\/product\/yoast-seo-wordpress\/ -->\n<title>Centrum Air, D-AVYJ (UK32131) - eddh-airport<\/title>\n<meta name=\"description\" content=\"Am heutigen Mittag besuchte auf seinem Erstflug die zuk\u00fcnftige UK32131 der usbekischen Centrum Air den Hamburg Airport.\" \/>\n<meta name=\"robots\" content=\"index, follow, max-snippet:-1, max-image-preview:large, max-video-preview:-1\" \/>\n<link rel=\"canonical\" href=\"https:\/\/www.eddh-airport.de\/eddhairport\/centrum-air-d-avyj-uk32131\/\" \/>\n<meta property=\"og:locale\" content=\"de_DE\" \/>\n<meta property=\"og:type\" content=\"article\" \/>\n<meta property=\"og:title\" content=\"Centrum Air, D-AVYJ (UK32131) - eddh-airport\" \/>\n<meta property=\"og:description\" content=\"Am heutigen Mittag besuchte auf seinem Erstflug die zuk\u00fcnftige UK32131 der usbekischen Centrum Air den Hamburg Airport.\" \/>\n<meta property=\"og:url\" content=\"https:\/\/www.eddh-airport.de\/eddhairport\/centrum-air-d-avyj-uk32131\/\" \/>\n<meta property=\"og:site_name\" content=\"eddh-airport\" \/>\n<meta property=\"article:publisher\" content=\"https:\/\/www.facebook.com\/eddhairport\/\" \/>\n<meta property=\"article:published_time\" content=\"2024-08-26T11:45:56+00:00\" \/>\n<meta property=\"og:image\" content=\"https:\/\/www.netairspace.cc\/pic\/637892\/hottestbrick_main.jpg\" \/>\n<meta name=\"author\" content=\"Niclas Rebbelmund\" \/>\n<meta name=\"twitter:card\" content=\"summary_large_image\" \/>\n<meta name=\"twitter:creator\" content=\"@EDDH_airport_de\" \/>\n<meta name=\"twitter:site\" content=\"@EDDH_airport_de\" \/>\n<meta name=\"twitter:label1\" content=\"Verfasst von\" \/>\n\t<meta name=\"twitter:data1\" content=\"Niclas Rebbelmund\" \/>\n\t<meta name=\"twitter:label2\" content=\"Gesch\u00e4tzte Lesezeit\" \/>\n\t<meta name=\"twitter:data2\" content=\"2\u00a0Minuten\" \/>\n<script type=\"application\/ld+json\" class=\"yoast-schema-graph\">{\"@context\":\"https:\\\/\\\/schema.org\",\"@graph\":[{\"@type\":\"Article\",\"@id\":\"https:\\\/\\\/www.eddh-airport.de\\\/eddhairport\\\/centrum-air-d-avyj-uk32131\\\/#article\",\"isPartOf\":{\"@id\":\"https:\\\/\\\/www.eddh-airport.de\\\/eddhairport\\\/centrum-air-d-avyj-uk32131\\\/\"},\"author\":{\"name\":\"Niclas Rebbelmund\",\"@id\":\"https:\\\/\\\/www.eddh-airport.de\\\/eddhairport\\\/#\\\/schema\\\/person\\\/69e52086d712e506636c8f4c5f088abe\"},\"headline\":\"Centrum Air, D-AVYJ (UK32131)\",\"datePublished\":\"2024-08-26T11:45:56+00:00\",\"mainEntityOfPage\":{\"@id\":\"https:\\\/\\\/www.eddh-airport.de\\\/eddhairport\\\/centrum-air-d-avyj-uk32131\\\/\"},\"wordCount\":254,\"commentCount\":0,\"publisher\":{\"@id\":\"https:\\\/\\\/www.eddh-airport.de\\\/eddhairport\\\/#organization\"},\"image\":{\"@id\":\"https:\\\/\\\/www.eddh-airport.de\\\/eddhairport\\\/centrum-air-d-avyj-uk32131\\\/#primaryimage\"},\"thumbnailUrl\":\"https:\\\/\\\/www.netairspace.cc\\\/pic\\\/637892\\\/hottestbrick_main.jpg\",\"keywords\":[\"A321\",\"A321Neo\",\"A321NX\",\"Airbus\",\"Airbus A321\",\"Airbus A321neo\",\"Airbus A321NX\",\"Centrum Air\",\"EDDH\",\"EDHI\",\"Erstflug\",\"Finkenwerder\",\"HAM\",\"Hamburg Airport\",\"XFW\"],\"articleSection\":[\"Movements EDDH\"],\"inLanguage\":\"de\",\"potentialAction\":[{\"@type\":\"CommentAction\",\"name\":\"Comment\",\"target\":[\"https:\\\/\\\/www.eddh-airport.de\\\/eddhairport\\\/centrum-air-d-avyj-uk32131\\\/#respond\"]}]},{\"@type\":\"WebPage\",\"@id\":\"https:\\\/\\\/www.eddh-airport.de\\\/eddhairport\\\/centrum-air-d-avyj-uk32131\\\/\",\"url\":\"https:\\\/\\\/www.eddh-airport.de\\\/eddhairport\\\/centrum-air-d-avyj-uk32131\\\/\",\"name\":\"Centrum Air, D-AVYJ (UK32131) - eddh-airport\",\"isPartOf\":{\"@id\":\"https:\\\/\\\/www.eddh-airport.de\\\/eddhairport\\\/#website\"},\"primaryImageOfPage\":{\"@id\":\"https:\\\/\\\/www.eddh-airport.de\\\/eddhairport\\\/centrum-air-d-avyj-uk32131\\\/#primaryimage\"},\"image\":{\"@id\":\"https:\\\/\\\/www.eddh-airport.de\\\/eddhairport\\\/centrum-air-d-avyj-uk32131\\\/#primaryimage\"},\"thumbnailUrl\":\"https:\\\/\\\/www.netairspace.cc\\\/pic\\\/637892\\\/hottestbrick_main.jpg\",\"datePublished\":\"2024-08-26T11:45:56+00:00\",\"description\":\"Am heutigen Mittag besuchte auf seinem Erstflug die zuk\u00fcnftige UK32131 der usbekischen Centrum Air den Hamburg Airport.\",\"breadcrumb\":{\"@id\":\"https:\\\/\\\/www.eddh-airport.de\\\/eddhairport\\\/centrum-air-d-avyj-uk32131\\\/#breadcrumb\"},\"inLanguage\":\"de\",\"potentialAction\":[{\"@type\":\"ReadAction\",\"target\":[\"https:\\\/\\\/www.eddh-airport.de\\\/eddhairport\\\/centrum-air-d-avyj-uk32131\\\/\"]}]},{\"@type\":\"ImageObject\",\"inLanguage\":\"de\",\"@id\":\"https:\\\/\\\/www.eddh-airport.de\\\/eddhairport\\\/centrum-air-d-avyj-uk32131\\\/#primaryimage\",\"url\":\"https:\\\/\\\/www.netairspace.cc\\\/pic\\\/637892\\\/hottestbrick_main.jpg\",\"contentUrl\":\"https:\\\/\\\/www.netairspace.cc\\\/pic\\\/637892\\\/hottestbrick_main.jpg\"},{\"@type\":\"BreadcrumbList\",\"@id\":\"https:\\\/\\\/www.eddh-airport.de\\\/eddhairport\\\/centrum-air-d-avyj-uk32131\\\/#breadcrumb\",\"itemListElement\":[{\"@type\":\"ListItem\",\"position\":1,\"name\":\"Startseite\",\"item\":\"https:\\\/\\\/www.eddh-airport.de\\\/eddhairport\\\/\"},{\"@type\":\"ListItem\",\"position\":2,\"name\":\"Centrum Air, D-AVYJ (UK32131)\"}]},{\"@type\":\"WebSite\",\"@id\":\"https:\\\/\\\/www.eddh-airport.de\\\/eddhairport\\\/#website\",\"url\":\"https:\\\/\\\/www.eddh-airport.de\\\/eddhairport\\\/\",\"name\":\"eddh-airport\",\"description\":\"Luftfahrtnews und Planespotting aus Hamburg\",\"publisher\":{\"@id\":\"https:\\\/\\\/www.eddh-airport.de\\\/eddhairport\\\/#organization\"},\"potentialAction\":[{\"@type\":\"SearchAction\",\"target\":{\"@type\":\"EntryPoint\",\"urlTemplate\":\"https:\\\/\\\/www.eddh-airport.de\\\/eddhairport\\\/?s={search_term_string}\"},\"query-input\":{\"@type\":\"PropertyValueSpecification\",\"valueRequired\":true,\"valueName\":\"search_term_string\"}}],\"inLanguage\":\"de\"},{\"@type\":\"Organization\",\"@id\":\"https:\\\/\\\/www.eddh-airport.de\\\/eddhairport\\\/#organization\",\"name\":\"eddh-airport\",\"url\":\"https:\\\/\\\/www.eddh-airport.de\\\/eddhairport\\\/\",\"logo\":{\"@type\":\"ImageObject\",\"inLanguage\":\"de\",\"@id\":\"https:\\\/\\\/www.eddh-airport.de\\\/eddhairport\\\/#\\\/schema\\\/logo\\\/image\\\/\",\"url\":\"https:\\\/\\\/www.eddh-airport.de\\\/eddhairport\\\/wp-content\\\/uploads\\\/2018\\\/10\\\/cropped-Neues-Logo-blau-eine-Ebene-2.jpg\",\"contentUrl\":\"https:\\\/\\\/www.eddh-airport.de\\\/eddhairport\\\/wp-content\\\/uploads\\\/2018\\\/10\\\/cropped-Neues-Logo-blau-eine-Ebene-2.jpg\",\"width\":512,\"height\":512,\"caption\":\"eddh-airport\"},\"image\":{\"@id\":\"https:\\\/\\\/www.eddh-airport.de\\\/eddhairport\\\/#\\\/schema\\\/logo\\\/image\\\/\"},\"sameAs\":[\"https:\\\/\\\/www.facebook.com\\\/eddhairport\\\/\",\"https:\\\/\\\/x.com\\\/EDDH_airport_de\",\"https:\\\/\\\/www.instagram.com\\\/eddhairport\\\/?hl=de\"]},{\"@type\":\"Person\",\"@id\":\"https:\\\/\\\/www.eddh-airport.de\\\/eddhairport\\\/#\\\/schema\\\/person\\\/69e52086d712e506636c8f4c5f088abe\",\"name\":\"Niclas Rebbelmund\",\"image\":{\"@type\":\"ImageObject\",\"inLanguage\":\"de\",\"@id\":\"https:\\\/\\\/secure.gravatar.com\\\/avatar\\\/d84f2b77774e9493691ea91c216d4e4e5412d631f5fe9806ac1d1d54bd3c30cb?s=96&d=mm&r=g\",\"url\":\"https:\\\/\\\/secure.gravatar.com\\\/avatar\\\/d84f2b77774e9493691ea91c216d4e4e5412d631f5fe9806ac1d1d54bd3c30cb?s=96&d=mm&r=g\",\"contentUrl\":\"https:\\\/\\\/secure.gravatar.com\\\/avatar\\\/d84f2b77774e9493691ea91c216d4e4e5412d631f5fe9806ac1d1d54bd3c30cb?s=96&d=mm&r=g\",\"caption\":\"Niclas Rebbelmund\"},\"description\":\"34 Jahre, Team Nikon, Aviation &amp; Fotografie Enthusiast\",\"sameAs\":[\"https:\\\/\\\/www.instagram.com\\\/niclashco\\\/\"],\"url\":\"https:\\\/\\\/www.eddh-airport.de\\\/eddhairport\\\/author\\\/niclas-rebbelmund\\\/\"}]}<\/script>\n<!-- \/ Yoast SEO plugin. -->","yoast_head_json":{"title":"Centrum Air, D-AVYJ (UK32131) - eddh-airport","description":"Am heutigen Mittag besuchte auf seinem Erstflug die zuk\u00fcnftige UK32131 der usbekischen Centrum Air den Hamburg Airport.","robots":{"index":"index","follow":"follow","max-snippet":"max-snippet:-1","max-image-preview":"max-image-preview:large","max-video-preview":"max-video-preview:-1"},"canonical":"https:\/\/www.eddh-airport.de\/eddhairport\/centrum-air-d-avyj-uk32131\/","og_locale":"de_DE","og_type":"article","og_title":"Centrum Air, D-AVYJ (UK32131) - eddh-airport","og_description":"Am heutigen Mittag besuchte auf seinem Erstflug die zuk\u00fcnftige UK32131 der usbekischen Centrum Air den Hamburg Airport.","og_url":"https:\/\/www.eddh-airport.de\/eddhairport\/centrum-air-d-avyj-uk32131\/","og_site_name":"eddh-airport","article_publisher":"https:\/\/www.facebook.com\/eddhairport\/","article_published_time":"2024-08-26T11:45:56+00:00","og_image":[{"url":"https:\/\/www.netairspace.cc\/pic\/637892\/hottestbrick_main.jpg","type":"","width":"","height":""}],"author":"Niclas Rebbelmund","twitter_card":"summary_large_image","twitter_creator":"@EDDH_airport_de","twitter_site":"@EDDH_airport_de","twitter_misc":{"Verfasst von":"Niclas Rebbelmund","Gesch\u00e4tzte Lesezeit":"2\u00a0Minuten"},"schema":{"@context":"https:\/\/schema.org","@graph":[{"@type":"Article","@id":"https:\/\/www.eddh-airport.de\/eddhairport\/centrum-air-d-avyj-uk32131\/#article","isPartOf":{"@id":"https:\/\/www.eddh-airport.de\/eddhairport\/centrum-air-d-avyj-uk32131\/"},"author":{"name":"Niclas Rebbelmund","@id":"https:\/\/www.eddh-airport.de\/eddhairport\/#\/schema\/person\/69e52086d712e506636c8f4c5f088abe"},"headline":"Centrum Air, D-AVYJ (UK32131)","datePublished":"2024-08-26T11:45:56+00:00","mainEntityOfPage":{"@id":"https:\/\/www.eddh-airport.de\/eddhairport\/centrum-air-d-avyj-uk32131\/"},"wordCount":254,"commentCount":0,"publisher":{"@id":"https:\/\/www.eddh-airport.de\/eddhairport\/#organization"},"image":{"@id":"https:\/\/www.eddh-airport.de\/eddhairport\/centrum-air-d-avyj-uk32131\/#primaryimage"},"thumbnailUrl":"https:\/\/www.netairspace.cc\/pic\/637892\/hottestbrick_main.jpg","keywords":["A321","A321Neo","A321NX","Airbus","Airbus A321","Airbus A321neo","Airbus A321NX","Centrum Air","EDDH","EDHI","Erstflug","Finkenwerder","HAM","Hamburg Airport","XFW"],"articleSection":["Movements EDDH"],"inLanguage":"de","potentialAction":[{"@type":"CommentAction","name":"Comment","target":["https:\/\/www.eddh-airport.de\/eddhairport\/centrum-air-d-avyj-uk32131\/#respond"]}]},{"@type":"WebPage","@id":"https:\/\/www.eddh-airport.de\/eddhairport\/centrum-air-d-avyj-uk32131\/","url":"https:\/\/www.eddh-airport.de\/eddhairport\/centrum-air-d-avyj-uk32131\/","name":"Centrum Air, D-AVYJ (UK32131) - eddh-airport","isPartOf":{"@id":"https:\/\/www.eddh-airport.de\/eddhairport\/#website"},"primaryImageOfPage":{"@id":"https:\/\/www.eddh-airport.de\/eddhairport\/centrum-air-d-avyj-uk32131\/#primaryimage"},"image":{"@id":"https:\/\/www.eddh-airport.de\/eddhairport\/centrum-air-d-avyj-uk32131\/#primaryimage"},"thumbnailUrl":"https:\/\/www.netairspace.cc\/pic\/637892\/hottestbrick_main.jpg","datePublished":"2024-08-26T11:45:56+00:00","description":"Am heutigen Mittag besuchte auf seinem Erstflug die zuk\u00fcnftige UK32131 der usbekischen Centrum Air den Hamburg Airport.","breadcrumb":{"@id":"https:\/\/www.eddh-airport.de\/eddhairport\/centrum-air-d-avyj-uk32131\/#breadcrumb"},"inLanguage":"de","potentialAction":[{"@type":"ReadAction","target":["https:\/\/www.eddh-airport.de\/eddhairport\/centrum-air-d-avyj-uk32131\/"]}]},{"@type":"ImageObject","inLanguage":"de","@id":"https:\/\/www.eddh-airport.de\/eddhairport\/centrum-air-d-avyj-uk32131\/#primaryimage","url":"https:\/\/www.netairspace.cc\/pic\/637892\/hottestbrick_main.jpg","contentUrl":"https:\/\/www.netairspace.cc\/pic\/637892\/hottestbrick_main.jpg"},{"@type":"BreadcrumbList","@id":"https:\/\/www.eddh-airport.de\/eddhairport\/centrum-air-d-avyj-uk32131\/#breadcrumb","itemListElement":[{"@type":"ListItem","position":1,"name":"Startseite","item":"https:\/\/www.eddh-airport.de\/eddhairport\/"},{"@type":"ListItem","position":2,"name":"Centrum Air, D-AVYJ (UK32131)"}]},{"@type":"WebSite","@id":"https:\/\/www.eddh-airport.de\/eddhairport\/#website","url":"https:\/\/www.eddh-airport.de\/eddhairport\/","name":"eddh-airport","description":"Luftfahrtnews und Planespotting aus Hamburg","publisher":{"@id":"https:\/\/www.eddh-airport.de\/eddhairport\/#organization"},"potentialAction":[{"@type":"SearchAction","target":{"@type":"EntryPoint","urlTemplate":"https:\/\/www.eddh-airport.de\/eddhairport\/?s={search_term_string}"},"query-input":{"@type":"PropertyValueSpecification","valueRequired":true,"valueName":"search_term_string"}}],"inLanguage":"de"},{"@type":"Organization","@id":"https:\/\/www.eddh-airport.de\/eddhairport\/#organization","name":"eddh-airport","url":"https:\/\/www.eddh-airport.de\/eddhairport\/","logo":{"@type":"ImageObject","inLanguage":"de","@id":"https:\/\/www.eddh-airport.de\/eddhairport\/#\/schema\/logo\/image\/","url":"https:\/\/www.eddh-airport.de\/eddhairport\/wp-content\/uploads\/2018\/10\/cropped-Neues-Logo-blau-eine-Ebene-2.jpg","contentUrl":"https:\/\/www.eddh-airport.de\/eddhairport\/wp-content\/uploads\/2018\/10\/cropped-Neues-Logo-blau-eine-Ebene-2.jpg","width":512,"height":512,"caption":"eddh-airport"},"image":{"@id":"https:\/\/www.eddh-airport.de\/eddhairport\/#\/schema\/logo\/image\/"},"sameAs":["https:\/\/www.facebook.com\/eddhairport\/","https:\/\/x.com\/EDDH_airport_de","https:\/\/www.instagram.com\/eddhairport\/?hl=de"]},{"@type":"Person","@id":"https:\/\/www.eddh-airport.de\/eddhairport\/#\/schema\/person\/69e52086d712e506636c8f4c5f088abe","name":"Niclas Rebbelmund","image":{"@type":"ImageObject","inLanguage":"de","@id":"https:\/\/secure.gravatar.com\/avatar\/d84f2b77774e9493691ea91c216d4e4e5412d631f5fe9806ac1d1d54bd3c30cb?s=96&d=mm&r=g","url":"https:\/\/secure.gravatar.com\/avatar\/d84f2b77774e9493691ea91c216d4e4e5412d631f5fe9806ac1d1d54bd3c30cb?s=96&d=mm&r=g","contentUrl":"https:\/\/secure.gravatar.com\/avatar\/d84f2b77774e9493691ea91c216d4e4e5412d631f5fe9806ac1d1d54bd3c30cb?s=96&d=mm&r=g","caption":"Niclas Rebbelmund"},"description":"34 Jahre, Team Nikon, Aviation &amp; Fotografie Enthusiast","sameAs":["https:\/\/www.instagram.com\/niclashco\/"],"url":"https:\/\/www.eddh-airport.de\/eddhairport\/author\/niclas-rebbelmund\/"}]}},"_links":{"self":[{"href":"https:\/\/www.eddh-airport.de\/eddhairport\/wp-json\/wp\/v2\/posts\/9217","targetHints":{"allow":["GET"]}}],"collection":[{"href":"https:\/\/www.eddh-airport.de\/eddhairport\/wp-json\/wp\/v2\/posts"}],"about":[{"href":"https:\/\/www.eddh-airport.de\/eddhairport\/wp-json\/wp\/v2\/types\/post"}],"author":[{"embeddable":true,"href":"https:\/\/www.eddh-airport.de\/eddhairport\/wp-json\/wp\/v2\/users\/3"}],"replies":[{"embeddable":true,"href":"https:\/\/www.eddh-airport.de\/eddhairport\/wp-json\/wp\/v2\/comments?post=9217"}],"version-history":[{"count":1,"href":"https:\/\/www.eddh-airport.de\/eddhairport\/wp-json\/wp\/v2\/posts\/9217\/revisions"}],"predecessor-version":[{"id":9218,"href":"https:\/\/www.eddh-airport.de\/eddhairport\/wp-json\/wp\/v2\/posts\/9217\/revisions\/9218"}],"wp:attachment":[{"href":"https:\/\/www.eddh-airport.de\/eddhairport\/wp-json\/wp\/v2\/media?parent=9217"}],"wp:term":[{"taxonomy":"category","embeddable":true,"href":"https:\/\/www.eddh-airport.de\/eddhairport\/wp-json\/wp\/v2\/categories?post=9217"},{"taxonomy":"post_tag","embeddable":true,"href":"https:\/\/www.eddh-airport.de\/eddhairport\/wp-json\/wp\/v2\/tags?post=9217"}],"curies":[{"name":"wp","href":"https:\/\/api.w.org\/{rel}","templated":true}]}}