{"id":8800,"date":"2024-04-16T15:46:41","date_gmt":"2024-04-16T13:46:41","guid":{"rendered":"https:\/\/www.eddh-airport.de\/eddhairport\/?p=8800"},"modified":"2024-04-16T15:46:41","modified_gmt":"2024-04-16T13:46:41","slug":"deutsche-luftwaffe-1601-10","status":"publish","type":"post","link":"https:\/\/www.eddh-airport.de\/eddhairport\/deutsche-luftwaffe-1601-10\/","title":{"rendered":"Deutsche Luftwaffe, 16+01"},"content":{"rendered":"<h6>Deutsche Luftwaffe, 16+01<\/h6>\n<p>Im August 2023 wurde sie geparkt, seit Beginn diesen Jahres steht sie zum Verkauf &#8211; die Rede ist von 16+01 der Luftwaffe. Der Airbus A340-313 der Flugbereitschaft des Bundesministeriums f\u00fcr Verteidigung steht nun schon seit einigen Monaten am K\u00f6lner Flughafen (CGN) geparkt und zum Verkauf, anders als die Schwestermaschine 16+02 die bereits in die USA \u00fcberf\u00fchrt wurde und wahrscheinlich nun als Ersatzteillager dient. Am heutige Vormittag verlie\u00df der Vierstrahler dann den Flughafen K\u00f6ln zu einem Wartungsflug. Dieser f\u00fchrte das Langstreckenflugzeug zun\u00e4chst f\u00fcr zwei Anfl\u00fcge an den Leipziger Flughafen (LEJ), ehe es Richtung Norden weiter ging. Am Hamburger Flughafen absolvierte der Airbus dann zwei &#8220;Touch and Go&#8221;-Man\u00f6ver \u00fcber die Runway 23.<\/p>\n<p><a href=\"https:\/\/www.netairspace.cc\/pic\/619634\/\"><img decoding=\"async\" src=\"https:\/\/www.netairspace.cc\/pic\/619634\/hottestbrick_main.jpg\" alt=\"Aviation photo\" \/><\/a><br \/>\n<a href=\"https:\/\/www.netairspace.cc\/pic\/619634\/\"><span style=\"font-size: xx-small;\">1601 at Hamburg &#8211; Fuhlsbuettel (Helmut Schmidt)<br \/>\nby Niclas Rebbelmund on netAirspace<\/span><\/a><\/p>\n<p>Dabei setzt das Flugzeug kurzzeitig auf der Landebahn auf und hebt kurz darauf wieder ab. Nach dem Man\u00f6ver flog der 25 Jahre alte A340 zur\u00fcck nach K\u00f6ln. Ob man die 16+01 nochmal hier Fuhlsb\u00fcttel sehen wird, ist derweil mehr als fraglich, ebenso wie die Zukunft Jets. Mehr als ein Jahrzehnte diente die Maschine der Bundesregierung als Transportmittel f\u00fcr die Langstrecke. Nun haben die drei werksneuen Airbus A350 diese Aufgabe \u00fcbernommen. Urspr\u00fcnglich geh\u00f6rte der Flieger seit seiner Auslieferung zur Flotte der Lufthansa und flog dort als D-AIGR im regul\u00e4ren Liniendienst.<\/p>\n","protected":false},"excerpt":{"rendered":"<p>Deutsche Luftwaffe, 16+01 Im August 2023 wurde sie geparkt, seit Beginn diesen Jahres steht sie zum Verkauf &#8211; die Rede ist von 16+01 der Luftwaffe. Der Airbus A340-313 der Flugbereitschaft des Bundesministeriums f\u00fcr Verteidigung steht nun schon seit einigen Monaten am K\u00f6lner Flughafen (CGN) geparkt und zum Verkauf, anders als die Schwestermaschine 16+02 die bereits [&hellip;]<\/p>\n","protected":false},"author":3,"featured_media":0,"comment_status":"open","ping_status":"open","sticky":false,"template":"","format":"standard","meta":{"_monsterinsights_skip_tracking":false,"_monsterinsights_sitenote_active":false,"_monsterinsights_sitenote_note":"","_monsterinsights_sitenote_category":0,"site-sidebar-layout":"default","site-content-layout":"","ast-site-content-layout":"default","site-content-style":"default","site-sidebar-style":"default","ast-global-header-display":"","ast-banner-title-visibility":"","ast-main-header-display":"","ast-hfb-above-header-display":"","ast-hfb-below-header-display":"","ast-hfb-mobile-header-display":"","site-post-title":"","ast-breadcrumbs-content":"","ast-featured-img":"","footer-sml-layout":"","ast-disable-related-posts":"","theme-transparent-header-meta":"default","adv-header-id-meta":"","stick-header-meta":"","header-above-stick-meta":"","header-main-stick-meta":"","header-below-stick-meta":"","astra-migrate-meta-layouts":"set","ast-page-background-enabled":"default","ast-page-background-meta":{"desktop":{"background-color":"","background-image":"","background-repeat":"repeat","background-position":"center center","background-size":"auto","background-attachment":"scroll","background-type":"","background-media":"","overlay-type":"","overlay-color":"","overlay-opacity":"","overlay-gradient":""},"tablet":{"background-color":"","background-image":"","background-repeat":"repeat","background-position":"center center","background-size":"auto","background-attachment":"scroll","background-type":"","background-media":"","overlay-type":"","overlay-color":"","overlay-opacity":"","overlay-gradient":""},"mobile":{"background-color":"","background-image":"","background-repeat":"repeat","background-position":"center center","background-size":"auto","background-attachment":"scroll","background-type":"","background-media":"","overlay-type":"","overlay-color":"","overlay-opacity":"","overlay-gradient":""}},"ast-content-background-meta":{"desktop":{"background-color":"var(--ast-global-color-5)","background-image":"","background-repeat":"repeat","background-position":"center center","background-size":"auto","background-attachment":"scroll","background-type":"","background-media":"","overlay-type":"","overlay-color":"","overlay-opacity":"","overlay-gradient":""},"tablet":{"background-color":"var(--ast-global-color-5)","background-image":"","background-repeat":"repeat","background-position":"center center","background-size":"auto","background-attachment":"scroll","background-type":"","background-media":"","overlay-type":"","overlay-color":"","overlay-opacity":"","overlay-gradient":""},"mobile":{"background-color":"var(--ast-global-color-5)","background-image":"","background-repeat":"repeat","background-position":"center center","background-size":"auto","background-attachment":"scroll","background-type":"","background-media":"","overlay-type":"","overlay-color":"","overlay-opacity":"","overlay-gradient":""}},"footnotes":""},"categories":[8],"tags":[80,152,378,609,773,10,707,11,90,392,63,84],"class_list":["post-8800","post","type-post","status-publish","format-standard","hentry","category-movements-eddh","tag-a340","tag-a340-300","tag-airbus-a340","tag-airbus-a340-300","tag-deutsche-luftwaffe","tag-eddh","tag-flugbereitschaft-des-bundesministeriums-der-verteidigung","tag-ham","tag-hamburg-airport","tag-lht","tag-lufthansa-technik","tag-luftwaffe"],"yoast_head":"<!-- This site is optimized with the Yoast SEO plugin v27.4 - https:\/\/yoast.com\/product\/yoast-seo-wordpress\/ -->\n<title>Deutsche Luftwaffe, 16+01 - eddh-airport<\/title>\n<meta name=\"description\" content=\"\u00dcberraschenderweise schaute am heutigen Mittag 16+01 der Luftwaffe vorbei. Seit vergangenem Sommer ist der A340 nicht mehr im Dienst.\" \/>\n<meta name=\"robots\" content=\"index, follow, max-snippet:-1, max-image-preview:large, max-video-preview:-1\" \/>\n<link rel=\"canonical\" href=\"https:\/\/www.eddh-airport.de\/eddhairport\/deutsche-luftwaffe-1601-10\/\" \/>\n<meta property=\"og:locale\" content=\"de_DE\" \/>\n<meta property=\"og:type\" content=\"article\" \/>\n<meta property=\"og:title\" content=\"Deutsche Luftwaffe, 16+01 - eddh-airport\" \/>\n<meta property=\"og:description\" content=\"\u00dcberraschenderweise schaute am heutigen Mittag 16+01 der Luftwaffe vorbei. Seit vergangenem Sommer ist der A340 nicht mehr im Dienst.\" \/>\n<meta property=\"og:url\" content=\"https:\/\/www.eddh-airport.de\/eddhairport\/deutsche-luftwaffe-1601-10\/\" \/>\n<meta property=\"og:site_name\" content=\"eddh-airport\" \/>\n<meta property=\"article:publisher\" content=\"https:\/\/www.facebook.com\/eddhairport\/\" \/>\n<meta property=\"article:published_time\" content=\"2024-04-16T13:46:41+00:00\" \/>\n<meta property=\"og:image\" content=\"https:\/\/www.netairspace.cc\/pic\/619634\/hottestbrick_main.jpg\" \/>\n<meta name=\"author\" content=\"Niclas Rebbelmund\" \/>\n<meta name=\"twitter:card\" content=\"summary_large_image\" \/>\n<meta name=\"twitter:creator\" content=\"@EDDH_airport_de\" \/>\n<meta name=\"twitter:site\" content=\"@EDDH_airport_de\" \/>\n<meta name=\"twitter:label1\" content=\"Verfasst von\" \/>\n\t<meta name=\"twitter:data1\" content=\"Niclas Rebbelmund\" \/>\n\t<meta name=\"twitter:label2\" content=\"Gesch\u00e4tzte Lesezeit\" \/>\n\t<meta name=\"twitter:data2\" content=\"2\u00a0Minuten\" \/>\n<script type=\"application\/ld+json\" class=\"yoast-schema-graph\">{\"@context\":\"https:\\\/\\\/schema.org\",\"@graph\":[{\"@type\":\"Article\",\"@id\":\"https:\\\/\\\/www.eddh-airport.de\\\/eddhairport\\\/deutsche-luftwaffe-1601-10\\\/#article\",\"isPartOf\":{\"@id\":\"https:\\\/\\\/www.eddh-airport.de\\\/eddhairport\\\/deutsche-luftwaffe-1601-10\\\/\"},\"author\":{\"name\":\"Niclas Rebbelmund\",\"@id\":\"https:\\\/\\\/www.eddh-airport.de\\\/eddhairport\\\/#\\\/schema\\\/person\\\/69e52086d712e506636c8f4c5f088abe\"},\"headline\":\"Deutsche Luftwaffe, 16+01\",\"datePublished\":\"2024-04-16T13:46:41+00:00\",\"mainEntityOfPage\":{\"@id\":\"https:\\\/\\\/www.eddh-airport.de\\\/eddhairport\\\/deutsche-luftwaffe-1601-10\\\/\"},\"wordCount\":227,\"commentCount\":0,\"publisher\":{\"@id\":\"https:\\\/\\\/www.eddh-airport.de\\\/eddhairport\\\/#organization\"},\"image\":{\"@id\":\"https:\\\/\\\/www.eddh-airport.de\\\/eddhairport\\\/deutsche-luftwaffe-1601-10\\\/#primaryimage\"},\"thumbnailUrl\":\"https:\\\/\\\/www.netairspace.cc\\\/pic\\\/619634\\\/hottestbrick_main.jpg\",\"keywords\":[\"A340\",\"A340-300\",\"Airbus A340\",\"Airbus A340-300\",\"Deutsche Luftwaffe\",\"EDDH\",\"Flugbereitschaft des Bundesministeriums der Verteidigung\",\"HAM\",\"Hamburg Airport\",\"LHT\",\"Lufthansa Technik\",\"Luftwaffe\"],\"articleSection\":[\"Movements EDDH\"],\"inLanguage\":\"de\",\"potentialAction\":[{\"@type\":\"CommentAction\",\"name\":\"Comment\",\"target\":[\"https:\\\/\\\/www.eddh-airport.de\\\/eddhairport\\\/deutsche-luftwaffe-1601-10\\\/#respond\"]}]},{\"@type\":\"WebPage\",\"@id\":\"https:\\\/\\\/www.eddh-airport.de\\\/eddhairport\\\/deutsche-luftwaffe-1601-10\\\/\",\"url\":\"https:\\\/\\\/www.eddh-airport.de\\\/eddhairport\\\/deutsche-luftwaffe-1601-10\\\/\",\"name\":\"Deutsche Luftwaffe, 16+01 - eddh-airport\",\"isPartOf\":{\"@id\":\"https:\\\/\\\/www.eddh-airport.de\\\/eddhairport\\\/#website\"},\"primaryImageOfPage\":{\"@id\":\"https:\\\/\\\/www.eddh-airport.de\\\/eddhairport\\\/deutsche-luftwaffe-1601-10\\\/#primaryimage\"},\"image\":{\"@id\":\"https:\\\/\\\/www.eddh-airport.de\\\/eddhairport\\\/deutsche-luftwaffe-1601-10\\\/#primaryimage\"},\"thumbnailUrl\":\"https:\\\/\\\/www.netairspace.cc\\\/pic\\\/619634\\\/hottestbrick_main.jpg\",\"datePublished\":\"2024-04-16T13:46:41+00:00\",\"description\":\"\u00dcberraschenderweise schaute am heutigen Mittag 16+01 der Luftwaffe vorbei. Seit vergangenem Sommer ist der A340 nicht mehr im Dienst.\",\"breadcrumb\":{\"@id\":\"https:\\\/\\\/www.eddh-airport.de\\\/eddhairport\\\/deutsche-luftwaffe-1601-10\\\/#breadcrumb\"},\"inLanguage\":\"de\",\"potentialAction\":[{\"@type\":\"ReadAction\",\"target\":[\"https:\\\/\\\/www.eddh-airport.de\\\/eddhairport\\\/deutsche-luftwaffe-1601-10\\\/\"]}]},{\"@type\":\"ImageObject\",\"inLanguage\":\"de\",\"@id\":\"https:\\\/\\\/www.eddh-airport.de\\\/eddhairport\\\/deutsche-luftwaffe-1601-10\\\/#primaryimage\",\"url\":\"https:\\\/\\\/www.netairspace.cc\\\/pic\\\/619634\\\/hottestbrick_main.jpg\",\"contentUrl\":\"https:\\\/\\\/www.netairspace.cc\\\/pic\\\/619634\\\/hottestbrick_main.jpg\"},{\"@type\":\"BreadcrumbList\",\"@id\":\"https:\\\/\\\/www.eddh-airport.de\\\/eddhairport\\\/deutsche-luftwaffe-1601-10\\\/#breadcrumb\",\"itemListElement\":[{\"@type\":\"ListItem\",\"position\":1,\"name\":\"Startseite\",\"item\":\"https:\\\/\\\/www.eddh-airport.de\\\/eddhairport\\\/\"},{\"@type\":\"ListItem\",\"position\":2,\"name\":\"Deutsche Luftwaffe, 16+01\"}]},{\"@type\":\"WebSite\",\"@id\":\"https:\\\/\\\/www.eddh-airport.de\\\/eddhairport\\\/#website\",\"url\":\"https:\\\/\\\/www.eddh-airport.de\\\/eddhairport\\\/\",\"name\":\"eddh-airport\",\"description\":\"Luftfahrtnews und Planespotting aus Hamburg\",\"publisher\":{\"@id\":\"https:\\\/\\\/www.eddh-airport.de\\\/eddhairport\\\/#organization\"},\"potentialAction\":[{\"@type\":\"SearchAction\",\"target\":{\"@type\":\"EntryPoint\",\"urlTemplate\":\"https:\\\/\\\/www.eddh-airport.de\\\/eddhairport\\\/?s={search_term_string}\"},\"query-input\":{\"@type\":\"PropertyValueSpecification\",\"valueRequired\":true,\"valueName\":\"search_term_string\"}}],\"inLanguage\":\"de\"},{\"@type\":\"Organization\",\"@id\":\"https:\\\/\\\/www.eddh-airport.de\\\/eddhairport\\\/#organization\",\"name\":\"eddh-airport\",\"url\":\"https:\\\/\\\/www.eddh-airport.de\\\/eddhairport\\\/\",\"logo\":{\"@type\":\"ImageObject\",\"inLanguage\":\"de\",\"@id\":\"https:\\\/\\\/www.eddh-airport.de\\\/eddhairport\\\/#\\\/schema\\\/logo\\\/image\\\/\",\"url\":\"https:\\\/\\\/www.eddh-airport.de\\\/eddhairport\\\/wp-content\\\/uploads\\\/2018\\\/10\\\/cropped-Neues-Logo-blau-eine-Ebene-2.jpg\",\"contentUrl\":\"https:\\\/\\\/www.eddh-airport.de\\\/eddhairport\\\/wp-content\\\/uploads\\\/2018\\\/10\\\/cropped-Neues-Logo-blau-eine-Ebene-2.jpg\",\"width\":512,\"height\":512,\"caption\":\"eddh-airport\"},\"image\":{\"@id\":\"https:\\\/\\\/www.eddh-airport.de\\\/eddhairport\\\/#\\\/schema\\\/logo\\\/image\\\/\"},\"sameAs\":[\"https:\\\/\\\/www.facebook.com\\\/eddhairport\\\/\",\"https:\\\/\\\/x.com\\\/EDDH_airport_de\",\"https:\\\/\\\/www.instagram.com\\\/eddhairport\\\/?hl=de\"]},{\"@type\":\"Person\",\"@id\":\"https:\\\/\\\/www.eddh-airport.de\\\/eddhairport\\\/#\\\/schema\\\/person\\\/69e52086d712e506636c8f4c5f088abe\",\"name\":\"Niclas Rebbelmund\",\"image\":{\"@type\":\"ImageObject\",\"inLanguage\":\"de\",\"@id\":\"https:\\\/\\\/secure.gravatar.com\\\/avatar\\\/d84f2b77774e9493691ea91c216d4e4e5412d631f5fe9806ac1d1d54bd3c30cb?s=96&d=mm&r=g\",\"url\":\"https:\\\/\\\/secure.gravatar.com\\\/avatar\\\/d84f2b77774e9493691ea91c216d4e4e5412d631f5fe9806ac1d1d54bd3c30cb?s=96&d=mm&r=g\",\"contentUrl\":\"https:\\\/\\\/secure.gravatar.com\\\/avatar\\\/d84f2b77774e9493691ea91c216d4e4e5412d631f5fe9806ac1d1d54bd3c30cb?s=96&d=mm&r=g\",\"caption\":\"Niclas Rebbelmund\"},\"description\":\"34 Jahre, Team Nikon, Aviation &amp; Fotografie Enthusiast\",\"sameAs\":[\"https:\\\/\\\/www.instagram.com\\\/niclashco\\\/\"],\"url\":\"https:\\\/\\\/www.eddh-airport.de\\\/eddhairport\\\/author\\\/niclas-rebbelmund\\\/\"}]}<\/script>\n<!-- \/ Yoast SEO plugin. -->","yoast_head_json":{"title":"Deutsche Luftwaffe, 16+01 - eddh-airport","description":"\u00dcberraschenderweise schaute am heutigen Mittag 16+01 der Luftwaffe vorbei. Seit vergangenem Sommer ist der A340 nicht mehr im Dienst.","robots":{"index":"index","follow":"follow","max-snippet":"max-snippet:-1","max-image-preview":"max-image-preview:large","max-video-preview":"max-video-preview:-1"},"canonical":"https:\/\/www.eddh-airport.de\/eddhairport\/deutsche-luftwaffe-1601-10\/","og_locale":"de_DE","og_type":"article","og_title":"Deutsche Luftwaffe, 16+01 - eddh-airport","og_description":"\u00dcberraschenderweise schaute am heutigen Mittag 16+01 der Luftwaffe vorbei. Seit vergangenem Sommer ist der A340 nicht mehr im Dienst.","og_url":"https:\/\/www.eddh-airport.de\/eddhairport\/deutsche-luftwaffe-1601-10\/","og_site_name":"eddh-airport","article_publisher":"https:\/\/www.facebook.com\/eddhairport\/","article_published_time":"2024-04-16T13:46:41+00:00","og_image":[{"url":"https:\/\/www.netairspace.cc\/pic\/619634\/hottestbrick_main.jpg","type":"","width":"","height":""}],"author":"Niclas Rebbelmund","twitter_card":"summary_large_image","twitter_creator":"@EDDH_airport_de","twitter_site":"@EDDH_airport_de","twitter_misc":{"Verfasst von":"Niclas Rebbelmund","Gesch\u00e4tzte Lesezeit":"2\u00a0Minuten"},"schema":{"@context":"https:\/\/schema.org","@graph":[{"@type":"Article","@id":"https:\/\/www.eddh-airport.de\/eddhairport\/deutsche-luftwaffe-1601-10\/#article","isPartOf":{"@id":"https:\/\/www.eddh-airport.de\/eddhairport\/deutsche-luftwaffe-1601-10\/"},"author":{"name":"Niclas Rebbelmund","@id":"https:\/\/www.eddh-airport.de\/eddhairport\/#\/schema\/person\/69e52086d712e506636c8f4c5f088abe"},"headline":"Deutsche Luftwaffe, 16+01","datePublished":"2024-04-16T13:46:41+00:00","mainEntityOfPage":{"@id":"https:\/\/www.eddh-airport.de\/eddhairport\/deutsche-luftwaffe-1601-10\/"},"wordCount":227,"commentCount":0,"publisher":{"@id":"https:\/\/www.eddh-airport.de\/eddhairport\/#organization"},"image":{"@id":"https:\/\/www.eddh-airport.de\/eddhairport\/deutsche-luftwaffe-1601-10\/#primaryimage"},"thumbnailUrl":"https:\/\/www.netairspace.cc\/pic\/619634\/hottestbrick_main.jpg","keywords":["A340","A340-300","Airbus A340","Airbus A340-300","Deutsche Luftwaffe","EDDH","Flugbereitschaft des Bundesministeriums der Verteidigung","HAM","Hamburg Airport","LHT","Lufthansa Technik","Luftwaffe"],"articleSection":["Movements EDDH"],"inLanguage":"de","potentialAction":[{"@type":"CommentAction","name":"Comment","target":["https:\/\/www.eddh-airport.de\/eddhairport\/deutsche-luftwaffe-1601-10\/#respond"]}]},{"@type":"WebPage","@id":"https:\/\/www.eddh-airport.de\/eddhairport\/deutsche-luftwaffe-1601-10\/","url":"https:\/\/www.eddh-airport.de\/eddhairport\/deutsche-luftwaffe-1601-10\/","name":"Deutsche Luftwaffe, 16+01 - eddh-airport","isPartOf":{"@id":"https:\/\/www.eddh-airport.de\/eddhairport\/#website"},"primaryImageOfPage":{"@id":"https:\/\/www.eddh-airport.de\/eddhairport\/deutsche-luftwaffe-1601-10\/#primaryimage"},"image":{"@id":"https:\/\/www.eddh-airport.de\/eddhairport\/deutsche-luftwaffe-1601-10\/#primaryimage"},"thumbnailUrl":"https:\/\/www.netairspace.cc\/pic\/619634\/hottestbrick_main.jpg","datePublished":"2024-04-16T13:46:41+00:00","description":"\u00dcberraschenderweise schaute am heutigen Mittag 16+01 der Luftwaffe vorbei. Seit vergangenem Sommer ist der A340 nicht mehr im Dienst.","breadcrumb":{"@id":"https:\/\/www.eddh-airport.de\/eddhairport\/deutsche-luftwaffe-1601-10\/#breadcrumb"},"inLanguage":"de","potentialAction":[{"@type":"ReadAction","target":["https:\/\/www.eddh-airport.de\/eddhairport\/deutsche-luftwaffe-1601-10\/"]}]},{"@type":"ImageObject","inLanguage":"de","@id":"https:\/\/www.eddh-airport.de\/eddhairport\/deutsche-luftwaffe-1601-10\/#primaryimage","url":"https:\/\/www.netairspace.cc\/pic\/619634\/hottestbrick_main.jpg","contentUrl":"https:\/\/www.netairspace.cc\/pic\/619634\/hottestbrick_main.jpg"},{"@type":"BreadcrumbList","@id":"https:\/\/www.eddh-airport.de\/eddhairport\/deutsche-luftwaffe-1601-10\/#breadcrumb","itemListElement":[{"@type":"ListItem","position":1,"name":"Startseite","item":"https:\/\/www.eddh-airport.de\/eddhairport\/"},{"@type":"ListItem","position":2,"name":"Deutsche Luftwaffe, 16+01"}]},{"@type":"WebSite","@id":"https:\/\/www.eddh-airport.de\/eddhairport\/#website","url":"https:\/\/www.eddh-airport.de\/eddhairport\/","name":"eddh-airport","description":"Luftfahrtnews und Planespotting aus Hamburg","publisher":{"@id":"https:\/\/www.eddh-airport.de\/eddhairport\/#organization"},"potentialAction":[{"@type":"SearchAction","target":{"@type":"EntryPoint","urlTemplate":"https:\/\/www.eddh-airport.de\/eddhairport\/?s={search_term_string}"},"query-input":{"@type":"PropertyValueSpecification","valueRequired":true,"valueName":"search_term_string"}}],"inLanguage":"de"},{"@type":"Organization","@id":"https:\/\/www.eddh-airport.de\/eddhairport\/#organization","name":"eddh-airport","url":"https:\/\/www.eddh-airport.de\/eddhairport\/","logo":{"@type":"ImageObject","inLanguage":"de","@id":"https:\/\/www.eddh-airport.de\/eddhairport\/#\/schema\/logo\/image\/","url":"https:\/\/www.eddh-airport.de\/eddhairport\/wp-content\/uploads\/2018\/10\/cropped-Neues-Logo-blau-eine-Ebene-2.jpg","contentUrl":"https:\/\/www.eddh-airport.de\/eddhairport\/wp-content\/uploads\/2018\/10\/cropped-Neues-Logo-blau-eine-Ebene-2.jpg","width":512,"height":512,"caption":"eddh-airport"},"image":{"@id":"https:\/\/www.eddh-airport.de\/eddhairport\/#\/schema\/logo\/image\/"},"sameAs":["https:\/\/www.facebook.com\/eddhairport\/","https:\/\/x.com\/EDDH_airport_de","https:\/\/www.instagram.com\/eddhairport\/?hl=de"]},{"@type":"Person","@id":"https:\/\/www.eddh-airport.de\/eddhairport\/#\/schema\/person\/69e52086d712e506636c8f4c5f088abe","name":"Niclas Rebbelmund","image":{"@type":"ImageObject","inLanguage":"de","@id":"https:\/\/secure.gravatar.com\/avatar\/d84f2b77774e9493691ea91c216d4e4e5412d631f5fe9806ac1d1d54bd3c30cb?s=96&d=mm&r=g","url":"https:\/\/secure.gravatar.com\/avatar\/d84f2b77774e9493691ea91c216d4e4e5412d631f5fe9806ac1d1d54bd3c30cb?s=96&d=mm&r=g","contentUrl":"https:\/\/secure.gravatar.com\/avatar\/d84f2b77774e9493691ea91c216d4e4e5412d631f5fe9806ac1d1d54bd3c30cb?s=96&d=mm&r=g","caption":"Niclas Rebbelmund"},"description":"34 Jahre, Team Nikon, Aviation &amp; Fotografie Enthusiast","sameAs":["https:\/\/www.instagram.com\/niclashco\/"],"url":"https:\/\/www.eddh-airport.de\/eddhairport\/author\/niclas-rebbelmund\/"}]}},"_links":{"self":[{"href":"https:\/\/www.eddh-airport.de\/eddhairport\/wp-json\/wp\/v2\/posts\/8800","targetHints":{"allow":["GET"]}}],"collection":[{"href":"https:\/\/www.eddh-airport.de\/eddhairport\/wp-json\/wp\/v2\/posts"}],"about":[{"href":"https:\/\/www.eddh-airport.de\/eddhairport\/wp-json\/wp\/v2\/types\/post"}],"author":[{"embeddable":true,"href":"https:\/\/www.eddh-airport.de\/eddhairport\/wp-json\/wp\/v2\/users\/3"}],"replies":[{"embeddable":true,"href":"https:\/\/www.eddh-airport.de\/eddhairport\/wp-json\/wp\/v2\/comments?post=8800"}],"version-history":[{"count":1,"href":"https:\/\/www.eddh-airport.de\/eddhairport\/wp-json\/wp\/v2\/posts\/8800\/revisions"}],"predecessor-version":[{"id":8801,"href":"https:\/\/www.eddh-airport.de\/eddhairport\/wp-json\/wp\/v2\/posts\/8800\/revisions\/8801"}],"wp:attachment":[{"href":"https:\/\/www.eddh-airport.de\/eddhairport\/wp-json\/wp\/v2\/media?parent=8800"}],"wp:term":[{"taxonomy":"category","embeddable":true,"href":"https:\/\/www.eddh-airport.de\/eddhairport\/wp-json\/wp\/v2\/categories?post=8800"},{"taxonomy":"post_tag","embeddable":true,"href":"https:\/\/www.eddh-airport.de\/eddhairport\/wp-json\/wp\/v2\/tags?post=8800"}],"curies":[{"name":"wp","href":"https:\/\/api.w.org\/{rel}","templated":true}]}}