{"id":8346,"date":"2023-09-05T16:10:40","date_gmt":"2023-09-05T14:10:40","guid":{"rendered":"https:\/\/www.eddh-airport.de\/eddhairport\/?p=8346"},"modified":"2023-09-06T08:55:15","modified_gmt":"2023-09-06T06:55:15","slug":"maleth-aero-9h-mfs","status":"publish","type":"post","link":"https:\/\/www.eddh-airport.de\/eddhairport\/maleth-aero-9h-mfs\/","title":{"rendered":"Maleth-Aero, 9H-MFS"},"content":{"rendered":"<h6>Maleth-Aero, 9H-MFS<\/h6>\n<p>Lange nicht mehr gesehen&#8230; Zuletzt war dieser Airbus A330 in Diensten der seit Anfang 2020 insolventen t\u00fcrkischen AtlasGlobal am Hamburger Flughafen. Mittlerweile fliegt die Maschine mit der Registrierung 9H-MFS f\u00fcr die maltesische Maleth-Aero, tr\u00e4gt dabei aber noch die Basis-Lackierung der ehemaligen 100 prozentigen Tochtergesellschaft der \u00d6ger Holding. Bei genauerem Hinschauen kann man sogar noch das Logo der Airline auf dem Leitwerk des Langstreckenflugzeugs erkennen. Am heutigen Mittag kam der Jet aus der \u00f6sterreichischen Hauptstadt Wien (VIE) an den Hamburg Airport. Der Zweistrahler landete dabei \u00fcber die Landebahn 23.<\/p>\n<p><a href=\"https:\/\/www.netairspace.cc\/pic\/586932\/\"><img decoding=\"async\" src=\"https:\/\/www.netairspace.cc\/pic\/586932\/hottestbrick_main.jpg\" alt=\"Aviation photo\" \/><\/a><br \/>\n<a href=\"https:\/\/www.netairspace.cc\/pic\/586932\/\"><span style=\"font-size: xx-small;\">9H-MFS at Hamburg &#8211; Fuhlsbuettel (Helmut Schmidt)<br \/>\nby Niclas Rebbelmund on netAirspace<\/span><\/a><\/p>\n<p>Grund f\u00fcr den Besuch des bald 18 Jahre alten Airbus A330-202 ist ein Charterauftrag. Am morgigen Mittag soll das Gro\u00dfraumflugzeug der Maleth-Aero dann weiterfliegen in die Niederlande. Bei der Charter- und Frachtairline ist der Airbus seit August 2020 im Einsatz. Diese vermietete den 345-Sitzer w\u00e4hrend der Coronapandemie an die amerikanische AELF FlightService die das eigentliche Passagierflugzeug f\u00fcr Frachtfl\u00fcge nutzte und sp\u00e4ter von Mai bis August diesen Jahres an Saudi-Arabian Airlines. Urspr\u00fcnglich wurde 9H-MFS am 28. Oktober 2005 als PT-MVL im franz\u00f6sischen Toulouse (TLS) an die brasilianische TAM Linhas A\u00e9reas ausgeliefert und flog dort bis Ende M\u00e4rz 2016. Eigentlich sollte die russische I-Fly den Flieger dann \u00fcbernehmen nahm ihn jedoch nicht ab und so sicherte sich am 12. Dezember 2018 die t\u00fcrkische AtlasGlobal die Dienste des A330.<\/p>\n","protected":false},"excerpt":{"rendered":"<p>Maleth-Aero, 9H-MFS Lange nicht mehr gesehen&#8230; Zuletzt war dieser Airbus A330 in Diensten der seit Anfang 2020 insolventen t\u00fcrkischen AtlasGlobal am Hamburger Flughafen. Mittlerweile fliegt die Maschine mit der Registrierung 9H-MFS f\u00fcr die maltesische Maleth-Aero, tr\u00e4gt dabei aber noch die Basis-Lackierung der ehemaligen 100 prozentigen Tochtergesellschaft der \u00d6ger Holding. Bei genauerem Hinschauen kann man sogar [&hellip;]<\/p>\n","protected":false},"author":3,"featured_media":0,"comment_status":"open","ping_status":"open","sticky":false,"template":"","format":"standard","meta":{"_monsterinsights_skip_tracking":false,"_monsterinsights_sitenote_active":false,"_monsterinsights_sitenote_note":"","_monsterinsights_sitenote_category":0,"site-sidebar-layout":"default","site-content-layout":"","ast-site-content-layout":"default","site-content-style":"default","site-sidebar-style":"default","ast-global-header-display":"","ast-banner-title-visibility":"","ast-main-header-display":"","ast-hfb-above-header-display":"","ast-hfb-below-header-display":"","ast-hfb-mobile-header-display":"","site-post-title":"","ast-breadcrumbs-content":"","ast-featured-img":"","footer-sml-layout":"","ast-disable-related-posts":"","theme-transparent-header-meta":"default","adv-header-id-meta":"","stick-header-meta":"","header-above-stick-meta":"","header-main-stick-meta":"","header-below-stick-meta":"","astra-migrate-meta-layouts":"set","ast-page-background-enabled":"default","ast-page-background-meta":{"desktop":{"background-color":"","background-image":"","background-repeat":"repeat","background-position":"center center","background-size":"auto","background-attachment":"scroll","background-type":"","background-media":"","overlay-type":"","overlay-color":"","overlay-opacity":"","overlay-gradient":""},"tablet":{"background-color":"","background-image":"","background-repeat":"repeat","background-position":"center center","background-size":"auto","background-attachment":"scroll","background-type":"","background-media":"","overlay-type":"","overlay-color":"","overlay-opacity":"","overlay-gradient":""},"mobile":{"background-color":"","background-image":"","background-repeat":"repeat","background-position":"center center","background-size":"auto","background-attachment":"scroll","background-type":"","background-media":"","overlay-type":"","overlay-color":"","overlay-opacity":"","overlay-gradient":""}},"ast-content-background-meta":{"desktop":{"background-color":"var(--ast-global-color-5)","background-image":"","background-repeat":"repeat","background-position":"center center","background-size":"auto","background-attachment":"scroll","background-type":"","background-media":"","overlay-type":"","overlay-color":"","overlay-opacity":"","overlay-gradient":""},"tablet":{"background-color":"var(--ast-global-color-5)","background-image":"","background-repeat":"repeat","background-position":"center center","background-size":"auto","background-attachment":"scroll","background-type":"","background-media":"","overlay-type":"","overlay-color":"","overlay-opacity":"","overlay-gradient":""},"mobile":{"background-color":"var(--ast-global-color-5)","background-image":"","background-repeat":"repeat","background-position":"center center","background-size":"auto","background-attachment":"scroll","background-type":"","background-media":"","overlay-type":"","overlay-color":"","overlay-opacity":"","overlay-gradient":""}},"footnotes":""},"categories":[8],"tags":[95,209,12,497,532,10,11,90,1775],"class_list":["post-8346","post","type-post","status-publish","format-standard","hentry","category-movements-eddh","tag-a330","tag-a330-200","tag-airbus","tag-airbus-a330","tag-airbus-a330-200","tag-eddh","tag-ham","tag-hamburg-airport","tag-maleht-aero"],"yoast_head":"<!-- This site is optimized with the Yoast SEO plugin v27.4 - https:\/\/yoast.com\/product\/yoast-seo-wordpress\/ -->\n<title>Maleth-Aero, 9H-MFS - eddh-airport<\/title>\n<meta name=\"description\" content=\"Am heutigen Mittag besuchte mit 9H-MFS ein Airbus A330-200 der Maleth-Aero den Hamburger Flughafen in Fuhlsb\u00fcttel.\" \/>\n<meta name=\"robots\" content=\"index, follow, max-snippet:-1, max-image-preview:large, max-video-preview:-1\" \/>\n<link rel=\"canonical\" href=\"https:\/\/www.eddh-airport.de\/eddhairport\/maleth-aero-9h-mfs\/\" \/>\n<meta property=\"og:locale\" content=\"de_DE\" \/>\n<meta property=\"og:type\" content=\"article\" \/>\n<meta property=\"og:title\" content=\"Maleth-Aero, 9H-MFS - eddh-airport\" \/>\n<meta property=\"og:description\" content=\"Am heutigen Mittag besuchte mit 9H-MFS ein Airbus A330-200 der Maleth-Aero den Hamburger Flughafen in Fuhlsb\u00fcttel.\" \/>\n<meta property=\"og:url\" content=\"https:\/\/www.eddh-airport.de\/eddhairport\/maleth-aero-9h-mfs\/\" \/>\n<meta property=\"og:site_name\" content=\"eddh-airport\" \/>\n<meta property=\"article:publisher\" content=\"https:\/\/www.facebook.com\/eddhairport\/\" \/>\n<meta property=\"article:published_time\" content=\"2023-09-05T14:10:40+00:00\" \/>\n<meta property=\"article:modified_time\" content=\"2023-09-06T06:55:15+00:00\" \/>\n<meta property=\"og:image\" content=\"https:\/\/www.netairspace.cc\/pic\/586932\/hottestbrick_main.jpg\" \/>\n<meta name=\"author\" content=\"Niclas Rebbelmund\" \/>\n<meta name=\"twitter:card\" content=\"summary_large_image\" \/>\n<meta name=\"twitter:creator\" content=\"@EDDH_airport_de\" \/>\n<meta name=\"twitter:site\" content=\"@EDDH_airport_de\" \/>\n<meta name=\"twitter:label1\" content=\"Verfasst von\" \/>\n\t<meta name=\"twitter:data1\" content=\"Niclas Rebbelmund\" \/>\n\t<meta name=\"twitter:label2\" content=\"Gesch\u00e4tzte Lesezeit\" \/>\n\t<meta name=\"twitter:data2\" content=\"2\u00a0Minuten\" \/>\n<script type=\"application\/ld+json\" class=\"yoast-schema-graph\">{\"@context\":\"https:\\\/\\\/schema.org\",\"@graph\":[{\"@type\":\"Article\",\"@id\":\"https:\\\/\\\/www.eddh-airport.de\\\/eddhairport\\\/maleth-aero-9h-mfs\\\/#article\",\"isPartOf\":{\"@id\":\"https:\\\/\\\/www.eddh-airport.de\\\/eddhairport\\\/maleth-aero-9h-mfs\\\/\"},\"author\":{\"name\":\"Niclas Rebbelmund\",\"@id\":\"https:\\\/\\\/www.eddh-airport.de\\\/eddhairport\\\/#\\\/schema\\\/person\\\/69e52086d712e506636c8f4c5f088abe\"},\"headline\":\"Maleth-Aero, 9H-MFS\",\"datePublished\":\"2023-09-05T14:10:40+00:00\",\"dateModified\":\"2023-09-06T06:55:15+00:00\",\"mainEntityOfPage\":{\"@id\":\"https:\\\/\\\/www.eddh-airport.de\\\/eddhairport\\\/maleth-aero-9h-mfs\\\/\"},\"wordCount\":235,\"commentCount\":0,\"publisher\":{\"@id\":\"https:\\\/\\\/www.eddh-airport.de\\\/eddhairport\\\/#organization\"},\"image\":{\"@id\":\"https:\\\/\\\/www.eddh-airport.de\\\/eddhairport\\\/maleth-aero-9h-mfs\\\/#primaryimage\"},\"thumbnailUrl\":\"https:\\\/\\\/www.netairspace.cc\\\/pic\\\/586932\\\/hottestbrick_main.jpg\",\"keywords\":[\"A330\",\"A330-200\",\"Airbus\",\"Airbus A330\",\"Airbus A330-200\",\"EDDH\",\"HAM\",\"Hamburg Airport\",\"Maleht-Aero\"],\"articleSection\":[\"Movements EDDH\"],\"inLanguage\":\"de\",\"potentialAction\":[{\"@type\":\"CommentAction\",\"name\":\"Comment\",\"target\":[\"https:\\\/\\\/www.eddh-airport.de\\\/eddhairport\\\/maleth-aero-9h-mfs\\\/#respond\"]}]},{\"@type\":\"WebPage\",\"@id\":\"https:\\\/\\\/www.eddh-airport.de\\\/eddhairport\\\/maleth-aero-9h-mfs\\\/\",\"url\":\"https:\\\/\\\/www.eddh-airport.de\\\/eddhairport\\\/maleth-aero-9h-mfs\\\/\",\"name\":\"Maleth-Aero, 9H-MFS - eddh-airport\",\"isPartOf\":{\"@id\":\"https:\\\/\\\/www.eddh-airport.de\\\/eddhairport\\\/#website\"},\"primaryImageOfPage\":{\"@id\":\"https:\\\/\\\/www.eddh-airport.de\\\/eddhairport\\\/maleth-aero-9h-mfs\\\/#primaryimage\"},\"image\":{\"@id\":\"https:\\\/\\\/www.eddh-airport.de\\\/eddhairport\\\/maleth-aero-9h-mfs\\\/#primaryimage\"},\"thumbnailUrl\":\"https:\\\/\\\/www.netairspace.cc\\\/pic\\\/586932\\\/hottestbrick_main.jpg\",\"datePublished\":\"2023-09-05T14:10:40+00:00\",\"dateModified\":\"2023-09-06T06:55:15+00:00\",\"description\":\"Am heutigen Mittag besuchte mit 9H-MFS ein Airbus A330-200 der Maleth-Aero den Hamburger Flughafen in Fuhlsb\u00fcttel.\",\"breadcrumb\":{\"@id\":\"https:\\\/\\\/www.eddh-airport.de\\\/eddhairport\\\/maleth-aero-9h-mfs\\\/#breadcrumb\"},\"inLanguage\":\"de\",\"potentialAction\":[{\"@type\":\"ReadAction\",\"target\":[\"https:\\\/\\\/www.eddh-airport.de\\\/eddhairport\\\/maleth-aero-9h-mfs\\\/\"]}]},{\"@type\":\"ImageObject\",\"inLanguage\":\"de\",\"@id\":\"https:\\\/\\\/www.eddh-airport.de\\\/eddhairport\\\/maleth-aero-9h-mfs\\\/#primaryimage\",\"url\":\"https:\\\/\\\/www.netairspace.cc\\\/pic\\\/586932\\\/hottestbrick_main.jpg\",\"contentUrl\":\"https:\\\/\\\/www.netairspace.cc\\\/pic\\\/586932\\\/hottestbrick_main.jpg\"},{\"@type\":\"BreadcrumbList\",\"@id\":\"https:\\\/\\\/www.eddh-airport.de\\\/eddhairport\\\/maleth-aero-9h-mfs\\\/#breadcrumb\",\"itemListElement\":[{\"@type\":\"ListItem\",\"position\":1,\"name\":\"Startseite\",\"item\":\"https:\\\/\\\/www.eddh-airport.de\\\/eddhairport\\\/\"},{\"@type\":\"ListItem\",\"position\":2,\"name\":\"Maleth-Aero, 9H-MFS\"}]},{\"@type\":\"WebSite\",\"@id\":\"https:\\\/\\\/www.eddh-airport.de\\\/eddhairport\\\/#website\",\"url\":\"https:\\\/\\\/www.eddh-airport.de\\\/eddhairport\\\/\",\"name\":\"eddh-airport\",\"description\":\"Luftfahrtnews und Planespotting aus Hamburg\",\"publisher\":{\"@id\":\"https:\\\/\\\/www.eddh-airport.de\\\/eddhairport\\\/#organization\"},\"potentialAction\":[{\"@type\":\"SearchAction\",\"target\":{\"@type\":\"EntryPoint\",\"urlTemplate\":\"https:\\\/\\\/www.eddh-airport.de\\\/eddhairport\\\/?s={search_term_string}\"},\"query-input\":{\"@type\":\"PropertyValueSpecification\",\"valueRequired\":true,\"valueName\":\"search_term_string\"}}],\"inLanguage\":\"de\"},{\"@type\":\"Organization\",\"@id\":\"https:\\\/\\\/www.eddh-airport.de\\\/eddhairport\\\/#organization\",\"name\":\"eddh-airport\",\"url\":\"https:\\\/\\\/www.eddh-airport.de\\\/eddhairport\\\/\",\"logo\":{\"@type\":\"ImageObject\",\"inLanguage\":\"de\",\"@id\":\"https:\\\/\\\/www.eddh-airport.de\\\/eddhairport\\\/#\\\/schema\\\/logo\\\/image\\\/\",\"url\":\"https:\\\/\\\/www.eddh-airport.de\\\/eddhairport\\\/wp-content\\\/uploads\\\/2018\\\/10\\\/cropped-Neues-Logo-blau-eine-Ebene-2.jpg\",\"contentUrl\":\"https:\\\/\\\/www.eddh-airport.de\\\/eddhairport\\\/wp-content\\\/uploads\\\/2018\\\/10\\\/cropped-Neues-Logo-blau-eine-Ebene-2.jpg\",\"width\":512,\"height\":512,\"caption\":\"eddh-airport\"},\"image\":{\"@id\":\"https:\\\/\\\/www.eddh-airport.de\\\/eddhairport\\\/#\\\/schema\\\/logo\\\/image\\\/\"},\"sameAs\":[\"https:\\\/\\\/www.facebook.com\\\/eddhairport\\\/\",\"https:\\\/\\\/x.com\\\/EDDH_airport_de\",\"https:\\\/\\\/www.instagram.com\\\/eddhairport\\\/?hl=de\"]},{\"@type\":\"Person\",\"@id\":\"https:\\\/\\\/www.eddh-airport.de\\\/eddhairport\\\/#\\\/schema\\\/person\\\/69e52086d712e506636c8f4c5f088abe\",\"name\":\"Niclas Rebbelmund\",\"image\":{\"@type\":\"ImageObject\",\"inLanguage\":\"de\",\"@id\":\"https:\\\/\\\/secure.gravatar.com\\\/avatar\\\/d84f2b77774e9493691ea91c216d4e4e5412d631f5fe9806ac1d1d54bd3c30cb?s=96&d=mm&r=g\",\"url\":\"https:\\\/\\\/secure.gravatar.com\\\/avatar\\\/d84f2b77774e9493691ea91c216d4e4e5412d631f5fe9806ac1d1d54bd3c30cb?s=96&d=mm&r=g\",\"contentUrl\":\"https:\\\/\\\/secure.gravatar.com\\\/avatar\\\/d84f2b77774e9493691ea91c216d4e4e5412d631f5fe9806ac1d1d54bd3c30cb?s=96&d=mm&r=g\",\"caption\":\"Niclas Rebbelmund\"},\"description\":\"34 Jahre, Team Nikon, Aviation &amp; Fotografie Enthusiast\",\"sameAs\":[\"https:\\\/\\\/www.instagram.com\\\/niclashco\\\/\"],\"url\":\"https:\\\/\\\/www.eddh-airport.de\\\/eddhairport\\\/author\\\/niclas-rebbelmund\\\/\"}]}<\/script>\n<!-- \/ Yoast SEO plugin. -->","yoast_head_json":{"title":"Maleth-Aero, 9H-MFS - eddh-airport","description":"Am heutigen Mittag besuchte mit 9H-MFS ein Airbus A330-200 der Maleth-Aero den Hamburger Flughafen in Fuhlsb\u00fcttel.","robots":{"index":"index","follow":"follow","max-snippet":"max-snippet:-1","max-image-preview":"max-image-preview:large","max-video-preview":"max-video-preview:-1"},"canonical":"https:\/\/www.eddh-airport.de\/eddhairport\/maleth-aero-9h-mfs\/","og_locale":"de_DE","og_type":"article","og_title":"Maleth-Aero, 9H-MFS - eddh-airport","og_description":"Am heutigen Mittag besuchte mit 9H-MFS ein Airbus A330-200 der Maleth-Aero den Hamburger Flughafen in Fuhlsb\u00fcttel.","og_url":"https:\/\/www.eddh-airport.de\/eddhairport\/maleth-aero-9h-mfs\/","og_site_name":"eddh-airport","article_publisher":"https:\/\/www.facebook.com\/eddhairport\/","article_published_time":"2023-09-05T14:10:40+00:00","article_modified_time":"2023-09-06T06:55:15+00:00","og_image":[{"url":"https:\/\/www.netairspace.cc\/pic\/586932\/hottestbrick_main.jpg","type":"","width":"","height":""}],"author":"Niclas Rebbelmund","twitter_card":"summary_large_image","twitter_creator":"@EDDH_airport_de","twitter_site":"@EDDH_airport_de","twitter_misc":{"Verfasst von":"Niclas Rebbelmund","Gesch\u00e4tzte Lesezeit":"2\u00a0Minuten"},"schema":{"@context":"https:\/\/schema.org","@graph":[{"@type":"Article","@id":"https:\/\/www.eddh-airport.de\/eddhairport\/maleth-aero-9h-mfs\/#article","isPartOf":{"@id":"https:\/\/www.eddh-airport.de\/eddhairport\/maleth-aero-9h-mfs\/"},"author":{"name":"Niclas Rebbelmund","@id":"https:\/\/www.eddh-airport.de\/eddhairport\/#\/schema\/person\/69e52086d712e506636c8f4c5f088abe"},"headline":"Maleth-Aero, 9H-MFS","datePublished":"2023-09-05T14:10:40+00:00","dateModified":"2023-09-06T06:55:15+00:00","mainEntityOfPage":{"@id":"https:\/\/www.eddh-airport.de\/eddhairport\/maleth-aero-9h-mfs\/"},"wordCount":235,"commentCount":0,"publisher":{"@id":"https:\/\/www.eddh-airport.de\/eddhairport\/#organization"},"image":{"@id":"https:\/\/www.eddh-airport.de\/eddhairport\/maleth-aero-9h-mfs\/#primaryimage"},"thumbnailUrl":"https:\/\/www.netairspace.cc\/pic\/586932\/hottestbrick_main.jpg","keywords":["A330","A330-200","Airbus","Airbus A330","Airbus A330-200","EDDH","HAM","Hamburg Airport","Maleht-Aero"],"articleSection":["Movements EDDH"],"inLanguage":"de","potentialAction":[{"@type":"CommentAction","name":"Comment","target":["https:\/\/www.eddh-airport.de\/eddhairport\/maleth-aero-9h-mfs\/#respond"]}]},{"@type":"WebPage","@id":"https:\/\/www.eddh-airport.de\/eddhairport\/maleth-aero-9h-mfs\/","url":"https:\/\/www.eddh-airport.de\/eddhairport\/maleth-aero-9h-mfs\/","name":"Maleth-Aero, 9H-MFS - eddh-airport","isPartOf":{"@id":"https:\/\/www.eddh-airport.de\/eddhairport\/#website"},"primaryImageOfPage":{"@id":"https:\/\/www.eddh-airport.de\/eddhairport\/maleth-aero-9h-mfs\/#primaryimage"},"image":{"@id":"https:\/\/www.eddh-airport.de\/eddhairport\/maleth-aero-9h-mfs\/#primaryimage"},"thumbnailUrl":"https:\/\/www.netairspace.cc\/pic\/586932\/hottestbrick_main.jpg","datePublished":"2023-09-05T14:10:40+00:00","dateModified":"2023-09-06T06:55:15+00:00","description":"Am heutigen Mittag besuchte mit 9H-MFS ein Airbus A330-200 der Maleth-Aero den Hamburger Flughafen in Fuhlsb\u00fcttel.","breadcrumb":{"@id":"https:\/\/www.eddh-airport.de\/eddhairport\/maleth-aero-9h-mfs\/#breadcrumb"},"inLanguage":"de","potentialAction":[{"@type":"ReadAction","target":["https:\/\/www.eddh-airport.de\/eddhairport\/maleth-aero-9h-mfs\/"]}]},{"@type":"ImageObject","inLanguage":"de","@id":"https:\/\/www.eddh-airport.de\/eddhairport\/maleth-aero-9h-mfs\/#primaryimage","url":"https:\/\/www.netairspace.cc\/pic\/586932\/hottestbrick_main.jpg","contentUrl":"https:\/\/www.netairspace.cc\/pic\/586932\/hottestbrick_main.jpg"},{"@type":"BreadcrumbList","@id":"https:\/\/www.eddh-airport.de\/eddhairport\/maleth-aero-9h-mfs\/#breadcrumb","itemListElement":[{"@type":"ListItem","position":1,"name":"Startseite","item":"https:\/\/www.eddh-airport.de\/eddhairport\/"},{"@type":"ListItem","position":2,"name":"Maleth-Aero, 9H-MFS"}]},{"@type":"WebSite","@id":"https:\/\/www.eddh-airport.de\/eddhairport\/#website","url":"https:\/\/www.eddh-airport.de\/eddhairport\/","name":"eddh-airport","description":"Luftfahrtnews und Planespotting aus Hamburg","publisher":{"@id":"https:\/\/www.eddh-airport.de\/eddhairport\/#organization"},"potentialAction":[{"@type":"SearchAction","target":{"@type":"EntryPoint","urlTemplate":"https:\/\/www.eddh-airport.de\/eddhairport\/?s={search_term_string}"},"query-input":{"@type":"PropertyValueSpecification","valueRequired":true,"valueName":"search_term_string"}}],"inLanguage":"de"},{"@type":"Organization","@id":"https:\/\/www.eddh-airport.de\/eddhairport\/#organization","name":"eddh-airport","url":"https:\/\/www.eddh-airport.de\/eddhairport\/","logo":{"@type":"ImageObject","inLanguage":"de","@id":"https:\/\/www.eddh-airport.de\/eddhairport\/#\/schema\/logo\/image\/","url":"https:\/\/www.eddh-airport.de\/eddhairport\/wp-content\/uploads\/2018\/10\/cropped-Neues-Logo-blau-eine-Ebene-2.jpg","contentUrl":"https:\/\/www.eddh-airport.de\/eddhairport\/wp-content\/uploads\/2018\/10\/cropped-Neues-Logo-blau-eine-Ebene-2.jpg","width":512,"height":512,"caption":"eddh-airport"},"image":{"@id":"https:\/\/www.eddh-airport.de\/eddhairport\/#\/schema\/logo\/image\/"},"sameAs":["https:\/\/www.facebook.com\/eddhairport\/","https:\/\/x.com\/EDDH_airport_de","https:\/\/www.instagram.com\/eddhairport\/?hl=de"]},{"@type":"Person","@id":"https:\/\/www.eddh-airport.de\/eddhairport\/#\/schema\/person\/69e52086d712e506636c8f4c5f088abe","name":"Niclas Rebbelmund","image":{"@type":"ImageObject","inLanguage":"de","@id":"https:\/\/secure.gravatar.com\/avatar\/d84f2b77774e9493691ea91c216d4e4e5412d631f5fe9806ac1d1d54bd3c30cb?s=96&d=mm&r=g","url":"https:\/\/secure.gravatar.com\/avatar\/d84f2b77774e9493691ea91c216d4e4e5412d631f5fe9806ac1d1d54bd3c30cb?s=96&d=mm&r=g","contentUrl":"https:\/\/secure.gravatar.com\/avatar\/d84f2b77774e9493691ea91c216d4e4e5412d631f5fe9806ac1d1d54bd3c30cb?s=96&d=mm&r=g","caption":"Niclas Rebbelmund"},"description":"34 Jahre, Team Nikon, Aviation &amp; Fotografie Enthusiast","sameAs":["https:\/\/www.instagram.com\/niclashco\/"],"url":"https:\/\/www.eddh-airport.de\/eddhairport\/author\/niclas-rebbelmund\/"}]}},"_links":{"self":[{"href":"https:\/\/www.eddh-airport.de\/eddhairport\/wp-json\/wp\/v2\/posts\/8346","targetHints":{"allow":["GET"]}}],"collection":[{"href":"https:\/\/www.eddh-airport.de\/eddhairport\/wp-json\/wp\/v2\/posts"}],"about":[{"href":"https:\/\/www.eddh-airport.de\/eddhairport\/wp-json\/wp\/v2\/types\/post"}],"author":[{"embeddable":true,"href":"https:\/\/www.eddh-airport.de\/eddhairport\/wp-json\/wp\/v2\/users\/3"}],"replies":[{"embeddable":true,"href":"https:\/\/www.eddh-airport.de\/eddhairport\/wp-json\/wp\/v2\/comments?post=8346"}],"version-history":[{"count":1,"href":"https:\/\/www.eddh-airport.de\/eddhairport\/wp-json\/wp\/v2\/posts\/8346\/revisions"}],"predecessor-version":[{"id":8347,"href":"https:\/\/www.eddh-airport.de\/eddhairport\/wp-json\/wp\/v2\/posts\/8346\/revisions\/8347"}],"wp:attachment":[{"href":"https:\/\/www.eddh-airport.de\/eddhairport\/wp-json\/wp\/v2\/media?parent=8346"}],"wp:term":[{"taxonomy":"category","embeddable":true,"href":"https:\/\/www.eddh-airport.de\/eddhairport\/wp-json\/wp\/v2\/categories?post=8346"},{"taxonomy":"post_tag","embeddable":true,"href":"https:\/\/www.eddh-airport.de\/eddhairport\/wp-json\/wp\/v2\/tags?post=8346"}],"curies":[{"name":"wp","href":"https:\/\/api.w.org\/{rel}","templated":true}]}}