{"id":8343,"date":"2023-09-05T14:48:21","date_gmt":"2023-09-05T12:48:21","guid":{"rendered":"https:\/\/www.eddh-airport.de\/eddhairport\/?p=8343"},"modified":"2023-09-06T08:05:46","modified_gmt":"2023-09-06T06:05:46","slug":"government-of-algeria-7t-vpp-8","status":"publish","type":"post","link":"https:\/\/www.eddh-airport.de\/eddhairport\/government-of-algeria-7t-vpp-8\/","title":{"rendered":"Government of Algeria, 7T-VPP"},"content":{"rendered":"<h6>Government of Algeria, 7T-VPP<\/h6>\n<p>Nach gut einem Monat in den Hallen der Lufthansa Technik (LHT) bewegte sich am heutigen Mittag der Airbus A340-541 der algerischen Regierung wieder in Fuhlsb\u00fcttel. Mit einigen Stunden Versp\u00e4tung, auf Grund von Problemen beim Routing des Abnahmeflugs, hob der Vierstrahler mit der Kennung 7T-VPP von der Startbahn 23 ab. Dabei sollte der Testflug eigentlich \u00fcber ein sogenanntes &#8220;Height Monitoring Unit&#8221; f\u00fchren, dass vom Boden aus die Flugh\u00f6he des Flugzeugs misst und dabei hilft die angezeigte H\u00f6he im Cockpit zu kalibrieren. Das war allerdings nicht ohne stundenlange Verz\u00f6gerungen m\u00f6glich, denn in Europa gibt es lediglich drei solche Punkte, und so f\u00fchrte der Flug einmal bis Bremen und wieder zur\u00fcck.<\/p>\n<p><a href=\"https:\/\/www.netairspace.cc\/pic\/586929\/\"><img decoding=\"async\" src=\"https:\/\/www.netairspace.cc\/pic\/586929\/hottestbrick_main.jpg\" alt=\"Aviation photo\" \/><\/a><br \/>\n<a href=\"https:\/\/www.netairspace.cc\/pic\/586929\/\"><span style=\"font-size: xx-small;\">7T-VPP at Hamburg &#8211; Fuhlsbuettel (Helmut Schmidt)<br \/>\nby Niclas Rebbelmund on netAirspace<\/span><\/a><\/p>\n<p>Am Abend hob der mehr als 15 Jahre alte Airbus dann final vom Hamburger Flughafen ab und nahm Kurs auf die algerische Boufarik Air Base (QFD). Dabei f\u00fchrte die Route dann auch \u00fcber das &#8220;Heigh Monitoring Unit&#8221; in Nattenheim, n\u00f6rdlich von Bitburg in Rheinland-Pfalz. Mit dem gestrigen Abflug endet die Wartung und Liegezeit von 7T-VPP bei der LHT am Hamburg Airport.<\/p>\n","protected":false},"excerpt":{"rendered":"<p>Government of Algeria, 7T-VPP Nach gut einem Monat in den Hallen der Lufthansa Technik (LHT) bewegte sich am heutigen Mittag der Airbus A340-541 der algerischen Regierung wieder in Fuhlsb\u00fcttel. Mit einigen Stunden Versp\u00e4tung, auf Grund von Problemen beim Routing des Abnahmeflugs, hob der Vierstrahler mit der Kennung 7T-VPP von der Startbahn 23 ab. Dabei sollte [&hellip;]<\/p>\n","protected":false},"author":3,"featured_media":0,"comment_status":"open","ping_status":"open","sticky":false,"template":"","format":"standard","meta":{"_monsterinsights_skip_tracking":false,"_monsterinsights_sitenote_active":false,"_monsterinsights_sitenote_note":"","_monsterinsights_sitenote_category":0,"site-sidebar-layout":"default","site-content-layout":"","ast-site-content-layout":"default","site-content-style":"default","site-sidebar-style":"default","ast-global-header-display":"","ast-banner-title-visibility":"","ast-main-header-display":"","ast-hfb-above-header-display":"","ast-hfb-below-header-display":"","ast-hfb-mobile-header-display":"","site-post-title":"","ast-breadcrumbs-content":"","ast-featured-img":"","footer-sml-layout":"","ast-disable-related-posts":"","theme-transparent-header-meta":"default","adv-header-id-meta":"","stick-header-meta":"","header-above-stick-meta":"","header-main-stick-meta":"","header-below-stick-meta":"","astra-migrate-meta-layouts":"set","ast-page-background-enabled":"default","ast-page-background-meta":{"desktop":{"background-color":"","background-image":"","background-repeat":"repeat","background-position":"center center","background-size":"auto","background-attachment":"scroll","background-type":"","background-media":"","overlay-type":"","overlay-color":"","overlay-opacity":"","overlay-gradient":""},"tablet":{"background-color":"","background-image":"","background-repeat":"repeat","background-position":"center center","background-size":"auto","background-attachment":"scroll","background-type":"","background-media":"","overlay-type":"","overlay-color":"","overlay-opacity":"","overlay-gradient":""},"mobile":{"background-color":"","background-image":"","background-repeat":"repeat","background-position":"center center","background-size":"auto","background-attachment":"scroll","background-type":"","background-media":"","overlay-type":"","overlay-color":"","overlay-opacity":"","overlay-gradient":""}},"ast-content-background-meta":{"desktop":{"background-color":"var(--ast-global-color-5)","background-image":"","background-repeat":"repeat","background-position":"center center","background-size":"auto","background-attachment":"scroll","background-type":"","background-media":"","overlay-type":"","overlay-color":"","overlay-opacity":"","overlay-gradient":""},"tablet":{"background-color":"var(--ast-global-color-5)","background-image":"","background-repeat":"repeat","background-position":"center center","background-size":"auto","background-attachment":"scroll","background-type":"","background-media":"","overlay-type":"","overlay-color":"","overlay-opacity":"","overlay-gradient":""},"mobile":{"background-color":"var(--ast-global-color-5)","background-image":"","background-repeat":"repeat","background-position":"center center","background-size":"auto","background-attachment":"scroll","background-type":"","background-media":"","overlay-type":"","overlay-color":"","overlay-opacity":"","overlay-gradient":""}},"footnotes":""},"categories":[8],"tags":[80,121,12,378,736,10,409,11,90,392,63],"class_list":["post-8343","post","type-post","status-publish","format-standard","hentry","category-movements-eddh","tag-a340","tag-a340-500","tag-airbus","tag-airbus-a340","tag-airbus-a340-500","tag-eddh","tag-government-of-algeria","tag-ham","tag-hamburg-airport","tag-lht","tag-lufthansa-technik"],"yoast_head":"<!-- This site is optimized with the Yoast SEO plugin v27.4 - https:\/\/yoast.com\/product\/yoast-seo-wordpress\/ -->\n<title>Government of Algeria, 7T-VPP - eddh-airport<\/title>\n<meta name=\"description\" content=\"Am Mittag brach 7T-VPP der algerischen Regierung zu einem Testflug vom Hamburger Flughafen aus auf und verlie\u00df am Abend final den Platz.\" \/>\n<meta name=\"robots\" content=\"index, follow, max-snippet:-1, max-image-preview:large, max-video-preview:-1\" \/>\n<link rel=\"canonical\" href=\"https:\/\/www.eddh-airport.de\/eddhairport\/government-of-algeria-7t-vpp-8\/\" \/>\n<meta property=\"og:locale\" content=\"de_DE\" \/>\n<meta property=\"og:type\" content=\"article\" \/>\n<meta property=\"og:title\" content=\"Government of Algeria, 7T-VPP - eddh-airport\" \/>\n<meta property=\"og:description\" content=\"Am Mittag brach 7T-VPP der algerischen Regierung zu einem Testflug vom Hamburger Flughafen aus auf und verlie\u00df am Abend final den Platz.\" \/>\n<meta property=\"og:url\" content=\"https:\/\/www.eddh-airport.de\/eddhairport\/government-of-algeria-7t-vpp-8\/\" \/>\n<meta property=\"og:site_name\" content=\"eddh-airport\" \/>\n<meta property=\"article:publisher\" content=\"https:\/\/www.facebook.com\/eddhairport\/\" \/>\n<meta property=\"article:published_time\" content=\"2023-09-05T12:48:21+00:00\" \/>\n<meta property=\"article:modified_time\" content=\"2023-09-06T06:05:46+00:00\" \/>\n<meta property=\"og:image\" content=\"https:\/\/www.netairspace.cc\/pic\/586929\/hottestbrick_main.jpg\" \/>\n<meta name=\"author\" content=\"Niclas Rebbelmund\" \/>\n<meta name=\"twitter:card\" content=\"summary_large_image\" \/>\n<meta name=\"twitter:creator\" content=\"@EDDH_airport_de\" \/>\n<meta name=\"twitter:site\" content=\"@EDDH_airport_de\" \/>\n<meta name=\"twitter:label1\" content=\"Verfasst von\" \/>\n\t<meta name=\"twitter:data1\" content=\"Niclas Rebbelmund\" \/>\n\t<meta name=\"twitter:label2\" content=\"Gesch\u00e4tzte Lesezeit\" \/>\n\t<meta name=\"twitter:data2\" content=\"2\u00a0Minuten\" \/>\n<script type=\"application\/ld+json\" class=\"yoast-schema-graph\">{\"@context\":\"https:\\\/\\\/schema.org\",\"@graph\":[{\"@type\":\"Article\",\"@id\":\"https:\\\/\\\/www.eddh-airport.de\\\/eddhairport\\\/government-of-algeria-7t-vpp-8\\\/#article\",\"isPartOf\":{\"@id\":\"https:\\\/\\\/www.eddh-airport.de\\\/eddhairport\\\/government-of-algeria-7t-vpp-8\\\/\"},\"author\":{\"name\":\"Niclas Rebbelmund\",\"@id\":\"https:\\\/\\\/www.eddh-airport.de\\\/eddhairport\\\/#\\\/schema\\\/person\\\/69e52086d712e506636c8f4c5f088abe\"},\"headline\":\"Government of Algeria, 7T-VPP\",\"datePublished\":\"2023-09-05T12:48:21+00:00\",\"dateModified\":\"2023-09-06T06:05:46+00:00\",\"mainEntityOfPage\":{\"@id\":\"https:\\\/\\\/www.eddh-airport.de\\\/eddhairport\\\/government-of-algeria-7t-vpp-8\\\/\"},\"wordCount\":199,\"commentCount\":0,\"publisher\":{\"@id\":\"https:\\\/\\\/www.eddh-airport.de\\\/eddhairport\\\/#organization\"},\"image\":{\"@id\":\"https:\\\/\\\/www.eddh-airport.de\\\/eddhairport\\\/government-of-algeria-7t-vpp-8\\\/#primaryimage\"},\"thumbnailUrl\":\"https:\\\/\\\/www.netairspace.cc\\\/pic\\\/586929\\\/hottestbrick_main.jpg\",\"keywords\":[\"A340\",\"A340-500\",\"Airbus\",\"Airbus A340\",\"Airbus A340-500\",\"EDDH\",\"Government of Algeria\",\"HAM\",\"Hamburg Airport\",\"LHT\",\"Lufthansa Technik\"],\"articleSection\":[\"Movements EDDH\"],\"inLanguage\":\"de\",\"potentialAction\":[{\"@type\":\"CommentAction\",\"name\":\"Comment\",\"target\":[\"https:\\\/\\\/www.eddh-airport.de\\\/eddhairport\\\/government-of-algeria-7t-vpp-8\\\/#respond\"]}]},{\"@type\":\"WebPage\",\"@id\":\"https:\\\/\\\/www.eddh-airport.de\\\/eddhairport\\\/government-of-algeria-7t-vpp-8\\\/\",\"url\":\"https:\\\/\\\/www.eddh-airport.de\\\/eddhairport\\\/government-of-algeria-7t-vpp-8\\\/\",\"name\":\"Government of Algeria, 7T-VPP - eddh-airport\",\"isPartOf\":{\"@id\":\"https:\\\/\\\/www.eddh-airport.de\\\/eddhairport\\\/#website\"},\"primaryImageOfPage\":{\"@id\":\"https:\\\/\\\/www.eddh-airport.de\\\/eddhairport\\\/government-of-algeria-7t-vpp-8\\\/#primaryimage\"},\"image\":{\"@id\":\"https:\\\/\\\/www.eddh-airport.de\\\/eddhairport\\\/government-of-algeria-7t-vpp-8\\\/#primaryimage\"},\"thumbnailUrl\":\"https:\\\/\\\/www.netairspace.cc\\\/pic\\\/586929\\\/hottestbrick_main.jpg\",\"datePublished\":\"2023-09-05T12:48:21+00:00\",\"dateModified\":\"2023-09-06T06:05:46+00:00\",\"description\":\"Am Mittag brach 7T-VPP der algerischen Regierung zu einem Testflug vom Hamburger Flughafen aus auf und verlie\u00df am Abend final den Platz.\",\"breadcrumb\":{\"@id\":\"https:\\\/\\\/www.eddh-airport.de\\\/eddhairport\\\/government-of-algeria-7t-vpp-8\\\/#breadcrumb\"},\"inLanguage\":\"de\",\"potentialAction\":[{\"@type\":\"ReadAction\",\"target\":[\"https:\\\/\\\/www.eddh-airport.de\\\/eddhairport\\\/government-of-algeria-7t-vpp-8\\\/\"]}]},{\"@type\":\"ImageObject\",\"inLanguage\":\"de\",\"@id\":\"https:\\\/\\\/www.eddh-airport.de\\\/eddhairport\\\/government-of-algeria-7t-vpp-8\\\/#primaryimage\",\"url\":\"https:\\\/\\\/www.netairspace.cc\\\/pic\\\/586929\\\/hottestbrick_main.jpg\",\"contentUrl\":\"https:\\\/\\\/www.netairspace.cc\\\/pic\\\/586929\\\/hottestbrick_main.jpg\"},{\"@type\":\"BreadcrumbList\",\"@id\":\"https:\\\/\\\/www.eddh-airport.de\\\/eddhairport\\\/government-of-algeria-7t-vpp-8\\\/#breadcrumb\",\"itemListElement\":[{\"@type\":\"ListItem\",\"position\":1,\"name\":\"Startseite\",\"item\":\"https:\\\/\\\/www.eddh-airport.de\\\/eddhairport\\\/\"},{\"@type\":\"ListItem\",\"position\":2,\"name\":\"Government of Algeria, 7T-VPP\"}]},{\"@type\":\"WebSite\",\"@id\":\"https:\\\/\\\/www.eddh-airport.de\\\/eddhairport\\\/#website\",\"url\":\"https:\\\/\\\/www.eddh-airport.de\\\/eddhairport\\\/\",\"name\":\"eddh-airport\",\"description\":\"Luftfahrtnews und Planespotting aus Hamburg\",\"publisher\":{\"@id\":\"https:\\\/\\\/www.eddh-airport.de\\\/eddhairport\\\/#organization\"},\"potentialAction\":[{\"@type\":\"SearchAction\",\"target\":{\"@type\":\"EntryPoint\",\"urlTemplate\":\"https:\\\/\\\/www.eddh-airport.de\\\/eddhairport\\\/?s={search_term_string}\"},\"query-input\":{\"@type\":\"PropertyValueSpecification\",\"valueRequired\":true,\"valueName\":\"search_term_string\"}}],\"inLanguage\":\"de\"},{\"@type\":\"Organization\",\"@id\":\"https:\\\/\\\/www.eddh-airport.de\\\/eddhairport\\\/#organization\",\"name\":\"eddh-airport\",\"url\":\"https:\\\/\\\/www.eddh-airport.de\\\/eddhairport\\\/\",\"logo\":{\"@type\":\"ImageObject\",\"inLanguage\":\"de\",\"@id\":\"https:\\\/\\\/www.eddh-airport.de\\\/eddhairport\\\/#\\\/schema\\\/logo\\\/image\\\/\",\"url\":\"https:\\\/\\\/www.eddh-airport.de\\\/eddhairport\\\/wp-content\\\/uploads\\\/2018\\\/10\\\/cropped-Neues-Logo-blau-eine-Ebene-2.jpg\",\"contentUrl\":\"https:\\\/\\\/www.eddh-airport.de\\\/eddhairport\\\/wp-content\\\/uploads\\\/2018\\\/10\\\/cropped-Neues-Logo-blau-eine-Ebene-2.jpg\",\"width\":512,\"height\":512,\"caption\":\"eddh-airport\"},\"image\":{\"@id\":\"https:\\\/\\\/www.eddh-airport.de\\\/eddhairport\\\/#\\\/schema\\\/logo\\\/image\\\/\"},\"sameAs\":[\"https:\\\/\\\/www.facebook.com\\\/eddhairport\\\/\",\"https:\\\/\\\/x.com\\\/EDDH_airport_de\",\"https:\\\/\\\/www.instagram.com\\\/eddhairport\\\/?hl=de\"]},{\"@type\":\"Person\",\"@id\":\"https:\\\/\\\/www.eddh-airport.de\\\/eddhairport\\\/#\\\/schema\\\/person\\\/69e52086d712e506636c8f4c5f088abe\",\"name\":\"Niclas Rebbelmund\",\"image\":{\"@type\":\"ImageObject\",\"inLanguage\":\"de\",\"@id\":\"https:\\\/\\\/secure.gravatar.com\\\/avatar\\\/d84f2b77774e9493691ea91c216d4e4e5412d631f5fe9806ac1d1d54bd3c30cb?s=96&d=mm&r=g\",\"url\":\"https:\\\/\\\/secure.gravatar.com\\\/avatar\\\/d84f2b77774e9493691ea91c216d4e4e5412d631f5fe9806ac1d1d54bd3c30cb?s=96&d=mm&r=g\",\"contentUrl\":\"https:\\\/\\\/secure.gravatar.com\\\/avatar\\\/d84f2b77774e9493691ea91c216d4e4e5412d631f5fe9806ac1d1d54bd3c30cb?s=96&d=mm&r=g\",\"caption\":\"Niclas Rebbelmund\"},\"description\":\"34 Jahre, Team Nikon, Aviation &amp; Fotografie Enthusiast\",\"sameAs\":[\"https:\\\/\\\/www.instagram.com\\\/niclashco\\\/\"],\"url\":\"https:\\\/\\\/www.eddh-airport.de\\\/eddhairport\\\/author\\\/niclas-rebbelmund\\\/\"}]}<\/script>\n<!-- \/ Yoast SEO plugin. -->","yoast_head_json":{"title":"Government of Algeria, 7T-VPP - eddh-airport","description":"Am Mittag brach 7T-VPP der algerischen Regierung zu einem Testflug vom Hamburger Flughafen aus auf und verlie\u00df am Abend final den Platz.","robots":{"index":"index","follow":"follow","max-snippet":"max-snippet:-1","max-image-preview":"max-image-preview:large","max-video-preview":"max-video-preview:-1"},"canonical":"https:\/\/www.eddh-airport.de\/eddhairport\/government-of-algeria-7t-vpp-8\/","og_locale":"de_DE","og_type":"article","og_title":"Government of Algeria, 7T-VPP - eddh-airport","og_description":"Am Mittag brach 7T-VPP der algerischen Regierung zu einem Testflug vom Hamburger Flughafen aus auf und verlie\u00df am Abend final den Platz.","og_url":"https:\/\/www.eddh-airport.de\/eddhairport\/government-of-algeria-7t-vpp-8\/","og_site_name":"eddh-airport","article_publisher":"https:\/\/www.facebook.com\/eddhairport\/","article_published_time":"2023-09-05T12:48:21+00:00","article_modified_time":"2023-09-06T06:05:46+00:00","og_image":[{"url":"https:\/\/www.netairspace.cc\/pic\/586929\/hottestbrick_main.jpg","type":"","width":"","height":""}],"author":"Niclas Rebbelmund","twitter_card":"summary_large_image","twitter_creator":"@EDDH_airport_de","twitter_site":"@EDDH_airport_de","twitter_misc":{"Verfasst von":"Niclas Rebbelmund","Gesch\u00e4tzte Lesezeit":"2\u00a0Minuten"},"schema":{"@context":"https:\/\/schema.org","@graph":[{"@type":"Article","@id":"https:\/\/www.eddh-airport.de\/eddhairport\/government-of-algeria-7t-vpp-8\/#article","isPartOf":{"@id":"https:\/\/www.eddh-airport.de\/eddhairport\/government-of-algeria-7t-vpp-8\/"},"author":{"name":"Niclas Rebbelmund","@id":"https:\/\/www.eddh-airport.de\/eddhairport\/#\/schema\/person\/69e52086d712e506636c8f4c5f088abe"},"headline":"Government of Algeria, 7T-VPP","datePublished":"2023-09-05T12:48:21+00:00","dateModified":"2023-09-06T06:05:46+00:00","mainEntityOfPage":{"@id":"https:\/\/www.eddh-airport.de\/eddhairport\/government-of-algeria-7t-vpp-8\/"},"wordCount":199,"commentCount":0,"publisher":{"@id":"https:\/\/www.eddh-airport.de\/eddhairport\/#organization"},"image":{"@id":"https:\/\/www.eddh-airport.de\/eddhairport\/government-of-algeria-7t-vpp-8\/#primaryimage"},"thumbnailUrl":"https:\/\/www.netairspace.cc\/pic\/586929\/hottestbrick_main.jpg","keywords":["A340","A340-500","Airbus","Airbus A340","Airbus A340-500","EDDH","Government of Algeria","HAM","Hamburg Airport","LHT","Lufthansa Technik"],"articleSection":["Movements EDDH"],"inLanguage":"de","potentialAction":[{"@type":"CommentAction","name":"Comment","target":["https:\/\/www.eddh-airport.de\/eddhairport\/government-of-algeria-7t-vpp-8\/#respond"]}]},{"@type":"WebPage","@id":"https:\/\/www.eddh-airport.de\/eddhairport\/government-of-algeria-7t-vpp-8\/","url":"https:\/\/www.eddh-airport.de\/eddhairport\/government-of-algeria-7t-vpp-8\/","name":"Government of Algeria, 7T-VPP - eddh-airport","isPartOf":{"@id":"https:\/\/www.eddh-airport.de\/eddhairport\/#website"},"primaryImageOfPage":{"@id":"https:\/\/www.eddh-airport.de\/eddhairport\/government-of-algeria-7t-vpp-8\/#primaryimage"},"image":{"@id":"https:\/\/www.eddh-airport.de\/eddhairport\/government-of-algeria-7t-vpp-8\/#primaryimage"},"thumbnailUrl":"https:\/\/www.netairspace.cc\/pic\/586929\/hottestbrick_main.jpg","datePublished":"2023-09-05T12:48:21+00:00","dateModified":"2023-09-06T06:05:46+00:00","description":"Am Mittag brach 7T-VPP der algerischen Regierung zu einem Testflug vom Hamburger Flughafen aus auf und verlie\u00df am Abend final den Platz.","breadcrumb":{"@id":"https:\/\/www.eddh-airport.de\/eddhairport\/government-of-algeria-7t-vpp-8\/#breadcrumb"},"inLanguage":"de","potentialAction":[{"@type":"ReadAction","target":["https:\/\/www.eddh-airport.de\/eddhairport\/government-of-algeria-7t-vpp-8\/"]}]},{"@type":"ImageObject","inLanguage":"de","@id":"https:\/\/www.eddh-airport.de\/eddhairport\/government-of-algeria-7t-vpp-8\/#primaryimage","url":"https:\/\/www.netairspace.cc\/pic\/586929\/hottestbrick_main.jpg","contentUrl":"https:\/\/www.netairspace.cc\/pic\/586929\/hottestbrick_main.jpg"},{"@type":"BreadcrumbList","@id":"https:\/\/www.eddh-airport.de\/eddhairport\/government-of-algeria-7t-vpp-8\/#breadcrumb","itemListElement":[{"@type":"ListItem","position":1,"name":"Startseite","item":"https:\/\/www.eddh-airport.de\/eddhairport\/"},{"@type":"ListItem","position":2,"name":"Government of Algeria, 7T-VPP"}]},{"@type":"WebSite","@id":"https:\/\/www.eddh-airport.de\/eddhairport\/#website","url":"https:\/\/www.eddh-airport.de\/eddhairport\/","name":"eddh-airport","description":"Luftfahrtnews und Planespotting aus Hamburg","publisher":{"@id":"https:\/\/www.eddh-airport.de\/eddhairport\/#organization"},"potentialAction":[{"@type":"SearchAction","target":{"@type":"EntryPoint","urlTemplate":"https:\/\/www.eddh-airport.de\/eddhairport\/?s={search_term_string}"},"query-input":{"@type":"PropertyValueSpecification","valueRequired":true,"valueName":"search_term_string"}}],"inLanguage":"de"},{"@type":"Organization","@id":"https:\/\/www.eddh-airport.de\/eddhairport\/#organization","name":"eddh-airport","url":"https:\/\/www.eddh-airport.de\/eddhairport\/","logo":{"@type":"ImageObject","inLanguage":"de","@id":"https:\/\/www.eddh-airport.de\/eddhairport\/#\/schema\/logo\/image\/","url":"https:\/\/www.eddh-airport.de\/eddhairport\/wp-content\/uploads\/2018\/10\/cropped-Neues-Logo-blau-eine-Ebene-2.jpg","contentUrl":"https:\/\/www.eddh-airport.de\/eddhairport\/wp-content\/uploads\/2018\/10\/cropped-Neues-Logo-blau-eine-Ebene-2.jpg","width":512,"height":512,"caption":"eddh-airport"},"image":{"@id":"https:\/\/www.eddh-airport.de\/eddhairport\/#\/schema\/logo\/image\/"},"sameAs":["https:\/\/www.facebook.com\/eddhairport\/","https:\/\/x.com\/EDDH_airport_de","https:\/\/www.instagram.com\/eddhairport\/?hl=de"]},{"@type":"Person","@id":"https:\/\/www.eddh-airport.de\/eddhairport\/#\/schema\/person\/69e52086d712e506636c8f4c5f088abe","name":"Niclas Rebbelmund","image":{"@type":"ImageObject","inLanguage":"de","@id":"https:\/\/secure.gravatar.com\/avatar\/d84f2b77774e9493691ea91c216d4e4e5412d631f5fe9806ac1d1d54bd3c30cb?s=96&d=mm&r=g","url":"https:\/\/secure.gravatar.com\/avatar\/d84f2b77774e9493691ea91c216d4e4e5412d631f5fe9806ac1d1d54bd3c30cb?s=96&d=mm&r=g","contentUrl":"https:\/\/secure.gravatar.com\/avatar\/d84f2b77774e9493691ea91c216d4e4e5412d631f5fe9806ac1d1d54bd3c30cb?s=96&d=mm&r=g","caption":"Niclas Rebbelmund"},"description":"34 Jahre, Team Nikon, Aviation &amp; Fotografie Enthusiast","sameAs":["https:\/\/www.instagram.com\/niclashco\/"],"url":"https:\/\/www.eddh-airport.de\/eddhairport\/author\/niclas-rebbelmund\/"}]}},"_links":{"self":[{"href":"https:\/\/www.eddh-airport.de\/eddhairport\/wp-json\/wp\/v2\/posts\/8343","targetHints":{"allow":["GET"]}}],"collection":[{"href":"https:\/\/www.eddh-airport.de\/eddhairport\/wp-json\/wp\/v2\/posts"}],"about":[{"href":"https:\/\/www.eddh-airport.de\/eddhairport\/wp-json\/wp\/v2\/types\/post"}],"author":[{"embeddable":true,"href":"https:\/\/www.eddh-airport.de\/eddhairport\/wp-json\/wp\/v2\/users\/3"}],"replies":[{"embeddable":true,"href":"https:\/\/www.eddh-airport.de\/eddhairport\/wp-json\/wp\/v2\/comments?post=8343"}],"version-history":[{"count":2,"href":"https:\/\/www.eddh-airport.de\/eddhairport\/wp-json\/wp\/v2\/posts\/8343\/revisions"}],"predecessor-version":[{"id":8345,"href":"https:\/\/www.eddh-airport.de\/eddhairport\/wp-json\/wp\/v2\/posts\/8343\/revisions\/8345"}],"wp:attachment":[{"href":"https:\/\/www.eddh-airport.de\/eddhairport\/wp-json\/wp\/v2\/media?parent=8343"}],"wp:term":[{"taxonomy":"category","embeddable":true,"href":"https:\/\/www.eddh-airport.de\/eddhairport\/wp-json\/wp\/v2\/categories?post=8343"},{"taxonomy":"post_tag","embeddable":true,"href":"https:\/\/www.eddh-airport.de\/eddhairport\/wp-json\/wp\/v2\/tags?post=8343"}],"curies":[{"name":"wp","href":"https:\/\/api.w.org\/{rel}","templated":true}]}}