{"id":7727,"date":"2022-12-06T19:49:29","date_gmt":"2022-12-06T18:49:29","guid":{"rendered":"https:\/\/www.eddh-airport.de\/eddhairport\/?p=7727"},"modified":"2022-12-06T19:49:29","modified_gmt":"2022-12-06T18:49:29","slug":"comlux-aruba-p4-787-2","status":"publish","type":"post","link":"https:\/\/www.eddh-airport.de\/eddhairport\/comlux-aruba-p4-787-2\/","title":{"rendered":"Comlux Aruba, P4-787"},"content":{"rendered":"<h6>Comlux Aruba, P4-787<\/h6>\n<p>Urspr\u00fcnglich sollte die Boeing 787-8 Dreamliner der Comlux Aruba bereits am Samstag den Hamburger Flughafen nach erfolgreicher Wartung bei der Lufthansa Technik (LHT) verlassen. Ein tragischer und leider auch t\u00f6dlicher Unfall am Freitagabend auf dem Werftgel\u00e4nde verhinderte jedoch den Abflug. Aus bislang noch ungekl\u00e4rter Ursache kam ein Arbeiter beim \u00d6ffnen eines Werfttores zu Tode. Im Sinne aller m\u00f6chten auch wir hier unser tiefstes Mitgef\u00fchl und aufrichtiges Beileid bekunden.<br \/>\nSo konnte der Dreamliner erst am heutigen Abend das Gel\u00e4nde vor den Halen der LHT verlassen und hob \u00fcber die Startbahn 33 schlie\u00dflich ab. Von dort aus setzte P4-787 dann Kurs auf dem Flughafen der spanischen Hauptstadt Madrid (MAD).<\/p>\n<p><a href=\"https:\/\/www.netairspace.cc\/pic\/538664\/\"><img decoding=\"async\" src=\"https:\/\/www.netairspace.cc\/pic\/538664\/hottestbrick_main.jpg\" alt=\"Aviation photo\" \/><\/a><br \/>\n<a href=\"https:\/\/www.netairspace.cc\/pic\/538664\/\"><span style=\"font-size: xx-small;\">P4-787 at Hamburg &#8211; Fuhlsbuettel (Helmut Schmidt)<br \/>\nby Niclas Rebbelmund on netAirspace<\/span><\/a><\/p>\n<p>Eigentlich sollte die mehr als neun Jahre alte Maschine bereits am Mittag in Richtung des Flughafens Z\u00fcrich (ZRH) aufbrechen, jedoch wurden diese Pl\u00e4ne dann offenbar wieder verworfen &#8211; ebenso wie die eigentliche Abflugzeit. Denn eine ganze Stunde zu fr\u00fch bekam die Boeing die Erlaubnis die Triebwerke zu starten und die Freigabe sich in Richtung Spanien bewegen zu d\u00fcrfen.<br \/>\nAusgeliefert wurde die 787 am 16. August 2013 im amerikanischen Everett (PAE) an Aerom\u00e9xico die sie bis in den Dezember 2020 mit insgesamt 243 Sitzpl\u00e4tzen betrieb. Am 8. Februar 2021 \u00fcbernahm dann Comlux Aruba den Jet und gab ihm die Kennung P4-787. Von dort an betreibt die Airline den Dreamliner f\u00fcr den argentisch-italienischen Schauspieler und Piloten Enrique Pi\u00f1eyro, der damit gr\u00f6\u00dftenteils humanit\u00e4re Hilfsfl\u00fcge durchf\u00fchrt.<\/p>\n","protected":false},"excerpt":{"rendered":"<p>Comlux Aruba, P4-787 Urspr\u00fcnglich sollte die Boeing 787-8 Dreamliner der Comlux Aruba bereits am Samstag den Hamburger Flughafen nach erfolgreicher Wartung bei der Lufthansa Technik (LHT) verlassen. Ein tragischer und leider auch t\u00f6dlicher Unfall am Freitagabend auf dem Werftgel\u00e4nde verhinderte jedoch den Abflug. Aus bislang noch ungekl\u00e4rter Ursache kam ein Arbeiter beim \u00d6ffnen eines Werfttores [&hellip;]<\/p>\n","protected":false},"author":3,"featured_media":0,"comment_status":"open","ping_status":"open","sticky":false,"template":"","format":"standard","meta":{"_monsterinsights_skip_tracking":false,"_monsterinsights_sitenote_active":false,"_monsterinsights_sitenote_note":"","_monsterinsights_sitenote_category":0,"site-sidebar-layout":"default","site-content-layout":"default","ast-site-content-layout":"default","site-content-style":"default","site-sidebar-style":"default","ast-global-header-display":"","ast-banner-title-visibility":"","ast-main-header-display":"","ast-hfb-above-header-display":"","ast-hfb-below-header-display":"","ast-hfb-mobile-header-display":"","site-post-title":"","ast-breadcrumbs-content":"","ast-featured-img":"","footer-sml-layout":"","ast-disable-related-posts":"","theme-transparent-header-meta":"default","adv-header-id-meta":"","stick-header-meta":"","header-above-stick-meta":"","header-main-stick-meta":"","header-below-stick-meta":"","astra-migrate-meta-layouts":"default","ast-page-background-enabled":"default","ast-page-background-meta":{"desktop":{"background-color":"","background-image":"","background-repeat":"repeat","background-position":"center center","background-size":"auto","background-attachment":"scroll","background-type":"","background-media":"","overlay-type":"","overlay-color":"","overlay-opacity":"","overlay-gradient":""},"tablet":{"background-color":"","background-image":"","background-repeat":"repeat","background-position":"center center","background-size":"auto","background-attachment":"scroll","background-type":"","background-media":"","overlay-type":"","overlay-color":"","overlay-opacity":"","overlay-gradient":""},"mobile":{"background-color":"","background-image":"","background-repeat":"repeat","background-position":"center center","background-size":"auto","background-attachment":"scroll","background-type":"","background-media":"","overlay-type":"","overlay-color":"","overlay-opacity":"","overlay-gradient":""}},"ast-content-background-meta":{"desktop":{"background-color":"var(--ast-global-color-5)","background-image":"","background-repeat":"repeat","background-position":"center center","background-size":"auto","background-attachment":"scroll","background-type":"","background-media":"","overlay-type":"","overlay-color":"","overlay-opacity":"","overlay-gradient":""},"tablet":{"background-color":"var(--ast-global-color-5)","background-image":"","background-repeat":"repeat","background-position":"center center","background-size":"auto","background-attachment":"scroll","background-type":"","background-media":"","overlay-type":"","overlay-color":"","overlay-opacity":"","overlay-gradient":""},"mobile":{"background-color":"var(--ast-global-color-5)","background-image":"","background-repeat":"repeat","background-position":"center center","background-size":"auto","background-attachment":"scroll","background-type":"","background-media":"","overlay-type":"","overlay-color":"","overlay-opacity":"","overlay-gradient":""}},"footnotes":""},"categories":[8],"tags":[174,869,1555,132,133,1554,29,867,868,1553,1060,1327,131,10,11,90,392,63],"class_list":["post-7727","post","type-post","status-publish","format-standard","hentry","category-movements-eddh","tag-174","tag-787-8","tag-787-8-dreamliner","tag-b787","tag-b787-8","tag-b787-8-dreamliner","tag-boeing","tag-boeing-787","tag-boeing-787-8","tag-boeing-787-8-dreamliner","tag-comlux","tag-comlux-aruba","tag-dreamliner","tag-eddh","tag-ham","tag-hamburg-airport","tag-lht","tag-lufthansa-technik"],"yoast_head":"<!-- This site is optimized with the Yoast SEO plugin v27.4 - https:\/\/yoast.com\/product\/yoast-seo-wordpress\/ -->\n<title>Comlux Aruba, P4-787 - eddh-airport<\/title>\n<meta name=\"description\" content=\"Am heutigen fr\u00fchen Abend verlie\u00df mit P4-787 die Boeing 787-8 Dreamliner der Comlux Aruba Fuhlsb\u00fcttel wieder.\" \/>\n<meta name=\"robots\" content=\"index, follow, max-snippet:-1, max-image-preview:large, max-video-preview:-1\" \/>\n<link rel=\"canonical\" href=\"https:\/\/www.eddh-airport.de\/eddhairport\/comlux-aruba-p4-787-2\/\" \/>\n<meta property=\"og:locale\" content=\"de_DE\" \/>\n<meta property=\"og:type\" content=\"article\" \/>\n<meta property=\"og:title\" content=\"Comlux Aruba, P4-787 - eddh-airport\" \/>\n<meta property=\"og:description\" content=\"Am heutigen fr\u00fchen Abend verlie\u00df mit P4-787 die Boeing 787-8 Dreamliner der Comlux Aruba Fuhlsb\u00fcttel wieder.\" \/>\n<meta property=\"og:url\" content=\"https:\/\/www.eddh-airport.de\/eddhairport\/comlux-aruba-p4-787-2\/\" \/>\n<meta property=\"og:site_name\" content=\"eddh-airport\" \/>\n<meta property=\"article:publisher\" content=\"https:\/\/www.facebook.com\/eddhairport\/\" \/>\n<meta property=\"article:published_time\" content=\"2022-12-06T18:49:29+00:00\" \/>\n<meta property=\"og:image\" content=\"https:\/\/www.netairspace.cc\/pic\/538664\/hottestbrick_main.jpg\" \/>\n<meta name=\"author\" content=\"Niclas Rebbelmund\" \/>\n<meta name=\"twitter:card\" content=\"summary_large_image\" \/>\n<meta name=\"twitter:creator\" content=\"@EDDH_airport_de\" \/>\n<meta name=\"twitter:site\" content=\"@EDDH_airport_de\" \/>\n<meta name=\"twitter:label1\" content=\"Verfasst von\" \/>\n\t<meta name=\"twitter:data1\" content=\"Niclas Rebbelmund\" \/>\n\t<meta name=\"twitter:label2\" content=\"Gesch\u00e4tzte Lesezeit\" \/>\n\t<meta name=\"twitter:data2\" content=\"2\u00a0Minuten\" \/>\n<script type=\"application\/ld+json\" class=\"yoast-schema-graph\">{\"@context\":\"https:\\\/\\\/schema.org\",\"@graph\":[{\"@type\":\"Article\",\"@id\":\"https:\\\/\\\/www.eddh-airport.de\\\/eddhairport\\\/comlux-aruba-p4-787-2\\\/#article\",\"isPartOf\":{\"@id\":\"https:\\\/\\\/www.eddh-airport.de\\\/eddhairport\\\/comlux-aruba-p4-787-2\\\/\"},\"author\":{\"name\":\"Niclas Rebbelmund\",\"@id\":\"https:\\\/\\\/www.eddh-airport.de\\\/eddhairport\\\/#\\\/schema\\\/person\\\/69e52086d712e506636c8f4c5f088abe\"},\"headline\":\"Comlux Aruba, P4-787\",\"datePublished\":\"2022-12-06T18:49:29+00:00\",\"mainEntityOfPage\":{\"@id\":\"https:\\\/\\\/www.eddh-airport.de\\\/eddhairport\\\/comlux-aruba-p4-787-2\\\/\"},\"wordCount\":264,\"commentCount\":0,\"publisher\":{\"@id\":\"https:\\\/\\\/www.eddh-airport.de\\\/eddhairport\\\/#organization\"},\"image\":{\"@id\":\"https:\\\/\\\/www.eddh-airport.de\\\/eddhairport\\\/comlux-aruba-p4-787-2\\\/#primaryimage\"},\"thumbnailUrl\":\"https:\\\/\\\/www.netairspace.cc\\\/pic\\\/538664\\\/hottestbrick_main.jpg\",\"keywords\":[\"787\",\"787-8\",\"787-8 Dreamliner\",\"B787\",\"B787-8\",\"B787-8 Dreamliner\",\"Boeing\",\"Boeing 787\",\"Boeing 787-8\",\"Boeing 787-8 Dreamliner\",\"Comlux\",\"Comlux Aruba\",\"Dreamliner\",\"EDDH\",\"HAM\",\"Hamburg Airport\",\"LHT\",\"Lufthansa Technik\"],\"articleSection\":[\"Movements EDDH\"],\"inLanguage\":\"de\",\"potentialAction\":[{\"@type\":\"CommentAction\",\"name\":\"Comment\",\"target\":[\"https:\\\/\\\/www.eddh-airport.de\\\/eddhairport\\\/comlux-aruba-p4-787-2\\\/#respond\"]}]},{\"@type\":\"WebPage\",\"@id\":\"https:\\\/\\\/www.eddh-airport.de\\\/eddhairport\\\/comlux-aruba-p4-787-2\\\/\",\"url\":\"https:\\\/\\\/www.eddh-airport.de\\\/eddhairport\\\/comlux-aruba-p4-787-2\\\/\",\"name\":\"Comlux Aruba, P4-787 - eddh-airport\",\"isPartOf\":{\"@id\":\"https:\\\/\\\/www.eddh-airport.de\\\/eddhairport\\\/#website\"},\"primaryImageOfPage\":{\"@id\":\"https:\\\/\\\/www.eddh-airport.de\\\/eddhairport\\\/comlux-aruba-p4-787-2\\\/#primaryimage\"},\"image\":{\"@id\":\"https:\\\/\\\/www.eddh-airport.de\\\/eddhairport\\\/comlux-aruba-p4-787-2\\\/#primaryimage\"},\"thumbnailUrl\":\"https:\\\/\\\/www.netairspace.cc\\\/pic\\\/538664\\\/hottestbrick_main.jpg\",\"datePublished\":\"2022-12-06T18:49:29+00:00\",\"description\":\"Am heutigen fr\u00fchen Abend verlie\u00df mit P4-787 die Boeing 787-8 Dreamliner der Comlux Aruba Fuhlsb\u00fcttel wieder.\",\"breadcrumb\":{\"@id\":\"https:\\\/\\\/www.eddh-airport.de\\\/eddhairport\\\/comlux-aruba-p4-787-2\\\/#breadcrumb\"},\"inLanguage\":\"de\",\"potentialAction\":[{\"@type\":\"ReadAction\",\"target\":[\"https:\\\/\\\/www.eddh-airport.de\\\/eddhairport\\\/comlux-aruba-p4-787-2\\\/\"]}]},{\"@type\":\"ImageObject\",\"inLanguage\":\"de\",\"@id\":\"https:\\\/\\\/www.eddh-airport.de\\\/eddhairport\\\/comlux-aruba-p4-787-2\\\/#primaryimage\",\"url\":\"https:\\\/\\\/www.netairspace.cc\\\/pic\\\/538664\\\/hottestbrick_main.jpg\",\"contentUrl\":\"https:\\\/\\\/www.netairspace.cc\\\/pic\\\/538664\\\/hottestbrick_main.jpg\"},{\"@type\":\"BreadcrumbList\",\"@id\":\"https:\\\/\\\/www.eddh-airport.de\\\/eddhairport\\\/comlux-aruba-p4-787-2\\\/#breadcrumb\",\"itemListElement\":[{\"@type\":\"ListItem\",\"position\":1,\"name\":\"Startseite\",\"item\":\"https:\\\/\\\/www.eddh-airport.de\\\/eddhairport\\\/\"},{\"@type\":\"ListItem\",\"position\":2,\"name\":\"Comlux Aruba, P4-787\"}]},{\"@type\":\"WebSite\",\"@id\":\"https:\\\/\\\/www.eddh-airport.de\\\/eddhairport\\\/#website\",\"url\":\"https:\\\/\\\/www.eddh-airport.de\\\/eddhairport\\\/\",\"name\":\"eddh-airport\",\"description\":\"Luftfahrtnews und Planespotting aus Hamburg\",\"publisher\":{\"@id\":\"https:\\\/\\\/www.eddh-airport.de\\\/eddhairport\\\/#organization\"},\"potentialAction\":[{\"@type\":\"SearchAction\",\"target\":{\"@type\":\"EntryPoint\",\"urlTemplate\":\"https:\\\/\\\/www.eddh-airport.de\\\/eddhairport\\\/?s={search_term_string}\"},\"query-input\":{\"@type\":\"PropertyValueSpecification\",\"valueRequired\":true,\"valueName\":\"search_term_string\"}}],\"inLanguage\":\"de\"},{\"@type\":\"Organization\",\"@id\":\"https:\\\/\\\/www.eddh-airport.de\\\/eddhairport\\\/#organization\",\"name\":\"eddh-airport\",\"url\":\"https:\\\/\\\/www.eddh-airport.de\\\/eddhairport\\\/\",\"logo\":{\"@type\":\"ImageObject\",\"inLanguage\":\"de\",\"@id\":\"https:\\\/\\\/www.eddh-airport.de\\\/eddhairport\\\/#\\\/schema\\\/logo\\\/image\\\/\",\"url\":\"https:\\\/\\\/www.eddh-airport.de\\\/eddhairport\\\/wp-content\\\/uploads\\\/2018\\\/10\\\/cropped-Neues-Logo-blau-eine-Ebene-2.jpg\",\"contentUrl\":\"https:\\\/\\\/www.eddh-airport.de\\\/eddhairport\\\/wp-content\\\/uploads\\\/2018\\\/10\\\/cropped-Neues-Logo-blau-eine-Ebene-2.jpg\",\"width\":512,\"height\":512,\"caption\":\"eddh-airport\"},\"image\":{\"@id\":\"https:\\\/\\\/www.eddh-airport.de\\\/eddhairport\\\/#\\\/schema\\\/logo\\\/image\\\/\"},\"sameAs\":[\"https:\\\/\\\/www.facebook.com\\\/eddhairport\\\/\",\"https:\\\/\\\/x.com\\\/EDDH_airport_de\",\"https:\\\/\\\/www.instagram.com\\\/eddhairport\\\/?hl=de\"]},{\"@type\":\"Person\",\"@id\":\"https:\\\/\\\/www.eddh-airport.de\\\/eddhairport\\\/#\\\/schema\\\/person\\\/69e52086d712e506636c8f4c5f088abe\",\"name\":\"Niclas Rebbelmund\",\"image\":{\"@type\":\"ImageObject\",\"inLanguage\":\"de\",\"@id\":\"https:\\\/\\\/secure.gravatar.com\\\/avatar\\\/d84f2b77774e9493691ea91c216d4e4e5412d631f5fe9806ac1d1d54bd3c30cb?s=96&d=mm&r=g\",\"url\":\"https:\\\/\\\/secure.gravatar.com\\\/avatar\\\/d84f2b77774e9493691ea91c216d4e4e5412d631f5fe9806ac1d1d54bd3c30cb?s=96&d=mm&r=g\",\"contentUrl\":\"https:\\\/\\\/secure.gravatar.com\\\/avatar\\\/d84f2b77774e9493691ea91c216d4e4e5412d631f5fe9806ac1d1d54bd3c30cb?s=96&d=mm&r=g\",\"caption\":\"Niclas Rebbelmund\"},\"description\":\"34 Jahre, Team Nikon, Aviation &amp; Fotografie Enthusiast\",\"sameAs\":[\"https:\\\/\\\/www.instagram.com\\\/niclashco\\\/\"],\"url\":\"https:\\\/\\\/www.eddh-airport.de\\\/eddhairport\\\/author\\\/niclas-rebbelmund\\\/\"}]}<\/script>\n<!-- \/ Yoast SEO plugin. -->","yoast_head_json":{"title":"Comlux Aruba, P4-787 - eddh-airport","description":"Am heutigen fr\u00fchen Abend verlie\u00df mit P4-787 die Boeing 787-8 Dreamliner der Comlux Aruba Fuhlsb\u00fcttel wieder.","robots":{"index":"index","follow":"follow","max-snippet":"max-snippet:-1","max-image-preview":"max-image-preview:large","max-video-preview":"max-video-preview:-1"},"canonical":"https:\/\/www.eddh-airport.de\/eddhairport\/comlux-aruba-p4-787-2\/","og_locale":"de_DE","og_type":"article","og_title":"Comlux Aruba, P4-787 - eddh-airport","og_description":"Am heutigen fr\u00fchen Abend verlie\u00df mit P4-787 die Boeing 787-8 Dreamliner der Comlux Aruba Fuhlsb\u00fcttel wieder.","og_url":"https:\/\/www.eddh-airport.de\/eddhairport\/comlux-aruba-p4-787-2\/","og_site_name":"eddh-airport","article_publisher":"https:\/\/www.facebook.com\/eddhairport\/","article_published_time":"2022-12-06T18:49:29+00:00","og_image":[{"url":"https:\/\/www.netairspace.cc\/pic\/538664\/hottestbrick_main.jpg","type":"","width":"","height":""}],"author":"Niclas Rebbelmund","twitter_card":"summary_large_image","twitter_creator":"@EDDH_airport_de","twitter_site":"@EDDH_airport_de","twitter_misc":{"Verfasst von":"Niclas Rebbelmund","Gesch\u00e4tzte Lesezeit":"2\u00a0Minuten"},"schema":{"@context":"https:\/\/schema.org","@graph":[{"@type":"Article","@id":"https:\/\/www.eddh-airport.de\/eddhairport\/comlux-aruba-p4-787-2\/#article","isPartOf":{"@id":"https:\/\/www.eddh-airport.de\/eddhairport\/comlux-aruba-p4-787-2\/"},"author":{"name":"Niclas Rebbelmund","@id":"https:\/\/www.eddh-airport.de\/eddhairport\/#\/schema\/person\/69e52086d712e506636c8f4c5f088abe"},"headline":"Comlux Aruba, P4-787","datePublished":"2022-12-06T18:49:29+00:00","mainEntityOfPage":{"@id":"https:\/\/www.eddh-airport.de\/eddhairport\/comlux-aruba-p4-787-2\/"},"wordCount":264,"commentCount":0,"publisher":{"@id":"https:\/\/www.eddh-airport.de\/eddhairport\/#organization"},"image":{"@id":"https:\/\/www.eddh-airport.de\/eddhairport\/comlux-aruba-p4-787-2\/#primaryimage"},"thumbnailUrl":"https:\/\/www.netairspace.cc\/pic\/538664\/hottestbrick_main.jpg","keywords":["787","787-8","787-8 Dreamliner","B787","B787-8","B787-8 Dreamliner","Boeing","Boeing 787","Boeing 787-8","Boeing 787-8 Dreamliner","Comlux","Comlux Aruba","Dreamliner","EDDH","HAM","Hamburg Airport","LHT","Lufthansa Technik"],"articleSection":["Movements EDDH"],"inLanguage":"de","potentialAction":[{"@type":"CommentAction","name":"Comment","target":["https:\/\/www.eddh-airport.de\/eddhairport\/comlux-aruba-p4-787-2\/#respond"]}]},{"@type":"WebPage","@id":"https:\/\/www.eddh-airport.de\/eddhairport\/comlux-aruba-p4-787-2\/","url":"https:\/\/www.eddh-airport.de\/eddhairport\/comlux-aruba-p4-787-2\/","name":"Comlux Aruba, P4-787 - eddh-airport","isPartOf":{"@id":"https:\/\/www.eddh-airport.de\/eddhairport\/#website"},"primaryImageOfPage":{"@id":"https:\/\/www.eddh-airport.de\/eddhairport\/comlux-aruba-p4-787-2\/#primaryimage"},"image":{"@id":"https:\/\/www.eddh-airport.de\/eddhairport\/comlux-aruba-p4-787-2\/#primaryimage"},"thumbnailUrl":"https:\/\/www.netairspace.cc\/pic\/538664\/hottestbrick_main.jpg","datePublished":"2022-12-06T18:49:29+00:00","description":"Am heutigen fr\u00fchen Abend verlie\u00df mit P4-787 die Boeing 787-8 Dreamliner der Comlux Aruba Fuhlsb\u00fcttel wieder.","breadcrumb":{"@id":"https:\/\/www.eddh-airport.de\/eddhairport\/comlux-aruba-p4-787-2\/#breadcrumb"},"inLanguage":"de","potentialAction":[{"@type":"ReadAction","target":["https:\/\/www.eddh-airport.de\/eddhairport\/comlux-aruba-p4-787-2\/"]}]},{"@type":"ImageObject","inLanguage":"de","@id":"https:\/\/www.eddh-airport.de\/eddhairport\/comlux-aruba-p4-787-2\/#primaryimage","url":"https:\/\/www.netairspace.cc\/pic\/538664\/hottestbrick_main.jpg","contentUrl":"https:\/\/www.netairspace.cc\/pic\/538664\/hottestbrick_main.jpg"},{"@type":"BreadcrumbList","@id":"https:\/\/www.eddh-airport.de\/eddhairport\/comlux-aruba-p4-787-2\/#breadcrumb","itemListElement":[{"@type":"ListItem","position":1,"name":"Startseite","item":"https:\/\/www.eddh-airport.de\/eddhairport\/"},{"@type":"ListItem","position":2,"name":"Comlux Aruba, P4-787"}]},{"@type":"WebSite","@id":"https:\/\/www.eddh-airport.de\/eddhairport\/#website","url":"https:\/\/www.eddh-airport.de\/eddhairport\/","name":"eddh-airport","description":"Luftfahrtnews und Planespotting aus Hamburg","publisher":{"@id":"https:\/\/www.eddh-airport.de\/eddhairport\/#organization"},"potentialAction":[{"@type":"SearchAction","target":{"@type":"EntryPoint","urlTemplate":"https:\/\/www.eddh-airport.de\/eddhairport\/?s={search_term_string}"},"query-input":{"@type":"PropertyValueSpecification","valueRequired":true,"valueName":"search_term_string"}}],"inLanguage":"de"},{"@type":"Organization","@id":"https:\/\/www.eddh-airport.de\/eddhairport\/#organization","name":"eddh-airport","url":"https:\/\/www.eddh-airport.de\/eddhairport\/","logo":{"@type":"ImageObject","inLanguage":"de","@id":"https:\/\/www.eddh-airport.de\/eddhairport\/#\/schema\/logo\/image\/","url":"https:\/\/www.eddh-airport.de\/eddhairport\/wp-content\/uploads\/2018\/10\/cropped-Neues-Logo-blau-eine-Ebene-2.jpg","contentUrl":"https:\/\/www.eddh-airport.de\/eddhairport\/wp-content\/uploads\/2018\/10\/cropped-Neues-Logo-blau-eine-Ebene-2.jpg","width":512,"height":512,"caption":"eddh-airport"},"image":{"@id":"https:\/\/www.eddh-airport.de\/eddhairport\/#\/schema\/logo\/image\/"},"sameAs":["https:\/\/www.facebook.com\/eddhairport\/","https:\/\/x.com\/EDDH_airport_de","https:\/\/www.instagram.com\/eddhairport\/?hl=de"]},{"@type":"Person","@id":"https:\/\/www.eddh-airport.de\/eddhairport\/#\/schema\/person\/69e52086d712e506636c8f4c5f088abe","name":"Niclas Rebbelmund","image":{"@type":"ImageObject","inLanguage":"de","@id":"https:\/\/secure.gravatar.com\/avatar\/d84f2b77774e9493691ea91c216d4e4e5412d631f5fe9806ac1d1d54bd3c30cb?s=96&d=mm&r=g","url":"https:\/\/secure.gravatar.com\/avatar\/d84f2b77774e9493691ea91c216d4e4e5412d631f5fe9806ac1d1d54bd3c30cb?s=96&d=mm&r=g","contentUrl":"https:\/\/secure.gravatar.com\/avatar\/d84f2b77774e9493691ea91c216d4e4e5412d631f5fe9806ac1d1d54bd3c30cb?s=96&d=mm&r=g","caption":"Niclas Rebbelmund"},"description":"34 Jahre, Team Nikon, Aviation &amp; Fotografie Enthusiast","sameAs":["https:\/\/www.instagram.com\/niclashco\/"],"url":"https:\/\/www.eddh-airport.de\/eddhairport\/author\/niclas-rebbelmund\/"}]}},"_links":{"self":[{"href":"https:\/\/www.eddh-airport.de\/eddhairport\/wp-json\/wp\/v2\/posts\/7727","targetHints":{"allow":["GET"]}}],"collection":[{"href":"https:\/\/www.eddh-airport.de\/eddhairport\/wp-json\/wp\/v2\/posts"}],"about":[{"href":"https:\/\/www.eddh-airport.de\/eddhairport\/wp-json\/wp\/v2\/types\/post"}],"author":[{"embeddable":true,"href":"https:\/\/www.eddh-airport.de\/eddhairport\/wp-json\/wp\/v2\/users\/3"}],"replies":[{"embeddable":true,"href":"https:\/\/www.eddh-airport.de\/eddhairport\/wp-json\/wp\/v2\/comments?post=7727"}],"version-history":[{"count":1,"href":"https:\/\/www.eddh-airport.de\/eddhairport\/wp-json\/wp\/v2\/posts\/7727\/revisions"}],"predecessor-version":[{"id":7728,"href":"https:\/\/www.eddh-airport.de\/eddhairport\/wp-json\/wp\/v2\/posts\/7727\/revisions\/7728"}],"wp:attachment":[{"href":"https:\/\/www.eddh-airport.de\/eddhairport\/wp-json\/wp\/v2\/media?parent=7727"}],"wp:term":[{"taxonomy":"category","embeddable":true,"href":"https:\/\/www.eddh-airport.de\/eddhairport\/wp-json\/wp\/v2\/categories?post=7727"},{"taxonomy":"post_tag","embeddable":true,"href":"https:\/\/www.eddh-airport.de\/eddhairport\/wp-json\/wp\/v2\/tags?post=7727"}],"curies":[{"name":"wp","href":"https:\/\/api.w.org\/{rel}","templated":true}]}}