{"id":6909,"date":"2022-04-04T17:00:13","date_gmt":"2022-04-04T15:00:13","guid":{"rendered":"https:\/\/www.eddh-airport.de\/eddhairport\/?p=6909"},"modified":"2022-04-04T17:00:13","modified_gmt":"2022-04-04T15:00:13","slug":"deutsche-luftwaffe-1504-1502","status":"publish","type":"post","link":"https:\/\/www.eddh-airport.de\/eddhairport\/deutsche-luftwaffe-1504-1502\/","title":{"rendered":"Deutsche Luftwaffe, 15+04 &#038; 15+02"},"content":{"rendered":"<h6>Deutsche Luftwaffe, 15+04 &amp; 15+02<\/h6>\n<p>Am heutigen Mittag landete kurz hintereinander gleich zwei Flugzeuge der Flugbereitschaft des Bundesministeriums der Verteidigung in Fuhlsb\u00fcttel. Zun\u00e4chst setzte auf einem Positionierungsflug aus K\u00f6ln (CGN) mit 15+04 der Airbus A321-231 \u00fcber die Landebahn 23 auf. Nach der Landung rollte die 22 Jahre alte Maschine vor die Hallen der Lufthansa Technik (LHT). Denn es steht mal wieder eine Wartung an.<\/p>\n<p><a href=\"https:\/\/www.netairspace.cc\/pic\/502016\/\"><img decoding=\"async\" src=\"https:\/\/www.netairspace.cc\/pic\/502016\/hottestbrick_main.jpg\" alt=\"Aviation photo\" \/><\/a><br \/>\n<a href=\"https:\/\/www.netairspace.cc\/pic\/502016\/\"><span style=\"font-size: xx-small;\">1504 at Hamburg &#8211; Fuhlsbuettel (Helmut Schmidt)<br \/>\nby Niclas Rebbelmund on netAirspace<\/span><\/a><\/p>\n<p>Direkt dahinter landete mit 15+02 gleich der n\u00e4chste Airbus aus der Flotte der Luftwaffe. Der A319-133(CJ) setzte ebenfalls zur Landung \u00fcber die Runway 23 an und rollte danach auch vor die Hallen der LHT. Dort sammelte der mehr als 12 Jahre alte Zweistrahler die Crew des A321 ein und flog wieder ab in Richtung K\u00f6ln (CGN).<\/p>\n<p><a href=\"https:\/\/www.netairspace.cc\/pic\/502017\/\"><img decoding=\"async\" src=\"https:\/\/www.netairspace.cc\/pic\/502017\/hottestbrick_main.jpg\" alt=\"Aviation photo\" \/><\/a><br \/>\n<a href=\"https:\/\/www.netairspace.cc\/pic\/502017\/\"><span style=\"font-size: xx-small;\">1502 at Hamburg &#8211; Fuhlsbuettel (Helmut Schmidt)<br \/>\nby Niclas Rebbelmund on netAirspace<\/span><\/a><\/p>\n","protected":false},"excerpt":{"rendered":"<p>Deutsche Luftwaffe, 15+04 &amp; 15+02 Am heutigen Mittag landete kurz hintereinander gleich zwei Flugzeuge der Flugbereitschaft des Bundesministeriums der Verteidigung in Fuhlsb\u00fcttel. Zun\u00e4chst setzte auf einem Positionierungsflug aus K\u00f6ln (CGN) mit 15+04 der Airbus A321-231 \u00fcber die Landebahn 23 auf. Nach der Landung rollte die 22 Jahre alte Maschine vor die Hallen der Lufthansa Technik [&hellip;]<\/p>\n","protected":false},"author":3,"featured_media":0,"comment_status":"open","ping_status":"open","sticky":false,"template":"","format":"standard","meta":{"_monsterinsights_skip_tracking":false,"_monsterinsights_sitenote_active":false,"_monsterinsights_sitenote_note":"","_monsterinsights_sitenote_category":0,"site-sidebar-layout":"default","site-content-layout":"default","ast-site-content-layout":"default","site-content-style":"default","site-sidebar-style":"default","ast-global-header-display":"","ast-banner-title-visibility":"","ast-main-header-display":"","ast-hfb-above-header-display":"","ast-hfb-below-header-display":"","ast-hfb-mobile-header-display":"","site-post-title":"","ast-breadcrumbs-content":"","ast-featured-img":"","footer-sml-layout":"","ast-disable-related-posts":"","theme-transparent-header-meta":"","adv-header-id-meta":"","stick-header-meta":"","header-above-stick-meta":"","header-main-stick-meta":"","header-below-stick-meta":"","astra-migrate-meta-layouts":"default","ast-page-background-enabled":"default","ast-page-background-meta":{"desktop":{"background-color":"","background-image":"","background-repeat":"repeat","background-position":"center center","background-size":"auto","background-attachment":"scroll","background-type":"","background-media":"","overlay-type":"","overlay-color":"","overlay-opacity":"","overlay-gradient":""},"tablet":{"background-color":"","background-image":"","background-repeat":"repeat","background-position":"center center","background-size":"auto","background-attachment":"scroll","background-type":"","background-media":"","overlay-type":"","overlay-color":"","overlay-opacity":"","overlay-gradient":""},"mobile":{"background-color":"","background-image":"","background-repeat":"repeat","background-position":"center center","background-size":"auto","background-attachment":"scroll","background-type":"","background-media":"","overlay-type":"","overlay-color":"","overlay-opacity":"","overlay-gradient":""}},"ast-content-background-meta":{"desktop":{"background-color":"var(--ast-global-color-5)","background-image":"","background-repeat":"repeat","background-position":"center center","background-size":"auto","background-attachment":"scroll","background-type":"","background-media":"","overlay-type":"","overlay-color":"","overlay-opacity":"","overlay-gradient":""},"tablet":{"background-color":"var(--ast-global-color-5)","background-image":"","background-repeat":"repeat","background-position":"center center","background-size":"auto","background-attachment":"scroll","background-type":"","background-media":"","overlay-type":"","overlay-color":"","overlay-opacity":"","overlay-gradient":""},"mobile":{"background-color":"var(--ast-global-color-5)","background-image":"","background-repeat":"repeat","background-position":"center center","background-size":"auto","background-attachment":"scroll","background-type":"","background-media":"","overlay-type":"","overlay-color":"","overlay-opacity":"","overlay-gradient":""}},"footnotes":""},"categories":[8],"tags":[19,506,20,1395,12,484,563,562,471,520,898,10,707,413,11,90,84],"class_list":["post-6909","post","type-post","status-publish","format-standard","hentry","category-movements-eddh","tag-a319","tag-a319-133cj","tag-a319cj","tag-a321-231","tag-airbus","tag-airbus-a319","tag-airbus-a319-133cj","tag-airbus-a319cj","tag-airbus-a321","tag-airbus-a321-200","tag-airbus-a321-231","tag-eddh","tag-flugbereitschaft-des-bundesministeriums-der-verteidigung","tag-german-air-force","tag-ham","tag-hamburg-airport","tag-luftwaffe"],"yoast_head":"<!-- This site is optimized with the Yoast SEO plugin v27.4 - https:\/\/yoast.com\/product\/yoast-seo-wordpress\/ -->\n<title>Deutsche Luftwaffe, 15+04 &amp; 15+02 - eddh-airport<\/title>\n<meta name=\"description\" content=\"Mit 15+04 und 15+02 landete am heutigen Mittag gleich zwei Airbus aus der Flotte der Flugbereitschaft des Bundesministeriums der Verteidigung.\" \/>\n<meta name=\"robots\" content=\"index, follow, max-snippet:-1, max-image-preview:large, max-video-preview:-1\" \/>\n<link rel=\"canonical\" href=\"https:\/\/www.eddh-airport.de\/eddhairport\/deutsche-luftwaffe-1504-1502\/\" \/>\n<meta property=\"og:locale\" content=\"de_DE\" \/>\n<meta property=\"og:type\" content=\"article\" \/>\n<meta property=\"og:title\" content=\"Deutsche Luftwaffe, 15+04 &amp; 15+02 - eddh-airport\" \/>\n<meta property=\"og:description\" content=\"Mit 15+04 und 15+02 landete am heutigen Mittag gleich zwei Airbus aus der Flotte der Flugbereitschaft des Bundesministeriums der Verteidigung.\" \/>\n<meta property=\"og:url\" content=\"https:\/\/www.eddh-airport.de\/eddhairport\/deutsche-luftwaffe-1504-1502\/\" \/>\n<meta property=\"og:site_name\" content=\"eddh-airport\" \/>\n<meta property=\"article:publisher\" content=\"https:\/\/www.facebook.com\/eddhairport\/\" \/>\n<meta property=\"article:published_time\" content=\"2022-04-04T15:00:13+00:00\" \/>\n<meta property=\"og:image\" content=\"https:\/\/www.netairspace.cc\/pic\/502016\/hottestbrick_main.jpg\" \/>\n<meta name=\"author\" content=\"Niclas Rebbelmund\" \/>\n<meta name=\"twitter:card\" content=\"summary_large_image\" \/>\n<meta name=\"twitter:creator\" content=\"@EDDH_airport_de\" \/>\n<meta name=\"twitter:site\" content=\"@EDDH_airport_de\" \/>\n<meta name=\"twitter:label1\" content=\"Verfasst von\" \/>\n\t<meta name=\"twitter:data1\" content=\"Niclas Rebbelmund\" \/>\n\t<meta name=\"twitter:label2\" content=\"Gesch\u00e4tzte Lesezeit\" \/>\n\t<meta name=\"twitter:data2\" content=\"2\u00a0Minuten\" \/>\n<script type=\"application\/ld+json\" class=\"yoast-schema-graph\">{\"@context\":\"https:\\\/\\\/schema.org\",\"@graph\":[{\"@type\":\"Article\",\"@id\":\"https:\\\/\\\/www.eddh-airport.de\\\/eddhairport\\\/deutsche-luftwaffe-1504-1502\\\/#article\",\"isPartOf\":{\"@id\":\"https:\\\/\\\/www.eddh-airport.de\\\/eddhairport\\\/deutsche-luftwaffe-1504-1502\\\/\"},\"author\":{\"name\":\"Niclas Rebbelmund\",\"@id\":\"https:\\\/\\\/www.eddh-airport.de\\\/eddhairport\\\/#\\\/schema\\\/person\\\/69e52086d712e506636c8f4c5f088abe\"},\"headline\":\"Deutsche Luftwaffe, 15+04 &#038; 15+02\",\"datePublished\":\"2022-04-04T15:00:13+00:00\",\"mainEntityOfPage\":{\"@id\":\"https:\\\/\\\/www.eddh-airport.de\\\/eddhairport\\\/deutsche-luftwaffe-1504-1502\\\/\"},\"wordCount\":144,\"commentCount\":0,\"publisher\":{\"@id\":\"https:\\\/\\\/www.eddh-airport.de\\\/eddhairport\\\/#organization\"},\"image\":{\"@id\":\"https:\\\/\\\/www.eddh-airport.de\\\/eddhairport\\\/deutsche-luftwaffe-1504-1502\\\/#primaryimage\"},\"thumbnailUrl\":\"https:\\\/\\\/www.netairspace.cc\\\/pic\\\/502016\\\/hottestbrick_main.jpg\",\"keywords\":[\"A319\",\"A319-133(CJ)\",\"A319CJ\",\"A321-231\",\"Airbus\",\"Airbus A319\",\"Airbus A319-133(CJ)\",\"Airbus A319CJ\",\"Airbus A321\",\"Airbus A321-200\",\"Airbus A321-231\",\"EDDH\",\"Flugbereitschaft des Bundesministeriums der Verteidigung\",\"German Air Force\",\"HAM\",\"Hamburg Airport\",\"Luftwaffe\"],\"articleSection\":[\"Movements EDDH\"],\"inLanguage\":\"de\",\"potentialAction\":[{\"@type\":\"CommentAction\",\"name\":\"Comment\",\"target\":[\"https:\\\/\\\/www.eddh-airport.de\\\/eddhairport\\\/deutsche-luftwaffe-1504-1502\\\/#respond\"]}]},{\"@type\":\"WebPage\",\"@id\":\"https:\\\/\\\/www.eddh-airport.de\\\/eddhairport\\\/deutsche-luftwaffe-1504-1502\\\/\",\"url\":\"https:\\\/\\\/www.eddh-airport.de\\\/eddhairport\\\/deutsche-luftwaffe-1504-1502\\\/\",\"name\":\"Deutsche Luftwaffe, 15+04 & 15+02 - eddh-airport\",\"isPartOf\":{\"@id\":\"https:\\\/\\\/www.eddh-airport.de\\\/eddhairport\\\/#website\"},\"primaryImageOfPage\":{\"@id\":\"https:\\\/\\\/www.eddh-airport.de\\\/eddhairport\\\/deutsche-luftwaffe-1504-1502\\\/#primaryimage\"},\"image\":{\"@id\":\"https:\\\/\\\/www.eddh-airport.de\\\/eddhairport\\\/deutsche-luftwaffe-1504-1502\\\/#primaryimage\"},\"thumbnailUrl\":\"https:\\\/\\\/www.netairspace.cc\\\/pic\\\/502016\\\/hottestbrick_main.jpg\",\"datePublished\":\"2022-04-04T15:00:13+00:00\",\"description\":\"Mit 15+04 und 15+02 landete am heutigen Mittag gleich zwei Airbus aus der Flotte der Flugbereitschaft des Bundesministeriums der Verteidigung.\",\"breadcrumb\":{\"@id\":\"https:\\\/\\\/www.eddh-airport.de\\\/eddhairport\\\/deutsche-luftwaffe-1504-1502\\\/#breadcrumb\"},\"inLanguage\":\"de\",\"potentialAction\":[{\"@type\":\"ReadAction\",\"target\":[\"https:\\\/\\\/www.eddh-airport.de\\\/eddhairport\\\/deutsche-luftwaffe-1504-1502\\\/\"]}]},{\"@type\":\"ImageObject\",\"inLanguage\":\"de\",\"@id\":\"https:\\\/\\\/www.eddh-airport.de\\\/eddhairport\\\/deutsche-luftwaffe-1504-1502\\\/#primaryimage\",\"url\":\"https:\\\/\\\/www.netairspace.cc\\\/pic\\\/502016\\\/hottestbrick_main.jpg\",\"contentUrl\":\"https:\\\/\\\/www.netairspace.cc\\\/pic\\\/502016\\\/hottestbrick_main.jpg\"},{\"@type\":\"BreadcrumbList\",\"@id\":\"https:\\\/\\\/www.eddh-airport.de\\\/eddhairport\\\/deutsche-luftwaffe-1504-1502\\\/#breadcrumb\",\"itemListElement\":[{\"@type\":\"ListItem\",\"position\":1,\"name\":\"Startseite\",\"item\":\"https:\\\/\\\/www.eddh-airport.de\\\/eddhairport\\\/\"},{\"@type\":\"ListItem\",\"position\":2,\"name\":\"Deutsche Luftwaffe, 15+04 &#038; 15+02\"}]},{\"@type\":\"WebSite\",\"@id\":\"https:\\\/\\\/www.eddh-airport.de\\\/eddhairport\\\/#website\",\"url\":\"https:\\\/\\\/www.eddh-airport.de\\\/eddhairport\\\/\",\"name\":\"eddh-airport\",\"description\":\"Luftfahrtnews und Planespotting aus Hamburg\",\"publisher\":{\"@id\":\"https:\\\/\\\/www.eddh-airport.de\\\/eddhairport\\\/#organization\"},\"potentialAction\":[{\"@type\":\"SearchAction\",\"target\":{\"@type\":\"EntryPoint\",\"urlTemplate\":\"https:\\\/\\\/www.eddh-airport.de\\\/eddhairport\\\/?s={search_term_string}\"},\"query-input\":{\"@type\":\"PropertyValueSpecification\",\"valueRequired\":true,\"valueName\":\"search_term_string\"}}],\"inLanguage\":\"de\"},{\"@type\":\"Organization\",\"@id\":\"https:\\\/\\\/www.eddh-airport.de\\\/eddhairport\\\/#organization\",\"name\":\"eddh-airport\",\"url\":\"https:\\\/\\\/www.eddh-airport.de\\\/eddhairport\\\/\",\"logo\":{\"@type\":\"ImageObject\",\"inLanguage\":\"de\",\"@id\":\"https:\\\/\\\/www.eddh-airport.de\\\/eddhairport\\\/#\\\/schema\\\/logo\\\/image\\\/\",\"url\":\"https:\\\/\\\/www.eddh-airport.de\\\/eddhairport\\\/wp-content\\\/uploads\\\/2018\\\/10\\\/cropped-Neues-Logo-blau-eine-Ebene-2.jpg\",\"contentUrl\":\"https:\\\/\\\/www.eddh-airport.de\\\/eddhairport\\\/wp-content\\\/uploads\\\/2018\\\/10\\\/cropped-Neues-Logo-blau-eine-Ebene-2.jpg\",\"width\":512,\"height\":512,\"caption\":\"eddh-airport\"},\"image\":{\"@id\":\"https:\\\/\\\/www.eddh-airport.de\\\/eddhairport\\\/#\\\/schema\\\/logo\\\/image\\\/\"},\"sameAs\":[\"https:\\\/\\\/www.facebook.com\\\/eddhairport\\\/\",\"https:\\\/\\\/x.com\\\/EDDH_airport_de\",\"https:\\\/\\\/www.instagram.com\\\/eddhairport\\\/?hl=de\"]},{\"@type\":\"Person\",\"@id\":\"https:\\\/\\\/www.eddh-airport.de\\\/eddhairport\\\/#\\\/schema\\\/person\\\/69e52086d712e506636c8f4c5f088abe\",\"name\":\"Niclas Rebbelmund\",\"image\":{\"@type\":\"ImageObject\",\"inLanguage\":\"de\",\"@id\":\"https:\\\/\\\/secure.gravatar.com\\\/avatar\\\/d84f2b77774e9493691ea91c216d4e4e5412d631f5fe9806ac1d1d54bd3c30cb?s=96&d=mm&r=g\",\"url\":\"https:\\\/\\\/secure.gravatar.com\\\/avatar\\\/d84f2b77774e9493691ea91c216d4e4e5412d631f5fe9806ac1d1d54bd3c30cb?s=96&d=mm&r=g\",\"contentUrl\":\"https:\\\/\\\/secure.gravatar.com\\\/avatar\\\/d84f2b77774e9493691ea91c216d4e4e5412d631f5fe9806ac1d1d54bd3c30cb?s=96&d=mm&r=g\",\"caption\":\"Niclas Rebbelmund\"},\"description\":\"34 Jahre, Team Nikon, Aviation &amp; Fotografie Enthusiast\",\"sameAs\":[\"https:\\\/\\\/www.instagram.com\\\/niclashco\\\/\"],\"url\":\"https:\\\/\\\/www.eddh-airport.de\\\/eddhairport\\\/author\\\/niclas-rebbelmund\\\/\"}]}<\/script>\n<!-- \/ Yoast SEO plugin. -->","yoast_head_json":{"title":"Deutsche Luftwaffe, 15+04 & 15+02 - eddh-airport","description":"Mit 15+04 und 15+02 landete am heutigen Mittag gleich zwei Airbus aus der Flotte der Flugbereitschaft des Bundesministeriums der Verteidigung.","robots":{"index":"index","follow":"follow","max-snippet":"max-snippet:-1","max-image-preview":"max-image-preview:large","max-video-preview":"max-video-preview:-1"},"canonical":"https:\/\/www.eddh-airport.de\/eddhairport\/deutsche-luftwaffe-1504-1502\/","og_locale":"de_DE","og_type":"article","og_title":"Deutsche Luftwaffe, 15+04 & 15+02 - eddh-airport","og_description":"Mit 15+04 und 15+02 landete am heutigen Mittag gleich zwei Airbus aus der Flotte der Flugbereitschaft des Bundesministeriums der Verteidigung.","og_url":"https:\/\/www.eddh-airport.de\/eddhairport\/deutsche-luftwaffe-1504-1502\/","og_site_name":"eddh-airport","article_publisher":"https:\/\/www.facebook.com\/eddhairport\/","article_published_time":"2022-04-04T15:00:13+00:00","og_image":[{"url":"https:\/\/www.netairspace.cc\/pic\/502016\/hottestbrick_main.jpg","type":"","width":"","height":""}],"author":"Niclas Rebbelmund","twitter_card":"summary_large_image","twitter_creator":"@EDDH_airport_de","twitter_site":"@EDDH_airport_de","twitter_misc":{"Verfasst von":"Niclas Rebbelmund","Gesch\u00e4tzte Lesezeit":"2\u00a0Minuten"},"schema":{"@context":"https:\/\/schema.org","@graph":[{"@type":"Article","@id":"https:\/\/www.eddh-airport.de\/eddhairport\/deutsche-luftwaffe-1504-1502\/#article","isPartOf":{"@id":"https:\/\/www.eddh-airport.de\/eddhairport\/deutsche-luftwaffe-1504-1502\/"},"author":{"name":"Niclas Rebbelmund","@id":"https:\/\/www.eddh-airport.de\/eddhairport\/#\/schema\/person\/69e52086d712e506636c8f4c5f088abe"},"headline":"Deutsche Luftwaffe, 15+04 &#038; 15+02","datePublished":"2022-04-04T15:00:13+00:00","mainEntityOfPage":{"@id":"https:\/\/www.eddh-airport.de\/eddhairport\/deutsche-luftwaffe-1504-1502\/"},"wordCount":144,"commentCount":0,"publisher":{"@id":"https:\/\/www.eddh-airport.de\/eddhairport\/#organization"},"image":{"@id":"https:\/\/www.eddh-airport.de\/eddhairport\/deutsche-luftwaffe-1504-1502\/#primaryimage"},"thumbnailUrl":"https:\/\/www.netairspace.cc\/pic\/502016\/hottestbrick_main.jpg","keywords":["A319","A319-133(CJ)","A319CJ","A321-231","Airbus","Airbus A319","Airbus A319-133(CJ)","Airbus A319CJ","Airbus A321","Airbus A321-200","Airbus A321-231","EDDH","Flugbereitschaft des Bundesministeriums der Verteidigung","German Air Force","HAM","Hamburg Airport","Luftwaffe"],"articleSection":["Movements EDDH"],"inLanguage":"de","potentialAction":[{"@type":"CommentAction","name":"Comment","target":["https:\/\/www.eddh-airport.de\/eddhairport\/deutsche-luftwaffe-1504-1502\/#respond"]}]},{"@type":"WebPage","@id":"https:\/\/www.eddh-airport.de\/eddhairport\/deutsche-luftwaffe-1504-1502\/","url":"https:\/\/www.eddh-airport.de\/eddhairport\/deutsche-luftwaffe-1504-1502\/","name":"Deutsche Luftwaffe, 15+04 & 15+02 - eddh-airport","isPartOf":{"@id":"https:\/\/www.eddh-airport.de\/eddhairport\/#website"},"primaryImageOfPage":{"@id":"https:\/\/www.eddh-airport.de\/eddhairport\/deutsche-luftwaffe-1504-1502\/#primaryimage"},"image":{"@id":"https:\/\/www.eddh-airport.de\/eddhairport\/deutsche-luftwaffe-1504-1502\/#primaryimage"},"thumbnailUrl":"https:\/\/www.netairspace.cc\/pic\/502016\/hottestbrick_main.jpg","datePublished":"2022-04-04T15:00:13+00:00","description":"Mit 15+04 und 15+02 landete am heutigen Mittag gleich zwei Airbus aus der Flotte der Flugbereitschaft des Bundesministeriums der Verteidigung.","breadcrumb":{"@id":"https:\/\/www.eddh-airport.de\/eddhairport\/deutsche-luftwaffe-1504-1502\/#breadcrumb"},"inLanguage":"de","potentialAction":[{"@type":"ReadAction","target":["https:\/\/www.eddh-airport.de\/eddhairport\/deutsche-luftwaffe-1504-1502\/"]}]},{"@type":"ImageObject","inLanguage":"de","@id":"https:\/\/www.eddh-airport.de\/eddhairport\/deutsche-luftwaffe-1504-1502\/#primaryimage","url":"https:\/\/www.netairspace.cc\/pic\/502016\/hottestbrick_main.jpg","contentUrl":"https:\/\/www.netairspace.cc\/pic\/502016\/hottestbrick_main.jpg"},{"@type":"BreadcrumbList","@id":"https:\/\/www.eddh-airport.de\/eddhairport\/deutsche-luftwaffe-1504-1502\/#breadcrumb","itemListElement":[{"@type":"ListItem","position":1,"name":"Startseite","item":"https:\/\/www.eddh-airport.de\/eddhairport\/"},{"@type":"ListItem","position":2,"name":"Deutsche Luftwaffe, 15+04 &#038; 15+02"}]},{"@type":"WebSite","@id":"https:\/\/www.eddh-airport.de\/eddhairport\/#website","url":"https:\/\/www.eddh-airport.de\/eddhairport\/","name":"eddh-airport","description":"Luftfahrtnews und Planespotting aus Hamburg","publisher":{"@id":"https:\/\/www.eddh-airport.de\/eddhairport\/#organization"},"potentialAction":[{"@type":"SearchAction","target":{"@type":"EntryPoint","urlTemplate":"https:\/\/www.eddh-airport.de\/eddhairport\/?s={search_term_string}"},"query-input":{"@type":"PropertyValueSpecification","valueRequired":true,"valueName":"search_term_string"}}],"inLanguage":"de"},{"@type":"Organization","@id":"https:\/\/www.eddh-airport.de\/eddhairport\/#organization","name":"eddh-airport","url":"https:\/\/www.eddh-airport.de\/eddhairport\/","logo":{"@type":"ImageObject","inLanguage":"de","@id":"https:\/\/www.eddh-airport.de\/eddhairport\/#\/schema\/logo\/image\/","url":"https:\/\/www.eddh-airport.de\/eddhairport\/wp-content\/uploads\/2018\/10\/cropped-Neues-Logo-blau-eine-Ebene-2.jpg","contentUrl":"https:\/\/www.eddh-airport.de\/eddhairport\/wp-content\/uploads\/2018\/10\/cropped-Neues-Logo-blau-eine-Ebene-2.jpg","width":512,"height":512,"caption":"eddh-airport"},"image":{"@id":"https:\/\/www.eddh-airport.de\/eddhairport\/#\/schema\/logo\/image\/"},"sameAs":["https:\/\/www.facebook.com\/eddhairport\/","https:\/\/x.com\/EDDH_airport_de","https:\/\/www.instagram.com\/eddhairport\/?hl=de"]},{"@type":"Person","@id":"https:\/\/www.eddh-airport.de\/eddhairport\/#\/schema\/person\/69e52086d712e506636c8f4c5f088abe","name":"Niclas Rebbelmund","image":{"@type":"ImageObject","inLanguage":"de","@id":"https:\/\/secure.gravatar.com\/avatar\/d84f2b77774e9493691ea91c216d4e4e5412d631f5fe9806ac1d1d54bd3c30cb?s=96&d=mm&r=g","url":"https:\/\/secure.gravatar.com\/avatar\/d84f2b77774e9493691ea91c216d4e4e5412d631f5fe9806ac1d1d54bd3c30cb?s=96&d=mm&r=g","contentUrl":"https:\/\/secure.gravatar.com\/avatar\/d84f2b77774e9493691ea91c216d4e4e5412d631f5fe9806ac1d1d54bd3c30cb?s=96&d=mm&r=g","caption":"Niclas Rebbelmund"},"description":"34 Jahre, Team Nikon, Aviation &amp; Fotografie Enthusiast","sameAs":["https:\/\/www.instagram.com\/niclashco\/"],"url":"https:\/\/www.eddh-airport.de\/eddhairport\/author\/niclas-rebbelmund\/"}]}},"_links":{"self":[{"href":"https:\/\/www.eddh-airport.de\/eddhairport\/wp-json\/wp\/v2\/posts\/6909","targetHints":{"allow":["GET"]}}],"collection":[{"href":"https:\/\/www.eddh-airport.de\/eddhairport\/wp-json\/wp\/v2\/posts"}],"about":[{"href":"https:\/\/www.eddh-airport.de\/eddhairport\/wp-json\/wp\/v2\/types\/post"}],"author":[{"embeddable":true,"href":"https:\/\/www.eddh-airport.de\/eddhairport\/wp-json\/wp\/v2\/users\/3"}],"replies":[{"embeddable":true,"href":"https:\/\/www.eddh-airport.de\/eddhairport\/wp-json\/wp\/v2\/comments?post=6909"}],"version-history":[{"count":1,"href":"https:\/\/www.eddh-airport.de\/eddhairport\/wp-json\/wp\/v2\/posts\/6909\/revisions"}],"predecessor-version":[{"id":6910,"href":"https:\/\/www.eddh-airport.de\/eddhairport\/wp-json\/wp\/v2\/posts\/6909\/revisions\/6910"}],"wp:attachment":[{"href":"https:\/\/www.eddh-airport.de\/eddhairport\/wp-json\/wp\/v2\/media?parent=6909"}],"wp:term":[{"taxonomy":"category","embeddable":true,"href":"https:\/\/www.eddh-airport.de\/eddhairport\/wp-json\/wp\/v2\/categories?post=6909"},{"taxonomy":"post_tag","embeddable":true,"href":"https:\/\/www.eddh-airport.de\/eddhairport\/wp-json\/wp\/v2\/tags?post=6909"}],"curies":[{"name":"wp","href":"https:\/\/api.w.org\/{rel}","templated":true}]}}