{"id":572,"date":"2018-07-22T19:43:23","date_gmt":"2018-07-22T17:43:23","guid":{"rendered":"https:\/\/www.eddh-airport.de\/eddhairport\/?p=572"},"modified":"2019-08-08T14:51:42","modified_gmt":"2019-08-08T12:51:42","slug":"4-vorfeldfahrt-22-juli-2018","status":"publish","type":"post","link":"https:\/\/www.eddh-airport.de\/eddhairport\/4-vorfeldfahrt-22-juli-2018\/","title":{"rendered":"4. Vorfeldfahrt, 22. Juli 2018"},"content":{"rendered":"<h6>4. Vorfeldfahrt, 22. Juli 2018<\/h6>\n<p>Sommer, Sonne, Vorfeld&#8230; Am heutigen Sonntagvormittag war es wieder einmal so weit. Bei leichtem Wind und hochsommerlichen Temperaturen ging es ab 09.30 Uhr f\u00fcr knapp 40 Luftfahrtenthusiasten und Fotografen los zu der zweist\u00fcndigen Vorfeldfahrt. Das Ziel waren sowohl Linien- und Charterflugzeuge, als auch Gesch\u00e4ftsflugzeuge auf Apron 2.<\/p>\n<p>Zun\u00e4chst wurde mit dem Bus an einer Dash 8 von Eurowings mit der Kennung D-ABQF Halt gemacht. Diese Ex-Air Berlin Maschine tr\u00e4gt erst seit kurzem die minimalistische Lackierung von Eurowings.<\/p>\n<p><a href=\"https:\/\/netairspace.cc\/pic\/254503\/\"><img decoding=\"async\" src=\"https:\/\/netairspace.cc\/pic\/254503\/hottestbrick_main.jpg\" alt=\"Aviation photo\" \/><\/a><br \/>\n<a href=\"https:\/\/netairspace.cc\/pic\/254503\/\"><span style=\"font-size: xx-small;\">D-ABQF at Hamburg &#8211; Fuhlsbuettel (Helmut Schmidt)<br \/>\nby Niclas Rebbelmund on netAirspace.cc<\/span><\/a><\/p>\n<p>Danach ging es auch schon direkt Richtung Apron 2. Dort standen unter anderem ein HondaJet, eine Mitsubishi Solitaire sowie eine Gulfstream G650.<\/p>\n<p><a href=\"https:\/\/netairspace.cc\/pic\/254507\/\"><img decoding=\"async\" src=\"https:\/\/netairspace.cc\/pic\/254507\/hottestbrick_main.jpg\" alt=\"Aviation photo\" \/><\/a><br \/>\n<a href=\"https:\/\/netairspace.cc\/pic\/254507\/\"><span style=\"font-size: xx-small;\">D-IVVV at Hamburg &#8211; Fuhlsbuettel (Helmut Schmidt)<br \/>\nby Niclas Rebbelmund on netAirspace.cc<\/span><\/a><\/p>\n<p><a href=\"https:\/\/netairspace.cc\/pic\/254508\/\"><img decoding=\"async\" src=\"https:\/\/netairspace.cc\/pic\/254508\/hottestbrick_main.jpg\" alt=\"Aviation photo\" \/><\/a><br \/>\n<a href=\"https:\/\/netairspace.cc\/pic\/254508\/\"><span style=\"font-size: xx-small;\">D-IKKY at Hamburg &#8211; Fuhlsbuettel (Helmut Schmidt)<br \/>\nby Niclas Rebbelmund on netAirspace.cc<\/span><\/a><\/p>\n<p><a href=\"https:\/\/netairspace.cc\/pic\/254752\/\"><img decoding=\"async\" src=\"https:\/\/netairspace.cc\/pic\/254752\/hottestbrick_main.jpg\" alt=\"Aviation photo\" \/><\/a><br \/>\n<a href=\"https:\/\/netairspace.cc\/pic\/254752\/\"><span style=\"font-size: xx-small;\">N305KN at Hamburg &#8211; Fuhlsbuettel (Helmut Schmidt)<br \/>\nby Timo Soyke on netAirspace.cc<\/span><\/a><\/p>\n<p>Auch der obligatorische FedEx Feeder war dort anzutreffen. Allerdings heute in der l\u00e4ngeren Version in Form einer ATR 72-202F.<\/p>\n<p><a href=\"https:\/\/netairspace.cc\/pic\/254510\/\"><img decoding=\"async\" src=\"https:\/\/netairspace.cc\/pic\/254510\/hottestbrick_main.jpg\" alt=\"Aviation photo\" \/><\/a><br \/>\n<a href=\"https:\/\/netairspace.cc\/pic\/254510\/\"><span style=\"font-size: xx-small;\">EI-FXG at Hamburg &#8211; Fuhlsbuettel (Helmut Schmidt)<br \/>\nby Niclas Rebbelmund on netAirspace.cc<\/span><\/a><\/p>\n<p>Bei einem kurzem Abstecher zur\u00fcck Richtung Terminals, konnte ein Airbus A320 der AirArabia Egypt mit der Registrierung SU-AAD abgelichtet werden.<\/p>\n<p><a href=\"https:\/\/netairspace.cc\/pic\/254753\/\"><img decoding=\"async\" src=\"https:\/\/netairspace.cc\/pic\/254753\/hottestbrick_main.jpg\" alt=\"Aviation photo\" \/><\/a><br \/>\n<a href=\"https:\/\/netairspace.cc\/pic\/254753\/\"><span style=\"font-size: xx-small;\">SU-AAD at Hamburg &#8211; Fuhlsbuettel (Helmut Schmidt)<br \/>\nby Timo Soyke on netAirspace.cc<\/span><\/a><\/p>\n<p>Gleich darauf ging es allerdings schon wieder Richtung Vorfeld 2, da dort eine Falcon 900 aus dem Hangar geschleppt worden war.<\/p>\n<p><a href=\"https:\/\/wwnetairspace.cc\/pic\/254521\/\"><img decoding=\"async\" src=\"https:\/\/netairspace.cc\/pic\/254521\/hottestbrick_main.jpg\" alt=\"Aviation photo\" \/><\/a><br \/>\n<a href=\"https:\/\/netairspace.cc\/pic\/254521\/\"><span style=\"font-size: xx-small;\">VP-CHG at Hamburg &#8211; Fuhlsbuettel (Helmut Schmidt)<br \/>\nby Niclas Rebbelmund on netAirspace.cc<\/span><\/a><\/p>\n<p>Da der Airport ja von seiner Fluktuation lebt, ging es mit dem Bus dann recht schnell an die Landebahn 23, um dort einigen Traffic aufnehmen zu k\u00f6nnen. So konnten beispielsweise eine Condor Boeing 757 (D-ABOL) und eine wei\u00dfe TuiFly (D-AHFT) aus n\u00e4chster N\u00e4he fotografiert werden.<\/p>\n<p><a href=\"https:\/\/netairspace.cc\/pic\/254523\/\"><img decoding=\"async\" src=\"https:\/\/netairspace.cc\/pic\/254523\/hottestbrick_main.jpg\" alt=\"Aviation photo\" \/><\/a><br \/>\n<a href=\"https:\/\/netairspace.cc\/pic\/254523\/\"><span style=\"font-size: xx-small;\">D-ABOL at Hamburg &#8211; Fuhlsbuettel (Helmut Schmidt)<br \/>\nby Niclas Rebbelmund on netAirspace.cc<\/span><\/a><\/p>\n<p><a href=\"https:\/\/netairspace.cc\/pic\/254546\/\"><img decoding=\"async\" src=\"https:\/\/netairspace.cc\/pic\/254546\/hottestbrick_main.jpg\" alt=\"Aviation photo\" \/><\/a><br \/>\n<a href=\"https:\/\/netairspace.cc\/pic\/254546\/\"><span style=\"font-size: xx-small;\">D-AHFT at Hamburg &#8211; Fuhlsbuettel (Helmut Schmidt)<br \/>\nby Niclas Rebbelmund on netAirspace.cc<\/span><\/a><\/p>\n<p>Gegen Ende der Fahrt ging es nochmal Richtung Vorfeld 1, wo ein Airbus A330-300 der Turkish Airlines mit der Registrierung TC-JOM Hamburg Richtung Istanbul verlassen sollte.<\/p>\n<p><a href=\"https:\/\/netairspace.cc\/pic\/254760\/\"><img decoding=\"async\" src=\"https:\/\/netairspace.cc\/pic\/254760\/hottestbrick_main.jpg\" alt=\"Aviation photo\" \/><\/a><br \/>\n<a href=\"https:\/\/netairspace.cc\/pic\/254760\/\"><span style=\"font-size: xx-small;\">TC-JOM at Hamburg &#8211; Fuhlsbuettel (Helmut Schmidt)<br \/>\nby Timo Soyke on netAirspace.cc<\/span><\/a><\/p>\n<p>Den Abschluss bildete ein Airbus A300-600 von Iran Air der p\u00fcnktlich zum Ende der Fahrt \u00fcber die Bahn 23 einschwebte und dann direkt an den wartenden Fotografen vorbeifuhr.<\/p>\n<p><a href=\"https:\/\/netairspace.cc\/pic\/254587\/\"><img decoding=\"async\" src=\"https:\/\/netairspace.cc\/pic\/254587\/hottestbrick_main.jpg\" alt=\"Aviation photo\" \/><\/a><br \/>\n<a href=\"https:\/\/netairspace.cc\/pic\/254587\/\"><span style=\"font-size: xx-small;\">EP-IBC at Hamburg &#8211; Fuhlsbuettel (Helmut Schmidt)<br \/>\nby Niclas Rebbelmund on netAirspace.cc<\/span><\/a><\/p>\n<p><em>Neben dieser kleinen Auswahl an Flugzeugen, gab es nat\u00fcrlich noch mehr zu bestaunen und auch zu fotografieren. Die Vielzahl an Flugzeugen w\u00fcrde allerdings den Rahmen hier sprengen.<\/em><\/p>\n","protected":false},"excerpt":{"rendered":"<p>4. Vorfeldfahrt, 22. Juli 2018 Sommer, Sonne, Vorfeld&#8230; Am heutigen Sonntagvormittag war es wieder einmal so weit. Bei leichtem Wind und hochsommerlichen Temperaturen ging es ab 09.30 Uhr f\u00fcr knapp 40 Luftfahrtenthusiasten und Fotografen los zu der zweist\u00fcndigen Vorfeldfahrt. Das Ziel waren sowohl Linien- und Charterflugzeuge, als auch Gesch\u00e4ftsflugzeuge auf Apron 2. Zun\u00e4chst wurde mit [&hellip;]<\/p>\n","protected":false},"author":3,"featured_media":0,"comment_status":"open","ping_status":"open","sticky":false,"template":"","format":"standard","meta":{"_monsterinsights_skip_tracking":false,"_monsterinsights_sitenote_active":false,"_monsterinsights_sitenote_note":"","_monsterinsights_sitenote_category":0,"site-sidebar-layout":"default","site-content-layout":"","ast-site-content-layout":"default","site-content-style":"default","site-sidebar-style":"default","ast-global-header-display":"","ast-banner-title-visibility":"","ast-main-header-display":"","ast-hfb-above-header-display":"","ast-hfb-below-header-display":"","ast-hfb-mobile-header-display":"","site-post-title":"","ast-breadcrumbs-content":"","ast-featured-img":"","footer-sml-layout":"","ast-disable-related-posts":"","theme-transparent-header-meta":"","adv-header-id-meta":"","stick-header-meta":"","header-above-stick-meta":"","header-main-stick-meta":"","header-below-stick-meta":"","astra-migrate-meta-layouts":"default","ast-page-background-enabled":"default","ast-page-background-meta":{"desktop":{"background-color":"","background-image":"","background-repeat":"repeat","background-position":"center center","background-size":"auto","background-attachment":"scroll","background-type":"","background-media":"","overlay-type":"","overlay-color":"","overlay-opacity":"","overlay-gradient":""},"tablet":{"background-color":"","background-image":"","background-repeat":"repeat","background-position":"center center","background-size":"auto","background-attachment":"scroll","background-type":"","background-media":"","overlay-type":"","overlay-color":"","overlay-opacity":"","overlay-gradient":""},"mobile":{"background-color":"","background-image":"","background-repeat":"repeat","background-position":"center center","background-size":"auto","background-attachment":"scroll","background-type":"","background-media":"","overlay-type":"","overlay-color":"","overlay-opacity":"","overlay-gradient":""}},"ast-content-background-meta":{"desktop":{"background-color":"var(--ast-global-color-5)","background-image":"","background-repeat":"repeat","background-position":"center center","background-size":"auto","background-attachment":"scroll","background-type":"","background-media":"","overlay-type":"","overlay-color":"","overlay-opacity":"","overlay-gradient":""},"tablet":{"background-color":"var(--ast-global-color-5)","background-image":"","background-repeat":"repeat","background-position":"center center","background-size":"auto","background-attachment":"scroll","background-type":"","background-media":"","overlay-type":"","overlay-color":"","overlay-opacity":"","overlay-gradient":""},"mobile":{"background-color":"var(--ast-global-color-5)","background-image":"","background-repeat":"repeat","background-position":"center center","background-size":"auto","background-attachment":"scroll","background-type":"","background-media":"","overlay-type":"","overlay-color":"","overlay-opacity":"","overlay-gradient":""}},"footnotes":""},"categories":[8],"tags":[52,177,237,167,95,241,12,183,39,29,65,127,10,68,240,242,11,90,243,244,239,66,123,91,238],"class_list":["post-572","post","type-post","status-publish","format-standard","hentry","category-movements-eddh","tag-52","tag-177","tag-a300","tag-a320","tag-a330","tag-airarabia","tag-airbus","tag-atr72","tag-b737","tag-boeing","tag-condor","tag-dash8","tag-eddh","tag-eurowings","tag-falcon","tag-fedex","tag-ham","tag-hamburg-airport","tag-hondajet","tag-mitsubishi","tag-tuifly","tag-turkish-airlines","tag-vip","tag-vorfeld","tag-vorfeldfahrt"],"yoast_head":"<!-- This site is optimized with the Yoast SEO plugin v27.4 - https:\/\/yoast.com\/product\/yoast-seo-wordpress\/ -->\n<title>4. Vorfeldfahrt, 22. Juli 2018 - eddh-airport<\/title>\n<meta name=\"description\" content=\"Bei der heutigen 4. Vorfeldfahrt am Hamburg Airport konnten sowohl Charter- und Linienflugzeuge als auch einige Business Jets fotografiert werden.\" \/>\n<meta name=\"robots\" content=\"index, follow, max-snippet:-1, max-image-preview:large, max-video-preview:-1\" \/>\n<link rel=\"canonical\" href=\"https:\/\/www.eddh-airport.de\/eddhairport\/4-vorfeldfahrt-22-juli-2018\/\" \/>\n<meta property=\"og:locale\" content=\"de_DE\" \/>\n<meta property=\"og:type\" content=\"article\" \/>\n<meta property=\"og:title\" content=\"4. Vorfeldfahrt, 22. Juli 2018 - eddh-airport\" \/>\n<meta property=\"og:description\" content=\"Bei der heutigen 4. Vorfeldfahrt am Hamburg Airport konnten sowohl Charter- und Linienflugzeuge als auch einige Business Jets fotografiert werden.\" \/>\n<meta property=\"og:url\" content=\"https:\/\/www.eddh-airport.de\/eddhairport\/4-vorfeldfahrt-22-juli-2018\/\" \/>\n<meta property=\"og:site_name\" content=\"eddh-airport\" \/>\n<meta property=\"article:publisher\" content=\"https:\/\/www.facebook.com\/eddhairport\/\" \/>\n<meta property=\"article:published_time\" content=\"2018-07-22T17:43:23+00:00\" \/>\n<meta property=\"article:modified_time\" content=\"2019-08-08T12:51:42+00:00\" \/>\n<meta property=\"og:image\" content=\"https:\/\/netairspace.cc\/pic\/254503\/hottestbrick_main.jpg\" \/>\n<meta name=\"author\" content=\"Niclas Rebbelmund\" \/>\n<meta name=\"twitter:card\" content=\"summary_large_image\" \/>\n<meta name=\"twitter:creator\" content=\"@EDDH_airport_de\" \/>\n<meta name=\"twitter:site\" content=\"@EDDH_airport_de\" \/>\n<meta name=\"twitter:label1\" content=\"Verfasst von\" \/>\n\t<meta name=\"twitter:data1\" content=\"Niclas Rebbelmund\" \/>\n\t<meta name=\"twitter:label2\" content=\"Gesch\u00e4tzte Lesezeit\" \/>\n\t<meta name=\"twitter:data2\" content=\"2\u00a0Minuten\" \/>\n<script type=\"application\/ld+json\" class=\"yoast-schema-graph\">{\"@context\":\"https:\\\/\\\/schema.org\",\"@graph\":[{\"@type\":\"Article\",\"@id\":\"https:\\\/\\\/www.eddh-airport.de\\\/eddhairport\\\/4-vorfeldfahrt-22-juli-2018\\\/#article\",\"isPartOf\":{\"@id\":\"https:\\\/\\\/www.eddh-airport.de\\\/eddhairport\\\/4-vorfeldfahrt-22-juli-2018\\\/\"},\"author\":{\"name\":\"Niclas Rebbelmund\",\"@id\":\"https:\\\/\\\/www.eddh-airport.de\\\/eddhairport\\\/#\\\/schema\\\/person\\\/69e52086d712e506636c8f4c5f088abe\"},\"headline\":\"4. Vorfeldfahrt, 22. Juli 2018\",\"datePublished\":\"2018-07-22T17:43:23+00:00\",\"dateModified\":\"2019-08-08T12:51:42+00:00\",\"mainEntityOfPage\":{\"@id\":\"https:\\\/\\\/www.eddh-airport.de\\\/eddhairport\\\/4-vorfeldfahrt-22-juli-2018\\\/\"},\"wordCount\":439,\"commentCount\":0,\"publisher\":{\"@id\":\"https:\\\/\\\/www.eddh-airport.de\\\/eddhairport\\\/#organization\"},\"image\":{\"@id\":\"https:\\\/\\\/www.eddh-airport.de\\\/eddhairport\\\/4-vorfeldfahrt-22-juli-2018\\\/#primaryimage\"},\"thumbnailUrl\":\"https:\\\/\\\/netairspace.cc\\\/pic\\\/254503\\\/hottestbrick_main.jpg\",\"keywords\":[\"737\",\"757\",\"A300\",\"A320\",\"A330\",\"AirArabia\",\"Airbus\",\"ATR72\",\"B737\",\"Boeing\",\"Condor\",\"Dash8\",\"EDDH\",\"Eurowings\",\"Falcon\",\"FedEx\",\"HAM\",\"Hamburg Airport\",\"HondaJet\",\"Mitsubishi\",\"TuiFly\",\"Turkish Airlines\",\"VIP\",\"Vorfeld\",\"Vorfeldfahrt\"],\"articleSection\":[\"Movements EDDH\"],\"inLanguage\":\"de\",\"potentialAction\":[{\"@type\":\"CommentAction\",\"name\":\"Comment\",\"target\":[\"https:\\\/\\\/www.eddh-airport.de\\\/eddhairport\\\/4-vorfeldfahrt-22-juli-2018\\\/#respond\"]}]},{\"@type\":\"WebPage\",\"@id\":\"https:\\\/\\\/www.eddh-airport.de\\\/eddhairport\\\/4-vorfeldfahrt-22-juli-2018\\\/\",\"url\":\"https:\\\/\\\/www.eddh-airport.de\\\/eddhairport\\\/4-vorfeldfahrt-22-juli-2018\\\/\",\"name\":\"4. Vorfeldfahrt, 22. Juli 2018 - eddh-airport\",\"isPartOf\":{\"@id\":\"https:\\\/\\\/www.eddh-airport.de\\\/eddhairport\\\/#website\"},\"primaryImageOfPage\":{\"@id\":\"https:\\\/\\\/www.eddh-airport.de\\\/eddhairport\\\/4-vorfeldfahrt-22-juli-2018\\\/#primaryimage\"},\"image\":{\"@id\":\"https:\\\/\\\/www.eddh-airport.de\\\/eddhairport\\\/4-vorfeldfahrt-22-juli-2018\\\/#primaryimage\"},\"thumbnailUrl\":\"https:\\\/\\\/netairspace.cc\\\/pic\\\/254503\\\/hottestbrick_main.jpg\",\"datePublished\":\"2018-07-22T17:43:23+00:00\",\"dateModified\":\"2019-08-08T12:51:42+00:00\",\"description\":\"Bei der heutigen 4. Vorfeldfahrt am Hamburg Airport konnten sowohl Charter- und Linienflugzeuge als auch einige Business Jets fotografiert werden.\",\"breadcrumb\":{\"@id\":\"https:\\\/\\\/www.eddh-airport.de\\\/eddhairport\\\/4-vorfeldfahrt-22-juli-2018\\\/#breadcrumb\"},\"inLanguage\":\"de\",\"potentialAction\":[{\"@type\":\"ReadAction\",\"target\":[\"https:\\\/\\\/www.eddh-airport.de\\\/eddhairport\\\/4-vorfeldfahrt-22-juli-2018\\\/\"]}]},{\"@type\":\"ImageObject\",\"inLanguage\":\"de\",\"@id\":\"https:\\\/\\\/www.eddh-airport.de\\\/eddhairport\\\/4-vorfeldfahrt-22-juli-2018\\\/#primaryimage\",\"url\":\"https:\\\/\\\/netairspace.cc\\\/pic\\\/254503\\\/hottestbrick_main.jpg\",\"contentUrl\":\"https:\\\/\\\/netairspace.cc\\\/pic\\\/254503\\\/hottestbrick_main.jpg\"},{\"@type\":\"BreadcrumbList\",\"@id\":\"https:\\\/\\\/www.eddh-airport.de\\\/eddhairport\\\/4-vorfeldfahrt-22-juli-2018\\\/#breadcrumb\",\"itemListElement\":[{\"@type\":\"ListItem\",\"position\":1,\"name\":\"Startseite\",\"item\":\"https:\\\/\\\/www.eddh-airport.de\\\/eddhairport\\\/\"},{\"@type\":\"ListItem\",\"position\":2,\"name\":\"4. Vorfeldfahrt, 22. Juli 2018\"}]},{\"@type\":\"WebSite\",\"@id\":\"https:\\\/\\\/www.eddh-airport.de\\\/eddhairport\\\/#website\",\"url\":\"https:\\\/\\\/www.eddh-airport.de\\\/eddhairport\\\/\",\"name\":\"eddh-airport\",\"description\":\"Luftfahrtnews und Planespotting aus Hamburg\",\"publisher\":{\"@id\":\"https:\\\/\\\/www.eddh-airport.de\\\/eddhairport\\\/#organization\"},\"potentialAction\":[{\"@type\":\"SearchAction\",\"target\":{\"@type\":\"EntryPoint\",\"urlTemplate\":\"https:\\\/\\\/www.eddh-airport.de\\\/eddhairport\\\/?s={search_term_string}\"},\"query-input\":{\"@type\":\"PropertyValueSpecification\",\"valueRequired\":true,\"valueName\":\"search_term_string\"}}],\"inLanguage\":\"de\"},{\"@type\":\"Organization\",\"@id\":\"https:\\\/\\\/www.eddh-airport.de\\\/eddhairport\\\/#organization\",\"name\":\"eddh-airport\",\"url\":\"https:\\\/\\\/www.eddh-airport.de\\\/eddhairport\\\/\",\"logo\":{\"@type\":\"ImageObject\",\"inLanguage\":\"de\",\"@id\":\"https:\\\/\\\/www.eddh-airport.de\\\/eddhairport\\\/#\\\/schema\\\/logo\\\/image\\\/\",\"url\":\"https:\\\/\\\/www.eddh-airport.de\\\/eddhairport\\\/wp-content\\\/uploads\\\/2018\\\/10\\\/cropped-Neues-Logo-blau-eine-Ebene-2.jpg\",\"contentUrl\":\"https:\\\/\\\/www.eddh-airport.de\\\/eddhairport\\\/wp-content\\\/uploads\\\/2018\\\/10\\\/cropped-Neues-Logo-blau-eine-Ebene-2.jpg\",\"width\":512,\"height\":512,\"caption\":\"eddh-airport\"},\"image\":{\"@id\":\"https:\\\/\\\/www.eddh-airport.de\\\/eddhairport\\\/#\\\/schema\\\/logo\\\/image\\\/\"},\"sameAs\":[\"https:\\\/\\\/www.facebook.com\\\/eddhairport\\\/\",\"https:\\\/\\\/x.com\\\/EDDH_airport_de\",\"https:\\\/\\\/www.instagram.com\\\/eddhairport\\\/?hl=de\"]},{\"@type\":\"Person\",\"@id\":\"https:\\\/\\\/www.eddh-airport.de\\\/eddhairport\\\/#\\\/schema\\\/person\\\/69e52086d712e506636c8f4c5f088abe\",\"name\":\"Niclas Rebbelmund\",\"image\":{\"@type\":\"ImageObject\",\"inLanguage\":\"de\",\"@id\":\"https:\\\/\\\/secure.gravatar.com\\\/avatar\\\/d84f2b77774e9493691ea91c216d4e4e5412d631f5fe9806ac1d1d54bd3c30cb?s=96&d=mm&r=g\",\"url\":\"https:\\\/\\\/secure.gravatar.com\\\/avatar\\\/d84f2b77774e9493691ea91c216d4e4e5412d631f5fe9806ac1d1d54bd3c30cb?s=96&d=mm&r=g\",\"contentUrl\":\"https:\\\/\\\/secure.gravatar.com\\\/avatar\\\/d84f2b77774e9493691ea91c216d4e4e5412d631f5fe9806ac1d1d54bd3c30cb?s=96&d=mm&r=g\",\"caption\":\"Niclas Rebbelmund\"},\"description\":\"34 Jahre, Team Nikon, Aviation &amp; Fotografie Enthusiast\",\"sameAs\":[\"https:\\\/\\\/www.instagram.com\\\/niclashco\\\/\"],\"url\":\"https:\\\/\\\/www.eddh-airport.de\\\/eddhairport\\\/author\\\/niclas-rebbelmund\\\/\"}]}<\/script>\n<!-- \/ Yoast SEO plugin. -->","yoast_head_json":{"title":"4. Vorfeldfahrt, 22. Juli 2018 - eddh-airport","description":"Bei der heutigen 4. Vorfeldfahrt am Hamburg Airport konnten sowohl Charter- und Linienflugzeuge als auch einige Business Jets fotografiert werden.","robots":{"index":"index","follow":"follow","max-snippet":"max-snippet:-1","max-image-preview":"max-image-preview:large","max-video-preview":"max-video-preview:-1"},"canonical":"https:\/\/www.eddh-airport.de\/eddhairport\/4-vorfeldfahrt-22-juli-2018\/","og_locale":"de_DE","og_type":"article","og_title":"4. Vorfeldfahrt, 22. Juli 2018 - eddh-airport","og_description":"Bei der heutigen 4. Vorfeldfahrt am Hamburg Airport konnten sowohl Charter- und Linienflugzeuge als auch einige Business Jets fotografiert werden.","og_url":"https:\/\/www.eddh-airport.de\/eddhairport\/4-vorfeldfahrt-22-juli-2018\/","og_site_name":"eddh-airport","article_publisher":"https:\/\/www.facebook.com\/eddhairport\/","article_published_time":"2018-07-22T17:43:23+00:00","article_modified_time":"2019-08-08T12:51:42+00:00","og_image":[{"url":"https:\/\/netairspace.cc\/pic\/254503\/hottestbrick_main.jpg","type":"","width":"","height":""}],"author":"Niclas Rebbelmund","twitter_card":"summary_large_image","twitter_creator":"@EDDH_airport_de","twitter_site":"@EDDH_airport_de","twitter_misc":{"Verfasst von":"Niclas Rebbelmund","Gesch\u00e4tzte Lesezeit":"2\u00a0Minuten"},"schema":{"@context":"https:\/\/schema.org","@graph":[{"@type":"Article","@id":"https:\/\/www.eddh-airport.de\/eddhairport\/4-vorfeldfahrt-22-juli-2018\/#article","isPartOf":{"@id":"https:\/\/www.eddh-airport.de\/eddhairport\/4-vorfeldfahrt-22-juli-2018\/"},"author":{"name":"Niclas Rebbelmund","@id":"https:\/\/www.eddh-airport.de\/eddhairport\/#\/schema\/person\/69e52086d712e506636c8f4c5f088abe"},"headline":"4. Vorfeldfahrt, 22. Juli 2018","datePublished":"2018-07-22T17:43:23+00:00","dateModified":"2019-08-08T12:51:42+00:00","mainEntityOfPage":{"@id":"https:\/\/www.eddh-airport.de\/eddhairport\/4-vorfeldfahrt-22-juli-2018\/"},"wordCount":439,"commentCount":0,"publisher":{"@id":"https:\/\/www.eddh-airport.de\/eddhairport\/#organization"},"image":{"@id":"https:\/\/www.eddh-airport.de\/eddhairport\/4-vorfeldfahrt-22-juli-2018\/#primaryimage"},"thumbnailUrl":"https:\/\/netairspace.cc\/pic\/254503\/hottestbrick_main.jpg","keywords":["737","757","A300","A320","A330","AirArabia","Airbus","ATR72","B737","Boeing","Condor","Dash8","EDDH","Eurowings","Falcon","FedEx","HAM","Hamburg Airport","HondaJet","Mitsubishi","TuiFly","Turkish Airlines","VIP","Vorfeld","Vorfeldfahrt"],"articleSection":["Movements EDDH"],"inLanguage":"de","potentialAction":[{"@type":"CommentAction","name":"Comment","target":["https:\/\/www.eddh-airport.de\/eddhairport\/4-vorfeldfahrt-22-juli-2018\/#respond"]}]},{"@type":"WebPage","@id":"https:\/\/www.eddh-airport.de\/eddhairport\/4-vorfeldfahrt-22-juli-2018\/","url":"https:\/\/www.eddh-airport.de\/eddhairport\/4-vorfeldfahrt-22-juli-2018\/","name":"4. Vorfeldfahrt, 22. Juli 2018 - eddh-airport","isPartOf":{"@id":"https:\/\/www.eddh-airport.de\/eddhairport\/#website"},"primaryImageOfPage":{"@id":"https:\/\/www.eddh-airport.de\/eddhairport\/4-vorfeldfahrt-22-juli-2018\/#primaryimage"},"image":{"@id":"https:\/\/www.eddh-airport.de\/eddhairport\/4-vorfeldfahrt-22-juli-2018\/#primaryimage"},"thumbnailUrl":"https:\/\/netairspace.cc\/pic\/254503\/hottestbrick_main.jpg","datePublished":"2018-07-22T17:43:23+00:00","dateModified":"2019-08-08T12:51:42+00:00","description":"Bei der heutigen 4. Vorfeldfahrt am Hamburg Airport konnten sowohl Charter- und Linienflugzeuge als auch einige Business Jets fotografiert werden.","breadcrumb":{"@id":"https:\/\/www.eddh-airport.de\/eddhairport\/4-vorfeldfahrt-22-juli-2018\/#breadcrumb"},"inLanguage":"de","potentialAction":[{"@type":"ReadAction","target":["https:\/\/www.eddh-airport.de\/eddhairport\/4-vorfeldfahrt-22-juli-2018\/"]}]},{"@type":"ImageObject","inLanguage":"de","@id":"https:\/\/www.eddh-airport.de\/eddhairport\/4-vorfeldfahrt-22-juli-2018\/#primaryimage","url":"https:\/\/netairspace.cc\/pic\/254503\/hottestbrick_main.jpg","contentUrl":"https:\/\/netairspace.cc\/pic\/254503\/hottestbrick_main.jpg"},{"@type":"BreadcrumbList","@id":"https:\/\/www.eddh-airport.de\/eddhairport\/4-vorfeldfahrt-22-juli-2018\/#breadcrumb","itemListElement":[{"@type":"ListItem","position":1,"name":"Startseite","item":"https:\/\/www.eddh-airport.de\/eddhairport\/"},{"@type":"ListItem","position":2,"name":"4. Vorfeldfahrt, 22. Juli 2018"}]},{"@type":"WebSite","@id":"https:\/\/www.eddh-airport.de\/eddhairport\/#website","url":"https:\/\/www.eddh-airport.de\/eddhairport\/","name":"eddh-airport","description":"Luftfahrtnews und Planespotting aus Hamburg","publisher":{"@id":"https:\/\/www.eddh-airport.de\/eddhairport\/#organization"},"potentialAction":[{"@type":"SearchAction","target":{"@type":"EntryPoint","urlTemplate":"https:\/\/www.eddh-airport.de\/eddhairport\/?s={search_term_string}"},"query-input":{"@type":"PropertyValueSpecification","valueRequired":true,"valueName":"search_term_string"}}],"inLanguage":"de"},{"@type":"Organization","@id":"https:\/\/www.eddh-airport.de\/eddhairport\/#organization","name":"eddh-airport","url":"https:\/\/www.eddh-airport.de\/eddhairport\/","logo":{"@type":"ImageObject","inLanguage":"de","@id":"https:\/\/www.eddh-airport.de\/eddhairport\/#\/schema\/logo\/image\/","url":"https:\/\/www.eddh-airport.de\/eddhairport\/wp-content\/uploads\/2018\/10\/cropped-Neues-Logo-blau-eine-Ebene-2.jpg","contentUrl":"https:\/\/www.eddh-airport.de\/eddhairport\/wp-content\/uploads\/2018\/10\/cropped-Neues-Logo-blau-eine-Ebene-2.jpg","width":512,"height":512,"caption":"eddh-airport"},"image":{"@id":"https:\/\/www.eddh-airport.de\/eddhairport\/#\/schema\/logo\/image\/"},"sameAs":["https:\/\/www.facebook.com\/eddhairport\/","https:\/\/x.com\/EDDH_airport_de","https:\/\/www.instagram.com\/eddhairport\/?hl=de"]},{"@type":"Person","@id":"https:\/\/www.eddh-airport.de\/eddhairport\/#\/schema\/person\/69e52086d712e506636c8f4c5f088abe","name":"Niclas Rebbelmund","image":{"@type":"ImageObject","inLanguage":"de","@id":"https:\/\/secure.gravatar.com\/avatar\/d84f2b77774e9493691ea91c216d4e4e5412d631f5fe9806ac1d1d54bd3c30cb?s=96&d=mm&r=g","url":"https:\/\/secure.gravatar.com\/avatar\/d84f2b77774e9493691ea91c216d4e4e5412d631f5fe9806ac1d1d54bd3c30cb?s=96&d=mm&r=g","contentUrl":"https:\/\/secure.gravatar.com\/avatar\/d84f2b77774e9493691ea91c216d4e4e5412d631f5fe9806ac1d1d54bd3c30cb?s=96&d=mm&r=g","caption":"Niclas Rebbelmund"},"description":"34 Jahre, Team Nikon, Aviation &amp; Fotografie Enthusiast","sameAs":["https:\/\/www.instagram.com\/niclashco\/"],"url":"https:\/\/www.eddh-airport.de\/eddhairport\/author\/niclas-rebbelmund\/"}]}},"_links":{"self":[{"href":"https:\/\/www.eddh-airport.de\/eddhairport\/wp-json\/wp\/v2\/posts\/572","targetHints":{"allow":["GET"]}}],"collection":[{"href":"https:\/\/www.eddh-airport.de\/eddhairport\/wp-json\/wp\/v2\/posts"}],"about":[{"href":"https:\/\/www.eddh-airport.de\/eddhairport\/wp-json\/wp\/v2\/types\/post"}],"author":[{"embeddable":true,"href":"https:\/\/www.eddh-airport.de\/eddhairport\/wp-json\/wp\/v2\/users\/3"}],"replies":[{"embeddable":true,"href":"https:\/\/www.eddh-airport.de\/eddhairport\/wp-json\/wp\/v2\/comments?post=572"}],"version-history":[{"count":8,"href":"https:\/\/www.eddh-airport.de\/eddhairport\/wp-json\/wp\/v2\/posts\/572\/revisions"}],"predecessor-version":[{"id":2202,"href":"https:\/\/www.eddh-airport.de\/eddhairport\/wp-json\/wp\/v2\/posts\/572\/revisions\/2202"}],"wp:attachment":[{"href":"https:\/\/www.eddh-airport.de\/eddhairport\/wp-json\/wp\/v2\/media?parent=572"}],"wp:term":[{"taxonomy":"category","embeddable":true,"href":"https:\/\/www.eddh-airport.de\/eddhairport\/wp-json\/wp\/v2\/categories?post=572"},{"taxonomy":"post_tag","embeddable":true,"href":"https:\/\/www.eddh-airport.de\/eddhairport\/wp-json\/wp\/v2\/tags?post=572"}],"curies":[{"name":"wp","href":"https:\/\/api.w.org\/{rel}","templated":true}]}}