{"id":5718,"date":"2021-06-02T22:10:07","date_gmt":"2021-06-02T20:10:07","guid":{"rendered":"https:\/\/www.eddh-airport.de\/eddhairport\/?p=5718"},"modified":"2021-06-03T07:19:34","modified_gmt":"2021-06-03T05:19:34","slug":"emirates-f-wwav-a6-evo","status":"publish","type":"post","link":"https:\/\/www.eddh-airport.de\/eddhairport\/emirates-f-wwav-a6-evo\/","title":{"rendered":"Emirates, F-WWAV (A6-EVO)"},"content":{"rendered":"<h6>Emirates, F-WWAV (A6-EVO)<\/h6>\n<p>So langsam neigt sich die Produktion des Airbus A380 dem Ende zu zu. Landete doch erst vor einigen Wochen der letzte jemals produzierte Superjumbo auf dem Airbuswerksgel\u00e4nde in Finkenwerder (<a href=\"https:\/\/www.eddh-airport.de\/eddhairport\/emirates-f-wwsh-a6-evs\/\">wir berichteten<\/a>), startete am heutigen Nachmittag mit der zuk\u00fcnftigen A6-EVO einer der letzten vier produzierten A380 zu einem Testflug. Auf dem sogenannten &#8220;Customer Acceptance Flight&#8221; ist der Endkunde bereits an Bord und nimmt das Flugzeug ab. Dazu war der Airbus A380-842 mit der tempor\u00e4ren Kennung F-WWAV mehr als vier Stunden \u00fcber Brandenburg, Berlin, Mecklenburg-Vorpommern und der Ostsee unterwegs. Am Abend landete der Vierstrahler dann \u00fcber die Landebahn 05 wieder auf dem Werksgel\u00e4nde.<\/p>\n<p><a href=\"https:\/\/www.netairspace.cc\/pic\/450897\/\"><img decoding=\"async\" src=\"https:\/\/www.netairspace.cc\/pic\/450897\/hottestbrick_main.jpg\" alt=\"Aviation photo\" \/><\/a><br \/>\n<a href=\"https:\/\/www.netairspace.cc\/pic\/450897\/\"><span style=\"font-size: xx-small;\">F-WWAV at Hamburg &#8211; Finkenwerder<br \/>\nby Niclas Rebbelmund on netAirspace<\/span><\/a><\/p>\n<p>Anders als viele andere Airlines setzt Emirates auch in der Zukunft auf das gr\u00f6\u00dfte Passagierflugzeug der Welt. A6-EVO wird dann eine von 122 aktiven A380 in der Flotte der Airline aus den Vereinigten Arabischen Emiraten sein. Die Auslieferung d\u00fcrfte nach dem heutigen (hoffentlich) erfolgreichen Flug kurz bevor stehen. Sobald die Maschine mit der Baunummer (MSN) 268 Finkenwerder verl\u00e4sst, sind nur noch drei Flugzeuge dieses Typ in Finkenwerder. Der letzte Airbus A380 wird wohl im Fr\u00fchjahr des kommenden Jahres ausgeliefert.<\/p>\n","protected":false},"excerpt":{"rendered":"<p>Emirates, F-WWAV (A6-EVO) So langsam neigt sich die Produktion des Airbus A380 dem Ende zu zu. Landete doch erst vor einigen Wochen der letzte jemals produzierte Superjumbo auf dem Airbuswerksgel\u00e4nde in Finkenwerder (wir berichteten), startete am heutigen Nachmittag mit der zuk\u00fcnftigen A6-EVO einer der letzten vier produzierten A380 zu einem Testflug. Auf dem sogenannten &#8220;Customer [&hellip;]<\/p>\n","protected":false},"author":3,"featured_media":0,"comment_status":"open","ping_status":"open","sticky":false,"template":"","format":"standard","meta":{"_monsterinsights_skip_tracking":false,"_monsterinsights_sitenote_active":false,"_monsterinsights_sitenote_note":"","_monsterinsights_sitenote_category":0,"site-sidebar-layout":"default","site-content-layout":"default","ast-site-content-layout":"default","site-content-style":"default","site-sidebar-style":"default","ast-global-header-display":"","ast-banner-title-visibility":"","ast-main-header-display":"","ast-hfb-above-header-display":"","ast-hfb-below-header-display":"","ast-hfb-mobile-header-display":"","site-post-title":"","ast-breadcrumbs-content":"","ast-featured-img":"","footer-sml-layout":"","ast-disable-related-posts":"","theme-transparent-header-meta":"default","adv-header-id-meta":"","stick-header-meta":"","header-above-stick-meta":"","header-main-stick-meta":"","header-below-stick-meta":"","astra-migrate-meta-layouts":"default","ast-page-background-enabled":"default","ast-page-background-meta":{"desktop":{"background-color":"","background-image":"","background-repeat":"repeat","background-position":"center center","background-size":"auto","background-attachment":"scroll","background-type":"","background-media":"","overlay-type":"","overlay-color":"","overlay-opacity":"","overlay-gradient":""},"tablet":{"background-color":"","background-image":"","background-repeat":"repeat","background-position":"center center","background-size":"auto","background-attachment":"scroll","background-type":"","background-media":"","overlay-type":"","overlay-color":"","overlay-opacity":"","overlay-gradient":""},"mobile":{"background-color":"","background-image":"","background-repeat":"repeat","background-position":"center center","background-size":"auto","background-attachment":"scroll","background-type":"","background-media":"","overlay-type":"","overlay-color":"","overlay-opacity":"","overlay-gradient":""}},"ast-content-background-meta":{"desktop":{"background-color":"var(--ast-global-color-5)","background-image":"","background-repeat":"repeat","background-position":"center center","background-size":"auto","background-attachment":"scroll","background-type":"","background-media":"","overlay-type":"","overlay-color":"","overlay-opacity":"","overlay-gradient":""},"tablet":{"background-color":"var(--ast-global-color-5)","background-image":"","background-repeat":"repeat","background-position":"center center","background-size":"auto","background-attachment":"scroll","background-type":"","background-media":"","overlay-type":"","overlay-color":"","overlay-opacity":"","overlay-gradient":""},"mobile":{"background-color":"var(--ast-global-color-5)","background-image":"","background-repeat":"repeat","background-position":"center center","background-size":"auto","background-attachment":"scroll","background-type":"","background-media":"","overlay-type":"","overlay-color":"","overlay-opacity":"","overlay-gradient":""}},"footnotes":""},"categories":[22],"tags":[79,12,476,23,28,234],"class_list":["post-5718","post","type-post","status-publish","format-standard","hentry","category-movements-edhi","tag-a380","tag-airbus","tag-airbus-a380","tag-edhi","tag-emirates","tag-finkenwerder"],"yoast_head":"<!-- This site is optimized with the Yoast SEO plugin v27.4 - https:\/\/yoast.com\/product\/yoast-seo-wordpress\/ -->\n<title>Emirates, F-WWAV (A6-EVO) - eddh-airport<\/title>\n<meta name=\"description\" content=\"Am heutigen Abend kehrte die zuk\u00fcnftige A6-EVO der Emirates von ihrem (vielleicht) letzten Testflug nach Finkenwerder zur\u00fcck.\" \/>\n<meta name=\"robots\" content=\"index, follow, max-snippet:-1, max-image-preview:large, max-video-preview:-1\" \/>\n<link rel=\"canonical\" href=\"https:\/\/www.eddh-airport.de\/eddhairport\/emirates-f-wwav-a6-evo\/\" \/>\n<meta property=\"og:locale\" content=\"de_DE\" \/>\n<meta property=\"og:type\" content=\"article\" \/>\n<meta property=\"og:title\" content=\"Emirates, F-WWAV (A6-EVO) - eddh-airport\" \/>\n<meta property=\"og:description\" content=\"Am heutigen Abend kehrte die zuk\u00fcnftige A6-EVO der Emirates von ihrem (vielleicht) letzten Testflug nach Finkenwerder zur\u00fcck.\" \/>\n<meta property=\"og:url\" content=\"https:\/\/www.eddh-airport.de\/eddhairport\/emirates-f-wwav-a6-evo\/\" \/>\n<meta property=\"og:site_name\" content=\"eddh-airport\" \/>\n<meta property=\"article:publisher\" content=\"https:\/\/www.facebook.com\/eddhairport\/\" \/>\n<meta property=\"article:published_time\" content=\"2021-06-02T20:10:07+00:00\" \/>\n<meta property=\"article:modified_time\" content=\"2021-06-03T05:19:34+00:00\" \/>\n<meta property=\"og:image\" content=\"https:\/\/www.netairspace.cc\/pic\/450897\/hottestbrick_main.jpg\" \/>\n<meta name=\"author\" content=\"Niclas Rebbelmund\" \/>\n<meta name=\"twitter:card\" content=\"summary_large_image\" \/>\n<meta name=\"twitter:creator\" content=\"@EDDH_airport_de\" \/>\n<meta name=\"twitter:site\" content=\"@EDDH_airport_de\" \/>\n<meta name=\"twitter:label1\" content=\"Verfasst von\" \/>\n\t<meta name=\"twitter:data1\" content=\"Niclas Rebbelmund\" \/>\n\t<meta name=\"twitter:label2\" content=\"Gesch\u00e4tzte Lesezeit\" \/>\n\t<meta name=\"twitter:data2\" content=\"2\u00a0Minuten\" \/>\n<script type=\"application\/ld+json\" class=\"yoast-schema-graph\">{\"@context\":\"https:\\\/\\\/schema.org\",\"@graph\":[{\"@type\":\"Article\",\"@id\":\"https:\\\/\\\/www.eddh-airport.de\\\/eddhairport\\\/emirates-f-wwav-a6-evo\\\/#article\",\"isPartOf\":{\"@id\":\"https:\\\/\\\/www.eddh-airport.de\\\/eddhairport\\\/emirates-f-wwav-a6-evo\\\/\"},\"author\":{\"name\":\"Niclas Rebbelmund\",\"@id\":\"https:\\\/\\\/www.eddh-airport.de\\\/eddhairport\\\/#\\\/schema\\\/person\\\/69e52086d712e506636c8f4c5f088abe\"},\"headline\":\"Emirates, F-WWAV (A6-EVO)\",\"datePublished\":\"2021-06-02T20:10:07+00:00\",\"dateModified\":\"2021-06-03T05:19:34+00:00\",\"mainEntityOfPage\":{\"@id\":\"https:\\\/\\\/www.eddh-airport.de\\\/eddhairport\\\/emirates-f-wwav-a6-evo\\\/\"},\"wordCount\":206,\"commentCount\":0,\"publisher\":{\"@id\":\"https:\\\/\\\/www.eddh-airport.de\\\/eddhairport\\\/#organization\"},\"image\":{\"@id\":\"https:\\\/\\\/www.eddh-airport.de\\\/eddhairport\\\/emirates-f-wwav-a6-evo\\\/#primaryimage\"},\"thumbnailUrl\":\"https:\\\/\\\/www.netairspace.cc\\\/pic\\\/450897\\\/hottestbrick_main.jpg\",\"keywords\":[\"A380\",\"Airbus\",\"Airbus A380\",\"EDHI\",\"Emirates\",\"Finkenwerder\"],\"articleSection\":[\"Movements EDHI\"],\"inLanguage\":\"de\",\"potentialAction\":[{\"@type\":\"CommentAction\",\"name\":\"Comment\",\"target\":[\"https:\\\/\\\/www.eddh-airport.de\\\/eddhairport\\\/emirates-f-wwav-a6-evo\\\/#respond\"]}]},{\"@type\":\"WebPage\",\"@id\":\"https:\\\/\\\/www.eddh-airport.de\\\/eddhairport\\\/emirates-f-wwav-a6-evo\\\/\",\"url\":\"https:\\\/\\\/www.eddh-airport.de\\\/eddhairport\\\/emirates-f-wwav-a6-evo\\\/\",\"name\":\"Emirates, F-WWAV (A6-EVO) - eddh-airport\",\"isPartOf\":{\"@id\":\"https:\\\/\\\/www.eddh-airport.de\\\/eddhairport\\\/#website\"},\"primaryImageOfPage\":{\"@id\":\"https:\\\/\\\/www.eddh-airport.de\\\/eddhairport\\\/emirates-f-wwav-a6-evo\\\/#primaryimage\"},\"image\":{\"@id\":\"https:\\\/\\\/www.eddh-airport.de\\\/eddhairport\\\/emirates-f-wwav-a6-evo\\\/#primaryimage\"},\"thumbnailUrl\":\"https:\\\/\\\/www.netairspace.cc\\\/pic\\\/450897\\\/hottestbrick_main.jpg\",\"datePublished\":\"2021-06-02T20:10:07+00:00\",\"dateModified\":\"2021-06-03T05:19:34+00:00\",\"description\":\"Am heutigen Abend kehrte die zuk\u00fcnftige A6-EVO der Emirates von ihrem (vielleicht) letzten Testflug nach Finkenwerder zur\u00fcck.\",\"breadcrumb\":{\"@id\":\"https:\\\/\\\/www.eddh-airport.de\\\/eddhairport\\\/emirates-f-wwav-a6-evo\\\/#breadcrumb\"},\"inLanguage\":\"de\",\"potentialAction\":[{\"@type\":\"ReadAction\",\"target\":[\"https:\\\/\\\/www.eddh-airport.de\\\/eddhairport\\\/emirates-f-wwav-a6-evo\\\/\"]}]},{\"@type\":\"ImageObject\",\"inLanguage\":\"de\",\"@id\":\"https:\\\/\\\/www.eddh-airport.de\\\/eddhairport\\\/emirates-f-wwav-a6-evo\\\/#primaryimage\",\"url\":\"https:\\\/\\\/www.netairspace.cc\\\/pic\\\/450897\\\/hottestbrick_main.jpg\",\"contentUrl\":\"https:\\\/\\\/www.netairspace.cc\\\/pic\\\/450897\\\/hottestbrick_main.jpg\"},{\"@type\":\"BreadcrumbList\",\"@id\":\"https:\\\/\\\/www.eddh-airport.de\\\/eddhairport\\\/emirates-f-wwav-a6-evo\\\/#breadcrumb\",\"itemListElement\":[{\"@type\":\"ListItem\",\"position\":1,\"name\":\"Startseite\",\"item\":\"https:\\\/\\\/www.eddh-airport.de\\\/eddhairport\\\/\"},{\"@type\":\"ListItem\",\"position\":2,\"name\":\"Emirates, F-WWAV (A6-EVO)\"}]},{\"@type\":\"WebSite\",\"@id\":\"https:\\\/\\\/www.eddh-airport.de\\\/eddhairport\\\/#website\",\"url\":\"https:\\\/\\\/www.eddh-airport.de\\\/eddhairport\\\/\",\"name\":\"eddh-airport\",\"description\":\"Luftfahrtnews und Planespotting aus Hamburg\",\"publisher\":{\"@id\":\"https:\\\/\\\/www.eddh-airport.de\\\/eddhairport\\\/#organization\"},\"potentialAction\":[{\"@type\":\"SearchAction\",\"target\":{\"@type\":\"EntryPoint\",\"urlTemplate\":\"https:\\\/\\\/www.eddh-airport.de\\\/eddhairport\\\/?s={search_term_string}\"},\"query-input\":{\"@type\":\"PropertyValueSpecification\",\"valueRequired\":true,\"valueName\":\"search_term_string\"}}],\"inLanguage\":\"de\"},{\"@type\":\"Organization\",\"@id\":\"https:\\\/\\\/www.eddh-airport.de\\\/eddhairport\\\/#organization\",\"name\":\"eddh-airport\",\"url\":\"https:\\\/\\\/www.eddh-airport.de\\\/eddhairport\\\/\",\"logo\":{\"@type\":\"ImageObject\",\"inLanguage\":\"de\",\"@id\":\"https:\\\/\\\/www.eddh-airport.de\\\/eddhairport\\\/#\\\/schema\\\/logo\\\/image\\\/\",\"url\":\"https:\\\/\\\/www.eddh-airport.de\\\/eddhairport\\\/wp-content\\\/uploads\\\/2018\\\/10\\\/cropped-Neues-Logo-blau-eine-Ebene-2.jpg\",\"contentUrl\":\"https:\\\/\\\/www.eddh-airport.de\\\/eddhairport\\\/wp-content\\\/uploads\\\/2018\\\/10\\\/cropped-Neues-Logo-blau-eine-Ebene-2.jpg\",\"width\":512,\"height\":512,\"caption\":\"eddh-airport\"},\"image\":{\"@id\":\"https:\\\/\\\/www.eddh-airport.de\\\/eddhairport\\\/#\\\/schema\\\/logo\\\/image\\\/\"},\"sameAs\":[\"https:\\\/\\\/www.facebook.com\\\/eddhairport\\\/\",\"https:\\\/\\\/x.com\\\/EDDH_airport_de\",\"https:\\\/\\\/www.instagram.com\\\/eddhairport\\\/?hl=de\"]},{\"@type\":\"Person\",\"@id\":\"https:\\\/\\\/www.eddh-airport.de\\\/eddhairport\\\/#\\\/schema\\\/person\\\/69e52086d712e506636c8f4c5f088abe\",\"name\":\"Niclas Rebbelmund\",\"image\":{\"@type\":\"ImageObject\",\"inLanguage\":\"de\",\"@id\":\"https:\\\/\\\/secure.gravatar.com\\\/avatar\\\/d84f2b77774e9493691ea91c216d4e4e5412d631f5fe9806ac1d1d54bd3c30cb?s=96&d=mm&r=g\",\"url\":\"https:\\\/\\\/secure.gravatar.com\\\/avatar\\\/d84f2b77774e9493691ea91c216d4e4e5412d631f5fe9806ac1d1d54bd3c30cb?s=96&d=mm&r=g\",\"contentUrl\":\"https:\\\/\\\/secure.gravatar.com\\\/avatar\\\/d84f2b77774e9493691ea91c216d4e4e5412d631f5fe9806ac1d1d54bd3c30cb?s=96&d=mm&r=g\",\"caption\":\"Niclas Rebbelmund\"},\"description\":\"34 Jahre, Team Nikon, Aviation &amp; Fotografie Enthusiast\",\"sameAs\":[\"https:\\\/\\\/www.instagram.com\\\/niclashco\\\/\"],\"url\":\"https:\\\/\\\/www.eddh-airport.de\\\/eddhairport\\\/author\\\/niclas-rebbelmund\\\/\"}]}<\/script>\n<!-- \/ Yoast SEO plugin. -->","yoast_head_json":{"title":"Emirates, F-WWAV (A6-EVO) - eddh-airport","description":"Am heutigen Abend kehrte die zuk\u00fcnftige A6-EVO der Emirates von ihrem (vielleicht) letzten Testflug nach Finkenwerder zur\u00fcck.","robots":{"index":"index","follow":"follow","max-snippet":"max-snippet:-1","max-image-preview":"max-image-preview:large","max-video-preview":"max-video-preview:-1"},"canonical":"https:\/\/www.eddh-airport.de\/eddhairport\/emirates-f-wwav-a6-evo\/","og_locale":"de_DE","og_type":"article","og_title":"Emirates, F-WWAV (A6-EVO) - eddh-airport","og_description":"Am heutigen Abend kehrte die zuk\u00fcnftige A6-EVO der Emirates von ihrem (vielleicht) letzten Testflug nach Finkenwerder zur\u00fcck.","og_url":"https:\/\/www.eddh-airport.de\/eddhairport\/emirates-f-wwav-a6-evo\/","og_site_name":"eddh-airport","article_publisher":"https:\/\/www.facebook.com\/eddhairport\/","article_published_time":"2021-06-02T20:10:07+00:00","article_modified_time":"2021-06-03T05:19:34+00:00","og_image":[{"url":"https:\/\/www.netairspace.cc\/pic\/450897\/hottestbrick_main.jpg","type":"","width":"","height":""}],"author":"Niclas Rebbelmund","twitter_card":"summary_large_image","twitter_creator":"@EDDH_airport_de","twitter_site":"@EDDH_airport_de","twitter_misc":{"Verfasst von":"Niclas Rebbelmund","Gesch\u00e4tzte Lesezeit":"2\u00a0Minuten"},"schema":{"@context":"https:\/\/schema.org","@graph":[{"@type":"Article","@id":"https:\/\/www.eddh-airport.de\/eddhairport\/emirates-f-wwav-a6-evo\/#article","isPartOf":{"@id":"https:\/\/www.eddh-airport.de\/eddhairport\/emirates-f-wwav-a6-evo\/"},"author":{"name":"Niclas Rebbelmund","@id":"https:\/\/www.eddh-airport.de\/eddhairport\/#\/schema\/person\/69e52086d712e506636c8f4c5f088abe"},"headline":"Emirates, F-WWAV (A6-EVO)","datePublished":"2021-06-02T20:10:07+00:00","dateModified":"2021-06-03T05:19:34+00:00","mainEntityOfPage":{"@id":"https:\/\/www.eddh-airport.de\/eddhairport\/emirates-f-wwav-a6-evo\/"},"wordCount":206,"commentCount":0,"publisher":{"@id":"https:\/\/www.eddh-airport.de\/eddhairport\/#organization"},"image":{"@id":"https:\/\/www.eddh-airport.de\/eddhairport\/emirates-f-wwav-a6-evo\/#primaryimage"},"thumbnailUrl":"https:\/\/www.netairspace.cc\/pic\/450897\/hottestbrick_main.jpg","keywords":["A380","Airbus","Airbus A380","EDHI","Emirates","Finkenwerder"],"articleSection":["Movements EDHI"],"inLanguage":"de","potentialAction":[{"@type":"CommentAction","name":"Comment","target":["https:\/\/www.eddh-airport.de\/eddhairport\/emirates-f-wwav-a6-evo\/#respond"]}]},{"@type":"WebPage","@id":"https:\/\/www.eddh-airport.de\/eddhairport\/emirates-f-wwav-a6-evo\/","url":"https:\/\/www.eddh-airport.de\/eddhairport\/emirates-f-wwav-a6-evo\/","name":"Emirates, F-WWAV (A6-EVO) - eddh-airport","isPartOf":{"@id":"https:\/\/www.eddh-airport.de\/eddhairport\/#website"},"primaryImageOfPage":{"@id":"https:\/\/www.eddh-airport.de\/eddhairport\/emirates-f-wwav-a6-evo\/#primaryimage"},"image":{"@id":"https:\/\/www.eddh-airport.de\/eddhairport\/emirates-f-wwav-a6-evo\/#primaryimage"},"thumbnailUrl":"https:\/\/www.netairspace.cc\/pic\/450897\/hottestbrick_main.jpg","datePublished":"2021-06-02T20:10:07+00:00","dateModified":"2021-06-03T05:19:34+00:00","description":"Am heutigen Abend kehrte die zuk\u00fcnftige A6-EVO der Emirates von ihrem (vielleicht) letzten Testflug nach Finkenwerder zur\u00fcck.","breadcrumb":{"@id":"https:\/\/www.eddh-airport.de\/eddhairport\/emirates-f-wwav-a6-evo\/#breadcrumb"},"inLanguage":"de","potentialAction":[{"@type":"ReadAction","target":["https:\/\/www.eddh-airport.de\/eddhairport\/emirates-f-wwav-a6-evo\/"]}]},{"@type":"ImageObject","inLanguage":"de","@id":"https:\/\/www.eddh-airport.de\/eddhairport\/emirates-f-wwav-a6-evo\/#primaryimage","url":"https:\/\/www.netairspace.cc\/pic\/450897\/hottestbrick_main.jpg","contentUrl":"https:\/\/www.netairspace.cc\/pic\/450897\/hottestbrick_main.jpg"},{"@type":"BreadcrumbList","@id":"https:\/\/www.eddh-airport.de\/eddhairport\/emirates-f-wwav-a6-evo\/#breadcrumb","itemListElement":[{"@type":"ListItem","position":1,"name":"Startseite","item":"https:\/\/www.eddh-airport.de\/eddhairport\/"},{"@type":"ListItem","position":2,"name":"Emirates, F-WWAV (A6-EVO)"}]},{"@type":"WebSite","@id":"https:\/\/www.eddh-airport.de\/eddhairport\/#website","url":"https:\/\/www.eddh-airport.de\/eddhairport\/","name":"eddh-airport","description":"Luftfahrtnews und Planespotting aus Hamburg","publisher":{"@id":"https:\/\/www.eddh-airport.de\/eddhairport\/#organization"},"potentialAction":[{"@type":"SearchAction","target":{"@type":"EntryPoint","urlTemplate":"https:\/\/www.eddh-airport.de\/eddhairport\/?s={search_term_string}"},"query-input":{"@type":"PropertyValueSpecification","valueRequired":true,"valueName":"search_term_string"}}],"inLanguage":"de"},{"@type":"Organization","@id":"https:\/\/www.eddh-airport.de\/eddhairport\/#organization","name":"eddh-airport","url":"https:\/\/www.eddh-airport.de\/eddhairport\/","logo":{"@type":"ImageObject","inLanguage":"de","@id":"https:\/\/www.eddh-airport.de\/eddhairport\/#\/schema\/logo\/image\/","url":"https:\/\/www.eddh-airport.de\/eddhairport\/wp-content\/uploads\/2018\/10\/cropped-Neues-Logo-blau-eine-Ebene-2.jpg","contentUrl":"https:\/\/www.eddh-airport.de\/eddhairport\/wp-content\/uploads\/2018\/10\/cropped-Neues-Logo-blau-eine-Ebene-2.jpg","width":512,"height":512,"caption":"eddh-airport"},"image":{"@id":"https:\/\/www.eddh-airport.de\/eddhairport\/#\/schema\/logo\/image\/"},"sameAs":["https:\/\/www.facebook.com\/eddhairport\/","https:\/\/x.com\/EDDH_airport_de","https:\/\/www.instagram.com\/eddhairport\/?hl=de"]},{"@type":"Person","@id":"https:\/\/www.eddh-airport.de\/eddhairport\/#\/schema\/person\/69e52086d712e506636c8f4c5f088abe","name":"Niclas Rebbelmund","image":{"@type":"ImageObject","inLanguage":"de","@id":"https:\/\/secure.gravatar.com\/avatar\/d84f2b77774e9493691ea91c216d4e4e5412d631f5fe9806ac1d1d54bd3c30cb?s=96&d=mm&r=g","url":"https:\/\/secure.gravatar.com\/avatar\/d84f2b77774e9493691ea91c216d4e4e5412d631f5fe9806ac1d1d54bd3c30cb?s=96&d=mm&r=g","contentUrl":"https:\/\/secure.gravatar.com\/avatar\/d84f2b77774e9493691ea91c216d4e4e5412d631f5fe9806ac1d1d54bd3c30cb?s=96&d=mm&r=g","caption":"Niclas Rebbelmund"},"description":"34 Jahre, Team Nikon, Aviation &amp; Fotografie Enthusiast","sameAs":["https:\/\/www.instagram.com\/niclashco\/"],"url":"https:\/\/www.eddh-airport.de\/eddhairport\/author\/niclas-rebbelmund\/"}]}},"_links":{"self":[{"href":"https:\/\/www.eddh-airport.de\/eddhairport\/wp-json\/wp\/v2\/posts\/5718","targetHints":{"allow":["GET"]}}],"collection":[{"href":"https:\/\/www.eddh-airport.de\/eddhairport\/wp-json\/wp\/v2\/posts"}],"about":[{"href":"https:\/\/www.eddh-airport.de\/eddhairport\/wp-json\/wp\/v2\/types\/post"}],"author":[{"embeddable":true,"href":"https:\/\/www.eddh-airport.de\/eddhairport\/wp-json\/wp\/v2\/users\/3"}],"replies":[{"embeddable":true,"href":"https:\/\/www.eddh-airport.de\/eddhairport\/wp-json\/wp\/v2\/comments?post=5718"}],"version-history":[{"count":2,"href":"https:\/\/www.eddh-airport.de\/eddhairport\/wp-json\/wp\/v2\/posts\/5718\/revisions"}],"predecessor-version":[{"id":5720,"href":"https:\/\/www.eddh-airport.de\/eddhairport\/wp-json\/wp\/v2\/posts\/5718\/revisions\/5720"}],"wp:attachment":[{"href":"https:\/\/www.eddh-airport.de\/eddhairport\/wp-json\/wp\/v2\/media?parent=5718"}],"wp:term":[{"taxonomy":"category","embeddable":true,"href":"https:\/\/www.eddh-airport.de\/eddhairport\/wp-json\/wp\/v2\/categories?post=5718"},{"taxonomy":"post_tag","embeddable":true,"href":"https:\/\/www.eddh-airport.de\/eddhairport\/wp-json\/wp\/v2\/tags?post=5718"}],"curies":[{"name":"wp","href":"https:\/\/api.w.org\/{rel}","templated":true}]}}