{"id":5702,"date":"2021-05-31T19:49:55","date_gmt":"2021-05-31T17:49:55","guid":{"rendered":"https:\/\/www.eddh-airport.de\/eddhairport\/?p=5702"},"modified":"2021-05-31T19:51:39","modified_gmt":"2021-05-31T17:51:39","slug":"aeronautica-militare-italian-air-force-mm62287","status":"publish","type":"post","link":"https:\/\/www.eddh-airport.de\/eddhairport\/aeronautica-militare-italian-air-force-mm62287\/","title":{"rendered":"Aeronautica Militare (Italian Air Force), MM62287"},"content":{"rendered":"<h6>Aeronautica Militare (Italian Air Force), MM62287<\/h6>\n<p>Nachdem gleich zwei Flugzeuge der tschechischen Luftstreitkr\u00e4fte in Hamburg am Morgen landeten, besuchte am fr\u00fchen Abend noch eine Piaggio P-180AM Avanti der italienischen Aeronautica Militare Fuhlsb\u00fcttel. Das kleine Flugzeug mit den ungew\u00f6hnlich anmutenden Druckpropellern und der Kennung MM62287 landete \u00fcber die Runway 05 nachdem es vom Milit\u00e4rflugplatz Pratica di Mare (QLY) s\u00fcdlich von Rom gestartet war. Nach einer knappen Stunde auf dem Vorfeld 2 ging es f\u00fcr die Piaggio wieder zur\u00fcck nach Italien. Der Grund des Besuch war offenbar zu Trainingszwecken.<\/p>\n<p><a href=\"https:\/\/www.netairspace.cc\/pic\/450395\/\"><img decoding=\"async\" src=\"https:\/\/www.netairspace.cc\/pic\/450395\/hottestbrick_main.jpg\" alt=\"Aviation photo\" \/><\/a><br \/>\n<a href=\"https:\/\/www.netairspace.cc\/pic\/450395\/\"><span style=\"font-size: xx-small;\">MM62287 at Hamburg &#8211; Fuhlsbuettel (Helmut Schmidt)<br \/>\nby Niclas Rebbelmund on netAirspace<\/span><\/a><\/p>\n<p>Die im Jahre 2008 gebaute P-180AM Avanti wurde zun\u00e4chst als I-DPCB an den italienischen Zivilschutz ausgeliefert. Seit Ende Juni 2012 fliegt die Piaggio allerdings nun als MM62287 f\u00fcr die Aeronatuica Militare, oder auch zu deutsch die italienischen Luftstreitkr\u00e4fte. Diese betreiben mit 19 weiteren Maschinen dieses Typ eine nicht unerhebliche Zahl in ihrer Flotte.<\/p>\n","protected":false},"excerpt":{"rendered":"<p>Aeronautica Militare (Italian Air Force), MM62287 Nachdem gleich zwei Flugzeuge der tschechischen Luftstreitkr\u00e4fte in Hamburg am Morgen landeten, besuchte am fr\u00fchen Abend noch eine Piaggio P-180AM Avanti der italienischen Aeronautica Militare Fuhlsb\u00fcttel. Das kleine Flugzeug mit den ungew\u00f6hnlich anmutenden Druckpropellern und der Kennung MM62287 landete \u00fcber die Runway 05 nachdem es vom Milit\u00e4rflugplatz Pratica di [&hellip;]<\/p>\n","protected":false},"author":3,"featured_media":0,"comment_status":"open","ping_status":"open","sticky":false,"template":"","format":"standard","meta":{"_monsterinsights_skip_tracking":false,"_monsterinsights_sitenote_active":false,"_monsterinsights_sitenote_note":"","_monsterinsights_sitenote_category":0,"site-sidebar-layout":"default","site-content-layout":"default","ast-site-content-layout":"default","site-content-style":"default","site-sidebar-style":"default","ast-global-header-display":"","ast-banner-title-visibility":"","ast-main-header-display":"","ast-hfb-above-header-display":"","ast-hfb-below-header-display":"","ast-hfb-mobile-header-display":"","site-post-title":"","ast-breadcrumbs-content":"","ast-featured-img":"","footer-sml-layout":"","ast-disable-related-posts":"","theme-transparent-header-meta":"default","adv-header-id-meta":"","stick-header-meta":"","header-above-stick-meta":"","header-main-stick-meta":"","header-below-stick-meta":"","astra-migrate-meta-layouts":"default","ast-page-background-enabled":"default","ast-page-background-meta":{"desktop":{"background-color":"","background-image":"","background-repeat":"repeat","background-position":"center center","background-size":"auto","background-attachment":"scroll","background-type":"","background-media":"","overlay-type":"","overlay-color":"","overlay-opacity":"","overlay-gradient":""},"tablet":{"background-color":"","background-image":"","background-repeat":"repeat","background-position":"center center","background-size":"auto","background-attachment":"scroll","background-type":"","background-media":"","overlay-type":"","overlay-color":"","overlay-opacity":"","overlay-gradient":""},"mobile":{"background-color":"","background-image":"","background-repeat":"repeat","background-position":"center center","background-size":"auto","background-attachment":"scroll","background-type":"","background-media":"","overlay-type":"","overlay-color":"","overlay-opacity":"","overlay-gradient":""}},"ast-content-background-meta":{"desktop":{"background-color":"var(--ast-global-color-5)","background-image":"","background-repeat":"repeat","background-position":"center center","background-size":"auto","background-attachment":"scroll","background-type":"","background-media":"","overlay-type":"","overlay-color":"","overlay-opacity":"","overlay-gradient":""},"tablet":{"background-color":"var(--ast-global-color-5)","background-image":"","background-repeat":"repeat","background-position":"center center","background-size":"auto","background-attachment":"scroll","background-type":"","background-media":"","overlay-type":"","overlay-color":"","overlay-opacity":"","overlay-gradient":""},"mobile":{"background-color":"var(--ast-global-color-5)","background-image":"","background-repeat":"repeat","background-position":"center center","background-size":"auto","background-attachment":"scroll","background-type":"","background-media":"","overlay-type":"","overlay-color":"","overlay-opacity":"","overlay-gradient":""}},"footnotes":""},"categories":[8],"tags":[1184,10,11,90,1185,618,1187,617,619,1186],"class_list":["post-5702","post","type-post","status-publish","format-standard","hentry","category-movements-eddh","tag-aeronautica-militare","tag-eddh","tag-ham","tag-hamburg-airport","tag-italian-air-force","tag-p-180","tag-p-180am-avanti","tag-piaggio","tag-piaggio-p-180","tag-piaggio-p-180am-avanti"],"yoast_head":"<!-- This site is optimized with the Yoast SEO plugin v27.4 - https:\/\/yoast.com\/product\/yoast-seo-wordpress\/ -->\n<title>Aeronautica Militare (Italian Air Force), MM62287 - eddh-airport<\/title>\n<meta name=\"description\" content=\"Am fr\u00fchen Abend schaute zu Trainingszwecken mit MM62287 eine Piaggio P-180AM Avanti der Aeronautica Militare in Fuhlsb\u00fcttel vorbei.\" \/>\n<meta name=\"robots\" content=\"index, follow, max-snippet:-1, max-image-preview:large, max-video-preview:-1\" \/>\n<link rel=\"canonical\" href=\"https:\/\/www.eddh-airport.de\/eddhairport\/aeronautica-militare-italian-air-force-mm62287\/\" \/>\n<meta property=\"og:locale\" content=\"de_DE\" \/>\n<meta property=\"og:type\" content=\"article\" \/>\n<meta property=\"og:title\" content=\"Aeronautica Militare (Italian Air Force), MM62287 - eddh-airport\" \/>\n<meta property=\"og:description\" content=\"Am fr\u00fchen Abend schaute zu Trainingszwecken mit MM62287 eine Piaggio P-180AM Avanti der Aeronautica Militare in Fuhlsb\u00fcttel vorbei.\" \/>\n<meta property=\"og:url\" content=\"https:\/\/www.eddh-airport.de\/eddhairport\/aeronautica-militare-italian-air-force-mm62287\/\" \/>\n<meta property=\"og:site_name\" content=\"eddh-airport\" \/>\n<meta property=\"article:publisher\" content=\"https:\/\/www.facebook.com\/eddhairport\/\" \/>\n<meta property=\"article:published_time\" content=\"2021-05-31T17:49:55+00:00\" \/>\n<meta property=\"article:modified_time\" content=\"2021-05-31T17:51:39+00:00\" \/>\n<meta property=\"og:image\" content=\"https:\/\/www.netairspace.cc\/pic\/450395\/hottestbrick_main.jpg\" \/>\n<meta name=\"author\" content=\"Niclas Rebbelmund\" \/>\n<meta name=\"twitter:card\" content=\"summary_large_image\" \/>\n<meta name=\"twitter:creator\" content=\"@EDDH_airport_de\" \/>\n<meta name=\"twitter:site\" content=\"@EDDH_airport_de\" \/>\n<meta name=\"twitter:label1\" content=\"Verfasst von\" \/>\n\t<meta name=\"twitter:data1\" content=\"Niclas Rebbelmund\" \/>\n\t<meta name=\"twitter:label2\" content=\"Gesch\u00e4tzte Lesezeit\" \/>\n\t<meta name=\"twitter:data2\" content=\"1\u00a0Minute\" \/>\n<script type=\"application\/ld+json\" class=\"yoast-schema-graph\">{\"@context\":\"https:\\\/\\\/schema.org\",\"@graph\":[{\"@type\":\"Article\",\"@id\":\"https:\\\/\\\/www.eddh-airport.de\\\/eddhairport\\\/aeronautica-militare-italian-air-force-mm62287\\\/#article\",\"isPartOf\":{\"@id\":\"https:\\\/\\\/www.eddh-airport.de\\\/eddhairport\\\/aeronautica-militare-italian-air-force-mm62287\\\/\"},\"author\":{\"name\":\"Niclas Rebbelmund\",\"@id\":\"https:\\\/\\\/www.eddh-airport.de\\\/eddhairport\\\/#\\\/schema\\\/person\\\/69e52086d712e506636c8f4c5f088abe\"},\"headline\":\"Aeronautica Militare (Italian Air Force), MM62287\",\"datePublished\":\"2021-05-31T17:49:55+00:00\",\"dateModified\":\"2021-05-31T17:51:39+00:00\",\"mainEntityOfPage\":{\"@id\":\"https:\\\/\\\/www.eddh-airport.de\\\/eddhairport\\\/aeronautica-militare-italian-air-force-mm62287\\\/\"},\"wordCount\":166,\"commentCount\":0,\"publisher\":{\"@id\":\"https:\\\/\\\/www.eddh-airport.de\\\/eddhairport\\\/#organization\"},\"image\":{\"@id\":\"https:\\\/\\\/www.eddh-airport.de\\\/eddhairport\\\/aeronautica-militare-italian-air-force-mm62287\\\/#primaryimage\"},\"thumbnailUrl\":\"https:\\\/\\\/www.netairspace.cc\\\/pic\\\/450395\\\/hottestbrick_main.jpg\",\"keywords\":[\"Aeronautica Militare\",\"EDDH\",\"HAM\",\"Hamburg Airport\",\"Italian Air Force\",\"P-180\",\"P-180AM Avanti\",\"Piaggio\",\"Piaggio P-180\",\"Piaggio P-180AM Avanti\"],\"articleSection\":[\"Movements EDDH\"],\"inLanguage\":\"de\",\"potentialAction\":[{\"@type\":\"CommentAction\",\"name\":\"Comment\",\"target\":[\"https:\\\/\\\/www.eddh-airport.de\\\/eddhairport\\\/aeronautica-militare-italian-air-force-mm62287\\\/#respond\"]}]},{\"@type\":\"WebPage\",\"@id\":\"https:\\\/\\\/www.eddh-airport.de\\\/eddhairport\\\/aeronautica-militare-italian-air-force-mm62287\\\/\",\"url\":\"https:\\\/\\\/www.eddh-airport.de\\\/eddhairport\\\/aeronautica-militare-italian-air-force-mm62287\\\/\",\"name\":\"Aeronautica Militare (Italian Air Force), MM62287 - eddh-airport\",\"isPartOf\":{\"@id\":\"https:\\\/\\\/www.eddh-airport.de\\\/eddhairport\\\/#website\"},\"primaryImageOfPage\":{\"@id\":\"https:\\\/\\\/www.eddh-airport.de\\\/eddhairport\\\/aeronautica-militare-italian-air-force-mm62287\\\/#primaryimage\"},\"image\":{\"@id\":\"https:\\\/\\\/www.eddh-airport.de\\\/eddhairport\\\/aeronautica-militare-italian-air-force-mm62287\\\/#primaryimage\"},\"thumbnailUrl\":\"https:\\\/\\\/www.netairspace.cc\\\/pic\\\/450395\\\/hottestbrick_main.jpg\",\"datePublished\":\"2021-05-31T17:49:55+00:00\",\"dateModified\":\"2021-05-31T17:51:39+00:00\",\"description\":\"Am fr\u00fchen Abend schaute zu Trainingszwecken mit MM62287 eine Piaggio P-180AM Avanti der Aeronautica Militare in Fuhlsb\u00fcttel vorbei.\",\"breadcrumb\":{\"@id\":\"https:\\\/\\\/www.eddh-airport.de\\\/eddhairport\\\/aeronautica-militare-italian-air-force-mm62287\\\/#breadcrumb\"},\"inLanguage\":\"de\",\"potentialAction\":[{\"@type\":\"ReadAction\",\"target\":[\"https:\\\/\\\/www.eddh-airport.de\\\/eddhairport\\\/aeronautica-militare-italian-air-force-mm62287\\\/\"]}]},{\"@type\":\"ImageObject\",\"inLanguage\":\"de\",\"@id\":\"https:\\\/\\\/www.eddh-airport.de\\\/eddhairport\\\/aeronautica-militare-italian-air-force-mm62287\\\/#primaryimage\",\"url\":\"https:\\\/\\\/www.netairspace.cc\\\/pic\\\/450395\\\/hottestbrick_main.jpg\",\"contentUrl\":\"https:\\\/\\\/www.netairspace.cc\\\/pic\\\/450395\\\/hottestbrick_main.jpg\"},{\"@type\":\"BreadcrumbList\",\"@id\":\"https:\\\/\\\/www.eddh-airport.de\\\/eddhairport\\\/aeronautica-militare-italian-air-force-mm62287\\\/#breadcrumb\",\"itemListElement\":[{\"@type\":\"ListItem\",\"position\":1,\"name\":\"Startseite\",\"item\":\"https:\\\/\\\/www.eddh-airport.de\\\/eddhairport\\\/\"},{\"@type\":\"ListItem\",\"position\":2,\"name\":\"Aeronautica Militare (Italian Air Force), MM62287\"}]},{\"@type\":\"WebSite\",\"@id\":\"https:\\\/\\\/www.eddh-airport.de\\\/eddhairport\\\/#website\",\"url\":\"https:\\\/\\\/www.eddh-airport.de\\\/eddhairport\\\/\",\"name\":\"eddh-airport\",\"description\":\"Luftfahrtnews und Planespotting aus Hamburg\",\"publisher\":{\"@id\":\"https:\\\/\\\/www.eddh-airport.de\\\/eddhairport\\\/#organization\"},\"potentialAction\":[{\"@type\":\"SearchAction\",\"target\":{\"@type\":\"EntryPoint\",\"urlTemplate\":\"https:\\\/\\\/www.eddh-airport.de\\\/eddhairport\\\/?s={search_term_string}\"},\"query-input\":{\"@type\":\"PropertyValueSpecification\",\"valueRequired\":true,\"valueName\":\"search_term_string\"}}],\"inLanguage\":\"de\"},{\"@type\":\"Organization\",\"@id\":\"https:\\\/\\\/www.eddh-airport.de\\\/eddhairport\\\/#organization\",\"name\":\"eddh-airport\",\"url\":\"https:\\\/\\\/www.eddh-airport.de\\\/eddhairport\\\/\",\"logo\":{\"@type\":\"ImageObject\",\"inLanguage\":\"de\",\"@id\":\"https:\\\/\\\/www.eddh-airport.de\\\/eddhairport\\\/#\\\/schema\\\/logo\\\/image\\\/\",\"url\":\"https:\\\/\\\/www.eddh-airport.de\\\/eddhairport\\\/wp-content\\\/uploads\\\/2018\\\/10\\\/cropped-Neues-Logo-blau-eine-Ebene-2.jpg\",\"contentUrl\":\"https:\\\/\\\/www.eddh-airport.de\\\/eddhairport\\\/wp-content\\\/uploads\\\/2018\\\/10\\\/cropped-Neues-Logo-blau-eine-Ebene-2.jpg\",\"width\":512,\"height\":512,\"caption\":\"eddh-airport\"},\"image\":{\"@id\":\"https:\\\/\\\/www.eddh-airport.de\\\/eddhairport\\\/#\\\/schema\\\/logo\\\/image\\\/\"},\"sameAs\":[\"https:\\\/\\\/www.facebook.com\\\/eddhairport\\\/\",\"https:\\\/\\\/x.com\\\/EDDH_airport_de\",\"https:\\\/\\\/www.instagram.com\\\/eddhairport\\\/?hl=de\"]},{\"@type\":\"Person\",\"@id\":\"https:\\\/\\\/www.eddh-airport.de\\\/eddhairport\\\/#\\\/schema\\\/person\\\/69e52086d712e506636c8f4c5f088abe\",\"name\":\"Niclas Rebbelmund\",\"image\":{\"@type\":\"ImageObject\",\"inLanguage\":\"de\",\"@id\":\"https:\\\/\\\/secure.gravatar.com\\\/avatar\\\/d84f2b77774e9493691ea91c216d4e4e5412d631f5fe9806ac1d1d54bd3c30cb?s=96&d=mm&r=g\",\"url\":\"https:\\\/\\\/secure.gravatar.com\\\/avatar\\\/d84f2b77774e9493691ea91c216d4e4e5412d631f5fe9806ac1d1d54bd3c30cb?s=96&d=mm&r=g\",\"contentUrl\":\"https:\\\/\\\/secure.gravatar.com\\\/avatar\\\/d84f2b77774e9493691ea91c216d4e4e5412d631f5fe9806ac1d1d54bd3c30cb?s=96&d=mm&r=g\",\"caption\":\"Niclas Rebbelmund\"},\"description\":\"34 Jahre, Team Nikon, Aviation &amp; Fotografie Enthusiast\",\"sameAs\":[\"https:\\\/\\\/www.instagram.com\\\/niclashco\\\/\"],\"url\":\"https:\\\/\\\/www.eddh-airport.de\\\/eddhairport\\\/author\\\/niclas-rebbelmund\\\/\"}]}<\/script>\n<!-- \/ Yoast SEO plugin. -->","yoast_head_json":{"title":"Aeronautica Militare (Italian Air Force), MM62287 - eddh-airport","description":"Am fr\u00fchen Abend schaute zu Trainingszwecken mit MM62287 eine Piaggio P-180AM Avanti der Aeronautica Militare in Fuhlsb\u00fcttel vorbei.","robots":{"index":"index","follow":"follow","max-snippet":"max-snippet:-1","max-image-preview":"max-image-preview:large","max-video-preview":"max-video-preview:-1"},"canonical":"https:\/\/www.eddh-airport.de\/eddhairport\/aeronautica-militare-italian-air-force-mm62287\/","og_locale":"de_DE","og_type":"article","og_title":"Aeronautica Militare (Italian Air Force), MM62287 - eddh-airport","og_description":"Am fr\u00fchen Abend schaute zu Trainingszwecken mit MM62287 eine Piaggio P-180AM Avanti der Aeronautica Militare in Fuhlsb\u00fcttel vorbei.","og_url":"https:\/\/www.eddh-airport.de\/eddhairport\/aeronautica-militare-italian-air-force-mm62287\/","og_site_name":"eddh-airport","article_publisher":"https:\/\/www.facebook.com\/eddhairport\/","article_published_time":"2021-05-31T17:49:55+00:00","article_modified_time":"2021-05-31T17:51:39+00:00","og_image":[{"url":"https:\/\/www.netairspace.cc\/pic\/450395\/hottestbrick_main.jpg","type":"","width":"","height":""}],"author":"Niclas Rebbelmund","twitter_card":"summary_large_image","twitter_creator":"@EDDH_airport_de","twitter_site":"@EDDH_airport_de","twitter_misc":{"Verfasst von":"Niclas Rebbelmund","Gesch\u00e4tzte Lesezeit":"1\u00a0Minute"},"schema":{"@context":"https:\/\/schema.org","@graph":[{"@type":"Article","@id":"https:\/\/www.eddh-airport.de\/eddhairport\/aeronautica-militare-italian-air-force-mm62287\/#article","isPartOf":{"@id":"https:\/\/www.eddh-airport.de\/eddhairport\/aeronautica-militare-italian-air-force-mm62287\/"},"author":{"name":"Niclas Rebbelmund","@id":"https:\/\/www.eddh-airport.de\/eddhairport\/#\/schema\/person\/69e52086d712e506636c8f4c5f088abe"},"headline":"Aeronautica Militare (Italian Air Force), MM62287","datePublished":"2021-05-31T17:49:55+00:00","dateModified":"2021-05-31T17:51:39+00:00","mainEntityOfPage":{"@id":"https:\/\/www.eddh-airport.de\/eddhairport\/aeronautica-militare-italian-air-force-mm62287\/"},"wordCount":166,"commentCount":0,"publisher":{"@id":"https:\/\/www.eddh-airport.de\/eddhairport\/#organization"},"image":{"@id":"https:\/\/www.eddh-airport.de\/eddhairport\/aeronautica-militare-italian-air-force-mm62287\/#primaryimage"},"thumbnailUrl":"https:\/\/www.netairspace.cc\/pic\/450395\/hottestbrick_main.jpg","keywords":["Aeronautica Militare","EDDH","HAM","Hamburg Airport","Italian Air Force","P-180","P-180AM Avanti","Piaggio","Piaggio P-180","Piaggio P-180AM Avanti"],"articleSection":["Movements EDDH"],"inLanguage":"de","potentialAction":[{"@type":"CommentAction","name":"Comment","target":["https:\/\/www.eddh-airport.de\/eddhairport\/aeronautica-militare-italian-air-force-mm62287\/#respond"]}]},{"@type":"WebPage","@id":"https:\/\/www.eddh-airport.de\/eddhairport\/aeronautica-militare-italian-air-force-mm62287\/","url":"https:\/\/www.eddh-airport.de\/eddhairport\/aeronautica-militare-italian-air-force-mm62287\/","name":"Aeronautica Militare (Italian Air Force), MM62287 - eddh-airport","isPartOf":{"@id":"https:\/\/www.eddh-airport.de\/eddhairport\/#website"},"primaryImageOfPage":{"@id":"https:\/\/www.eddh-airport.de\/eddhairport\/aeronautica-militare-italian-air-force-mm62287\/#primaryimage"},"image":{"@id":"https:\/\/www.eddh-airport.de\/eddhairport\/aeronautica-militare-italian-air-force-mm62287\/#primaryimage"},"thumbnailUrl":"https:\/\/www.netairspace.cc\/pic\/450395\/hottestbrick_main.jpg","datePublished":"2021-05-31T17:49:55+00:00","dateModified":"2021-05-31T17:51:39+00:00","description":"Am fr\u00fchen Abend schaute zu Trainingszwecken mit MM62287 eine Piaggio P-180AM Avanti der Aeronautica Militare in Fuhlsb\u00fcttel vorbei.","breadcrumb":{"@id":"https:\/\/www.eddh-airport.de\/eddhairport\/aeronautica-militare-italian-air-force-mm62287\/#breadcrumb"},"inLanguage":"de","potentialAction":[{"@type":"ReadAction","target":["https:\/\/www.eddh-airport.de\/eddhairport\/aeronautica-militare-italian-air-force-mm62287\/"]}]},{"@type":"ImageObject","inLanguage":"de","@id":"https:\/\/www.eddh-airport.de\/eddhairport\/aeronautica-militare-italian-air-force-mm62287\/#primaryimage","url":"https:\/\/www.netairspace.cc\/pic\/450395\/hottestbrick_main.jpg","contentUrl":"https:\/\/www.netairspace.cc\/pic\/450395\/hottestbrick_main.jpg"},{"@type":"BreadcrumbList","@id":"https:\/\/www.eddh-airport.de\/eddhairport\/aeronautica-militare-italian-air-force-mm62287\/#breadcrumb","itemListElement":[{"@type":"ListItem","position":1,"name":"Startseite","item":"https:\/\/www.eddh-airport.de\/eddhairport\/"},{"@type":"ListItem","position":2,"name":"Aeronautica Militare (Italian Air Force), MM62287"}]},{"@type":"WebSite","@id":"https:\/\/www.eddh-airport.de\/eddhairport\/#website","url":"https:\/\/www.eddh-airport.de\/eddhairport\/","name":"eddh-airport","description":"Luftfahrtnews und Planespotting aus Hamburg","publisher":{"@id":"https:\/\/www.eddh-airport.de\/eddhairport\/#organization"},"potentialAction":[{"@type":"SearchAction","target":{"@type":"EntryPoint","urlTemplate":"https:\/\/www.eddh-airport.de\/eddhairport\/?s={search_term_string}"},"query-input":{"@type":"PropertyValueSpecification","valueRequired":true,"valueName":"search_term_string"}}],"inLanguage":"de"},{"@type":"Organization","@id":"https:\/\/www.eddh-airport.de\/eddhairport\/#organization","name":"eddh-airport","url":"https:\/\/www.eddh-airport.de\/eddhairport\/","logo":{"@type":"ImageObject","inLanguage":"de","@id":"https:\/\/www.eddh-airport.de\/eddhairport\/#\/schema\/logo\/image\/","url":"https:\/\/www.eddh-airport.de\/eddhairport\/wp-content\/uploads\/2018\/10\/cropped-Neues-Logo-blau-eine-Ebene-2.jpg","contentUrl":"https:\/\/www.eddh-airport.de\/eddhairport\/wp-content\/uploads\/2018\/10\/cropped-Neues-Logo-blau-eine-Ebene-2.jpg","width":512,"height":512,"caption":"eddh-airport"},"image":{"@id":"https:\/\/www.eddh-airport.de\/eddhairport\/#\/schema\/logo\/image\/"},"sameAs":["https:\/\/www.facebook.com\/eddhairport\/","https:\/\/x.com\/EDDH_airport_de","https:\/\/www.instagram.com\/eddhairport\/?hl=de"]},{"@type":"Person","@id":"https:\/\/www.eddh-airport.de\/eddhairport\/#\/schema\/person\/69e52086d712e506636c8f4c5f088abe","name":"Niclas Rebbelmund","image":{"@type":"ImageObject","inLanguage":"de","@id":"https:\/\/secure.gravatar.com\/avatar\/d84f2b77774e9493691ea91c216d4e4e5412d631f5fe9806ac1d1d54bd3c30cb?s=96&d=mm&r=g","url":"https:\/\/secure.gravatar.com\/avatar\/d84f2b77774e9493691ea91c216d4e4e5412d631f5fe9806ac1d1d54bd3c30cb?s=96&d=mm&r=g","contentUrl":"https:\/\/secure.gravatar.com\/avatar\/d84f2b77774e9493691ea91c216d4e4e5412d631f5fe9806ac1d1d54bd3c30cb?s=96&d=mm&r=g","caption":"Niclas Rebbelmund"},"description":"34 Jahre, Team Nikon, Aviation &amp; Fotografie Enthusiast","sameAs":["https:\/\/www.instagram.com\/niclashco\/"],"url":"https:\/\/www.eddh-airport.de\/eddhairport\/author\/niclas-rebbelmund\/"}]}},"_links":{"self":[{"href":"https:\/\/www.eddh-airport.de\/eddhairport\/wp-json\/wp\/v2\/posts\/5702","targetHints":{"allow":["GET"]}}],"collection":[{"href":"https:\/\/www.eddh-airport.de\/eddhairport\/wp-json\/wp\/v2\/posts"}],"about":[{"href":"https:\/\/www.eddh-airport.de\/eddhairport\/wp-json\/wp\/v2\/types\/post"}],"author":[{"embeddable":true,"href":"https:\/\/www.eddh-airport.de\/eddhairport\/wp-json\/wp\/v2\/users\/3"}],"replies":[{"embeddable":true,"href":"https:\/\/www.eddh-airport.de\/eddhairport\/wp-json\/wp\/v2\/comments?post=5702"}],"version-history":[{"count":3,"href":"https:\/\/www.eddh-airport.de\/eddhairport\/wp-json\/wp\/v2\/posts\/5702\/revisions"}],"predecessor-version":[{"id":5707,"href":"https:\/\/www.eddh-airport.de\/eddhairport\/wp-json\/wp\/v2\/posts\/5702\/revisions\/5707"}],"wp:attachment":[{"href":"https:\/\/www.eddh-airport.de\/eddhairport\/wp-json\/wp\/v2\/media?parent=5702"}],"wp:term":[{"taxonomy":"category","embeddable":true,"href":"https:\/\/www.eddh-airport.de\/eddhairport\/wp-json\/wp\/v2\/categories?post=5702"},{"taxonomy":"post_tag","embeddable":true,"href":"https:\/\/www.eddh-airport.de\/eddhairport\/wp-json\/wp\/v2\/tags?post=5702"}],"curies":[{"name":"wp","href":"https:\/\/api.w.org\/{rel}","templated":true}]}}