{"id":5544,"date":"2021-04-27T22:06:42","date_gmt":"2021-04-27T20:06:42","guid":{"rendered":"https:\/\/www.eddh-airport.de\/eddhairport\/?p=5544"},"modified":"2021-04-28T11:33:04","modified_gmt":"2021-04-28T09:33:04","slug":"airbus-transport-international-f-gsta","status":"publish","type":"post","link":"https:\/\/www.eddh-airport.de\/eddhairport\/airbus-transport-international-f-gsta\/","title":{"rendered":"Airbus Transport International, F-GSTA"},"content":{"rendered":"<h6>Airbus Transport International, F-GSTA<\/h6>\n<p>Mit der Indienststellung der Beluga XL war schnell klar, dass die Zeit der aktuellen Arbeitstiere von Airbus sich dem Ende neigt. Still und heimlich wurde so bereits mit F-GSTB im vergangenen Jahr die Beluga Nummer 2 aus dem Dienst genommen und auf dem Flughafen Bordeaux (BOD) geparkt. Gleiches Schicksal ereilte Ende M\u00e4rz der Airbus A300-608ST mit der Nummer 3 in der Flotte. Am gestrigen Abend nun startete mit F-GSTA die Nummer 1 zum vermutlich kommerziell letzten Mal von Finkenwerder mit dem Ziel Toulouse (TLS). Auch diese Beluga soll zeitnah nach Bordeaux \u00fcberf\u00fchrt und dort geparkt werden.<\/p>\n<p><a href=\"https:\/\/www.netairspace.cc\/pic\/444763\/\"><img decoding=\"async\" src=\"https:\/\/www.netairspace.cc\/pic\/444763\/hottestbrick_main.jpg\" alt=\"Aviation photo\" \/><\/a><br \/>\n<a href=\"https:\/\/www.netairspace.cc\/pic\/444763\/\"><span style=\"font-size: xx-small;\">F-GSTA at Hamburg &#8211; Finkenwerder<br \/>\nby Cornelius Grossmann on netAirspace<\/span><\/a><\/p>\n<p>Die \u00e4lteste der insgesamt f\u00fcnf Airbus A300-608ST Beluga hat mittlerweile schon mehr als 26 Dienstjahre auf dem Buckel. Erstmals und unter gro\u00dfem medialen Interesse, nicht zuletzt auf Grund der ungew\u00f6hnlichen aber praktischen Rumpfform, hob die Maschine am 13. September 1994 im franz\u00f6sischen Toulouse (TLS) ab. Seit ihrer Indienststellung am 25. Oktober 1995 flog sie somit diverse Flugzeugteile zwischen den verschiedenen Airbusstandorten in Europa hin und her und sicherte somit den reibungslosen Bau unz\u00e4hliger Flugzeuge. Mit dem Ausscheiden von F-GSTA verbleiben nun lediglich zwei weitere \u00e4ltere Beluga in der Flotte von Airbus. Zwei Beluga XL, neurer Bauart auf Basis des A330, sind bereits im Dienst. Die Allererste jedoch dient Airbus noch f\u00fcr technischen Tests. Insgesamt m\u00f6chte der Flugzeugbauer sechs Flugzeuge diesen Typs betreiben.<\/p>\n","protected":false},"excerpt":{"rendered":"<p>Airbus Transport International, F-GSTA Mit der Indienststellung der Beluga XL war schnell klar, dass die Zeit der aktuellen Arbeitstiere von Airbus sich dem Ende neigt. Still und heimlich wurde so bereits mit F-GSTB im vergangenen Jahr die Beluga Nummer 2 aus dem Dienst genommen und auf dem Flughafen Bordeaux (BOD) geparkt. Gleiches Schicksal ereilte Ende [&hellip;]<\/p>\n","protected":false},"author":3,"featured_media":0,"comment_status":"open","ping_status":"open","sticky":false,"template":"","format":"standard","meta":{"_monsterinsights_skip_tracking":false,"_monsterinsights_sitenote_active":false,"_monsterinsights_sitenote_note":"","_monsterinsights_sitenote_category":0,"site-sidebar-layout":"default","site-content-layout":"default","ast-site-content-layout":"default","site-content-style":"default","site-sidebar-style":"default","ast-global-header-display":"","ast-banner-title-visibility":"","ast-main-header-display":"","ast-hfb-above-header-display":"","ast-hfb-below-header-display":"","ast-hfb-mobile-header-display":"","site-post-title":"","ast-breadcrumbs-content":"","ast-featured-img":"","footer-sml-layout":"","ast-disable-related-posts":"","theme-transparent-header-meta":"default","adv-header-id-meta":"","stick-header-meta":"","header-above-stick-meta":"","header-main-stick-meta":"","header-below-stick-meta":"","astra-migrate-meta-layouts":"default","ast-page-background-enabled":"default","ast-page-background-meta":{"desktop":{"background-color":"","background-image":"","background-repeat":"repeat","background-position":"center center","background-size":"auto","background-attachment":"scroll","background-type":"","background-media":"","overlay-type":"","overlay-color":"","overlay-opacity":"","overlay-gradient":""},"tablet":{"background-color":"","background-image":"","background-repeat":"repeat","background-position":"center center","background-size":"auto","background-attachment":"scroll","background-type":"","background-media":"","overlay-type":"","overlay-color":"","overlay-opacity":"","overlay-gradient":""},"mobile":{"background-color":"","background-image":"","background-repeat":"repeat","background-position":"center center","background-size":"auto","background-attachment":"scroll","background-type":"","background-media":"","overlay-type":"","overlay-color":"","overlay-opacity":"","overlay-gradient":""}},"ast-content-background-meta":{"desktop":{"background-color":"var(--ast-global-color-5)","background-image":"","background-repeat":"repeat","background-position":"center center","background-size":"auto","background-attachment":"scroll","background-type":"","background-media":"","overlay-type":"","overlay-color":"","overlay-opacity":"","overlay-gradient":""},"tablet":{"background-color":"var(--ast-global-color-5)","background-image":"","background-repeat":"repeat","background-position":"center center","background-size":"auto","background-attachment":"scroll","background-type":"","background-media":"","overlay-type":"","overlay-color":"","overlay-opacity":"","overlay-gradient":""},"mobile":{"background-color":"var(--ast-global-color-5)","background-image":"","background-repeat":"repeat","background-position":"center center","background-size":"auto","background-attachment":"scroll","background-type":"","background-media":"","overlay-type":"","overlay-color":"","overlay-opacity":"","overlay-gradient":""}},"footnotes":""},"categories":[22],"tags":[237,230,1145,1146,12,1142,1143,1144,526,23,234,25],"class_list":["post-5544","post","type-post","status-publish","format-standard","hentry","category-movements-edhi","tag-a300","tag-a300-600","tag-a300-600st","tag-a300-600st-beluga","tag-airbus","tag-airbus-a300","tag-airbus-a300-600st","tag-airbus-a300-600st-beluga","tag-beluga","tag-edhi","tag-finkenwerder","tag-xfw"],"yoast_head":"<!-- This site is optimized with the Yoast SEO plugin v27.4 - https:\/\/yoast.com\/product\/yoast-seo-wordpress\/ -->\n<title>Airbus Transport International, F-GSTA - eddh-airport<\/title>\n<meta name=\"description\" content=\"Am heutigen Abend verlie\u00df zum voraussichtlich letzten Mal F-GSTA Beluga Nummer 1 das Werksgel\u00e4nde in Finkenwerder.\" \/>\n<meta name=\"robots\" content=\"index, follow, max-snippet:-1, max-image-preview:large, max-video-preview:-1\" \/>\n<link rel=\"canonical\" href=\"https:\/\/www.eddh-airport.de\/eddhairport\/airbus-transport-international-f-gsta\/\" \/>\n<meta property=\"og:locale\" content=\"de_DE\" \/>\n<meta property=\"og:type\" content=\"article\" \/>\n<meta property=\"og:title\" content=\"Airbus Transport International, F-GSTA - eddh-airport\" \/>\n<meta property=\"og:description\" content=\"Am heutigen Abend verlie\u00df zum voraussichtlich letzten Mal F-GSTA Beluga Nummer 1 das Werksgel\u00e4nde in Finkenwerder.\" \/>\n<meta property=\"og:url\" content=\"https:\/\/www.eddh-airport.de\/eddhairport\/airbus-transport-international-f-gsta\/\" \/>\n<meta property=\"og:site_name\" content=\"eddh-airport\" \/>\n<meta property=\"article:publisher\" content=\"https:\/\/www.facebook.com\/eddhairport\/\" \/>\n<meta property=\"article:published_time\" content=\"2021-04-27T20:06:42+00:00\" \/>\n<meta property=\"article:modified_time\" content=\"2021-04-28T09:33:04+00:00\" \/>\n<meta property=\"og:image\" content=\"https:\/\/www.netairspace.cc\/pic\/444763\/hottestbrick_main.jpg\" \/>\n<meta name=\"author\" content=\"Niclas Rebbelmund\" \/>\n<meta name=\"twitter:card\" content=\"summary_large_image\" \/>\n<meta name=\"twitter:creator\" content=\"@EDDH_airport_de\" \/>\n<meta name=\"twitter:site\" content=\"@EDDH_airport_de\" \/>\n<meta name=\"twitter:label1\" content=\"Verfasst von\" \/>\n\t<meta name=\"twitter:data1\" content=\"Niclas Rebbelmund\" \/>\n\t<meta name=\"twitter:label2\" content=\"Gesch\u00e4tzte Lesezeit\" \/>\n\t<meta name=\"twitter:data2\" content=\"2\u00a0Minuten\" \/>\n<script type=\"application\/ld+json\" class=\"yoast-schema-graph\">{\"@context\":\"https:\\\/\\\/schema.org\",\"@graph\":[{\"@type\":\"Article\",\"@id\":\"https:\\\/\\\/www.eddh-airport.de\\\/eddhairport\\\/airbus-transport-international-f-gsta\\\/#article\",\"isPartOf\":{\"@id\":\"https:\\\/\\\/www.eddh-airport.de\\\/eddhairport\\\/airbus-transport-international-f-gsta\\\/\"},\"author\":{\"name\":\"Niclas Rebbelmund\",\"@id\":\"https:\\\/\\\/www.eddh-airport.de\\\/eddhairport\\\/#\\\/schema\\\/person\\\/69e52086d712e506636c8f4c5f088abe\"},\"headline\":\"Airbus Transport International, F-GSTA\",\"datePublished\":\"2021-04-27T20:06:42+00:00\",\"dateModified\":\"2021-04-28T09:33:04+00:00\",\"mainEntityOfPage\":{\"@id\":\"https:\\\/\\\/www.eddh-airport.de\\\/eddhairport\\\/airbus-transport-international-f-gsta\\\/\"},\"wordCount\":241,\"commentCount\":0,\"publisher\":{\"@id\":\"https:\\\/\\\/www.eddh-airport.de\\\/eddhairport\\\/#organization\"},\"image\":{\"@id\":\"https:\\\/\\\/www.eddh-airport.de\\\/eddhairport\\\/airbus-transport-international-f-gsta\\\/#primaryimage\"},\"thumbnailUrl\":\"https:\\\/\\\/www.netairspace.cc\\\/pic\\\/444763\\\/hottestbrick_main.jpg\",\"keywords\":[\"A300\",\"A300-600\",\"A300-600ST\",\"A300-600ST Beluga\",\"Airbus\",\"Airbus A300\",\"Airbus A300-600ST\",\"Airbus A300-600ST Beluga\",\"Beluga\",\"EDHI\",\"Finkenwerder\",\"XFW\"],\"articleSection\":[\"Movements EDHI\"],\"inLanguage\":\"de\",\"potentialAction\":[{\"@type\":\"CommentAction\",\"name\":\"Comment\",\"target\":[\"https:\\\/\\\/www.eddh-airport.de\\\/eddhairport\\\/airbus-transport-international-f-gsta\\\/#respond\"]}]},{\"@type\":\"WebPage\",\"@id\":\"https:\\\/\\\/www.eddh-airport.de\\\/eddhairport\\\/airbus-transport-international-f-gsta\\\/\",\"url\":\"https:\\\/\\\/www.eddh-airport.de\\\/eddhairport\\\/airbus-transport-international-f-gsta\\\/\",\"name\":\"Airbus Transport International, F-GSTA - eddh-airport\",\"isPartOf\":{\"@id\":\"https:\\\/\\\/www.eddh-airport.de\\\/eddhairport\\\/#website\"},\"primaryImageOfPage\":{\"@id\":\"https:\\\/\\\/www.eddh-airport.de\\\/eddhairport\\\/airbus-transport-international-f-gsta\\\/#primaryimage\"},\"image\":{\"@id\":\"https:\\\/\\\/www.eddh-airport.de\\\/eddhairport\\\/airbus-transport-international-f-gsta\\\/#primaryimage\"},\"thumbnailUrl\":\"https:\\\/\\\/www.netairspace.cc\\\/pic\\\/444763\\\/hottestbrick_main.jpg\",\"datePublished\":\"2021-04-27T20:06:42+00:00\",\"dateModified\":\"2021-04-28T09:33:04+00:00\",\"description\":\"Am heutigen Abend verlie\u00df zum voraussichtlich letzten Mal F-GSTA Beluga Nummer 1 das Werksgel\u00e4nde in Finkenwerder.\",\"breadcrumb\":{\"@id\":\"https:\\\/\\\/www.eddh-airport.de\\\/eddhairport\\\/airbus-transport-international-f-gsta\\\/#breadcrumb\"},\"inLanguage\":\"de\",\"potentialAction\":[{\"@type\":\"ReadAction\",\"target\":[\"https:\\\/\\\/www.eddh-airport.de\\\/eddhairport\\\/airbus-transport-international-f-gsta\\\/\"]}]},{\"@type\":\"ImageObject\",\"inLanguage\":\"de\",\"@id\":\"https:\\\/\\\/www.eddh-airport.de\\\/eddhairport\\\/airbus-transport-international-f-gsta\\\/#primaryimage\",\"url\":\"https:\\\/\\\/www.netairspace.cc\\\/pic\\\/444763\\\/hottestbrick_main.jpg\",\"contentUrl\":\"https:\\\/\\\/www.netairspace.cc\\\/pic\\\/444763\\\/hottestbrick_main.jpg\"},{\"@type\":\"BreadcrumbList\",\"@id\":\"https:\\\/\\\/www.eddh-airport.de\\\/eddhairport\\\/airbus-transport-international-f-gsta\\\/#breadcrumb\",\"itemListElement\":[{\"@type\":\"ListItem\",\"position\":1,\"name\":\"Startseite\",\"item\":\"https:\\\/\\\/www.eddh-airport.de\\\/eddhairport\\\/\"},{\"@type\":\"ListItem\",\"position\":2,\"name\":\"Airbus Transport International, F-GSTA\"}]},{\"@type\":\"WebSite\",\"@id\":\"https:\\\/\\\/www.eddh-airport.de\\\/eddhairport\\\/#website\",\"url\":\"https:\\\/\\\/www.eddh-airport.de\\\/eddhairport\\\/\",\"name\":\"eddh-airport\",\"description\":\"Luftfahrtnews und Planespotting aus Hamburg\",\"publisher\":{\"@id\":\"https:\\\/\\\/www.eddh-airport.de\\\/eddhairport\\\/#organization\"},\"potentialAction\":[{\"@type\":\"SearchAction\",\"target\":{\"@type\":\"EntryPoint\",\"urlTemplate\":\"https:\\\/\\\/www.eddh-airport.de\\\/eddhairport\\\/?s={search_term_string}\"},\"query-input\":{\"@type\":\"PropertyValueSpecification\",\"valueRequired\":true,\"valueName\":\"search_term_string\"}}],\"inLanguage\":\"de\"},{\"@type\":\"Organization\",\"@id\":\"https:\\\/\\\/www.eddh-airport.de\\\/eddhairport\\\/#organization\",\"name\":\"eddh-airport\",\"url\":\"https:\\\/\\\/www.eddh-airport.de\\\/eddhairport\\\/\",\"logo\":{\"@type\":\"ImageObject\",\"inLanguage\":\"de\",\"@id\":\"https:\\\/\\\/www.eddh-airport.de\\\/eddhairport\\\/#\\\/schema\\\/logo\\\/image\\\/\",\"url\":\"https:\\\/\\\/www.eddh-airport.de\\\/eddhairport\\\/wp-content\\\/uploads\\\/2018\\\/10\\\/cropped-Neues-Logo-blau-eine-Ebene-2.jpg\",\"contentUrl\":\"https:\\\/\\\/www.eddh-airport.de\\\/eddhairport\\\/wp-content\\\/uploads\\\/2018\\\/10\\\/cropped-Neues-Logo-blau-eine-Ebene-2.jpg\",\"width\":512,\"height\":512,\"caption\":\"eddh-airport\"},\"image\":{\"@id\":\"https:\\\/\\\/www.eddh-airport.de\\\/eddhairport\\\/#\\\/schema\\\/logo\\\/image\\\/\"},\"sameAs\":[\"https:\\\/\\\/www.facebook.com\\\/eddhairport\\\/\",\"https:\\\/\\\/x.com\\\/EDDH_airport_de\",\"https:\\\/\\\/www.instagram.com\\\/eddhairport\\\/?hl=de\"]},{\"@type\":\"Person\",\"@id\":\"https:\\\/\\\/www.eddh-airport.de\\\/eddhairport\\\/#\\\/schema\\\/person\\\/69e52086d712e506636c8f4c5f088abe\",\"name\":\"Niclas Rebbelmund\",\"image\":{\"@type\":\"ImageObject\",\"inLanguage\":\"de\",\"@id\":\"https:\\\/\\\/secure.gravatar.com\\\/avatar\\\/d84f2b77774e9493691ea91c216d4e4e5412d631f5fe9806ac1d1d54bd3c30cb?s=96&d=mm&r=g\",\"url\":\"https:\\\/\\\/secure.gravatar.com\\\/avatar\\\/d84f2b77774e9493691ea91c216d4e4e5412d631f5fe9806ac1d1d54bd3c30cb?s=96&d=mm&r=g\",\"contentUrl\":\"https:\\\/\\\/secure.gravatar.com\\\/avatar\\\/d84f2b77774e9493691ea91c216d4e4e5412d631f5fe9806ac1d1d54bd3c30cb?s=96&d=mm&r=g\",\"caption\":\"Niclas Rebbelmund\"},\"description\":\"34 Jahre, Team Nikon, Aviation &amp; Fotografie Enthusiast\",\"sameAs\":[\"https:\\\/\\\/www.instagram.com\\\/niclashco\\\/\"],\"url\":\"https:\\\/\\\/www.eddh-airport.de\\\/eddhairport\\\/author\\\/niclas-rebbelmund\\\/\"}]}<\/script>\n<!-- \/ Yoast SEO plugin. -->","yoast_head_json":{"title":"Airbus Transport International, F-GSTA - eddh-airport","description":"Am heutigen Abend verlie\u00df zum voraussichtlich letzten Mal F-GSTA Beluga Nummer 1 das Werksgel\u00e4nde in Finkenwerder.","robots":{"index":"index","follow":"follow","max-snippet":"max-snippet:-1","max-image-preview":"max-image-preview:large","max-video-preview":"max-video-preview:-1"},"canonical":"https:\/\/www.eddh-airport.de\/eddhairport\/airbus-transport-international-f-gsta\/","og_locale":"de_DE","og_type":"article","og_title":"Airbus Transport International, F-GSTA - eddh-airport","og_description":"Am heutigen Abend verlie\u00df zum voraussichtlich letzten Mal F-GSTA Beluga Nummer 1 das Werksgel\u00e4nde in Finkenwerder.","og_url":"https:\/\/www.eddh-airport.de\/eddhairport\/airbus-transport-international-f-gsta\/","og_site_name":"eddh-airport","article_publisher":"https:\/\/www.facebook.com\/eddhairport\/","article_published_time":"2021-04-27T20:06:42+00:00","article_modified_time":"2021-04-28T09:33:04+00:00","og_image":[{"url":"https:\/\/www.netairspace.cc\/pic\/444763\/hottestbrick_main.jpg","type":"","width":"","height":""}],"author":"Niclas Rebbelmund","twitter_card":"summary_large_image","twitter_creator":"@EDDH_airport_de","twitter_site":"@EDDH_airport_de","twitter_misc":{"Verfasst von":"Niclas Rebbelmund","Gesch\u00e4tzte Lesezeit":"2\u00a0Minuten"},"schema":{"@context":"https:\/\/schema.org","@graph":[{"@type":"Article","@id":"https:\/\/www.eddh-airport.de\/eddhairport\/airbus-transport-international-f-gsta\/#article","isPartOf":{"@id":"https:\/\/www.eddh-airport.de\/eddhairport\/airbus-transport-international-f-gsta\/"},"author":{"name":"Niclas Rebbelmund","@id":"https:\/\/www.eddh-airport.de\/eddhairport\/#\/schema\/person\/69e52086d712e506636c8f4c5f088abe"},"headline":"Airbus Transport International, F-GSTA","datePublished":"2021-04-27T20:06:42+00:00","dateModified":"2021-04-28T09:33:04+00:00","mainEntityOfPage":{"@id":"https:\/\/www.eddh-airport.de\/eddhairport\/airbus-transport-international-f-gsta\/"},"wordCount":241,"commentCount":0,"publisher":{"@id":"https:\/\/www.eddh-airport.de\/eddhairport\/#organization"},"image":{"@id":"https:\/\/www.eddh-airport.de\/eddhairport\/airbus-transport-international-f-gsta\/#primaryimage"},"thumbnailUrl":"https:\/\/www.netairspace.cc\/pic\/444763\/hottestbrick_main.jpg","keywords":["A300","A300-600","A300-600ST","A300-600ST Beluga","Airbus","Airbus A300","Airbus A300-600ST","Airbus A300-600ST Beluga","Beluga","EDHI","Finkenwerder","XFW"],"articleSection":["Movements EDHI"],"inLanguage":"de","potentialAction":[{"@type":"CommentAction","name":"Comment","target":["https:\/\/www.eddh-airport.de\/eddhairport\/airbus-transport-international-f-gsta\/#respond"]}]},{"@type":"WebPage","@id":"https:\/\/www.eddh-airport.de\/eddhairport\/airbus-transport-international-f-gsta\/","url":"https:\/\/www.eddh-airport.de\/eddhairport\/airbus-transport-international-f-gsta\/","name":"Airbus Transport International, F-GSTA - eddh-airport","isPartOf":{"@id":"https:\/\/www.eddh-airport.de\/eddhairport\/#website"},"primaryImageOfPage":{"@id":"https:\/\/www.eddh-airport.de\/eddhairport\/airbus-transport-international-f-gsta\/#primaryimage"},"image":{"@id":"https:\/\/www.eddh-airport.de\/eddhairport\/airbus-transport-international-f-gsta\/#primaryimage"},"thumbnailUrl":"https:\/\/www.netairspace.cc\/pic\/444763\/hottestbrick_main.jpg","datePublished":"2021-04-27T20:06:42+00:00","dateModified":"2021-04-28T09:33:04+00:00","description":"Am heutigen Abend verlie\u00df zum voraussichtlich letzten Mal F-GSTA Beluga Nummer 1 das Werksgel\u00e4nde in Finkenwerder.","breadcrumb":{"@id":"https:\/\/www.eddh-airport.de\/eddhairport\/airbus-transport-international-f-gsta\/#breadcrumb"},"inLanguage":"de","potentialAction":[{"@type":"ReadAction","target":["https:\/\/www.eddh-airport.de\/eddhairport\/airbus-transport-international-f-gsta\/"]}]},{"@type":"ImageObject","inLanguage":"de","@id":"https:\/\/www.eddh-airport.de\/eddhairport\/airbus-transport-international-f-gsta\/#primaryimage","url":"https:\/\/www.netairspace.cc\/pic\/444763\/hottestbrick_main.jpg","contentUrl":"https:\/\/www.netairspace.cc\/pic\/444763\/hottestbrick_main.jpg"},{"@type":"BreadcrumbList","@id":"https:\/\/www.eddh-airport.de\/eddhairport\/airbus-transport-international-f-gsta\/#breadcrumb","itemListElement":[{"@type":"ListItem","position":1,"name":"Startseite","item":"https:\/\/www.eddh-airport.de\/eddhairport\/"},{"@type":"ListItem","position":2,"name":"Airbus Transport International, F-GSTA"}]},{"@type":"WebSite","@id":"https:\/\/www.eddh-airport.de\/eddhairport\/#website","url":"https:\/\/www.eddh-airport.de\/eddhairport\/","name":"eddh-airport","description":"Luftfahrtnews und Planespotting aus Hamburg","publisher":{"@id":"https:\/\/www.eddh-airport.de\/eddhairport\/#organization"},"potentialAction":[{"@type":"SearchAction","target":{"@type":"EntryPoint","urlTemplate":"https:\/\/www.eddh-airport.de\/eddhairport\/?s={search_term_string}"},"query-input":{"@type":"PropertyValueSpecification","valueRequired":true,"valueName":"search_term_string"}}],"inLanguage":"de"},{"@type":"Organization","@id":"https:\/\/www.eddh-airport.de\/eddhairport\/#organization","name":"eddh-airport","url":"https:\/\/www.eddh-airport.de\/eddhairport\/","logo":{"@type":"ImageObject","inLanguage":"de","@id":"https:\/\/www.eddh-airport.de\/eddhairport\/#\/schema\/logo\/image\/","url":"https:\/\/www.eddh-airport.de\/eddhairport\/wp-content\/uploads\/2018\/10\/cropped-Neues-Logo-blau-eine-Ebene-2.jpg","contentUrl":"https:\/\/www.eddh-airport.de\/eddhairport\/wp-content\/uploads\/2018\/10\/cropped-Neues-Logo-blau-eine-Ebene-2.jpg","width":512,"height":512,"caption":"eddh-airport"},"image":{"@id":"https:\/\/www.eddh-airport.de\/eddhairport\/#\/schema\/logo\/image\/"},"sameAs":["https:\/\/www.facebook.com\/eddhairport\/","https:\/\/x.com\/EDDH_airport_de","https:\/\/www.instagram.com\/eddhairport\/?hl=de"]},{"@type":"Person","@id":"https:\/\/www.eddh-airport.de\/eddhairport\/#\/schema\/person\/69e52086d712e506636c8f4c5f088abe","name":"Niclas Rebbelmund","image":{"@type":"ImageObject","inLanguage":"de","@id":"https:\/\/secure.gravatar.com\/avatar\/d84f2b77774e9493691ea91c216d4e4e5412d631f5fe9806ac1d1d54bd3c30cb?s=96&d=mm&r=g","url":"https:\/\/secure.gravatar.com\/avatar\/d84f2b77774e9493691ea91c216d4e4e5412d631f5fe9806ac1d1d54bd3c30cb?s=96&d=mm&r=g","contentUrl":"https:\/\/secure.gravatar.com\/avatar\/d84f2b77774e9493691ea91c216d4e4e5412d631f5fe9806ac1d1d54bd3c30cb?s=96&d=mm&r=g","caption":"Niclas Rebbelmund"},"description":"34 Jahre, Team Nikon, Aviation &amp; Fotografie Enthusiast","sameAs":["https:\/\/www.instagram.com\/niclashco\/"],"url":"https:\/\/www.eddh-airport.de\/eddhairport\/author\/niclas-rebbelmund\/"}]}},"_links":{"self":[{"href":"https:\/\/www.eddh-airport.de\/eddhairport\/wp-json\/wp\/v2\/posts\/5544","targetHints":{"allow":["GET"]}}],"collection":[{"href":"https:\/\/www.eddh-airport.de\/eddhairport\/wp-json\/wp\/v2\/posts"}],"about":[{"href":"https:\/\/www.eddh-airport.de\/eddhairport\/wp-json\/wp\/v2\/types\/post"}],"author":[{"embeddable":true,"href":"https:\/\/www.eddh-airport.de\/eddhairport\/wp-json\/wp\/v2\/users\/3"}],"replies":[{"embeddable":true,"href":"https:\/\/www.eddh-airport.de\/eddhairport\/wp-json\/wp\/v2\/comments?post=5544"}],"version-history":[{"count":3,"href":"https:\/\/www.eddh-airport.de\/eddhairport\/wp-json\/wp\/v2\/posts\/5544\/revisions"}],"predecessor-version":[{"id":5547,"href":"https:\/\/www.eddh-airport.de\/eddhairport\/wp-json\/wp\/v2\/posts\/5544\/revisions\/5547"}],"wp:attachment":[{"href":"https:\/\/www.eddh-airport.de\/eddhairport\/wp-json\/wp\/v2\/media?parent=5544"}],"wp:term":[{"taxonomy":"category","embeddable":true,"href":"https:\/\/www.eddh-airport.de\/eddhairport\/wp-json\/wp\/v2\/categories?post=5544"},{"taxonomy":"post_tag","embeddable":true,"href":"https:\/\/www.eddh-airport.de\/eddhairport\/wp-json\/wp\/v2\/tags?post=5544"}],"curies":[{"name":"wp","href":"https:\/\/api.w.org\/{rel}","templated":true}]}}