{"id":417,"date":"2018-06-18T13:45:46","date_gmt":"2018-06-18T11:45:46","guid":{"rendered":"https:\/\/www.eddh-airport.de\/eddhairport\/?p=417"},"modified":"2018-06-18T17:38:53","modified_gmt":"2018-06-18T15:38:53","slug":"erster-a330neo-fuer-tap-air-portugal-auf-rundreise","status":"publish","type":"post","link":"https:\/\/www.eddh-airport.de\/eddhairport\/erster-a330neo-fuer-tap-air-portugal-auf-rundreise\/","title":{"rendered":"Erster A330neo f\u00fcr TAP Air Portugal auf Rundreise"},"content":{"rendered":"<h6>Erster A330neo f\u00fcr TAP Air Portugal auf Rundreise<\/h6>\n<p>Airbus hat heute den ersten A330neo (CS-TUA) f\u00fcr TAP Air Portugal auf Reise geschickt. Es handelt sich zudem um die erste A330neo f\u00fcr einen Kunden. Die Maschine vom Typ A330-900 machte sich auf den Weg zu einer Rundreise \u00fcber alle Airbus Standorte, die am Bau des A330neo beteiligt sind &#8211; unter Anderem Bremen, Hamburg und Stade &#8211; und zeigte sich bei einem \u00dcberflug von ihrer sch\u00f6nsten Seite. Der Klang der neuen Rolls Royce Trent 7000 Triebwerke ist einfach unverwechselbar.<\/p>\n<p><a data-flickr-embed=\"true\"  href=\"https:\/\/www.flickr.com\/photos\/digro\/42830290602\/in\/feed\" title=\"TAP_A339N_CS-TUA_20180618_XFW-1\"><img fetchpriority=\"high\" decoding=\"async\" src=\"https:\/\/farm2.staticflickr.com\/1764\/42830290602_5ae8f23420_n.jpg\" width=\"320\" height=\"213\" alt=\"TAP_A339N_CS-TUA_20180618_XFW-1\"><\/a><script async src=\"\/\/embedr.flickr.com\/assets\/client-code.js\" charset=\"utf-8\"><\/script><\/p>\n<p><a data-flickr-embed=\"true\"  href=\"https:\/\/www.flickr.com\/photos\/144120046@N08\/42873798511\/in\/feed\" title=\"IMG_3361\"><img decoding=\"async\" src=\"https:\/\/farm2.staticflickr.com\/1828\/42873798511_edc0645685_n.jpg\" width=\"320\" height=\"214\" alt=\"IMG_3361\"><\/a><script async src=\"\/\/embedr.flickr.com\/assets\/client-code.js\" charset=\"utf-8\"><\/script><\/p>\n<p>Dieses Video zeigt den \u00dcberflug am Airbus Standort Hamburg Finkenwerder:<\/p>\n<p><iframe src=\"https:\/\/www.youtube.com\/embed\/1HIH46Kxeoo\" width=\"560\" height=\"315\" frameborder=\"0\" allowfullscreen=\"allowfullscreen\"><\/iframe><\/p>\n","protected":false},"excerpt":{"rendered":"<p>Erster A330neo f\u00fcr TAP Air Portugal auf Rundreise Airbus hat heute den ersten A330neo (CS-TUA) f\u00fcr TAP Air Portugal auf Reise geschickt. Es handelt sich zudem um die erste A330neo f\u00fcr einen Kunden. Die Maschine vom Typ A330-900 machte sich auf den Weg zu einer Rundreise \u00fcber alle Airbus Standorte, die am Bau des A330neo [&hellip;]<\/p>\n","protected":false},"author":4,"featured_media":0,"comment_status":"open","ping_status":"open","sticky":false,"template":"","format":"standard","meta":{"_monsterinsights_skip_tracking":false,"_monsterinsights_sitenote_active":false,"_monsterinsights_sitenote_note":"","_monsterinsights_sitenote_category":0,"site-sidebar-layout":"default","site-content-layout":"","ast-site-content-layout":"default","site-content-style":"default","site-sidebar-style":"default","ast-global-header-display":"","ast-banner-title-visibility":"","ast-main-header-display":"","ast-hfb-above-header-display":"","ast-hfb-below-header-display":"","ast-hfb-mobile-header-display":"","site-post-title":"","ast-breadcrumbs-content":"","ast-featured-img":"","footer-sml-layout":"","ast-disable-related-posts":"","theme-transparent-header-meta":"","adv-header-id-meta":"","stick-header-meta":"","header-above-stick-meta":"","header-main-stick-meta":"","header-below-stick-meta":"","astra-migrate-meta-layouts":"default","ast-page-background-enabled":"default","ast-page-background-meta":{"desktop":{"background-color":"","background-image":"","background-repeat":"repeat","background-position":"center center","background-size":"auto","background-attachment":"scroll","background-type":"","background-media":"","overlay-type":"","overlay-color":"","overlay-opacity":"","overlay-gradient":""},"tablet":{"background-color":"","background-image":"","background-repeat":"repeat","background-position":"center center","background-size":"auto","background-attachment":"scroll","background-type":"","background-media":"","overlay-type":"","overlay-color":"","overlay-opacity":"","overlay-gradient":""},"mobile":{"background-color":"","background-image":"","background-repeat":"repeat","background-position":"center center","background-size":"auto","background-attachment":"scroll","background-type":"","background-media":"","overlay-type":"","overlay-color":"","overlay-opacity":"","overlay-gradient":""}},"ast-content-background-meta":{"desktop":{"background-color":"var(--ast-global-color-5)","background-image":"","background-repeat":"repeat","background-position":"center center","background-size":"auto","background-attachment":"scroll","background-type":"","background-media":"","overlay-type":"","overlay-color":"","overlay-opacity":"","overlay-gradient":""},"tablet":{"background-color":"var(--ast-global-color-5)","background-image":"","background-repeat":"repeat","background-position":"center center","background-size":"auto","background-attachment":"scroll","background-type":"","background-media":"","overlay-type":"","overlay-color":"","overlay-opacity":"","overlay-gradient":""},"mobile":{"background-color":"var(--ast-global-color-5)","background-image":"","background-repeat":"repeat","background-position":"center center","background-size":"auto","background-attachment":"scroll","background-type":"","background-media":"","overlay-type":"","overlay-color":"","overlay-opacity":"","overlay-gradient":""}},"footnotes":""},"categories":[22],"tags":[160,159,12,162,23,163,157,158,161],"class_list":["post-417","post","type-post","status-publish","format-standard","hentry","category-movements-edhi","tag-a330-900","tag-a330neo","tag-airbus","tag-cs-tua","tag-edhi","tag-f-wwkm","tag-tap","tag-tap-air-portugal","tag-trent-7000"],"yoast_head":"<!-- This site is optimized with the Yoast SEO plugin v27.4 - https:\/\/yoast.com\/product\/yoast-seo-wordpress\/ -->\n<title>Erster A330neo f\u00fcr TAP Air Portugal auf Rundreise - eddh-airport<\/title>\n<meta name=\"description\" content=\"Die erste A330neo, welche f\u00fcr einen Kunden bestimmt ist, machte heute im Rahmen eines Testfluges, einen low aproache am Airbus Werk in Finkenwerder.\" \/>\n<meta name=\"robots\" content=\"index, follow, max-snippet:-1, max-image-preview:large, max-video-preview:-1\" \/>\n<link rel=\"canonical\" href=\"https:\/\/www.eddh-airport.de\/eddhairport\/erster-a330neo-fuer-tap-air-portugal-auf-rundreise\/\" \/>\n<meta property=\"og:locale\" content=\"de_DE\" \/>\n<meta property=\"og:type\" content=\"article\" \/>\n<meta property=\"og:title\" content=\"Erster A330neo f\u00fcr TAP Air Portugal auf Rundreise - eddh-airport\" \/>\n<meta property=\"og:description\" content=\"Die erste A330neo, welche f\u00fcr einen Kunden bestimmt ist, machte heute im Rahmen eines Testfluges, einen low aproache am Airbus Werk in Finkenwerder.\" \/>\n<meta property=\"og:url\" content=\"https:\/\/www.eddh-airport.de\/eddhairport\/erster-a330neo-fuer-tap-air-portugal-auf-rundreise\/\" \/>\n<meta property=\"og:site_name\" content=\"eddh-airport\" \/>\n<meta property=\"article:publisher\" content=\"https:\/\/www.facebook.com\/eddhairport\/\" \/>\n<meta property=\"article:author\" content=\"www.facebook.com\/tobiliee\" \/>\n<meta property=\"article:published_time\" content=\"2018-06-18T11:45:46+00:00\" \/>\n<meta property=\"article:modified_time\" content=\"2018-06-18T15:38:53+00:00\" \/>\n<meta property=\"og:image\" content=\"https:\/\/farm2.staticflickr.com\/1764\/42830290602_5ae8f23420_n.jpg\" \/>\n<meta name=\"author\" content=\"Tobias\" \/>\n<meta name=\"twitter:card\" content=\"summary_large_image\" \/>\n<meta name=\"twitter:creator\" content=\"@EDDH_airport_de\" \/>\n<meta name=\"twitter:site\" content=\"@EDDH_airport_de\" \/>\n<meta name=\"twitter:label1\" content=\"Verfasst von\" \/>\n\t<meta name=\"twitter:data1\" content=\"Tobias\" \/>\n\t<meta name=\"twitter:label2\" content=\"Gesch\u00e4tzte Lesezeit\" \/>\n\t<meta name=\"twitter:data2\" content=\"1\u00a0Minute\" \/>\n<script type=\"application\/ld+json\" class=\"yoast-schema-graph\">{\"@context\":\"https:\\\/\\\/schema.org\",\"@graph\":[{\"@type\":\"Article\",\"@id\":\"https:\\\/\\\/www.eddh-airport.de\\\/eddhairport\\\/erster-a330neo-fuer-tap-air-portugal-auf-rundreise\\\/#article\",\"isPartOf\":{\"@id\":\"https:\\\/\\\/www.eddh-airport.de\\\/eddhairport\\\/erster-a330neo-fuer-tap-air-portugal-auf-rundreise\\\/\"},\"author\":{\"name\":\"Tobias\",\"@id\":\"https:\\\/\\\/www.eddh-airport.de\\\/eddhairport\\\/#\\\/schema\\\/person\\\/e00000600589f859b84e070ad6b9d8d8\"},\"headline\":\"Erster A330neo f\u00fcr TAP Air Portugal auf Rundreise\",\"datePublished\":\"2018-06-18T11:45:46+00:00\",\"dateModified\":\"2018-06-18T15:38:53+00:00\",\"mainEntityOfPage\":{\"@id\":\"https:\\\/\\\/www.eddh-airport.de\\\/eddhairport\\\/erster-a330neo-fuer-tap-air-portugal-auf-rundreise\\\/\"},\"wordCount\":115,\"commentCount\":1,\"publisher\":{\"@id\":\"https:\\\/\\\/www.eddh-airport.de\\\/eddhairport\\\/#organization\"},\"image\":{\"@id\":\"https:\\\/\\\/www.eddh-airport.de\\\/eddhairport\\\/erster-a330neo-fuer-tap-air-portugal-auf-rundreise\\\/#primaryimage\"},\"thumbnailUrl\":\"https:\\\/\\\/farm2.staticflickr.com\\\/1764\\\/42830290602_5ae8f23420_n.jpg\",\"keywords\":[\"A330-900\",\"A330neo\",\"Airbus\",\"CS-TUA\",\"EDHI\",\"F-WWKM\",\"TAP\",\"TAP Air Portugal\",\"Trent 7000\"],\"articleSection\":[\"Movements EDHI\"],\"inLanguage\":\"de\",\"potentialAction\":[{\"@type\":\"CommentAction\",\"name\":\"Comment\",\"target\":[\"https:\\\/\\\/www.eddh-airport.de\\\/eddhairport\\\/erster-a330neo-fuer-tap-air-portugal-auf-rundreise\\\/#respond\"]}]},{\"@type\":\"WebPage\",\"@id\":\"https:\\\/\\\/www.eddh-airport.de\\\/eddhairport\\\/erster-a330neo-fuer-tap-air-portugal-auf-rundreise\\\/\",\"url\":\"https:\\\/\\\/www.eddh-airport.de\\\/eddhairport\\\/erster-a330neo-fuer-tap-air-portugal-auf-rundreise\\\/\",\"name\":\"Erster A330neo f\u00fcr TAP Air Portugal auf Rundreise - eddh-airport\",\"isPartOf\":{\"@id\":\"https:\\\/\\\/www.eddh-airport.de\\\/eddhairport\\\/#website\"},\"primaryImageOfPage\":{\"@id\":\"https:\\\/\\\/www.eddh-airport.de\\\/eddhairport\\\/erster-a330neo-fuer-tap-air-portugal-auf-rundreise\\\/#primaryimage\"},\"image\":{\"@id\":\"https:\\\/\\\/www.eddh-airport.de\\\/eddhairport\\\/erster-a330neo-fuer-tap-air-portugal-auf-rundreise\\\/#primaryimage\"},\"thumbnailUrl\":\"https:\\\/\\\/farm2.staticflickr.com\\\/1764\\\/42830290602_5ae8f23420_n.jpg\",\"datePublished\":\"2018-06-18T11:45:46+00:00\",\"dateModified\":\"2018-06-18T15:38:53+00:00\",\"description\":\"Die erste A330neo, welche f\u00fcr einen Kunden bestimmt ist, machte heute im Rahmen eines Testfluges, einen low aproache am Airbus Werk in Finkenwerder.\",\"breadcrumb\":{\"@id\":\"https:\\\/\\\/www.eddh-airport.de\\\/eddhairport\\\/erster-a330neo-fuer-tap-air-portugal-auf-rundreise\\\/#breadcrumb\"},\"inLanguage\":\"de\",\"potentialAction\":[{\"@type\":\"ReadAction\",\"target\":[\"https:\\\/\\\/www.eddh-airport.de\\\/eddhairport\\\/erster-a330neo-fuer-tap-air-portugal-auf-rundreise\\\/\"]}]},{\"@type\":\"ImageObject\",\"inLanguage\":\"de\",\"@id\":\"https:\\\/\\\/www.eddh-airport.de\\\/eddhairport\\\/erster-a330neo-fuer-tap-air-portugal-auf-rundreise\\\/#primaryimage\",\"url\":\"https:\\\/\\\/farm2.staticflickr.com\\\/1764\\\/42830290602_5ae8f23420_n.jpg\",\"contentUrl\":\"https:\\\/\\\/farm2.staticflickr.com\\\/1764\\\/42830290602_5ae8f23420_n.jpg\"},{\"@type\":\"BreadcrumbList\",\"@id\":\"https:\\\/\\\/www.eddh-airport.de\\\/eddhairport\\\/erster-a330neo-fuer-tap-air-portugal-auf-rundreise\\\/#breadcrumb\",\"itemListElement\":[{\"@type\":\"ListItem\",\"position\":1,\"name\":\"Startseite\",\"item\":\"https:\\\/\\\/www.eddh-airport.de\\\/eddhairport\\\/\"},{\"@type\":\"ListItem\",\"position\":2,\"name\":\"Erster A330neo f\u00fcr TAP Air Portugal auf Rundreise\"}]},{\"@type\":\"WebSite\",\"@id\":\"https:\\\/\\\/www.eddh-airport.de\\\/eddhairport\\\/#website\",\"url\":\"https:\\\/\\\/www.eddh-airport.de\\\/eddhairport\\\/\",\"name\":\"eddh-airport\",\"description\":\"Luftfahrtnews und Planespotting aus Hamburg\",\"publisher\":{\"@id\":\"https:\\\/\\\/www.eddh-airport.de\\\/eddhairport\\\/#organization\"},\"potentialAction\":[{\"@type\":\"SearchAction\",\"target\":{\"@type\":\"EntryPoint\",\"urlTemplate\":\"https:\\\/\\\/www.eddh-airport.de\\\/eddhairport\\\/?s={search_term_string}\"},\"query-input\":{\"@type\":\"PropertyValueSpecification\",\"valueRequired\":true,\"valueName\":\"search_term_string\"}}],\"inLanguage\":\"de\"},{\"@type\":\"Organization\",\"@id\":\"https:\\\/\\\/www.eddh-airport.de\\\/eddhairport\\\/#organization\",\"name\":\"eddh-airport\",\"url\":\"https:\\\/\\\/www.eddh-airport.de\\\/eddhairport\\\/\",\"logo\":{\"@type\":\"ImageObject\",\"inLanguage\":\"de\",\"@id\":\"https:\\\/\\\/www.eddh-airport.de\\\/eddhairport\\\/#\\\/schema\\\/logo\\\/image\\\/\",\"url\":\"https:\\\/\\\/www.eddh-airport.de\\\/eddhairport\\\/wp-content\\\/uploads\\\/2018\\\/10\\\/cropped-Neues-Logo-blau-eine-Ebene-2.jpg\",\"contentUrl\":\"https:\\\/\\\/www.eddh-airport.de\\\/eddhairport\\\/wp-content\\\/uploads\\\/2018\\\/10\\\/cropped-Neues-Logo-blau-eine-Ebene-2.jpg\",\"width\":512,\"height\":512,\"caption\":\"eddh-airport\"},\"image\":{\"@id\":\"https:\\\/\\\/www.eddh-airport.de\\\/eddhairport\\\/#\\\/schema\\\/logo\\\/image\\\/\"},\"sameAs\":[\"https:\\\/\\\/www.facebook.com\\\/eddhairport\\\/\",\"https:\\\/\\\/x.com\\\/EDDH_airport_de\",\"https:\\\/\\\/www.instagram.com\\\/eddhairport\\\/?hl=de\"]},{\"@type\":\"Person\",\"@id\":\"https:\\\/\\\/www.eddh-airport.de\\\/eddhairport\\\/#\\\/schema\\\/person\\\/e00000600589f859b84e070ad6b9d8d8\",\"name\":\"Tobias\",\"image\":{\"@type\":\"ImageObject\",\"inLanguage\":\"de\",\"@id\":\"https:\\\/\\\/secure.gravatar.com\\\/avatar\\\/3f6c9cf5b99c33ebfa12e158caba842592c1fb25c898c610f8af25c271a44c61?s=96&d=mm&r=g\",\"url\":\"https:\\\/\\\/secure.gravatar.com\\\/avatar\\\/3f6c9cf5b99c33ebfa12e158caba842592c1fb25c898c610f8af25c271a44c61?s=96&d=mm&r=g\",\"contentUrl\":\"https:\\\/\\\/secure.gravatar.com\\\/avatar\\\/3f6c9cf5b99c33ebfa12e158caba842592c1fb25c898c610f8af25c271a44c61?s=96&d=mm&r=g\",\"caption\":\"Tobias\"},\"description\":\"23 Jahre alt Canon User ;)\",\"sameAs\":[\"http:\\\/\\\/www.facebook.com\\\/AircraftSpottingHamburg\",\"www.facebook.com\\\/tobiliee\"],\"url\":\"https:\\\/\\\/www.eddh-airport.de\\\/eddhairport\\\/author\\\/tobias-lietzke\\\/\"}]}<\/script>\n<!-- \/ Yoast SEO plugin. -->","yoast_head_json":{"title":"Erster A330neo f\u00fcr TAP Air Portugal auf Rundreise - eddh-airport","description":"Die erste A330neo, welche f\u00fcr einen Kunden bestimmt ist, machte heute im Rahmen eines Testfluges, einen low aproache am Airbus Werk in Finkenwerder.","robots":{"index":"index","follow":"follow","max-snippet":"max-snippet:-1","max-image-preview":"max-image-preview:large","max-video-preview":"max-video-preview:-1"},"canonical":"https:\/\/www.eddh-airport.de\/eddhairport\/erster-a330neo-fuer-tap-air-portugal-auf-rundreise\/","og_locale":"de_DE","og_type":"article","og_title":"Erster A330neo f\u00fcr TAP Air Portugal auf Rundreise - eddh-airport","og_description":"Die erste A330neo, welche f\u00fcr einen Kunden bestimmt ist, machte heute im Rahmen eines Testfluges, einen low aproache am Airbus Werk in Finkenwerder.","og_url":"https:\/\/www.eddh-airport.de\/eddhairport\/erster-a330neo-fuer-tap-air-portugal-auf-rundreise\/","og_site_name":"eddh-airport","article_publisher":"https:\/\/www.facebook.com\/eddhairport\/","article_author":"www.facebook.com\/tobiliee","article_published_time":"2018-06-18T11:45:46+00:00","article_modified_time":"2018-06-18T15:38:53+00:00","og_image":[{"url":"https:\/\/farm2.staticflickr.com\/1764\/42830290602_5ae8f23420_n.jpg","type":"","width":"","height":""}],"author":"Tobias","twitter_card":"summary_large_image","twitter_creator":"@EDDH_airport_de","twitter_site":"@EDDH_airport_de","twitter_misc":{"Verfasst von":"Tobias","Gesch\u00e4tzte Lesezeit":"1\u00a0Minute"},"schema":{"@context":"https:\/\/schema.org","@graph":[{"@type":"Article","@id":"https:\/\/www.eddh-airport.de\/eddhairport\/erster-a330neo-fuer-tap-air-portugal-auf-rundreise\/#article","isPartOf":{"@id":"https:\/\/www.eddh-airport.de\/eddhairport\/erster-a330neo-fuer-tap-air-portugal-auf-rundreise\/"},"author":{"name":"Tobias","@id":"https:\/\/www.eddh-airport.de\/eddhairport\/#\/schema\/person\/e00000600589f859b84e070ad6b9d8d8"},"headline":"Erster A330neo f\u00fcr TAP Air Portugal auf Rundreise","datePublished":"2018-06-18T11:45:46+00:00","dateModified":"2018-06-18T15:38:53+00:00","mainEntityOfPage":{"@id":"https:\/\/www.eddh-airport.de\/eddhairport\/erster-a330neo-fuer-tap-air-portugal-auf-rundreise\/"},"wordCount":115,"commentCount":1,"publisher":{"@id":"https:\/\/www.eddh-airport.de\/eddhairport\/#organization"},"image":{"@id":"https:\/\/www.eddh-airport.de\/eddhairport\/erster-a330neo-fuer-tap-air-portugal-auf-rundreise\/#primaryimage"},"thumbnailUrl":"https:\/\/farm2.staticflickr.com\/1764\/42830290602_5ae8f23420_n.jpg","keywords":["A330-900","A330neo","Airbus","CS-TUA","EDHI","F-WWKM","TAP","TAP Air Portugal","Trent 7000"],"articleSection":["Movements EDHI"],"inLanguage":"de","potentialAction":[{"@type":"CommentAction","name":"Comment","target":["https:\/\/www.eddh-airport.de\/eddhairport\/erster-a330neo-fuer-tap-air-portugal-auf-rundreise\/#respond"]}]},{"@type":"WebPage","@id":"https:\/\/www.eddh-airport.de\/eddhairport\/erster-a330neo-fuer-tap-air-portugal-auf-rundreise\/","url":"https:\/\/www.eddh-airport.de\/eddhairport\/erster-a330neo-fuer-tap-air-portugal-auf-rundreise\/","name":"Erster A330neo f\u00fcr TAP Air Portugal auf Rundreise - eddh-airport","isPartOf":{"@id":"https:\/\/www.eddh-airport.de\/eddhairport\/#website"},"primaryImageOfPage":{"@id":"https:\/\/www.eddh-airport.de\/eddhairport\/erster-a330neo-fuer-tap-air-portugal-auf-rundreise\/#primaryimage"},"image":{"@id":"https:\/\/www.eddh-airport.de\/eddhairport\/erster-a330neo-fuer-tap-air-portugal-auf-rundreise\/#primaryimage"},"thumbnailUrl":"https:\/\/farm2.staticflickr.com\/1764\/42830290602_5ae8f23420_n.jpg","datePublished":"2018-06-18T11:45:46+00:00","dateModified":"2018-06-18T15:38:53+00:00","description":"Die erste A330neo, welche f\u00fcr einen Kunden bestimmt ist, machte heute im Rahmen eines Testfluges, einen low aproache am Airbus Werk in Finkenwerder.","breadcrumb":{"@id":"https:\/\/www.eddh-airport.de\/eddhairport\/erster-a330neo-fuer-tap-air-portugal-auf-rundreise\/#breadcrumb"},"inLanguage":"de","potentialAction":[{"@type":"ReadAction","target":["https:\/\/www.eddh-airport.de\/eddhairport\/erster-a330neo-fuer-tap-air-portugal-auf-rundreise\/"]}]},{"@type":"ImageObject","inLanguage":"de","@id":"https:\/\/www.eddh-airport.de\/eddhairport\/erster-a330neo-fuer-tap-air-portugal-auf-rundreise\/#primaryimage","url":"https:\/\/farm2.staticflickr.com\/1764\/42830290602_5ae8f23420_n.jpg","contentUrl":"https:\/\/farm2.staticflickr.com\/1764\/42830290602_5ae8f23420_n.jpg"},{"@type":"BreadcrumbList","@id":"https:\/\/www.eddh-airport.de\/eddhairport\/erster-a330neo-fuer-tap-air-portugal-auf-rundreise\/#breadcrumb","itemListElement":[{"@type":"ListItem","position":1,"name":"Startseite","item":"https:\/\/www.eddh-airport.de\/eddhairport\/"},{"@type":"ListItem","position":2,"name":"Erster A330neo f\u00fcr TAP Air Portugal auf Rundreise"}]},{"@type":"WebSite","@id":"https:\/\/www.eddh-airport.de\/eddhairport\/#website","url":"https:\/\/www.eddh-airport.de\/eddhairport\/","name":"eddh-airport","description":"Luftfahrtnews und Planespotting aus Hamburg","publisher":{"@id":"https:\/\/www.eddh-airport.de\/eddhairport\/#organization"},"potentialAction":[{"@type":"SearchAction","target":{"@type":"EntryPoint","urlTemplate":"https:\/\/www.eddh-airport.de\/eddhairport\/?s={search_term_string}"},"query-input":{"@type":"PropertyValueSpecification","valueRequired":true,"valueName":"search_term_string"}}],"inLanguage":"de"},{"@type":"Organization","@id":"https:\/\/www.eddh-airport.de\/eddhairport\/#organization","name":"eddh-airport","url":"https:\/\/www.eddh-airport.de\/eddhairport\/","logo":{"@type":"ImageObject","inLanguage":"de","@id":"https:\/\/www.eddh-airport.de\/eddhairport\/#\/schema\/logo\/image\/","url":"https:\/\/www.eddh-airport.de\/eddhairport\/wp-content\/uploads\/2018\/10\/cropped-Neues-Logo-blau-eine-Ebene-2.jpg","contentUrl":"https:\/\/www.eddh-airport.de\/eddhairport\/wp-content\/uploads\/2018\/10\/cropped-Neues-Logo-blau-eine-Ebene-2.jpg","width":512,"height":512,"caption":"eddh-airport"},"image":{"@id":"https:\/\/www.eddh-airport.de\/eddhairport\/#\/schema\/logo\/image\/"},"sameAs":["https:\/\/www.facebook.com\/eddhairport\/","https:\/\/x.com\/EDDH_airport_de","https:\/\/www.instagram.com\/eddhairport\/?hl=de"]},{"@type":"Person","@id":"https:\/\/www.eddh-airport.de\/eddhairport\/#\/schema\/person\/e00000600589f859b84e070ad6b9d8d8","name":"Tobias","image":{"@type":"ImageObject","inLanguage":"de","@id":"https:\/\/secure.gravatar.com\/avatar\/3f6c9cf5b99c33ebfa12e158caba842592c1fb25c898c610f8af25c271a44c61?s=96&d=mm&r=g","url":"https:\/\/secure.gravatar.com\/avatar\/3f6c9cf5b99c33ebfa12e158caba842592c1fb25c898c610f8af25c271a44c61?s=96&d=mm&r=g","contentUrl":"https:\/\/secure.gravatar.com\/avatar\/3f6c9cf5b99c33ebfa12e158caba842592c1fb25c898c610f8af25c271a44c61?s=96&d=mm&r=g","caption":"Tobias"},"description":"23 Jahre alt Canon User ;)","sameAs":["http:\/\/www.facebook.com\/AircraftSpottingHamburg","www.facebook.com\/tobiliee"],"url":"https:\/\/www.eddh-airport.de\/eddhairport\/author\/tobias-lietzke\/"}]}},"_links":{"self":[{"href":"https:\/\/www.eddh-airport.de\/eddhairport\/wp-json\/wp\/v2\/posts\/417","targetHints":{"allow":["GET"]}}],"collection":[{"href":"https:\/\/www.eddh-airport.de\/eddhairport\/wp-json\/wp\/v2\/posts"}],"about":[{"href":"https:\/\/www.eddh-airport.de\/eddhairport\/wp-json\/wp\/v2\/types\/post"}],"author":[{"embeddable":true,"href":"https:\/\/www.eddh-airport.de\/eddhairport\/wp-json\/wp\/v2\/users\/4"}],"replies":[{"embeddable":true,"href":"https:\/\/www.eddh-airport.de\/eddhairport\/wp-json\/wp\/v2\/comments?post=417"}],"version-history":[{"count":8,"href":"https:\/\/www.eddh-airport.de\/eddhairport\/wp-json\/wp\/v2\/posts\/417\/revisions"}],"predecessor-version":[{"id":425,"href":"https:\/\/www.eddh-airport.de\/eddhairport\/wp-json\/wp\/v2\/posts\/417\/revisions\/425"}],"wp:attachment":[{"href":"https:\/\/www.eddh-airport.de\/eddhairport\/wp-json\/wp\/v2\/media?parent=417"}],"wp:term":[{"taxonomy":"category","embeddable":true,"href":"https:\/\/www.eddh-airport.de\/eddhairport\/wp-json\/wp\/v2\/categories?post=417"},{"taxonomy":"post_tag","embeddable":true,"href":"https:\/\/www.eddh-airport.de\/eddhairport\/wp-json\/wp\/v2\/tags?post=417"}],"curies":[{"name":"wp","href":"https:\/\/api.w.org\/{rel}","templated":true}]}}