{"id":3942,"date":"2020-08-14T20:52:15","date_gmt":"2020-08-14T18:52:15","guid":{"rendered":"https:\/\/www.eddh-airport.de\/eddhairport\/?p=3942"},"modified":"2020-08-15T09:05:48","modified_gmt":"2020-08-15T07:05:48","slug":"wizz-air-abu-dhabi-d-avyl-a6-wza","status":"publish","type":"post","link":"https:\/\/www.eddh-airport.de\/eddhairport\/wizz-air-abu-dhabi-d-avyl-a6-wza\/","title":{"rendered":"Wizz Air Abu Dhabi, D-AVYL (A6-WZA)"},"content":{"rendered":"<h6>Wizz Air Abu Dhabi, D-AVYL (A6-WZA)<\/h6>\n<p>Die ungarische Wizz Air baut nicht nur in Engagement am Hamburger Flughafen aktuell massiv aus, sondern expandiert nun auch in die ganze Welt. So wurde j\u00fcngst mit Wizz Air Abu Dhabi eine Tochtergesellschaft gegr\u00fcndet, die die Fluggesellschaft den Markt in den Vereinigten Arabischen Emiraten angreifen lassen soll. Dazu wurden kurzerhand Bestellungen fabrikneuer Airbus A321neo von der ungarischen Wizz Air zur neu gegr\u00fcndeten Fluggesellschaft transferiert.<br \/>\nNachdem bereits vor einigen Tagen der erste A321neo f\u00fcr Wizz Air Abu Dhabi erstmalig abhob, startete am heutigen Nachmittag mit D-AVYL (sp\u00e4ter A6-WZA) bereits der zweite A321-271NX von Finkenwerder (XFW) aus zu seinem Erstflug. Der fast drei Stunden dauernde Flug f\u00fchrte den Zweistrahler gr\u00f6\u00dftenteils \u00fcber die Nordsee, Niedersachen und Schleswig Holstein. Zum Ende absolvierte das Mittelstreckenflugzeug nat\u00fcrlich auch den obligatorischen Low Approach in Fuhlsb\u00fcttel.<\/p>\n<p><a href=\"https:\/\/www.netairspace.cc\/pic\/398709\/\"><img decoding=\"async\" src=\"https:\/\/www.netairspace.cc\/pic\/398709\/hottestbrick_main.jpg\" alt=\"Aviation photo\" \/><\/a><br \/>\n<a href=\"https:\/\/www.netairspace.cc\/pic\/398709\/\"><span style=\"font-size: xx-small;\">D-AVYL at Hamburg &#8211; Fuhlsbuettel (Helmut Schmidt)<br \/>\nby Niclas Rebbelmund on netAirspace<\/span><\/a><\/p>\n<p>Nach seiner Auslieferung in einigen Tagen wird der von zwei Pratt &amp; Whitney PW1133G angetriebene Airbus die Kennung A6-WZA erhalten und insgesamt 239 Passagieren in einer Klasse Platz bieten. Von Abu Dhabi (AUH) aus sollen zun\u00e4chst Yerevan (Armenien), Larnaca (Zypern), Alexandria (\u00c4gypten) und Kutaisi (Georgien), sowie Athen (Griechenland) und Odessa (Ukraine) angesteuert werden.<\/p>\n","protected":false},"excerpt":{"rendered":"<p>Wizz Air Abu Dhabi, D-AVYL (A6-WZA) Die ungarische Wizz Air baut nicht nur in Engagement am Hamburger Flughafen aktuell massiv aus, sondern expandiert nun auch in die ganze Welt. So wurde j\u00fcngst mit Wizz Air Abu Dhabi eine Tochtergesellschaft gegr\u00fcndet, die die Fluggesellschaft den Markt in den Vereinigten Arabischen Emiraten angreifen lassen soll. Dazu wurden [&hellip;]<\/p>\n","protected":false},"author":3,"featured_media":0,"comment_status":"open","ping_status":"open","sticky":false,"template":"","format":"standard","meta":{"_monsterinsights_skip_tracking":false,"_monsterinsights_sitenote_active":false,"_monsterinsights_sitenote_note":"","_monsterinsights_sitenote_category":0,"site-sidebar-layout":"default","site-content-layout":"","ast-site-content-layout":"default","site-content-style":"default","site-sidebar-style":"default","ast-global-header-display":"","ast-banner-title-visibility":"","ast-main-header-display":"","ast-hfb-above-header-display":"","ast-hfb-below-header-display":"","ast-hfb-mobile-header-display":"","site-post-title":"","ast-breadcrumbs-content":"","ast-featured-img":"","footer-sml-layout":"","ast-disable-related-posts":"","theme-transparent-header-meta":"","adv-header-id-meta":"","stick-header-meta":"","header-above-stick-meta":"","header-main-stick-meta":"","header-below-stick-meta":"","astra-migrate-meta-layouts":"default","ast-page-background-enabled":"default","ast-page-background-meta":{"desktop":{"background-color":"","background-image":"","background-repeat":"repeat","background-position":"center center","background-size":"auto","background-attachment":"scroll","background-type":"","background-media":"","overlay-type":"","overlay-color":"","overlay-opacity":"","overlay-gradient":""},"tablet":{"background-color":"","background-image":"","background-repeat":"repeat","background-position":"center center","background-size":"auto","background-attachment":"scroll","background-type":"","background-media":"","overlay-type":"","overlay-color":"","overlay-opacity":"","overlay-gradient":""},"mobile":{"background-color":"","background-image":"","background-repeat":"repeat","background-position":"center center","background-size":"auto","background-attachment":"scroll","background-type":"","background-media":"","overlay-type":"","overlay-color":"","overlay-opacity":"","overlay-gradient":""}},"ast-content-background-meta":{"desktop":{"background-color":"var(--ast-global-color-5)","background-image":"","background-repeat":"repeat","background-position":"center center","background-size":"auto","background-attachment":"scroll","background-type":"","background-media":"","overlay-type":"","overlay-color":"","overlay-opacity":"","overlay-gradient":""},"tablet":{"background-color":"var(--ast-global-color-5)","background-image":"","background-repeat":"repeat","background-position":"center center","background-size":"auto","background-attachment":"scroll","background-type":"","background-media":"","overlay-type":"","overlay-color":"","overlay-opacity":"","overlay-gradient":""},"mobile":{"background-color":"var(--ast-global-color-5)","background-image":"","background-repeat":"repeat","background-position":"center center","background-size":"auto","background-attachment":"scroll","background-type":"","background-media":"","overlay-type":"","overlay-color":"","overlay-opacity":"","overlay-gradient":""}},"footnotes":""},"categories":[8],"tags":[13,14,548,12,471,517,547,10,11,90,376,495,933],"class_list":["post-3942","post","type-post","status-publish","format-standard","hentry","category-movements-eddh","tag-a321","tag-a321neo","tag-a321nx","tag-airbus","tag-airbus-a321","tag-airbus-a321neo","tag-airbus-a321nx","tag-eddh","tag-ham","tag-hamburg-airport","tag-low-pass","tag-wizz-air","tag-wizz-air-abu-dhabi"],"yoast_head":"<!-- This site is optimized with the Yoast SEO plugin v27.4 - https:\/\/yoast.com\/product\/yoast-seo-wordpress\/ -->\n<title>Wizz Air Abu Dhabi, D-AVYL (A6-WZA) - eddh-airport<\/title>\n<meta name=\"description\" content=\"Auf seinem Erstflug schaute heute der zweite Airbus A321neo f\u00fcr die neugegr\u00fcndete Wizz Air Abu Dhabi in Fuhlsb\u00fcttel vorbei.\" \/>\n<meta name=\"robots\" content=\"index, follow, max-snippet:-1, max-image-preview:large, max-video-preview:-1\" \/>\n<link rel=\"canonical\" href=\"https:\/\/www.eddh-airport.de\/eddhairport\/wizz-air-abu-dhabi-d-avyl-a6-wza\/\" \/>\n<meta property=\"og:locale\" content=\"de_DE\" \/>\n<meta property=\"og:type\" content=\"article\" \/>\n<meta property=\"og:title\" content=\"Wizz Air Abu Dhabi, D-AVYL (A6-WZA) - eddh-airport\" \/>\n<meta property=\"og:description\" content=\"Auf seinem Erstflug schaute heute der zweite Airbus A321neo f\u00fcr die neugegr\u00fcndete Wizz Air Abu Dhabi in Fuhlsb\u00fcttel vorbei.\" \/>\n<meta property=\"og:url\" content=\"https:\/\/www.eddh-airport.de\/eddhairport\/wizz-air-abu-dhabi-d-avyl-a6-wza\/\" \/>\n<meta property=\"og:site_name\" content=\"eddh-airport\" \/>\n<meta property=\"article:publisher\" content=\"https:\/\/www.facebook.com\/eddhairport\/\" \/>\n<meta property=\"article:published_time\" content=\"2020-08-14T18:52:15+00:00\" \/>\n<meta property=\"article:modified_time\" content=\"2020-08-15T07:05:48+00:00\" \/>\n<meta property=\"og:image\" content=\"https:\/\/www.netairspace.cc\/pic\/398709\/hottestbrick_main.jpg\" \/>\n<meta name=\"author\" content=\"Niclas Rebbelmund\" \/>\n<meta name=\"twitter:card\" content=\"summary_large_image\" \/>\n<meta name=\"twitter:creator\" content=\"@EDDH_airport_de\" \/>\n<meta name=\"twitter:site\" content=\"@EDDH_airport_de\" \/>\n<meta name=\"twitter:label1\" content=\"Verfasst von\" \/>\n\t<meta name=\"twitter:data1\" content=\"Niclas Rebbelmund\" \/>\n\t<meta name=\"twitter:label2\" content=\"Gesch\u00e4tzte Lesezeit\" \/>\n\t<meta name=\"twitter:data2\" content=\"1\u00a0Minute\" \/>\n<script type=\"application\/ld+json\" class=\"yoast-schema-graph\">{\"@context\":\"https:\\\/\\\/schema.org\",\"@graph\":[{\"@type\":\"Article\",\"@id\":\"https:\\\/\\\/www.eddh-airport.de\\\/eddhairport\\\/wizz-air-abu-dhabi-d-avyl-a6-wza\\\/#article\",\"isPartOf\":{\"@id\":\"https:\\\/\\\/www.eddh-airport.de\\\/eddhairport\\\/wizz-air-abu-dhabi-d-avyl-a6-wza\\\/\"},\"author\":{\"name\":\"Niclas Rebbelmund\",\"@id\":\"https:\\\/\\\/www.eddh-airport.de\\\/eddhairport\\\/#\\\/schema\\\/person\\\/69e52086d712e506636c8f4c5f088abe\"},\"headline\":\"Wizz Air Abu Dhabi, D-AVYL (A6-WZA)\",\"datePublished\":\"2020-08-14T18:52:15+00:00\",\"dateModified\":\"2020-08-15T07:05:48+00:00\",\"mainEntityOfPage\":{\"@id\":\"https:\\\/\\\/www.eddh-airport.de\\\/eddhairport\\\/wizz-air-abu-dhabi-d-avyl-a6-wza\\\/\"},\"wordCount\":223,\"commentCount\":0,\"publisher\":{\"@id\":\"https:\\\/\\\/www.eddh-airport.de\\\/eddhairport\\\/#organization\"},\"image\":{\"@id\":\"https:\\\/\\\/www.eddh-airport.de\\\/eddhairport\\\/wizz-air-abu-dhabi-d-avyl-a6-wza\\\/#primaryimage\"},\"thumbnailUrl\":\"https:\\\/\\\/www.netairspace.cc\\\/pic\\\/398709\\\/hottestbrick_main.jpg\",\"keywords\":[\"A321\",\"A321Neo\",\"A321NX\",\"Airbus\",\"Airbus A321\",\"Airbus A321neo\",\"Airbus A321NX\",\"EDDH\",\"HAM\",\"Hamburg Airport\",\"Low Pass\",\"Wizz Air\",\"Wizz Air Abu Dhabi\"],\"articleSection\":[\"Movements EDDH\"],\"inLanguage\":\"de\",\"potentialAction\":[{\"@type\":\"CommentAction\",\"name\":\"Comment\",\"target\":[\"https:\\\/\\\/www.eddh-airport.de\\\/eddhairport\\\/wizz-air-abu-dhabi-d-avyl-a6-wza\\\/#respond\"]}]},{\"@type\":\"WebPage\",\"@id\":\"https:\\\/\\\/www.eddh-airport.de\\\/eddhairport\\\/wizz-air-abu-dhabi-d-avyl-a6-wza\\\/\",\"url\":\"https:\\\/\\\/www.eddh-airport.de\\\/eddhairport\\\/wizz-air-abu-dhabi-d-avyl-a6-wza\\\/\",\"name\":\"Wizz Air Abu Dhabi, D-AVYL (A6-WZA) - eddh-airport\",\"isPartOf\":{\"@id\":\"https:\\\/\\\/www.eddh-airport.de\\\/eddhairport\\\/#website\"},\"primaryImageOfPage\":{\"@id\":\"https:\\\/\\\/www.eddh-airport.de\\\/eddhairport\\\/wizz-air-abu-dhabi-d-avyl-a6-wza\\\/#primaryimage\"},\"image\":{\"@id\":\"https:\\\/\\\/www.eddh-airport.de\\\/eddhairport\\\/wizz-air-abu-dhabi-d-avyl-a6-wza\\\/#primaryimage\"},\"thumbnailUrl\":\"https:\\\/\\\/www.netairspace.cc\\\/pic\\\/398709\\\/hottestbrick_main.jpg\",\"datePublished\":\"2020-08-14T18:52:15+00:00\",\"dateModified\":\"2020-08-15T07:05:48+00:00\",\"description\":\"Auf seinem Erstflug schaute heute der zweite Airbus A321neo f\u00fcr die neugegr\u00fcndete Wizz Air Abu Dhabi in Fuhlsb\u00fcttel vorbei.\",\"breadcrumb\":{\"@id\":\"https:\\\/\\\/www.eddh-airport.de\\\/eddhairport\\\/wizz-air-abu-dhabi-d-avyl-a6-wza\\\/#breadcrumb\"},\"inLanguage\":\"de\",\"potentialAction\":[{\"@type\":\"ReadAction\",\"target\":[\"https:\\\/\\\/www.eddh-airport.de\\\/eddhairport\\\/wizz-air-abu-dhabi-d-avyl-a6-wza\\\/\"]}]},{\"@type\":\"ImageObject\",\"inLanguage\":\"de\",\"@id\":\"https:\\\/\\\/www.eddh-airport.de\\\/eddhairport\\\/wizz-air-abu-dhabi-d-avyl-a6-wza\\\/#primaryimage\",\"url\":\"https:\\\/\\\/www.netairspace.cc\\\/pic\\\/398709\\\/hottestbrick_main.jpg\",\"contentUrl\":\"https:\\\/\\\/www.netairspace.cc\\\/pic\\\/398709\\\/hottestbrick_main.jpg\"},{\"@type\":\"BreadcrumbList\",\"@id\":\"https:\\\/\\\/www.eddh-airport.de\\\/eddhairport\\\/wizz-air-abu-dhabi-d-avyl-a6-wza\\\/#breadcrumb\",\"itemListElement\":[{\"@type\":\"ListItem\",\"position\":1,\"name\":\"Startseite\",\"item\":\"https:\\\/\\\/www.eddh-airport.de\\\/eddhairport\\\/\"},{\"@type\":\"ListItem\",\"position\":2,\"name\":\"Wizz Air Abu Dhabi, D-AVYL (A6-WZA)\"}]},{\"@type\":\"WebSite\",\"@id\":\"https:\\\/\\\/www.eddh-airport.de\\\/eddhairport\\\/#website\",\"url\":\"https:\\\/\\\/www.eddh-airport.de\\\/eddhairport\\\/\",\"name\":\"eddh-airport\",\"description\":\"Luftfahrtnews und Planespotting aus Hamburg\",\"publisher\":{\"@id\":\"https:\\\/\\\/www.eddh-airport.de\\\/eddhairport\\\/#organization\"},\"potentialAction\":[{\"@type\":\"SearchAction\",\"target\":{\"@type\":\"EntryPoint\",\"urlTemplate\":\"https:\\\/\\\/www.eddh-airport.de\\\/eddhairport\\\/?s={search_term_string}\"},\"query-input\":{\"@type\":\"PropertyValueSpecification\",\"valueRequired\":true,\"valueName\":\"search_term_string\"}}],\"inLanguage\":\"de\"},{\"@type\":\"Organization\",\"@id\":\"https:\\\/\\\/www.eddh-airport.de\\\/eddhairport\\\/#organization\",\"name\":\"eddh-airport\",\"url\":\"https:\\\/\\\/www.eddh-airport.de\\\/eddhairport\\\/\",\"logo\":{\"@type\":\"ImageObject\",\"inLanguage\":\"de\",\"@id\":\"https:\\\/\\\/www.eddh-airport.de\\\/eddhairport\\\/#\\\/schema\\\/logo\\\/image\\\/\",\"url\":\"https:\\\/\\\/www.eddh-airport.de\\\/eddhairport\\\/wp-content\\\/uploads\\\/2018\\\/10\\\/cropped-Neues-Logo-blau-eine-Ebene-2.jpg\",\"contentUrl\":\"https:\\\/\\\/www.eddh-airport.de\\\/eddhairport\\\/wp-content\\\/uploads\\\/2018\\\/10\\\/cropped-Neues-Logo-blau-eine-Ebene-2.jpg\",\"width\":512,\"height\":512,\"caption\":\"eddh-airport\"},\"image\":{\"@id\":\"https:\\\/\\\/www.eddh-airport.de\\\/eddhairport\\\/#\\\/schema\\\/logo\\\/image\\\/\"},\"sameAs\":[\"https:\\\/\\\/www.facebook.com\\\/eddhairport\\\/\",\"https:\\\/\\\/x.com\\\/EDDH_airport_de\",\"https:\\\/\\\/www.instagram.com\\\/eddhairport\\\/?hl=de\"]},{\"@type\":\"Person\",\"@id\":\"https:\\\/\\\/www.eddh-airport.de\\\/eddhairport\\\/#\\\/schema\\\/person\\\/69e52086d712e506636c8f4c5f088abe\",\"name\":\"Niclas Rebbelmund\",\"image\":{\"@type\":\"ImageObject\",\"inLanguage\":\"de\",\"@id\":\"https:\\\/\\\/secure.gravatar.com\\\/avatar\\\/d84f2b77774e9493691ea91c216d4e4e5412d631f5fe9806ac1d1d54bd3c30cb?s=96&d=mm&r=g\",\"url\":\"https:\\\/\\\/secure.gravatar.com\\\/avatar\\\/d84f2b77774e9493691ea91c216d4e4e5412d631f5fe9806ac1d1d54bd3c30cb?s=96&d=mm&r=g\",\"contentUrl\":\"https:\\\/\\\/secure.gravatar.com\\\/avatar\\\/d84f2b77774e9493691ea91c216d4e4e5412d631f5fe9806ac1d1d54bd3c30cb?s=96&d=mm&r=g\",\"caption\":\"Niclas Rebbelmund\"},\"description\":\"34 Jahre, Team Nikon, Aviation &amp; Fotografie Enthusiast\",\"sameAs\":[\"https:\\\/\\\/www.instagram.com\\\/niclashco\\\/\"],\"url\":\"https:\\\/\\\/www.eddh-airport.de\\\/eddhairport\\\/author\\\/niclas-rebbelmund\\\/\"}]}<\/script>\n<!-- \/ Yoast SEO plugin. -->","yoast_head_json":{"title":"Wizz Air Abu Dhabi, D-AVYL (A6-WZA) - eddh-airport","description":"Auf seinem Erstflug schaute heute der zweite Airbus A321neo f\u00fcr die neugegr\u00fcndete Wizz Air Abu Dhabi in Fuhlsb\u00fcttel vorbei.","robots":{"index":"index","follow":"follow","max-snippet":"max-snippet:-1","max-image-preview":"max-image-preview:large","max-video-preview":"max-video-preview:-1"},"canonical":"https:\/\/www.eddh-airport.de\/eddhairport\/wizz-air-abu-dhabi-d-avyl-a6-wza\/","og_locale":"de_DE","og_type":"article","og_title":"Wizz Air Abu Dhabi, D-AVYL (A6-WZA) - eddh-airport","og_description":"Auf seinem Erstflug schaute heute der zweite Airbus A321neo f\u00fcr die neugegr\u00fcndete Wizz Air Abu Dhabi in Fuhlsb\u00fcttel vorbei.","og_url":"https:\/\/www.eddh-airport.de\/eddhairport\/wizz-air-abu-dhabi-d-avyl-a6-wza\/","og_site_name":"eddh-airport","article_publisher":"https:\/\/www.facebook.com\/eddhairport\/","article_published_time":"2020-08-14T18:52:15+00:00","article_modified_time":"2020-08-15T07:05:48+00:00","og_image":[{"url":"https:\/\/www.netairspace.cc\/pic\/398709\/hottestbrick_main.jpg","type":"","width":"","height":""}],"author":"Niclas Rebbelmund","twitter_card":"summary_large_image","twitter_creator":"@EDDH_airport_de","twitter_site":"@EDDH_airport_de","twitter_misc":{"Verfasst von":"Niclas Rebbelmund","Gesch\u00e4tzte Lesezeit":"1\u00a0Minute"},"schema":{"@context":"https:\/\/schema.org","@graph":[{"@type":"Article","@id":"https:\/\/www.eddh-airport.de\/eddhairport\/wizz-air-abu-dhabi-d-avyl-a6-wza\/#article","isPartOf":{"@id":"https:\/\/www.eddh-airport.de\/eddhairport\/wizz-air-abu-dhabi-d-avyl-a6-wza\/"},"author":{"name":"Niclas Rebbelmund","@id":"https:\/\/www.eddh-airport.de\/eddhairport\/#\/schema\/person\/69e52086d712e506636c8f4c5f088abe"},"headline":"Wizz Air Abu Dhabi, D-AVYL (A6-WZA)","datePublished":"2020-08-14T18:52:15+00:00","dateModified":"2020-08-15T07:05:48+00:00","mainEntityOfPage":{"@id":"https:\/\/www.eddh-airport.de\/eddhairport\/wizz-air-abu-dhabi-d-avyl-a6-wza\/"},"wordCount":223,"commentCount":0,"publisher":{"@id":"https:\/\/www.eddh-airport.de\/eddhairport\/#organization"},"image":{"@id":"https:\/\/www.eddh-airport.de\/eddhairport\/wizz-air-abu-dhabi-d-avyl-a6-wza\/#primaryimage"},"thumbnailUrl":"https:\/\/www.netairspace.cc\/pic\/398709\/hottestbrick_main.jpg","keywords":["A321","A321Neo","A321NX","Airbus","Airbus A321","Airbus A321neo","Airbus A321NX","EDDH","HAM","Hamburg Airport","Low Pass","Wizz Air","Wizz Air Abu Dhabi"],"articleSection":["Movements EDDH"],"inLanguage":"de","potentialAction":[{"@type":"CommentAction","name":"Comment","target":["https:\/\/www.eddh-airport.de\/eddhairport\/wizz-air-abu-dhabi-d-avyl-a6-wza\/#respond"]}]},{"@type":"WebPage","@id":"https:\/\/www.eddh-airport.de\/eddhairport\/wizz-air-abu-dhabi-d-avyl-a6-wza\/","url":"https:\/\/www.eddh-airport.de\/eddhairport\/wizz-air-abu-dhabi-d-avyl-a6-wza\/","name":"Wizz Air Abu Dhabi, D-AVYL (A6-WZA) - eddh-airport","isPartOf":{"@id":"https:\/\/www.eddh-airport.de\/eddhairport\/#website"},"primaryImageOfPage":{"@id":"https:\/\/www.eddh-airport.de\/eddhairport\/wizz-air-abu-dhabi-d-avyl-a6-wza\/#primaryimage"},"image":{"@id":"https:\/\/www.eddh-airport.de\/eddhairport\/wizz-air-abu-dhabi-d-avyl-a6-wza\/#primaryimage"},"thumbnailUrl":"https:\/\/www.netairspace.cc\/pic\/398709\/hottestbrick_main.jpg","datePublished":"2020-08-14T18:52:15+00:00","dateModified":"2020-08-15T07:05:48+00:00","description":"Auf seinem Erstflug schaute heute der zweite Airbus A321neo f\u00fcr die neugegr\u00fcndete Wizz Air Abu Dhabi in Fuhlsb\u00fcttel vorbei.","breadcrumb":{"@id":"https:\/\/www.eddh-airport.de\/eddhairport\/wizz-air-abu-dhabi-d-avyl-a6-wza\/#breadcrumb"},"inLanguage":"de","potentialAction":[{"@type":"ReadAction","target":["https:\/\/www.eddh-airport.de\/eddhairport\/wizz-air-abu-dhabi-d-avyl-a6-wza\/"]}]},{"@type":"ImageObject","inLanguage":"de","@id":"https:\/\/www.eddh-airport.de\/eddhairport\/wizz-air-abu-dhabi-d-avyl-a6-wza\/#primaryimage","url":"https:\/\/www.netairspace.cc\/pic\/398709\/hottestbrick_main.jpg","contentUrl":"https:\/\/www.netairspace.cc\/pic\/398709\/hottestbrick_main.jpg"},{"@type":"BreadcrumbList","@id":"https:\/\/www.eddh-airport.de\/eddhairport\/wizz-air-abu-dhabi-d-avyl-a6-wza\/#breadcrumb","itemListElement":[{"@type":"ListItem","position":1,"name":"Startseite","item":"https:\/\/www.eddh-airport.de\/eddhairport\/"},{"@type":"ListItem","position":2,"name":"Wizz Air Abu Dhabi, D-AVYL (A6-WZA)"}]},{"@type":"WebSite","@id":"https:\/\/www.eddh-airport.de\/eddhairport\/#website","url":"https:\/\/www.eddh-airport.de\/eddhairport\/","name":"eddh-airport","description":"Luftfahrtnews und Planespotting aus Hamburg","publisher":{"@id":"https:\/\/www.eddh-airport.de\/eddhairport\/#organization"},"potentialAction":[{"@type":"SearchAction","target":{"@type":"EntryPoint","urlTemplate":"https:\/\/www.eddh-airport.de\/eddhairport\/?s={search_term_string}"},"query-input":{"@type":"PropertyValueSpecification","valueRequired":true,"valueName":"search_term_string"}}],"inLanguage":"de"},{"@type":"Organization","@id":"https:\/\/www.eddh-airport.de\/eddhairport\/#organization","name":"eddh-airport","url":"https:\/\/www.eddh-airport.de\/eddhairport\/","logo":{"@type":"ImageObject","inLanguage":"de","@id":"https:\/\/www.eddh-airport.de\/eddhairport\/#\/schema\/logo\/image\/","url":"https:\/\/www.eddh-airport.de\/eddhairport\/wp-content\/uploads\/2018\/10\/cropped-Neues-Logo-blau-eine-Ebene-2.jpg","contentUrl":"https:\/\/www.eddh-airport.de\/eddhairport\/wp-content\/uploads\/2018\/10\/cropped-Neues-Logo-blau-eine-Ebene-2.jpg","width":512,"height":512,"caption":"eddh-airport"},"image":{"@id":"https:\/\/www.eddh-airport.de\/eddhairport\/#\/schema\/logo\/image\/"},"sameAs":["https:\/\/www.facebook.com\/eddhairport\/","https:\/\/x.com\/EDDH_airport_de","https:\/\/www.instagram.com\/eddhairport\/?hl=de"]},{"@type":"Person","@id":"https:\/\/www.eddh-airport.de\/eddhairport\/#\/schema\/person\/69e52086d712e506636c8f4c5f088abe","name":"Niclas Rebbelmund","image":{"@type":"ImageObject","inLanguage":"de","@id":"https:\/\/secure.gravatar.com\/avatar\/d84f2b77774e9493691ea91c216d4e4e5412d631f5fe9806ac1d1d54bd3c30cb?s=96&d=mm&r=g","url":"https:\/\/secure.gravatar.com\/avatar\/d84f2b77774e9493691ea91c216d4e4e5412d631f5fe9806ac1d1d54bd3c30cb?s=96&d=mm&r=g","contentUrl":"https:\/\/secure.gravatar.com\/avatar\/d84f2b77774e9493691ea91c216d4e4e5412d631f5fe9806ac1d1d54bd3c30cb?s=96&d=mm&r=g","caption":"Niclas Rebbelmund"},"description":"34 Jahre, Team Nikon, Aviation &amp; Fotografie Enthusiast","sameAs":["https:\/\/www.instagram.com\/niclashco\/"],"url":"https:\/\/www.eddh-airport.de\/eddhairport\/author\/niclas-rebbelmund\/"}]}},"_links":{"self":[{"href":"https:\/\/www.eddh-airport.de\/eddhairport\/wp-json\/wp\/v2\/posts\/3942","targetHints":{"allow":["GET"]}}],"collection":[{"href":"https:\/\/www.eddh-airport.de\/eddhairport\/wp-json\/wp\/v2\/posts"}],"about":[{"href":"https:\/\/www.eddh-airport.de\/eddhairport\/wp-json\/wp\/v2\/types\/post"}],"author":[{"embeddable":true,"href":"https:\/\/www.eddh-airport.de\/eddhairport\/wp-json\/wp\/v2\/users\/3"}],"replies":[{"embeddable":true,"href":"https:\/\/www.eddh-airport.de\/eddhairport\/wp-json\/wp\/v2\/comments?post=3942"}],"version-history":[{"count":3,"href":"https:\/\/www.eddh-airport.de\/eddhairport\/wp-json\/wp\/v2\/posts\/3942\/revisions"}],"predecessor-version":[{"id":3945,"href":"https:\/\/www.eddh-airport.de\/eddhairport\/wp-json\/wp\/v2\/posts\/3942\/revisions\/3945"}],"wp:attachment":[{"href":"https:\/\/www.eddh-airport.de\/eddhairport\/wp-json\/wp\/v2\/media?parent=3942"}],"wp:term":[{"taxonomy":"category","embeddable":true,"href":"https:\/\/www.eddh-airport.de\/eddhairport\/wp-json\/wp\/v2\/categories?post=3942"},{"taxonomy":"post_tag","embeddable":true,"href":"https:\/\/www.eddh-airport.de\/eddhairport\/wp-json\/wp\/v2\/tags?post=3942"}],"curies":[{"name":"wp","href":"https:\/\/api.w.org\/{rel}","templated":true}]}}