{"id":3278,"date":"2020-05-08T23:26:25","date_gmt":"2020-05-08T21:26:25","guid":{"rendered":"https:\/\/www.eddh-airport.de\/eddhairport\/?p=3278"},"modified":"2020-05-09T08:28:46","modified_gmt":"2020-05-09T06:28:46","slug":"abgestellte-flugzeuge-auf-dem-vorfeld-2","status":"publish","type":"post","link":"https:\/\/www.eddh-airport.de\/eddhairport\/abgestellte-flugzeuge-auf-dem-vorfeld-2\/","title":{"rendered":"Abgestellte Flugzeuge auf dem Vorfeld 2"},"content":{"rendered":"<h6>Abgestellte Flugzeuge auf dem Vorfeld 2<\/h6>\n<p>Das Coronavirus hat die Luftfahrtindustrie schwer getroffen. Die Auswirkungen sind nicht nur an unserem heimischen Airport hier in Hamburg f\u00fcr jeden sichtbar. Leere Terminals, kaum ein Flieger an den Gates und auf dem Vorfeld 2 (Apron 2) stehen die Symbole der derzeitigen Krise abgestellt und verwahrt bis es irgendwann wieder los geht.<\/p>\n<p>Der deutsche Ferienflieger TuiFly hat beispielsweise gleich drei Flugzeuge des Typs Boeing 737-800 dort abgestellt. Neben dem Flugzeug mit der Sonderlackierung die die Hotelkette &#8220;Riu&#8221; bewirbt (D-ATUZ), reihen sich dort auch eine normal lackierte Boeing 737-85K(WL) mit der Kennung D-ATUA und die komplett neu lackierte D-ABMV in &#8220;CEWE Fotobuch&#8221;-Sonderlackierung ein.<\/p>\n<p><a href=\"https:\/\/www.netairspace.cc\/pic\/384478\/\"><img decoding=\"async\" src=\"https:\/\/www.netairspace.cc\/pic\/384478\/hottestbrick_main.jpg\" alt=\"Aviation photo\" \/><\/a><br \/>\n<a href=\"https:\/\/www.netairspace.cc\/pic\/384478\/\"><span style=\"font-size: xx-small;\">D-ATUA at Hamburg &#8211; Fuhlsbuettel (Helmut Schmidt)<br \/>\nby Niclas Rebbelmund on netAirspace<\/span><\/a><\/p>\n<p><a href=\"https:\/\/www.netairspace.cc\/pic\/384475\/\"><img decoding=\"async\" src=\"https:\/\/www.netairspace.cc\/pic\/384475\/hottestbrick_main.jpg\" alt=\"Aviation photo\" \/><\/a><br \/>\n<a href=\"https:\/\/www.netairspace.cc\/pic\/384475\/\"><span style=\"font-size: xx-small;\">D-ABMV at Hamburg &#8211; Fuhlsbuettel (Helmut Schmidt)<br \/>\nby Niclas Rebbelmund on netAirspace<\/span><\/a><\/p>\n<p>D-ATUZ steht seit dem 24. M\u00e4rz, D-ATUA seit dem 26. M\u00e4rz und D-ABMV seit dem 22. M\u00e4rz auf dem Vorfeld 2 geparkt. Letztere erhielt relativ frisch &#8211; im Februar diesen Jahres &#8211; ihre Sonderlackierung, die sie leider Europa und der Welt gerade nicht zeigen kann.<\/p>\n<p>Doch nicht nur die TuiFly hat hier Flugzeuge geparkt, sondern auch der deutsche Ferienflieger Condor. Neben der Condor Retro-Lackierung auf einem Airbus A320 (D-AICH), stehen hier zwei normal lackierte Airbus A320 (D-AICA &amp; D-AICF) und gleich vier Boeing 757-300 (D-ABOE, D-ABOM, D-ABOJ &amp; D-ABOK) abgestellt.<\/p>\n<p><a href=\"https:\/\/www.netairspace.cc\/pic\/384476\/\"><img decoding=\"async\" src=\"https:\/\/www.netairspace.cc\/pic\/384476\/hottestbrick_main.jpg\" alt=\"Aviation photo\" \/><\/a><br \/>\n<a href=\"https:\/\/www.netairspace.cc\/pic\/384476\/\"><span style=\"font-size: xx-small;\">D-AICA at Hamburg &#8211; Fuhlsbuettel (Helmut Schmidt)<br \/>\nby Niclas Rebbelmund on netAirspace<\/span><\/a><\/p>\n<p><a href=\"https:\/\/www.netairspace.cc\/pic\/384483\/\"><img decoding=\"async\" src=\"https:\/\/www.netairspace.cc\/pic\/384483\/hottestbrick_main.jpg\" alt=\"Aviation photo\" \/><\/a><br \/>\n<a href=\"https:\/\/www.netairspace.cc\/pic\/384483\/\"><span style=\"font-size: xx-small;\">D-ABOM at Hamburg &#8211; Fuhlsbuettel (Helmut Schmidt)<br \/>\nby Niclas Rebbelmund on netAirspace<\/span><\/a><\/p>\n<p><a href=\"https:\/\/www.netairspace.cc\/pic\/384489\/\"><img decoding=\"async\" src=\"https:\/\/www.netairspace.cc\/pic\/384489\/hottestbrick_main.jpg\" alt=\"Aviation photo\" \/><\/a><br \/>\n<a href=\"https:\/\/www.netairspace.cc\/pic\/384489\/\"><span style=\"font-size: xx-small;\">D-ABOE at Hamburg &#8211; Fuhlsbuettel (Helmut Schmidt)<br \/>\nby Niclas Rebbelmund on netAirspace<\/span><\/a><\/p>\n<p>D-AICA steht noch gar nicht mal so lange auf Apron 2 abgestellt. Der Airbus A320 parkt dort erst seit dem 20. April. Anders hingegen D-AICF und D-AICH die ihr Dasein seit dem 24. M\u00e4rz bzw. 22. M\u00e4rz auf dem Vorfeld 2 fristen. \u00c4hnlich verh\u00e4lt es sich mit den vier Boeing 757 die zwischen dem 21. M\u00e4rz und 17. April hier in Hamburg eintrafen, um geparkt zu werden.<\/p>\n<p>Zwischen all den Ferienflieger hat sich dann auch noch eine Boeing 737 der Eurowings geschummelt. Die Maschine mit der Kennung D-ABKN steht als einzige ihrer Airline geparkt auf dem Vorfeld 2. Viele weitere Flugzeuge der Typen Airbus A319 und A320 der Eurowings stehen allerdings gar nicht weit weg auf dem Gel\u00e4nde der Lufthansa Technik geparkt.<\/p>\n<p><a href=\"https:\/\/www.netairspace.cc\/pic\/384471\/\"><img decoding=\"async\" src=\"https:\/\/www.netairspace.cc\/pic\/384471\/hottestbrick_main.jpg\" alt=\"Aviation photo\" \/><\/a><br \/>\n<a href=\"https:\/\/www.netairspace.cc\/pic\/384471\/\"><span style=\"font-size: xx-small;\">D-ABKN at Hamburg &#8211; Fuhlsbuettel (Helmut Schmidt)<br \/>\nby Niclas Rebbelmund on netAirspace<\/span><\/a><\/p>\n<p>Durch die hohe Auslastung der Parkm\u00f6glichkeiten auf dem Vorfeld 2 m\u00fcssen regelm\u00e4\u00dfige Besucher dieser Stellfl\u00e4chen aktuell ausweichen. So parkt aktuell die kleine Frachtmaschine der FedEx vor der Halle H. Dort wird die ATR 42-300(F) die von Air Contractors betrieben wird auch abgefertigt.<\/p>\n<p><a href=\"https:\/\/www.netairspace.cc\/pic\/384493\/\"><img decoding=\"async\" src=\"https:\/\/www.netairspace.cc\/pic\/384493\/hottestbrick_main.jpg\" alt=\"Aviation photo\" \/><\/a><br \/>\n<a href=\"https:\/\/www.netairspace.cc\/pic\/384493\/\"><span style=\"font-size: xx-small;\">EI-FXB at Hamburg &#8211; Fuhlsbuettel (Helmut Schmidt)<br \/>\nby Niclas Rebbelmund on netAirspace<\/span><\/a><\/p>\n","protected":false},"excerpt":{"rendered":"<p>Abgestellte Flugzeuge auf dem Vorfeld 2 Das Coronavirus hat die Luftfahrtindustrie schwer getroffen. Die Auswirkungen sind nicht nur an unserem heimischen Airport hier in Hamburg f\u00fcr jeden sichtbar. Leere Terminals, kaum ein Flieger an den Gates und auf dem Vorfeld 2 (Apron 2) stehen die Symbole der derzeitigen Krise abgestellt und verwahrt bis es irgendwann [&hellip;]<\/p>\n","protected":false},"author":3,"featured_media":0,"comment_status":"open","ping_status":"open","sticky":false,"template":"","format":"standard","meta":{"_monsterinsights_skip_tracking":false,"_monsterinsights_sitenote_active":false,"_monsterinsights_sitenote_note":"","_monsterinsights_sitenote_category":0,"site-sidebar-layout":"default","site-content-layout":"","ast-site-content-layout":"default","site-content-style":"default","site-sidebar-style":"default","ast-global-header-display":"","ast-banner-title-visibility":"","ast-main-header-display":"","ast-hfb-above-header-display":"","ast-hfb-below-header-display":"","ast-hfb-mobile-header-display":"","site-post-title":"","ast-breadcrumbs-content":"","ast-featured-img":"","footer-sml-layout":"","ast-disable-related-posts":"","theme-transparent-header-meta":"","adv-header-id-meta":"","stick-header-meta":"","header-above-stick-meta":"","header-main-stick-meta":"","header-below-stick-meta":"","astra-migrate-meta-layouts":"default","ast-page-background-enabled":"default","ast-page-background-meta":{"desktop":{"background-color":"","background-image":"","background-repeat":"repeat","background-position":"center center","background-size":"auto","background-attachment":"scroll","background-type":"","background-media":"","overlay-type":"","overlay-color":"","overlay-opacity":"","overlay-gradient":""},"tablet":{"background-color":"","background-image":"","background-repeat":"repeat","background-position":"center center","background-size":"auto","background-attachment":"scroll","background-type":"","background-media":"","overlay-type":"","overlay-color":"","overlay-opacity":"","overlay-gradient":""},"mobile":{"background-color":"","background-image":"","background-repeat":"repeat","background-position":"center center","background-size":"auto","background-attachment":"scroll","background-type":"","background-media":"","overlay-type":"","overlay-color":"","overlay-opacity":"","overlay-gradient":""}},"ast-content-background-meta":{"desktop":{"background-color":"var(--ast-global-color-5)","background-image":"","background-repeat":"repeat","background-position":"center center","background-size":"auto","background-attachment":"scroll","background-type":"","background-media":"","overlay-type":"","overlay-color":"","overlay-opacity":"","overlay-gradient":""},"tablet":{"background-color":"var(--ast-global-color-5)","background-image":"","background-repeat":"repeat","background-position":"center center","background-size":"auto","background-attachment":"scroll","background-type":"","background-media":"","overlay-type":"","overlay-color":"","overlay-opacity":"","overlay-gradient":""},"mobile":{"background-color":"var(--ast-global-color-5)","background-image":"","background-repeat":"repeat","background-position":"center center","background-size":"auto","background-attachment":"scroll","background-type":"","background-media":"","overlay-type":"","overlay-color":"","overlay-opacity":"","overlay-gradient":""}},"footnotes":""},"categories":[8],"tags":[52,424,177,589,328,182,644,647,39,40,96,588,29,423,468,389,587,65,10,68,242,11,90,239],"class_list":["post-3278","post","type-post","status-publish","format-standard","hentry","category-movements-eddh","tag-52","tag-737-800","tag-177","tag-757-300","tag-apron-2","tag-atr","tag-atr-42","tag-atr-42-300","tag-b737","tag-b737-800","tag-b757","tag-b757-300","tag-boeing","tag-boeing-737","tag-boeing-737-800","tag-boeing-757","tag-boeing-757-300","tag-condor","tag-eddh","tag-eurowings","tag-fedex","tag-ham","tag-hamburg-airport","tag-tuifly"],"yoast_head":"<!-- This site is optimized with the Yoast SEO plugin v27.4 - https:\/\/yoast.com\/product\/yoast-seo-wordpress\/ -->\n<title>Abgestellte Flugzeuge auf dem Vorfeld 2 - eddh-airport<\/title>\n<meta name=\"description\" content=\"Corona hat die Luftfahrtindustrie schwer gestroffen. So kommt es, dass viele Flugzeuge abgestellt wurden. So auch am Hamburger Flughafen auf dem Vorfeld 2.\" \/>\n<meta name=\"robots\" content=\"index, follow, max-snippet:-1, max-image-preview:large, max-video-preview:-1\" \/>\n<link rel=\"canonical\" href=\"https:\/\/www.eddh-airport.de\/eddhairport\/abgestellte-flugzeuge-auf-dem-vorfeld-2\/\" \/>\n<meta property=\"og:locale\" content=\"de_DE\" \/>\n<meta property=\"og:type\" content=\"article\" \/>\n<meta property=\"og:title\" content=\"Abgestellte Flugzeuge auf dem Vorfeld 2 - eddh-airport\" \/>\n<meta property=\"og:description\" content=\"Corona hat die Luftfahrtindustrie schwer gestroffen. So kommt es, dass viele Flugzeuge abgestellt wurden. So auch am Hamburger Flughafen auf dem Vorfeld 2.\" \/>\n<meta property=\"og:url\" content=\"https:\/\/www.eddh-airport.de\/eddhairport\/abgestellte-flugzeuge-auf-dem-vorfeld-2\/\" \/>\n<meta property=\"og:site_name\" content=\"eddh-airport\" \/>\n<meta property=\"article:publisher\" content=\"https:\/\/www.facebook.com\/eddhairport\/\" \/>\n<meta property=\"article:published_time\" content=\"2020-05-08T21:26:25+00:00\" \/>\n<meta property=\"article:modified_time\" content=\"2020-05-09T06:28:46+00:00\" \/>\n<meta property=\"og:image\" content=\"https:\/\/www.netairspace.cc\/pic\/384478\/hottestbrick_main.jpg\" \/>\n<meta name=\"author\" content=\"Niclas Rebbelmund\" \/>\n<meta name=\"twitter:card\" content=\"summary_large_image\" \/>\n<meta name=\"twitter:creator\" content=\"@EDDH_airport_de\" \/>\n<meta name=\"twitter:site\" content=\"@EDDH_airport_de\" \/>\n<meta name=\"twitter:label1\" content=\"Verfasst von\" \/>\n\t<meta name=\"twitter:data1\" content=\"Niclas Rebbelmund\" \/>\n\t<meta name=\"twitter:label2\" content=\"Gesch\u00e4tzte Lesezeit\" \/>\n\t<meta name=\"twitter:data2\" content=\"2\u00a0Minuten\" \/>\n<script type=\"application\/ld+json\" class=\"yoast-schema-graph\">{\"@context\":\"https:\\\/\\\/schema.org\",\"@graph\":[{\"@type\":\"Article\",\"@id\":\"https:\\\/\\\/www.eddh-airport.de\\\/eddhairport\\\/abgestellte-flugzeuge-auf-dem-vorfeld-2\\\/#article\",\"isPartOf\":{\"@id\":\"https:\\\/\\\/www.eddh-airport.de\\\/eddhairport\\\/abgestellte-flugzeuge-auf-dem-vorfeld-2\\\/\"},\"author\":{\"name\":\"Niclas Rebbelmund\",\"@id\":\"https:\\\/\\\/www.eddh-airport.de\\\/eddhairport\\\/#\\\/schema\\\/person\\\/69e52086d712e506636c8f4c5f088abe\"},\"headline\":\"Abgestellte Flugzeuge auf dem Vorfeld 2\",\"datePublished\":\"2020-05-08T21:26:25+00:00\",\"dateModified\":\"2020-05-09T06:28:46+00:00\",\"mainEntityOfPage\":{\"@id\":\"https:\\\/\\\/www.eddh-airport.de\\\/eddhairport\\\/abgestellte-flugzeuge-auf-dem-vorfeld-2\\\/\"},\"wordCount\":450,\"commentCount\":0,\"publisher\":{\"@id\":\"https:\\\/\\\/www.eddh-airport.de\\\/eddhairport\\\/#organization\"},\"image\":{\"@id\":\"https:\\\/\\\/www.eddh-airport.de\\\/eddhairport\\\/abgestellte-flugzeuge-auf-dem-vorfeld-2\\\/#primaryimage\"},\"thumbnailUrl\":\"https:\\\/\\\/www.netairspace.cc\\\/pic\\\/384478\\\/hottestbrick_main.jpg\",\"keywords\":[\"737\",\"737-800\",\"757\",\"757-300\",\"Apron 2\",\"ATR\",\"ATR 42\",\"ATR 42-300\",\"B737\",\"B737-800\",\"B757\",\"B757-300\",\"Boeing\",\"Boeing 737\",\"Boeing 737-800\",\"Boeing 757\",\"Boeing 757-300\",\"Condor\",\"EDDH\",\"Eurowings\",\"FedEx\",\"HAM\",\"Hamburg Airport\",\"TuiFly\"],\"articleSection\":[\"Movements EDDH\"],\"inLanguage\":\"de\",\"potentialAction\":[{\"@type\":\"CommentAction\",\"name\":\"Comment\",\"target\":[\"https:\\\/\\\/www.eddh-airport.de\\\/eddhairport\\\/abgestellte-flugzeuge-auf-dem-vorfeld-2\\\/#respond\"]}]},{\"@type\":\"WebPage\",\"@id\":\"https:\\\/\\\/www.eddh-airport.de\\\/eddhairport\\\/abgestellte-flugzeuge-auf-dem-vorfeld-2\\\/\",\"url\":\"https:\\\/\\\/www.eddh-airport.de\\\/eddhairport\\\/abgestellte-flugzeuge-auf-dem-vorfeld-2\\\/\",\"name\":\"Abgestellte Flugzeuge auf dem Vorfeld 2 - eddh-airport\",\"isPartOf\":{\"@id\":\"https:\\\/\\\/www.eddh-airport.de\\\/eddhairport\\\/#website\"},\"primaryImageOfPage\":{\"@id\":\"https:\\\/\\\/www.eddh-airport.de\\\/eddhairport\\\/abgestellte-flugzeuge-auf-dem-vorfeld-2\\\/#primaryimage\"},\"image\":{\"@id\":\"https:\\\/\\\/www.eddh-airport.de\\\/eddhairport\\\/abgestellte-flugzeuge-auf-dem-vorfeld-2\\\/#primaryimage\"},\"thumbnailUrl\":\"https:\\\/\\\/www.netairspace.cc\\\/pic\\\/384478\\\/hottestbrick_main.jpg\",\"datePublished\":\"2020-05-08T21:26:25+00:00\",\"dateModified\":\"2020-05-09T06:28:46+00:00\",\"description\":\"Corona hat die Luftfahrtindustrie schwer gestroffen. So kommt es, dass viele Flugzeuge abgestellt wurden. So auch am Hamburger Flughafen auf dem Vorfeld 2.\",\"breadcrumb\":{\"@id\":\"https:\\\/\\\/www.eddh-airport.de\\\/eddhairport\\\/abgestellte-flugzeuge-auf-dem-vorfeld-2\\\/#breadcrumb\"},\"inLanguage\":\"de\",\"potentialAction\":[{\"@type\":\"ReadAction\",\"target\":[\"https:\\\/\\\/www.eddh-airport.de\\\/eddhairport\\\/abgestellte-flugzeuge-auf-dem-vorfeld-2\\\/\"]}]},{\"@type\":\"ImageObject\",\"inLanguage\":\"de\",\"@id\":\"https:\\\/\\\/www.eddh-airport.de\\\/eddhairport\\\/abgestellte-flugzeuge-auf-dem-vorfeld-2\\\/#primaryimage\",\"url\":\"https:\\\/\\\/www.netairspace.cc\\\/pic\\\/384478\\\/hottestbrick_main.jpg\",\"contentUrl\":\"https:\\\/\\\/www.netairspace.cc\\\/pic\\\/384478\\\/hottestbrick_main.jpg\"},{\"@type\":\"BreadcrumbList\",\"@id\":\"https:\\\/\\\/www.eddh-airport.de\\\/eddhairport\\\/abgestellte-flugzeuge-auf-dem-vorfeld-2\\\/#breadcrumb\",\"itemListElement\":[{\"@type\":\"ListItem\",\"position\":1,\"name\":\"Startseite\",\"item\":\"https:\\\/\\\/www.eddh-airport.de\\\/eddhairport\\\/\"},{\"@type\":\"ListItem\",\"position\":2,\"name\":\"Abgestellte Flugzeuge auf dem Vorfeld 2\"}]},{\"@type\":\"WebSite\",\"@id\":\"https:\\\/\\\/www.eddh-airport.de\\\/eddhairport\\\/#website\",\"url\":\"https:\\\/\\\/www.eddh-airport.de\\\/eddhairport\\\/\",\"name\":\"eddh-airport\",\"description\":\"Luftfahrtnews und Planespotting aus Hamburg\",\"publisher\":{\"@id\":\"https:\\\/\\\/www.eddh-airport.de\\\/eddhairport\\\/#organization\"},\"potentialAction\":[{\"@type\":\"SearchAction\",\"target\":{\"@type\":\"EntryPoint\",\"urlTemplate\":\"https:\\\/\\\/www.eddh-airport.de\\\/eddhairport\\\/?s={search_term_string}\"},\"query-input\":{\"@type\":\"PropertyValueSpecification\",\"valueRequired\":true,\"valueName\":\"search_term_string\"}}],\"inLanguage\":\"de\"},{\"@type\":\"Organization\",\"@id\":\"https:\\\/\\\/www.eddh-airport.de\\\/eddhairport\\\/#organization\",\"name\":\"eddh-airport\",\"url\":\"https:\\\/\\\/www.eddh-airport.de\\\/eddhairport\\\/\",\"logo\":{\"@type\":\"ImageObject\",\"inLanguage\":\"de\",\"@id\":\"https:\\\/\\\/www.eddh-airport.de\\\/eddhairport\\\/#\\\/schema\\\/logo\\\/image\\\/\",\"url\":\"https:\\\/\\\/www.eddh-airport.de\\\/eddhairport\\\/wp-content\\\/uploads\\\/2018\\\/10\\\/cropped-Neues-Logo-blau-eine-Ebene-2.jpg\",\"contentUrl\":\"https:\\\/\\\/www.eddh-airport.de\\\/eddhairport\\\/wp-content\\\/uploads\\\/2018\\\/10\\\/cropped-Neues-Logo-blau-eine-Ebene-2.jpg\",\"width\":512,\"height\":512,\"caption\":\"eddh-airport\"},\"image\":{\"@id\":\"https:\\\/\\\/www.eddh-airport.de\\\/eddhairport\\\/#\\\/schema\\\/logo\\\/image\\\/\"},\"sameAs\":[\"https:\\\/\\\/www.facebook.com\\\/eddhairport\\\/\",\"https:\\\/\\\/x.com\\\/EDDH_airport_de\",\"https:\\\/\\\/www.instagram.com\\\/eddhairport\\\/?hl=de\"]},{\"@type\":\"Person\",\"@id\":\"https:\\\/\\\/www.eddh-airport.de\\\/eddhairport\\\/#\\\/schema\\\/person\\\/69e52086d712e506636c8f4c5f088abe\",\"name\":\"Niclas Rebbelmund\",\"image\":{\"@type\":\"ImageObject\",\"inLanguage\":\"de\",\"@id\":\"https:\\\/\\\/secure.gravatar.com\\\/avatar\\\/d84f2b77774e9493691ea91c216d4e4e5412d631f5fe9806ac1d1d54bd3c30cb?s=96&d=mm&r=g\",\"url\":\"https:\\\/\\\/secure.gravatar.com\\\/avatar\\\/d84f2b77774e9493691ea91c216d4e4e5412d631f5fe9806ac1d1d54bd3c30cb?s=96&d=mm&r=g\",\"contentUrl\":\"https:\\\/\\\/secure.gravatar.com\\\/avatar\\\/d84f2b77774e9493691ea91c216d4e4e5412d631f5fe9806ac1d1d54bd3c30cb?s=96&d=mm&r=g\",\"caption\":\"Niclas Rebbelmund\"},\"description\":\"34 Jahre, Team Nikon, Aviation &amp; Fotografie Enthusiast\",\"sameAs\":[\"https:\\\/\\\/www.instagram.com\\\/niclashco\\\/\"],\"url\":\"https:\\\/\\\/www.eddh-airport.de\\\/eddhairport\\\/author\\\/niclas-rebbelmund\\\/\"}]}<\/script>\n<!-- \/ Yoast SEO plugin. -->","yoast_head_json":{"title":"Abgestellte Flugzeuge auf dem Vorfeld 2 - eddh-airport","description":"Corona hat die Luftfahrtindustrie schwer gestroffen. So kommt es, dass viele Flugzeuge abgestellt wurden. So auch am Hamburger Flughafen auf dem Vorfeld 2.","robots":{"index":"index","follow":"follow","max-snippet":"max-snippet:-1","max-image-preview":"max-image-preview:large","max-video-preview":"max-video-preview:-1"},"canonical":"https:\/\/www.eddh-airport.de\/eddhairport\/abgestellte-flugzeuge-auf-dem-vorfeld-2\/","og_locale":"de_DE","og_type":"article","og_title":"Abgestellte Flugzeuge auf dem Vorfeld 2 - eddh-airport","og_description":"Corona hat die Luftfahrtindustrie schwer gestroffen. So kommt es, dass viele Flugzeuge abgestellt wurden. So auch am Hamburger Flughafen auf dem Vorfeld 2.","og_url":"https:\/\/www.eddh-airport.de\/eddhairport\/abgestellte-flugzeuge-auf-dem-vorfeld-2\/","og_site_name":"eddh-airport","article_publisher":"https:\/\/www.facebook.com\/eddhairport\/","article_published_time":"2020-05-08T21:26:25+00:00","article_modified_time":"2020-05-09T06:28:46+00:00","og_image":[{"url":"https:\/\/www.netairspace.cc\/pic\/384478\/hottestbrick_main.jpg","type":"","width":"","height":""}],"author":"Niclas Rebbelmund","twitter_card":"summary_large_image","twitter_creator":"@EDDH_airport_de","twitter_site":"@EDDH_airport_de","twitter_misc":{"Verfasst von":"Niclas Rebbelmund","Gesch\u00e4tzte Lesezeit":"2\u00a0Minuten"},"schema":{"@context":"https:\/\/schema.org","@graph":[{"@type":"Article","@id":"https:\/\/www.eddh-airport.de\/eddhairport\/abgestellte-flugzeuge-auf-dem-vorfeld-2\/#article","isPartOf":{"@id":"https:\/\/www.eddh-airport.de\/eddhairport\/abgestellte-flugzeuge-auf-dem-vorfeld-2\/"},"author":{"name":"Niclas Rebbelmund","@id":"https:\/\/www.eddh-airport.de\/eddhairport\/#\/schema\/person\/69e52086d712e506636c8f4c5f088abe"},"headline":"Abgestellte Flugzeuge auf dem Vorfeld 2","datePublished":"2020-05-08T21:26:25+00:00","dateModified":"2020-05-09T06:28:46+00:00","mainEntityOfPage":{"@id":"https:\/\/www.eddh-airport.de\/eddhairport\/abgestellte-flugzeuge-auf-dem-vorfeld-2\/"},"wordCount":450,"commentCount":0,"publisher":{"@id":"https:\/\/www.eddh-airport.de\/eddhairport\/#organization"},"image":{"@id":"https:\/\/www.eddh-airport.de\/eddhairport\/abgestellte-flugzeuge-auf-dem-vorfeld-2\/#primaryimage"},"thumbnailUrl":"https:\/\/www.netairspace.cc\/pic\/384478\/hottestbrick_main.jpg","keywords":["737","737-800","757","757-300","Apron 2","ATR","ATR 42","ATR 42-300","B737","B737-800","B757","B757-300","Boeing","Boeing 737","Boeing 737-800","Boeing 757","Boeing 757-300","Condor","EDDH","Eurowings","FedEx","HAM","Hamburg Airport","TuiFly"],"articleSection":["Movements EDDH"],"inLanguage":"de","potentialAction":[{"@type":"CommentAction","name":"Comment","target":["https:\/\/www.eddh-airport.de\/eddhairport\/abgestellte-flugzeuge-auf-dem-vorfeld-2\/#respond"]}]},{"@type":"WebPage","@id":"https:\/\/www.eddh-airport.de\/eddhairport\/abgestellte-flugzeuge-auf-dem-vorfeld-2\/","url":"https:\/\/www.eddh-airport.de\/eddhairport\/abgestellte-flugzeuge-auf-dem-vorfeld-2\/","name":"Abgestellte Flugzeuge auf dem Vorfeld 2 - eddh-airport","isPartOf":{"@id":"https:\/\/www.eddh-airport.de\/eddhairport\/#website"},"primaryImageOfPage":{"@id":"https:\/\/www.eddh-airport.de\/eddhairport\/abgestellte-flugzeuge-auf-dem-vorfeld-2\/#primaryimage"},"image":{"@id":"https:\/\/www.eddh-airport.de\/eddhairport\/abgestellte-flugzeuge-auf-dem-vorfeld-2\/#primaryimage"},"thumbnailUrl":"https:\/\/www.netairspace.cc\/pic\/384478\/hottestbrick_main.jpg","datePublished":"2020-05-08T21:26:25+00:00","dateModified":"2020-05-09T06:28:46+00:00","description":"Corona hat die Luftfahrtindustrie schwer gestroffen. So kommt es, dass viele Flugzeuge abgestellt wurden. So auch am Hamburger Flughafen auf dem Vorfeld 2.","breadcrumb":{"@id":"https:\/\/www.eddh-airport.de\/eddhairport\/abgestellte-flugzeuge-auf-dem-vorfeld-2\/#breadcrumb"},"inLanguage":"de","potentialAction":[{"@type":"ReadAction","target":["https:\/\/www.eddh-airport.de\/eddhairport\/abgestellte-flugzeuge-auf-dem-vorfeld-2\/"]}]},{"@type":"ImageObject","inLanguage":"de","@id":"https:\/\/www.eddh-airport.de\/eddhairport\/abgestellte-flugzeuge-auf-dem-vorfeld-2\/#primaryimage","url":"https:\/\/www.netairspace.cc\/pic\/384478\/hottestbrick_main.jpg","contentUrl":"https:\/\/www.netairspace.cc\/pic\/384478\/hottestbrick_main.jpg"},{"@type":"BreadcrumbList","@id":"https:\/\/www.eddh-airport.de\/eddhairport\/abgestellte-flugzeuge-auf-dem-vorfeld-2\/#breadcrumb","itemListElement":[{"@type":"ListItem","position":1,"name":"Startseite","item":"https:\/\/www.eddh-airport.de\/eddhairport\/"},{"@type":"ListItem","position":2,"name":"Abgestellte Flugzeuge auf dem Vorfeld 2"}]},{"@type":"WebSite","@id":"https:\/\/www.eddh-airport.de\/eddhairport\/#website","url":"https:\/\/www.eddh-airport.de\/eddhairport\/","name":"eddh-airport","description":"Luftfahrtnews und Planespotting aus Hamburg","publisher":{"@id":"https:\/\/www.eddh-airport.de\/eddhairport\/#organization"},"potentialAction":[{"@type":"SearchAction","target":{"@type":"EntryPoint","urlTemplate":"https:\/\/www.eddh-airport.de\/eddhairport\/?s={search_term_string}"},"query-input":{"@type":"PropertyValueSpecification","valueRequired":true,"valueName":"search_term_string"}}],"inLanguage":"de"},{"@type":"Organization","@id":"https:\/\/www.eddh-airport.de\/eddhairport\/#organization","name":"eddh-airport","url":"https:\/\/www.eddh-airport.de\/eddhairport\/","logo":{"@type":"ImageObject","inLanguage":"de","@id":"https:\/\/www.eddh-airport.de\/eddhairport\/#\/schema\/logo\/image\/","url":"https:\/\/www.eddh-airport.de\/eddhairport\/wp-content\/uploads\/2018\/10\/cropped-Neues-Logo-blau-eine-Ebene-2.jpg","contentUrl":"https:\/\/www.eddh-airport.de\/eddhairport\/wp-content\/uploads\/2018\/10\/cropped-Neues-Logo-blau-eine-Ebene-2.jpg","width":512,"height":512,"caption":"eddh-airport"},"image":{"@id":"https:\/\/www.eddh-airport.de\/eddhairport\/#\/schema\/logo\/image\/"},"sameAs":["https:\/\/www.facebook.com\/eddhairport\/","https:\/\/x.com\/EDDH_airport_de","https:\/\/www.instagram.com\/eddhairport\/?hl=de"]},{"@type":"Person","@id":"https:\/\/www.eddh-airport.de\/eddhairport\/#\/schema\/person\/69e52086d712e506636c8f4c5f088abe","name":"Niclas Rebbelmund","image":{"@type":"ImageObject","inLanguage":"de","@id":"https:\/\/secure.gravatar.com\/avatar\/d84f2b77774e9493691ea91c216d4e4e5412d631f5fe9806ac1d1d54bd3c30cb?s=96&d=mm&r=g","url":"https:\/\/secure.gravatar.com\/avatar\/d84f2b77774e9493691ea91c216d4e4e5412d631f5fe9806ac1d1d54bd3c30cb?s=96&d=mm&r=g","contentUrl":"https:\/\/secure.gravatar.com\/avatar\/d84f2b77774e9493691ea91c216d4e4e5412d631f5fe9806ac1d1d54bd3c30cb?s=96&d=mm&r=g","caption":"Niclas Rebbelmund"},"description":"34 Jahre, Team Nikon, Aviation &amp; Fotografie Enthusiast","sameAs":["https:\/\/www.instagram.com\/niclashco\/"],"url":"https:\/\/www.eddh-airport.de\/eddhairport\/author\/niclas-rebbelmund\/"}]}},"_links":{"self":[{"href":"https:\/\/www.eddh-airport.de\/eddhairport\/wp-json\/wp\/v2\/posts\/3278","targetHints":{"allow":["GET"]}}],"collection":[{"href":"https:\/\/www.eddh-airport.de\/eddhairport\/wp-json\/wp\/v2\/posts"}],"about":[{"href":"https:\/\/www.eddh-airport.de\/eddhairport\/wp-json\/wp\/v2\/types\/post"}],"author":[{"embeddable":true,"href":"https:\/\/www.eddh-airport.de\/eddhairport\/wp-json\/wp\/v2\/users\/3"}],"replies":[{"embeddable":true,"href":"https:\/\/www.eddh-airport.de\/eddhairport\/wp-json\/wp\/v2\/comments?post=3278"}],"version-history":[{"count":1,"href":"https:\/\/www.eddh-airport.de\/eddhairport\/wp-json\/wp\/v2\/posts\/3278\/revisions"}],"predecessor-version":[{"id":3279,"href":"https:\/\/www.eddh-airport.de\/eddhairport\/wp-json\/wp\/v2\/posts\/3278\/revisions\/3279"}],"wp:attachment":[{"href":"https:\/\/www.eddh-airport.de\/eddhairport\/wp-json\/wp\/v2\/media?parent=3278"}],"wp:term":[{"taxonomy":"category","embeddable":true,"href":"https:\/\/www.eddh-airport.de\/eddhairport\/wp-json\/wp\/v2\/categories?post=3278"},{"taxonomy":"post_tag","embeddable":true,"href":"https:\/\/www.eddh-airport.de\/eddhairport\/wp-json\/wp\/v2\/tags?post=3278"}],"curies":[{"name":"wp","href":"https:\/\/api.w.org\/{rel}","templated":true}]}}