{"id":3063,"date":"2020-04-02T23:28:37","date_gmt":"2020-04-02T21:28:37","guid":{"rendered":"https:\/\/www.eddh-airport.de\/eddhairport\/?p=3063"},"modified":"2020-04-03T07:36:55","modified_gmt":"2020-04-03T05:36:55","slug":"fuerza-aerea-espanola-spanish-air-force-tk-10-11","status":"publish","type":"post","link":"https:\/\/www.eddh-airport.de\/eddhairport\/fuerza-aerea-espanola-spanish-air-force-tk-10-11\/","title":{"rendered":"Fuerza Aerea Espa\u00f1ola (Spanish Air Force), TK.10-11"},"content":{"rendered":"<h6>Fuerza Aerea Espa\u00f1ola (Spanish Air Force), TK.10-11<\/h6>\n<p>Nach den milit\u00e4rischen Movements der letzten Tage landete am heutigen Abend das n\u00e4chste milit\u00e4rische Flugzeug am Hamburger Flughafen. Mit TK.10-11 besuchte eine Lockheed KC-130H Hercules der spanischen Luftstreitkr\u00e4fte Fuhlsb\u00fcttel. Das milit\u00e4rische Transportflugzeug kam dabei aus dem spanischen Saragossa (ZAZ) und nutzte zur Landung in Hamburg die Bahn 23. Grund f\u00fcr den Besuch ist wohl ein Transport von dringend in Spanien ben\u00f6tigtem medizinischen Material und Equipment. Mitten in der Nacht verlie\u00df das vierstrahlige Flugzeug Hamburg wieder.<\/p>\n<p><a href=\"https:\/\/www.netairspace.cc\/pic\/379696\/\"><img decoding=\"async\" src=\"https:\/\/www.netairspace.cc\/pic\/379696\/hottestbrick_main.jpg\" alt=\"Aviation photo\" \/><\/a><br \/>\n<a href=\"https:\/\/www.netairspace.cc\/pic\/379696\/\"><span style=\"font-size: xx-small;\">TK.10-11 at Hamburg &#8211; Fuhlsbuettel (Helmut Schmidt)<br \/>\nby Niclas Rebbelmund on netAirspace<\/span><\/a><\/p>\n<p>Die im Dezember 1980 an die Fuerza Aerea Espa\u00f1ola \u00fcbergebene Lockheed C-130 (Baunummer 4874) ist aktuell auf der Zaragoza Air Base (ZAZ) beim Ejercito Del Aire 312 Esc Squadron stationiert. Neben TK.10-11 befinden sich vier weitere KC-130 in dieser Teilflotte die 16km westlich von Saragossa im Norden Spaniens beheimatet ist.<\/p>\n","protected":false},"excerpt":{"rendered":"<p>Fuerza Aerea Espa\u00f1ola (Spanish Air Force), TK.10-11 Nach den milit\u00e4rischen Movements der letzten Tage landete am heutigen Abend das n\u00e4chste milit\u00e4rische Flugzeug am Hamburger Flughafen. Mit TK.10-11 besuchte eine Lockheed KC-130H Hercules der spanischen Luftstreitkr\u00e4fte Fuhlsb\u00fcttel. Das milit\u00e4rische Transportflugzeug kam dabei aus dem spanischen Saragossa (ZAZ) und nutzte zur Landung in Hamburg die Bahn 23. [&hellip;]<\/p>\n","protected":false},"author":3,"featured_media":0,"comment_status":"open","ping_status":"open","sticky":false,"template":"","format":"standard","meta":{"_monsterinsights_skip_tracking":false,"_monsterinsights_sitenote_active":false,"_monsterinsights_sitenote_note":"","_monsterinsights_sitenote_category":0,"site-sidebar-layout":"default","site-content-layout":"","ast-site-content-layout":"default","site-content-style":"default","site-sidebar-style":"default","ast-global-header-display":"","ast-banner-title-visibility":"","ast-main-header-display":"","ast-hfb-above-header-display":"","ast-hfb-below-header-display":"","ast-hfb-mobile-header-display":"","site-post-title":"","ast-breadcrumbs-content":"","ast-featured-img":"","footer-sml-layout":"","ast-disable-related-posts":"","theme-transparent-header-meta":"","adv-header-id-meta":"","stick-header-meta":"","header-above-stick-meta":"","header-main-stick-meta":"","header-below-stick-meta":"","astra-migrate-meta-layouts":"default","ast-page-background-enabled":"default","ast-page-background-meta":{"desktop":{"background-color":"","background-image":"","background-repeat":"repeat","background-position":"center center","background-size":"auto","background-attachment":"scroll","background-type":"","background-media":"","overlay-type":"","overlay-color":"","overlay-opacity":"","overlay-gradient":""},"tablet":{"background-color":"","background-image":"","background-repeat":"repeat","background-position":"center center","background-size":"auto","background-attachment":"scroll","background-type":"","background-media":"","overlay-type":"","overlay-color":"","overlay-opacity":"","overlay-gradient":""},"mobile":{"background-color":"","background-image":"","background-repeat":"repeat","background-position":"center center","background-size":"auto","background-attachment":"scroll","background-type":"","background-media":"","overlay-type":"","overlay-color":"","overlay-opacity":"","overlay-gradient":""}},"ast-content-background-meta":{"desktop":{"background-color":"var(--ast-global-color-5)","background-image":"","background-repeat":"repeat","background-position":"center center","background-size":"auto","background-attachment":"scroll","background-type":"","background-media":"","overlay-type":"","overlay-color":"","overlay-opacity":"","overlay-gradient":""},"tablet":{"background-color":"var(--ast-global-color-5)","background-image":"","background-repeat":"repeat","background-position":"center center","background-size":"auto","background-attachment":"scroll","background-type":"","background-media":"","overlay-type":"","overlay-color":"","overlay-opacity":"","overlay-gradient":""},"mobile":{"background-color":"var(--ast-global-color-5)","background-image":"","background-repeat":"repeat","background-position":"center center","background-size":"auto","background-attachment":"scroll","background-type":"","background-media":"","overlay-type":"","overlay-color":"","overlay-opacity":"","overlay-gradient":""}},"footnotes":""},"categories":[8],"tags":[148,10,833,11,90,156,147,835,834],"class_list":["post-3063","post","type-post","status-publish","format-standard","hentry","category-movements-eddh","tag-c-130","tag-eddh","tag-fuerza-aerea-espanola","tag-ham","tag-hamburg-airport","tag-hercules","tag-lockheed","tag-lockheed-c-130","tag-spanish-air-force"],"yoast_head":"<!-- This site is optimized with the Yoast SEO plugin v27.4 - https:\/\/yoast.com\/product\/yoast-seo-wordpress\/ -->\n<title>Fuerza Aerea Espa\u00f1ola (Spanish Air Force), TK.10-11 - eddh-airport<\/title>\n<meta name=\"description\" content=\"Am sp\u00e4ten Abend landete mit TK.10-11 eine Lockheed KC-130H Hercules der spanischen Luftstreitkr\u00e4fte (Fuerza Aerea Espa\u00f1ola) in Fuhlsb\u00fcttel.\" \/>\n<meta name=\"robots\" content=\"index, follow, max-snippet:-1, max-image-preview:large, max-video-preview:-1\" \/>\n<link rel=\"canonical\" href=\"https:\/\/www.eddh-airport.de\/eddhairport\/fuerza-aerea-espanola-spanish-air-force-tk-10-11\/\" \/>\n<meta property=\"og:locale\" content=\"de_DE\" \/>\n<meta property=\"og:type\" content=\"article\" \/>\n<meta property=\"og:title\" content=\"Fuerza Aerea Espa\u00f1ola (Spanish Air Force), TK.10-11 - eddh-airport\" \/>\n<meta property=\"og:description\" content=\"Am sp\u00e4ten Abend landete mit TK.10-11 eine Lockheed KC-130H Hercules der spanischen Luftstreitkr\u00e4fte (Fuerza Aerea Espa\u00f1ola) in Fuhlsb\u00fcttel.\" \/>\n<meta property=\"og:url\" content=\"https:\/\/www.eddh-airport.de\/eddhairport\/fuerza-aerea-espanola-spanish-air-force-tk-10-11\/\" \/>\n<meta property=\"og:site_name\" content=\"eddh-airport\" \/>\n<meta property=\"article:publisher\" content=\"https:\/\/www.facebook.com\/eddhairport\/\" \/>\n<meta property=\"article:published_time\" content=\"2020-04-02T21:28:37+00:00\" \/>\n<meta property=\"article:modified_time\" content=\"2020-04-03T05:36:55+00:00\" \/>\n<meta property=\"og:image\" content=\"https:\/\/www.netairspace.cc\/pic\/379696\/hottestbrick_main.jpg\" \/>\n<meta name=\"author\" content=\"Niclas Rebbelmund\" \/>\n<meta name=\"twitter:card\" content=\"summary_large_image\" \/>\n<meta name=\"twitter:creator\" content=\"@EDDH_airport_de\" \/>\n<meta name=\"twitter:site\" content=\"@EDDH_airport_de\" \/>\n<meta name=\"twitter:label1\" content=\"Verfasst von\" \/>\n\t<meta name=\"twitter:data1\" content=\"Niclas Rebbelmund\" \/>\n\t<meta name=\"twitter:label2\" content=\"Gesch\u00e4tzte Lesezeit\" \/>\n\t<meta name=\"twitter:data2\" content=\"1\u00a0Minute\" \/>\n<script type=\"application\/ld+json\" class=\"yoast-schema-graph\">{\"@context\":\"https:\\\/\\\/schema.org\",\"@graph\":[{\"@type\":\"Article\",\"@id\":\"https:\\\/\\\/www.eddh-airport.de\\\/eddhairport\\\/fuerza-aerea-espanola-spanish-air-force-tk-10-11\\\/#article\",\"isPartOf\":{\"@id\":\"https:\\\/\\\/www.eddh-airport.de\\\/eddhairport\\\/fuerza-aerea-espanola-spanish-air-force-tk-10-11\\\/\"},\"author\":{\"name\":\"Niclas Rebbelmund\",\"@id\":\"https:\\\/\\\/www.eddh-airport.de\\\/eddhairport\\\/#\\\/schema\\\/person\\\/69e52086d712e506636c8f4c5f088abe\"},\"headline\":\"Fuerza Aerea Espa\u00f1ola (Spanish Air Force), TK.10-11\",\"datePublished\":\"2020-04-02T21:28:37+00:00\",\"dateModified\":\"2020-04-03T05:36:55+00:00\",\"mainEntityOfPage\":{\"@id\":\"https:\\\/\\\/www.eddh-airport.de\\\/eddhairport\\\/fuerza-aerea-espanola-spanish-air-force-tk-10-11\\\/\"},\"wordCount\":164,\"commentCount\":1,\"publisher\":{\"@id\":\"https:\\\/\\\/www.eddh-airport.de\\\/eddhairport\\\/#organization\"},\"image\":{\"@id\":\"https:\\\/\\\/www.eddh-airport.de\\\/eddhairport\\\/fuerza-aerea-espanola-spanish-air-force-tk-10-11\\\/#primaryimage\"},\"thumbnailUrl\":\"https:\\\/\\\/www.netairspace.cc\\\/pic\\\/379696\\\/hottestbrick_main.jpg\",\"keywords\":[\"C-130\",\"EDDH\",\"Fuerza Aerea Espa\u00f1ola\",\"HAM\",\"Hamburg Airport\",\"Hercules\",\"Lockheed\",\"Lockheed C-130\",\"Spanish Air Force\"],\"articleSection\":[\"Movements EDDH\"],\"inLanguage\":\"de\",\"potentialAction\":[{\"@type\":\"CommentAction\",\"name\":\"Comment\",\"target\":[\"https:\\\/\\\/www.eddh-airport.de\\\/eddhairport\\\/fuerza-aerea-espanola-spanish-air-force-tk-10-11\\\/#respond\"]}]},{\"@type\":\"WebPage\",\"@id\":\"https:\\\/\\\/www.eddh-airport.de\\\/eddhairport\\\/fuerza-aerea-espanola-spanish-air-force-tk-10-11\\\/\",\"url\":\"https:\\\/\\\/www.eddh-airport.de\\\/eddhairport\\\/fuerza-aerea-espanola-spanish-air-force-tk-10-11\\\/\",\"name\":\"Fuerza Aerea Espa\u00f1ola (Spanish Air Force), TK.10-11 - eddh-airport\",\"isPartOf\":{\"@id\":\"https:\\\/\\\/www.eddh-airport.de\\\/eddhairport\\\/#website\"},\"primaryImageOfPage\":{\"@id\":\"https:\\\/\\\/www.eddh-airport.de\\\/eddhairport\\\/fuerza-aerea-espanola-spanish-air-force-tk-10-11\\\/#primaryimage\"},\"image\":{\"@id\":\"https:\\\/\\\/www.eddh-airport.de\\\/eddhairport\\\/fuerza-aerea-espanola-spanish-air-force-tk-10-11\\\/#primaryimage\"},\"thumbnailUrl\":\"https:\\\/\\\/www.netairspace.cc\\\/pic\\\/379696\\\/hottestbrick_main.jpg\",\"datePublished\":\"2020-04-02T21:28:37+00:00\",\"dateModified\":\"2020-04-03T05:36:55+00:00\",\"description\":\"Am sp\u00e4ten Abend landete mit TK.10-11 eine Lockheed KC-130H Hercules der spanischen Luftstreitkr\u00e4fte (Fuerza Aerea Espa\u00f1ola) in Fuhlsb\u00fcttel.\",\"breadcrumb\":{\"@id\":\"https:\\\/\\\/www.eddh-airport.de\\\/eddhairport\\\/fuerza-aerea-espanola-spanish-air-force-tk-10-11\\\/#breadcrumb\"},\"inLanguage\":\"de\",\"potentialAction\":[{\"@type\":\"ReadAction\",\"target\":[\"https:\\\/\\\/www.eddh-airport.de\\\/eddhairport\\\/fuerza-aerea-espanola-spanish-air-force-tk-10-11\\\/\"]}]},{\"@type\":\"ImageObject\",\"inLanguage\":\"de\",\"@id\":\"https:\\\/\\\/www.eddh-airport.de\\\/eddhairport\\\/fuerza-aerea-espanola-spanish-air-force-tk-10-11\\\/#primaryimage\",\"url\":\"https:\\\/\\\/www.netairspace.cc\\\/pic\\\/379696\\\/hottestbrick_main.jpg\",\"contentUrl\":\"https:\\\/\\\/www.netairspace.cc\\\/pic\\\/379696\\\/hottestbrick_main.jpg\"},{\"@type\":\"BreadcrumbList\",\"@id\":\"https:\\\/\\\/www.eddh-airport.de\\\/eddhairport\\\/fuerza-aerea-espanola-spanish-air-force-tk-10-11\\\/#breadcrumb\",\"itemListElement\":[{\"@type\":\"ListItem\",\"position\":1,\"name\":\"Startseite\",\"item\":\"https:\\\/\\\/www.eddh-airport.de\\\/eddhairport\\\/\"},{\"@type\":\"ListItem\",\"position\":2,\"name\":\"Fuerza Aerea Espa\u00f1ola (Spanish Air Force), TK.10-11\"}]},{\"@type\":\"WebSite\",\"@id\":\"https:\\\/\\\/www.eddh-airport.de\\\/eddhairport\\\/#website\",\"url\":\"https:\\\/\\\/www.eddh-airport.de\\\/eddhairport\\\/\",\"name\":\"eddh-airport\",\"description\":\"Luftfahrtnews und Planespotting aus Hamburg\",\"publisher\":{\"@id\":\"https:\\\/\\\/www.eddh-airport.de\\\/eddhairport\\\/#organization\"},\"potentialAction\":[{\"@type\":\"SearchAction\",\"target\":{\"@type\":\"EntryPoint\",\"urlTemplate\":\"https:\\\/\\\/www.eddh-airport.de\\\/eddhairport\\\/?s={search_term_string}\"},\"query-input\":{\"@type\":\"PropertyValueSpecification\",\"valueRequired\":true,\"valueName\":\"search_term_string\"}}],\"inLanguage\":\"de\"},{\"@type\":\"Organization\",\"@id\":\"https:\\\/\\\/www.eddh-airport.de\\\/eddhairport\\\/#organization\",\"name\":\"eddh-airport\",\"url\":\"https:\\\/\\\/www.eddh-airport.de\\\/eddhairport\\\/\",\"logo\":{\"@type\":\"ImageObject\",\"inLanguage\":\"de\",\"@id\":\"https:\\\/\\\/www.eddh-airport.de\\\/eddhairport\\\/#\\\/schema\\\/logo\\\/image\\\/\",\"url\":\"https:\\\/\\\/www.eddh-airport.de\\\/eddhairport\\\/wp-content\\\/uploads\\\/2018\\\/10\\\/cropped-Neues-Logo-blau-eine-Ebene-2.jpg\",\"contentUrl\":\"https:\\\/\\\/www.eddh-airport.de\\\/eddhairport\\\/wp-content\\\/uploads\\\/2018\\\/10\\\/cropped-Neues-Logo-blau-eine-Ebene-2.jpg\",\"width\":512,\"height\":512,\"caption\":\"eddh-airport\"},\"image\":{\"@id\":\"https:\\\/\\\/www.eddh-airport.de\\\/eddhairport\\\/#\\\/schema\\\/logo\\\/image\\\/\"},\"sameAs\":[\"https:\\\/\\\/www.facebook.com\\\/eddhairport\\\/\",\"https:\\\/\\\/x.com\\\/EDDH_airport_de\",\"https:\\\/\\\/www.instagram.com\\\/eddhairport\\\/?hl=de\"]},{\"@type\":\"Person\",\"@id\":\"https:\\\/\\\/www.eddh-airport.de\\\/eddhairport\\\/#\\\/schema\\\/person\\\/69e52086d712e506636c8f4c5f088abe\",\"name\":\"Niclas Rebbelmund\",\"image\":{\"@type\":\"ImageObject\",\"inLanguage\":\"de\",\"@id\":\"https:\\\/\\\/secure.gravatar.com\\\/avatar\\\/d84f2b77774e9493691ea91c216d4e4e5412d631f5fe9806ac1d1d54bd3c30cb?s=96&d=mm&r=g\",\"url\":\"https:\\\/\\\/secure.gravatar.com\\\/avatar\\\/d84f2b77774e9493691ea91c216d4e4e5412d631f5fe9806ac1d1d54bd3c30cb?s=96&d=mm&r=g\",\"contentUrl\":\"https:\\\/\\\/secure.gravatar.com\\\/avatar\\\/d84f2b77774e9493691ea91c216d4e4e5412d631f5fe9806ac1d1d54bd3c30cb?s=96&d=mm&r=g\",\"caption\":\"Niclas Rebbelmund\"},\"description\":\"34 Jahre, Team Nikon, Aviation &amp; Fotografie Enthusiast\",\"sameAs\":[\"https:\\\/\\\/www.instagram.com\\\/niclashco\\\/\"],\"url\":\"https:\\\/\\\/www.eddh-airport.de\\\/eddhairport\\\/author\\\/niclas-rebbelmund\\\/\"}]}<\/script>\n<!-- \/ Yoast SEO plugin. -->","yoast_head_json":{"title":"Fuerza Aerea Espa\u00f1ola (Spanish Air Force), TK.10-11 - eddh-airport","description":"Am sp\u00e4ten Abend landete mit TK.10-11 eine Lockheed KC-130H Hercules der spanischen Luftstreitkr\u00e4fte (Fuerza Aerea Espa\u00f1ola) in Fuhlsb\u00fcttel.","robots":{"index":"index","follow":"follow","max-snippet":"max-snippet:-1","max-image-preview":"max-image-preview:large","max-video-preview":"max-video-preview:-1"},"canonical":"https:\/\/www.eddh-airport.de\/eddhairport\/fuerza-aerea-espanola-spanish-air-force-tk-10-11\/","og_locale":"de_DE","og_type":"article","og_title":"Fuerza Aerea Espa\u00f1ola (Spanish Air Force), TK.10-11 - eddh-airport","og_description":"Am sp\u00e4ten Abend landete mit TK.10-11 eine Lockheed KC-130H Hercules der spanischen Luftstreitkr\u00e4fte (Fuerza Aerea Espa\u00f1ola) in Fuhlsb\u00fcttel.","og_url":"https:\/\/www.eddh-airport.de\/eddhairport\/fuerza-aerea-espanola-spanish-air-force-tk-10-11\/","og_site_name":"eddh-airport","article_publisher":"https:\/\/www.facebook.com\/eddhairport\/","article_published_time":"2020-04-02T21:28:37+00:00","article_modified_time":"2020-04-03T05:36:55+00:00","og_image":[{"url":"https:\/\/www.netairspace.cc\/pic\/379696\/hottestbrick_main.jpg","type":"","width":"","height":""}],"author":"Niclas Rebbelmund","twitter_card":"summary_large_image","twitter_creator":"@EDDH_airport_de","twitter_site":"@EDDH_airport_de","twitter_misc":{"Verfasst von":"Niclas Rebbelmund","Gesch\u00e4tzte Lesezeit":"1\u00a0Minute"},"schema":{"@context":"https:\/\/schema.org","@graph":[{"@type":"Article","@id":"https:\/\/www.eddh-airport.de\/eddhairport\/fuerza-aerea-espanola-spanish-air-force-tk-10-11\/#article","isPartOf":{"@id":"https:\/\/www.eddh-airport.de\/eddhairport\/fuerza-aerea-espanola-spanish-air-force-tk-10-11\/"},"author":{"name":"Niclas Rebbelmund","@id":"https:\/\/www.eddh-airport.de\/eddhairport\/#\/schema\/person\/69e52086d712e506636c8f4c5f088abe"},"headline":"Fuerza Aerea Espa\u00f1ola (Spanish Air Force), TK.10-11","datePublished":"2020-04-02T21:28:37+00:00","dateModified":"2020-04-03T05:36:55+00:00","mainEntityOfPage":{"@id":"https:\/\/www.eddh-airport.de\/eddhairport\/fuerza-aerea-espanola-spanish-air-force-tk-10-11\/"},"wordCount":164,"commentCount":1,"publisher":{"@id":"https:\/\/www.eddh-airport.de\/eddhairport\/#organization"},"image":{"@id":"https:\/\/www.eddh-airport.de\/eddhairport\/fuerza-aerea-espanola-spanish-air-force-tk-10-11\/#primaryimage"},"thumbnailUrl":"https:\/\/www.netairspace.cc\/pic\/379696\/hottestbrick_main.jpg","keywords":["C-130","EDDH","Fuerza Aerea Espa\u00f1ola","HAM","Hamburg Airport","Hercules","Lockheed","Lockheed C-130","Spanish Air Force"],"articleSection":["Movements EDDH"],"inLanguage":"de","potentialAction":[{"@type":"CommentAction","name":"Comment","target":["https:\/\/www.eddh-airport.de\/eddhairport\/fuerza-aerea-espanola-spanish-air-force-tk-10-11\/#respond"]}]},{"@type":"WebPage","@id":"https:\/\/www.eddh-airport.de\/eddhairport\/fuerza-aerea-espanola-spanish-air-force-tk-10-11\/","url":"https:\/\/www.eddh-airport.de\/eddhairport\/fuerza-aerea-espanola-spanish-air-force-tk-10-11\/","name":"Fuerza Aerea Espa\u00f1ola (Spanish Air Force), TK.10-11 - eddh-airport","isPartOf":{"@id":"https:\/\/www.eddh-airport.de\/eddhairport\/#website"},"primaryImageOfPage":{"@id":"https:\/\/www.eddh-airport.de\/eddhairport\/fuerza-aerea-espanola-spanish-air-force-tk-10-11\/#primaryimage"},"image":{"@id":"https:\/\/www.eddh-airport.de\/eddhairport\/fuerza-aerea-espanola-spanish-air-force-tk-10-11\/#primaryimage"},"thumbnailUrl":"https:\/\/www.netairspace.cc\/pic\/379696\/hottestbrick_main.jpg","datePublished":"2020-04-02T21:28:37+00:00","dateModified":"2020-04-03T05:36:55+00:00","description":"Am sp\u00e4ten Abend landete mit TK.10-11 eine Lockheed KC-130H Hercules der spanischen Luftstreitkr\u00e4fte (Fuerza Aerea Espa\u00f1ola) in Fuhlsb\u00fcttel.","breadcrumb":{"@id":"https:\/\/www.eddh-airport.de\/eddhairport\/fuerza-aerea-espanola-spanish-air-force-tk-10-11\/#breadcrumb"},"inLanguage":"de","potentialAction":[{"@type":"ReadAction","target":["https:\/\/www.eddh-airport.de\/eddhairport\/fuerza-aerea-espanola-spanish-air-force-tk-10-11\/"]}]},{"@type":"ImageObject","inLanguage":"de","@id":"https:\/\/www.eddh-airport.de\/eddhairport\/fuerza-aerea-espanola-spanish-air-force-tk-10-11\/#primaryimage","url":"https:\/\/www.netairspace.cc\/pic\/379696\/hottestbrick_main.jpg","contentUrl":"https:\/\/www.netairspace.cc\/pic\/379696\/hottestbrick_main.jpg"},{"@type":"BreadcrumbList","@id":"https:\/\/www.eddh-airport.de\/eddhairport\/fuerza-aerea-espanola-spanish-air-force-tk-10-11\/#breadcrumb","itemListElement":[{"@type":"ListItem","position":1,"name":"Startseite","item":"https:\/\/www.eddh-airport.de\/eddhairport\/"},{"@type":"ListItem","position":2,"name":"Fuerza Aerea Espa\u00f1ola (Spanish Air Force), TK.10-11"}]},{"@type":"WebSite","@id":"https:\/\/www.eddh-airport.de\/eddhairport\/#website","url":"https:\/\/www.eddh-airport.de\/eddhairport\/","name":"eddh-airport","description":"Luftfahrtnews und Planespotting aus Hamburg","publisher":{"@id":"https:\/\/www.eddh-airport.de\/eddhairport\/#organization"},"potentialAction":[{"@type":"SearchAction","target":{"@type":"EntryPoint","urlTemplate":"https:\/\/www.eddh-airport.de\/eddhairport\/?s={search_term_string}"},"query-input":{"@type":"PropertyValueSpecification","valueRequired":true,"valueName":"search_term_string"}}],"inLanguage":"de"},{"@type":"Organization","@id":"https:\/\/www.eddh-airport.de\/eddhairport\/#organization","name":"eddh-airport","url":"https:\/\/www.eddh-airport.de\/eddhairport\/","logo":{"@type":"ImageObject","inLanguage":"de","@id":"https:\/\/www.eddh-airport.de\/eddhairport\/#\/schema\/logo\/image\/","url":"https:\/\/www.eddh-airport.de\/eddhairport\/wp-content\/uploads\/2018\/10\/cropped-Neues-Logo-blau-eine-Ebene-2.jpg","contentUrl":"https:\/\/www.eddh-airport.de\/eddhairport\/wp-content\/uploads\/2018\/10\/cropped-Neues-Logo-blau-eine-Ebene-2.jpg","width":512,"height":512,"caption":"eddh-airport"},"image":{"@id":"https:\/\/www.eddh-airport.de\/eddhairport\/#\/schema\/logo\/image\/"},"sameAs":["https:\/\/www.facebook.com\/eddhairport\/","https:\/\/x.com\/EDDH_airport_de","https:\/\/www.instagram.com\/eddhairport\/?hl=de"]},{"@type":"Person","@id":"https:\/\/www.eddh-airport.de\/eddhairport\/#\/schema\/person\/69e52086d712e506636c8f4c5f088abe","name":"Niclas Rebbelmund","image":{"@type":"ImageObject","inLanguage":"de","@id":"https:\/\/secure.gravatar.com\/avatar\/d84f2b77774e9493691ea91c216d4e4e5412d631f5fe9806ac1d1d54bd3c30cb?s=96&d=mm&r=g","url":"https:\/\/secure.gravatar.com\/avatar\/d84f2b77774e9493691ea91c216d4e4e5412d631f5fe9806ac1d1d54bd3c30cb?s=96&d=mm&r=g","contentUrl":"https:\/\/secure.gravatar.com\/avatar\/d84f2b77774e9493691ea91c216d4e4e5412d631f5fe9806ac1d1d54bd3c30cb?s=96&d=mm&r=g","caption":"Niclas Rebbelmund"},"description":"34 Jahre, Team Nikon, Aviation &amp; Fotografie Enthusiast","sameAs":["https:\/\/www.instagram.com\/niclashco\/"],"url":"https:\/\/www.eddh-airport.de\/eddhairport\/author\/niclas-rebbelmund\/"}]}},"_links":{"self":[{"href":"https:\/\/www.eddh-airport.de\/eddhairport\/wp-json\/wp\/v2\/posts\/3063","targetHints":{"allow":["GET"]}}],"collection":[{"href":"https:\/\/www.eddh-airport.de\/eddhairport\/wp-json\/wp\/v2\/posts"}],"about":[{"href":"https:\/\/www.eddh-airport.de\/eddhairport\/wp-json\/wp\/v2\/types\/post"}],"author":[{"embeddable":true,"href":"https:\/\/www.eddh-airport.de\/eddhairport\/wp-json\/wp\/v2\/users\/3"}],"replies":[{"embeddable":true,"href":"https:\/\/www.eddh-airport.de\/eddhairport\/wp-json\/wp\/v2\/comments?post=3063"}],"version-history":[{"count":8,"href":"https:\/\/www.eddh-airport.de\/eddhairport\/wp-json\/wp\/v2\/posts\/3063\/revisions"}],"predecessor-version":[{"id":3074,"href":"https:\/\/www.eddh-airport.de\/eddhairport\/wp-json\/wp\/v2\/posts\/3063\/revisions\/3074"}],"wp:attachment":[{"href":"https:\/\/www.eddh-airport.de\/eddhairport\/wp-json\/wp\/v2\/media?parent=3063"}],"wp:term":[{"taxonomy":"category","embeddable":true,"href":"https:\/\/www.eddh-airport.de\/eddhairport\/wp-json\/wp\/v2\/categories?post=3063"},{"taxonomy":"post_tag","embeddable":true,"href":"https:\/\/www.eddh-airport.de\/eddhairport\/wp-json\/wp\/v2\/tags?post=3063"}],"curies":[{"name":"wp","href":"https:\/\/api.w.org\/{rel}","templated":true}]}}