{"id":2477,"date":"2019-10-03T17:17:05","date_gmt":"2019-10-03T15:17:05","guid":{"rendered":"https:\/\/www.eddh-airport.de\/eddhairport\/?p=2477"},"modified":"2019-10-03T17:17:05","modified_gmt":"2019-10-03T15:17:05","slug":"atlasglobal-tc-agi","status":"publish","type":"post","link":"https:\/\/www.eddh-airport.de\/eddhairport\/atlasglobal-tc-agi\/","title":{"rendered":"AtlasGlobal, TC-AGI"},"content":{"rendered":"<h6>AtlasGlobal, TC-AGI<\/h6>\n<p>Auch die t\u00fcrkische AtlasGlobal war heute zum Auftakt der Herbstferien am Airport vertreten. Die Fluggesellschaft mit Basen auf den Flugh\u00e4fen Istanbul (IST) und Antalya (AYT) schickte dabei mit TC-AGI einen Airbus A321-231 mit Sonderlackierung. Der Zweistrahler tr\u00e4gt dabei Werbung f\u00fcr die Kreditkarte &#8220;Bank&#8217;O Atlas&#8221; der t\u00fcrkischen &#8220;odeabank&#8221;. Um kurz vor 10 Uhr am Vormittag landete der Airbus aus dem t\u00fcrkischen Antalya kommend \u00fcber die Bahn 23. Nach einem zweist\u00fcndigen Aufenthalt flog der A321 wieder zur\u00fcck.<\/p>\n<p><a href=\"https:\/\/www.netairspace.cc\/pic\/351741\/\"><img decoding=\"async\" src=\"https:\/\/www.netairspace.cc\/pic\/351741\/hottestbrick_main.jpg\" alt=\"Aviation photo\" \/><\/a><br \/>\n<a href=\"https:\/\/www.netairspace.cc\/pic\/351741\/\"><span style=\"font-size: xx-small;\">TC-AGI at Hamburg &#8211; Fuhlsbuettel (Helmut Schmidt)<br \/>\nby Niclas Rebbelmund on netAirspace<\/span><\/a><\/p>\n<p>Der 20,7 Jahre alte Airbus A321 wurde am 1. M\u00e4rz 1999 in Finkenwerder (XFW) an die japanische All Nippon Airways in einer 195 Pl\u00e4tze fassenden Einklassenkonfiguration ausgeliefert. Allerdings wurde das Flugzeug damals als A321-131 ausgeliefert. Erst nach einer Anpassung im Jahre 2006 wurde der Airbus zu einem A321-231. Die niederl\u00e4ndische Leasinggesellschaft Air Cap, denen der Airbus geh\u00f6rt, vermietete den Jet \u00fcber die Jahre mehrfach an unterschiedliche Airlines, unter anderem mehrfach an die t\u00fcrkischen Inter Airlines, Onur Air und AtlasGlobal oder auch an die pakistanische Air Blue. Seit dem 2. Juli 2016 fliegt der A321 nun f\u00fcr AtlasGlobal, tr\u00e4gt dort die Registrierung TC-AGI und seit April 2017 die Sonderlackierung. Aktuell bietet das Flugzeug 12 Pl\u00e4tze in der Business- und 192 in der Economy-Class.<\/p>\n","protected":false},"excerpt":{"rendered":"<p>AtlasGlobal, TC-AGI Auch die t\u00fcrkische AtlasGlobal war heute zum Auftakt der Herbstferien am Airport vertreten. Die Fluggesellschaft mit Basen auf den Flugh\u00e4fen Istanbul (IST) und Antalya (AYT) schickte dabei mit TC-AGI einen Airbus A321-231 mit Sonderlackierung. Der Zweistrahler tr\u00e4gt dabei Werbung f\u00fcr die Kreditkarte &#8220;Bank&#8217;O Atlas&#8221; der t\u00fcrkischen &#8220;odeabank&#8221;. Um kurz vor 10 Uhr am [&hellip;]<\/p>\n","protected":false},"author":3,"featured_media":0,"comment_status":"open","ping_status":"open","sticky":false,"template":"","format":"standard","meta":{"_monsterinsights_skip_tracking":false,"_monsterinsights_sitenote_active":false,"_monsterinsights_sitenote_note":"","_monsterinsights_sitenote_category":0,"site-sidebar-layout":"default","site-content-layout":"","ast-site-content-layout":"default","site-content-style":"default","site-sidebar-style":"default","ast-global-header-display":"","ast-banner-title-visibility":"","ast-main-header-display":"","ast-hfb-above-header-display":"","ast-hfb-below-header-display":"","ast-hfb-mobile-header-display":"","site-post-title":"","ast-breadcrumbs-content":"","ast-featured-img":"","footer-sml-layout":"","ast-disable-related-posts":"","theme-transparent-header-meta":"","adv-header-id-meta":"","stick-header-meta":"","header-above-stick-meta":"","header-main-stick-meta":"","header-below-stick-meta":"","astra-migrate-meta-layouts":"default","ast-page-background-enabled":"default","ast-page-background-meta":{"desktop":{"background-color":"","background-image":"","background-repeat":"repeat","background-position":"center center","background-size":"auto","background-attachment":"scroll","background-type":"","background-media":"","overlay-type":"","overlay-color":"","overlay-opacity":"","overlay-gradient":""},"tablet":{"background-color":"","background-image":"","background-repeat":"repeat","background-position":"center center","background-size":"auto","background-attachment":"scroll","background-type":"","background-media":"","overlay-type":"","overlay-color":"","overlay-opacity":"","overlay-gradient":""},"mobile":{"background-color":"","background-image":"","background-repeat":"repeat","background-position":"center center","background-size":"auto","background-attachment":"scroll","background-type":"","background-media":"","overlay-type":"","overlay-color":"","overlay-opacity":"","overlay-gradient":""}},"ast-content-background-meta":{"desktop":{"background-color":"var(--ast-global-color-5)","background-image":"","background-repeat":"repeat","background-position":"center center","background-size":"auto","background-attachment":"scroll","background-type":"","background-media":"","overlay-type":"","overlay-color":"","overlay-opacity":"","overlay-gradient":""},"tablet":{"background-color":"var(--ast-global-color-5)","background-image":"","background-repeat":"repeat","background-position":"center center","background-size":"auto","background-attachment":"scroll","background-type":"","background-media":"","overlay-type":"","overlay-color":"","overlay-opacity":"","overlay-gradient":""},"mobile":{"background-color":"var(--ast-global-color-5)","background-image":"","background-repeat":"repeat","background-position":"center center","background-size":"auto","background-attachment":"scroll","background-type":"","background-media":"","overlay-type":"","overlay-color":"","overlay-opacity":"","overlay-gradient":""}},"footnotes":""},"categories":[8],"tags":[13,472,12,471,520,595,10,11,90,67],"class_list":["post-2477","post","type-post","status-publish","format-standard","hentry","category-movements-eddh","tag-a321","tag-a321-200","tag-airbus","tag-airbus-a321","tag-airbus-a321-200","tag-atlasglobal","tag-eddh","tag-ham","tag-hamburg-airport","tag-sonderlackierung"],"yoast_head":"<!-- This site is optimized with the Yoast SEO plugin v27.4 - https:\/\/yoast.com\/product\/yoast-seo-wordpress\/ -->\n<title>AtlasGlobal, TC-AGI - eddh-airport<\/title>\n<meta name=\"description\" content=\"Mit TC-AGI schickte die t\u00fcrkische AtlasGlobal heute einen Airbus A321 in einer Sonderlackierung an den Hamburger Flughafen.\" \/>\n<meta name=\"robots\" content=\"index, follow, max-snippet:-1, max-image-preview:large, max-video-preview:-1\" \/>\n<link rel=\"canonical\" href=\"https:\/\/www.eddh-airport.de\/eddhairport\/atlasglobal-tc-agi\/\" \/>\n<meta property=\"og:locale\" content=\"de_DE\" \/>\n<meta property=\"og:type\" content=\"article\" \/>\n<meta property=\"og:title\" content=\"AtlasGlobal, TC-AGI - eddh-airport\" \/>\n<meta property=\"og:description\" content=\"Mit TC-AGI schickte die t\u00fcrkische AtlasGlobal heute einen Airbus A321 in einer Sonderlackierung an den Hamburger Flughafen.\" \/>\n<meta property=\"og:url\" content=\"https:\/\/www.eddh-airport.de\/eddhairport\/atlasglobal-tc-agi\/\" \/>\n<meta property=\"og:site_name\" content=\"eddh-airport\" \/>\n<meta property=\"article:publisher\" content=\"https:\/\/www.facebook.com\/eddhairport\/\" \/>\n<meta property=\"article:published_time\" content=\"2019-10-03T15:17:05+00:00\" \/>\n<meta property=\"og:image\" content=\"https:\/\/www.netairspace.cc\/pic\/351741\/hottestbrick_main.jpg\" \/>\n<meta name=\"author\" content=\"Niclas Rebbelmund\" \/>\n<meta name=\"twitter:card\" content=\"summary_large_image\" \/>\n<meta name=\"twitter:creator\" content=\"@EDDH_airport_de\" \/>\n<meta name=\"twitter:site\" content=\"@EDDH_airport_de\" \/>\n<meta name=\"twitter:label1\" content=\"Verfasst von\" \/>\n\t<meta name=\"twitter:data1\" content=\"Niclas Rebbelmund\" \/>\n\t<meta name=\"twitter:label2\" content=\"Gesch\u00e4tzte Lesezeit\" \/>\n\t<meta name=\"twitter:data2\" content=\"1\u00a0Minute\" \/>\n<script type=\"application\/ld+json\" class=\"yoast-schema-graph\">{\"@context\":\"https:\\\/\\\/schema.org\",\"@graph\":[{\"@type\":\"Article\",\"@id\":\"https:\\\/\\\/www.eddh-airport.de\\\/eddhairport\\\/atlasglobal-tc-agi\\\/#article\",\"isPartOf\":{\"@id\":\"https:\\\/\\\/www.eddh-airport.de\\\/eddhairport\\\/atlasglobal-tc-agi\\\/\"},\"author\":{\"name\":\"Niclas Rebbelmund\",\"@id\":\"https:\\\/\\\/www.eddh-airport.de\\\/eddhairport\\\/#\\\/schema\\\/person\\\/69e52086d712e506636c8f4c5f088abe\"},\"headline\":\"AtlasGlobal, TC-AGI\",\"datePublished\":\"2019-10-03T15:17:05+00:00\",\"mainEntityOfPage\":{\"@id\":\"https:\\\/\\\/www.eddh-airport.de\\\/eddhairport\\\/atlasglobal-tc-agi\\\/\"},\"wordCount\":221,\"commentCount\":0,\"publisher\":{\"@id\":\"https:\\\/\\\/www.eddh-airport.de\\\/eddhairport\\\/#organization\"},\"image\":{\"@id\":\"https:\\\/\\\/www.eddh-airport.de\\\/eddhairport\\\/atlasglobal-tc-agi\\\/#primaryimage\"},\"thumbnailUrl\":\"https:\\\/\\\/www.netairspace.cc\\\/pic\\\/351741\\\/hottestbrick_main.jpg\",\"keywords\":[\"A321\",\"A321-200\",\"Airbus\",\"Airbus A321\",\"Airbus A321-200\",\"AtlasGlobal\",\"EDDH\",\"HAM\",\"Hamburg Airport\",\"Sonderlackierung\"],\"articleSection\":[\"Movements EDDH\"],\"inLanguage\":\"de\",\"potentialAction\":[{\"@type\":\"CommentAction\",\"name\":\"Comment\",\"target\":[\"https:\\\/\\\/www.eddh-airport.de\\\/eddhairport\\\/atlasglobal-tc-agi\\\/#respond\"]}]},{\"@type\":\"WebPage\",\"@id\":\"https:\\\/\\\/www.eddh-airport.de\\\/eddhairport\\\/atlasglobal-tc-agi\\\/\",\"url\":\"https:\\\/\\\/www.eddh-airport.de\\\/eddhairport\\\/atlasglobal-tc-agi\\\/\",\"name\":\"AtlasGlobal, TC-AGI - eddh-airport\",\"isPartOf\":{\"@id\":\"https:\\\/\\\/www.eddh-airport.de\\\/eddhairport\\\/#website\"},\"primaryImageOfPage\":{\"@id\":\"https:\\\/\\\/www.eddh-airport.de\\\/eddhairport\\\/atlasglobal-tc-agi\\\/#primaryimage\"},\"image\":{\"@id\":\"https:\\\/\\\/www.eddh-airport.de\\\/eddhairport\\\/atlasglobal-tc-agi\\\/#primaryimage\"},\"thumbnailUrl\":\"https:\\\/\\\/www.netairspace.cc\\\/pic\\\/351741\\\/hottestbrick_main.jpg\",\"datePublished\":\"2019-10-03T15:17:05+00:00\",\"description\":\"Mit TC-AGI schickte die t\u00fcrkische AtlasGlobal heute einen Airbus A321 in einer Sonderlackierung an den Hamburger Flughafen.\",\"breadcrumb\":{\"@id\":\"https:\\\/\\\/www.eddh-airport.de\\\/eddhairport\\\/atlasglobal-tc-agi\\\/#breadcrumb\"},\"inLanguage\":\"de\",\"potentialAction\":[{\"@type\":\"ReadAction\",\"target\":[\"https:\\\/\\\/www.eddh-airport.de\\\/eddhairport\\\/atlasglobal-tc-agi\\\/\"]}]},{\"@type\":\"ImageObject\",\"inLanguage\":\"de\",\"@id\":\"https:\\\/\\\/www.eddh-airport.de\\\/eddhairport\\\/atlasglobal-tc-agi\\\/#primaryimage\",\"url\":\"https:\\\/\\\/www.netairspace.cc\\\/pic\\\/351741\\\/hottestbrick_main.jpg\",\"contentUrl\":\"https:\\\/\\\/www.netairspace.cc\\\/pic\\\/351741\\\/hottestbrick_main.jpg\"},{\"@type\":\"BreadcrumbList\",\"@id\":\"https:\\\/\\\/www.eddh-airport.de\\\/eddhairport\\\/atlasglobal-tc-agi\\\/#breadcrumb\",\"itemListElement\":[{\"@type\":\"ListItem\",\"position\":1,\"name\":\"Startseite\",\"item\":\"https:\\\/\\\/www.eddh-airport.de\\\/eddhairport\\\/\"},{\"@type\":\"ListItem\",\"position\":2,\"name\":\"AtlasGlobal, TC-AGI\"}]},{\"@type\":\"WebSite\",\"@id\":\"https:\\\/\\\/www.eddh-airport.de\\\/eddhairport\\\/#website\",\"url\":\"https:\\\/\\\/www.eddh-airport.de\\\/eddhairport\\\/\",\"name\":\"eddh-airport\",\"description\":\"Luftfahrtnews und Planespotting aus Hamburg\",\"publisher\":{\"@id\":\"https:\\\/\\\/www.eddh-airport.de\\\/eddhairport\\\/#organization\"},\"potentialAction\":[{\"@type\":\"SearchAction\",\"target\":{\"@type\":\"EntryPoint\",\"urlTemplate\":\"https:\\\/\\\/www.eddh-airport.de\\\/eddhairport\\\/?s={search_term_string}\"},\"query-input\":{\"@type\":\"PropertyValueSpecification\",\"valueRequired\":true,\"valueName\":\"search_term_string\"}}],\"inLanguage\":\"de\"},{\"@type\":\"Organization\",\"@id\":\"https:\\\/\\\/www.eddh-airport.de\\\/eddhairport\\\/#organization\",\"name\":\"eddh-airport\",\"url\":\"https:\\\/\\\/www.eddh-airport.de\\\/eddhairport\\\/\",\"logo\":{\"@type\":\"ImageObject\",\"inLanguage\":\"de\",\"@id\":\"https:\\\/\\\/www.eddh-airport.de\\\/eddhairport\\\/#\\\/schema\\\/logo\\\/image\\\/\",\"url\":\"https:\\\/\\\/www.eddh-airport.de\\\/eddhairport\\\/wp-content\\\/uploads\\\/2018\\\/10\\\/cropped-Neues-Logo-blau-eine-Ebene-2.jpg\",\"contentUrl\":\"https:\\\/\\\/www.eddh-airport.de\\\/eddhairport\\\/wp-content\\\/uploads\\\/2018\\\/10\\\/cropped-Neues-Logo-blau-eine-Ebene-2.jpg\",\"width\":512,\"height\":512,\"caption\":\"eddh-airport\"},\"image\":{\"@id\":\"https:\\\/\\\/www.eddh-airport.de\\\/eddhairport\\\/#\\\/schema\\\/logo\\\/image\\\/\"},\"sameAs\":[\"https:\\\/\\\/www.facebook.com\\\/eddhairport\\\/\",\"https:\\\/\\\/x.com\\\/EDDH_airport_de\",\"https:\\\/\\\/www.instagram.com\\\/eddhairport\\\/?hl=de\"]},{\"@type\":\"Person\",\"@id\":\"https:\\\/\\\/www.eddh-airport.de\\\/eddhairport\\\/#\\\/schema\\\/person\\\/69e52086d712e506636c8f4c5f088abe\",\"name\":\"Niclas Rebbelmund\",\"image\":{\"@type\":\"ImageObject\",\"inLanguage\":\"de\",\"@id\":\"https:\\\/\\\/secure.gravatar.com\\\/avatar\\\/d84f2b77774e9493691ea91c216d4e4e5412d631f5fe9806ac1d1d54bd3c30cb?s=96&d=mm&r=g\",\"url\":\"https:\\\/\\\/secure.gravatar.com\\\/avatar\\\/d84f2b77774e9493691ea91c216d4e4e5412d631f5fe9806ac1d1d54bd3c30cb?s=96&d=mm&r=g\",\"contentUrl\":\"https:\\\/\\\/secure.gravatar.com\\\/avatar\\\/d84f2b77774e9493691ea91c216d4e4e5412d631f5fe9806ac1d1d54bd3c30cb?s=96&d=mm&r=g\",\"caption\":\"Niclas Rebbelmund\"},\"description\":\"34 Jahre, Team Nikon, Aviation &amp; Fotografie Enthusiast\",\"sameAs\":[\"https:\\\/\\\/www.instagram.com\\\/niclashco\\\/\"],\"url\":\"https:\\\/\\\/www.eddh-airport.de\\\/eddhairport\\\/author\\\/niclas-rebbelmund\\\/\"}]}<\/script>\n<!-- \/ Yoast SEO plugin. -->","yoast_head_json":{"title":"AtlasGlobal, TC-AGI - eddh-airport","description":"Mit TC-AGI schickte die t\u00fcrkische AtlasGlobal heute einen Airbus A321 in einer Sonderlackierung an den Hamburger Flughafen.","robots":{"index":"index","follow":"follow","max-snippet":"max-snippet:-1","max-image-preview":"max-image-preview:large","max-video-preview":"max-video-preview:-1"},"canonical":"https:\/\/www.eddh-airport.de\/eddhairport\/atlasglobal-tc-agi\/","og_locale":"de_DE","og_type":"article","og_title":"AtlasGlobal, TC-AGI - eddh-airport","og_description":"Mit TC-AGI schickte die t\u00fcrkische AtlasGlobal heute einen Airbus A321 in einer Sonderlackierung an den Hamburger Flughafen.","og_url":"https:\/\/www.eddh-airport.de\/eddhairport\/atlasglobal-tc-agi\/","og_site_name":"eddh-airport","article_publisher":"https:\/\/www.facebook.com\/eddhairport\/","article_published_time":"2019-10-03T15:17:05+00:00","og_image":[{"url":"https:\/\/www.netairspace.cc\/pic\/351741\/hottestbrick_main.jpg","type":"","width":"","height":""}],"author":"Niclas Rebbelmund","twitter_card":"summary_large_image","twitter_creator":"@EDDH_airport_de","twitter_site":"@EDDH_airport_de","twitter_misc":{"Verfasst von":"Niclas Rebbelmund","Gesch\u00e4tzte Lesezeit":"1\u00a0Minute"},"schema":{"@context":"https:\/\/schema.org","@graph":[{"@type":"Article","@id":"https:\/\/www.eddh-airport.de\/eddhairport\/atlasglobal-tc-agi\/#article","isPartOf":{"@id":"https:\/\/www.eddh-airport.de\/eddhairport\/atlasglobal-tc-agi\/"},"author":{"name":"Niclas Rebbelmund","@id":"https:\/\/www.eddh-airport.de\/eddhairport\/#\/schema\/person\/69e52086d712e506636c8f4c5f088abe"},"headline":"AtlasGlobal, TC-AGI","datePublished":"2019-10-03T15:17:05+00:00","mainEntityOfPage":{"@id":"https:\/\/www.eddh-airport.de\/eddhairport\/atlasglobal-tc-agi\/"},"wordCount":221,"commentCount":0,"publisher":{"@id":"https:\/\/www.eddh-airport.de\/eddhairport\/#organization"},"image":{"@id":"https:\/\/www.eddh-airport.de\/eddhairport\/atlasglobal-tc-agi\/#primaryimage"},"thumbnailUrl":"https:\/\/www.netairspace.cc\/pic\/351741\/hottestbrick_main.jpg","keywords":["A321","A321-200","Airbus","Airbus A321","Airbus A321-200","AtlasGlobal","EDDH","HAM","Hamburg Airport","Sonderlackierung"],"articleSection":["Movements EDDH"],"inLanguage":"de","potentialAction":[{"@type":"CommentAction","name":"Comment","target":["https:\/\/www.eddh-airport.de\/eddhairport\/atlasglobal-tc-agi\/#respond"]}]},{"@type":"WebPage","@id":"https:\/\/www.eddh-airport.de\/eddhairport\/atlasglobal-tc-agi\/","url":"https:\/\/www.eddh-airport.de\/eddhairport\/atlasglobal-tc-agi\/","name":"AtlasGlobal, TC-AGI - eddh-airport","isPartOf":{"@id":"https:\/\/www.eddh-airport.de\/eddhairport\/#website"},"primaryImageOfPage":{"@id":"https:\/\/www.eddh-airport.de\/eddhairport\/atlasglobal-tc-agi\/#primaryimage"},"image":{"@id":"https:\/\/www.eddh-airport.de\/eddhairport\/atlasglobal-tc-agi\/#primaryimage"},"thumbnailUrl":"https:\/\/www.netairspace.cc\/pic\/351741\/hottestbrick_main.jpg","datePublished":"2019-10-03T15:17:05+00:00","description":"Mit TC-AGI schickte die t\u00fcrkische AtlasGlobal heute einen Airbus A321 in einer Sonderlackierung an den Hamburger Flughafen.","breadcrumb":{"@id":"https:\/\/www.eddh-airport.de\/eddhairport\/atlasglobal-tc-agi\/#breadcrumb"},"inLanguage":"de","potentialAction":[{"@type":"ReadAction","target":["https:\/\/www.eddh-airport.de\/eddhairport\/atlasglobal-tc-agi\/"]}]},{"@type":"ImageObject","inLanguage":"de","@id":"https:\/\/www.eddh-airport.de\/eddhairport\/atlasglobal-tc-agi\/#primaryimage","url":"https:\/\/www.netairspace.cc\/pic\/351741\/hottestbrick_main.jpg","contentUrl":"https:\/\/www.netairspace.cc\/pic\/351741\/hottestbrick_main.jpg"},{"@type":"BreadcrumbList","@id":"https:\/\/www.eddh-airport.de\/eddhairport\/atlasglobal-tc-agi\/#breadcrumb","itemListElement":[{"@type":"ListItem","position":1,"name":"Startseite","item":"https:\/\/www.eddh-airport.de\/eddhairport\/"},{"@type":"ListItem","position":2,"name":"AtlasGlobal, TC-AGI"}]},{"@type":"WebSite","@id":"https:\/\/www.eddh-airport.de\/eddhairport\/#website","url":"https:\/\/www.eddh-airport.de\/eddhairport\/","name":"eddh-airport","description":"Luftfahrtnews und Planespotting aus Hamburg","publisher":{"@id":"https:\/\/www.eddh-airport.de\/eddhairport\/#organization"},"potentialAction":[{"@type":"SearchAction","target":{"@type":"EntryPoint","urlTemplate":"https:\/\/www.eddh-airport.de\/eddhairport\/?s={search_term_string}"},"query-input":{"@type":"PropertyValueSpecification","valueRequired":true,"valueName":"search_term_string"}}],"inLanguage":"de"},{"@type":"Organization","@id":"https:\/\/www.eddh-airport.de\/eddhairport\/#organization","name":"eddh-airport","url":"https:\/\/www.eddh-airport.de\/eddhairport\/","logo":{"@type":"ImageObject","inLanguage":"de","@id":"https:\/\/www.eddh-airport.de\/eddhairport\/#\/schema\/logo\/image\/","url":"https:\/\/www.eddh-airport.de\/eddhairport\/wp-content\/uploads\/2018\/10\/cropped-Neues-Logo-blau-eine-Ebene-2.jpg","contentUrl":"https:\/\/www.eddh-airport.de\/eddhairport\/wp-content\/uploads\/2018\/10\/cropped-Neues-Logo-blau-eine-Ebene-2.jpg","width":512,"height":512,"caption":"eddh-airport"},"image":{"@id":"https:\/\/www.eddh-airport.de\/eddhairport\/#\/schema\/logo\/image\/"},"sameAs":["https:\/\/www.facebook.com\/eddhairport\/","https:\/\/x.com\/EDDH_airport_de","https:\/\/www.instagram.com\/eddhairport\/?hl=de"]},{"@type":"Person","@id":"https:\/\/www.eddh-airport.de\/eddhairport\/#\/schema\/person\/69e52086d712e506636c8f4c5f088abe","name":"Niclas Rebbelmund","image":{"@type":"ImageObject","inLanguage":"de","@id":"https:\/\/secure.gravatar.com\/avatar\/d84f2b77774e9493691ea91c216d4e4e5412d631f5fe9806ac1d1d54bd3c30cb?s=96&d=mm&r=g","url":"https:\/\/secure.gravatar.com\/avatar\/d84f2b77774e9493691ea91c216d4e4e5412d631f5fe9806ac1d1d54bd3c30cb?s=96&d=mm&r=g","contentUrl":"https:\/\/secure.gravatar.com\/avatar\/d84f2b77774e9493691ea91c216d4e4e5412d631f5fe9806ac1d1d54bd3c30cb?s=96&d=mm&r=g","caption":"Niclas Rebbelmund"},"description":"34 Jahre, Team Nikon, Aviation &amp; Fotografie Enthusiast","sameAs":["https:\/\/www.instagram.com\/niclashco\/"],"url":"https:\/\/www.eddh-airport.de\/eddhairport\/author\/niclas-rebbelmund\/"}]}},"_links":{"self":[{"href":"https:\/\/www.eddh-airport.de\/eddhairport\/wp-json\/wp\/v2\/posts\/2477","targetHints":{"allow":["GET"]}}],"collection":[{"href":"https:\/\/www.eddh-airport.de\/eddhairport\/wp-json\/wp\/v2\/posts"}],"about":[{"href":"https:\/\/www.eddh-airport.de\/eddhairport\/wp-json\/wp\/v2\/types\/post"}],"author":[{"embeddable":true,"href":"https:\/\/www.eddh-airport.de\/eddhairport\/wp-json\/wp\/v2\/users\/3"}],"replies":[{"embeddable":true,"href":"https:\/\/www.eddh-airport.de\/eddhairport\/wp-json\/wp\/v2\/comments?post=2477"}],"version-history":[{"count":1,"href":"https:\/\/www.eddh-airport.de\/eddhairport\/wp-json\/wp\/v2\/posts\/2477\/revisions"}],"predecessor-version":[{"id":2478,"href":"https:\/\/www.eddh-airport.de\/eddhairport\/wp-json\/wp\/v2\/posts\/2477\/revisions\/2478"}],"wp:attachment":[{"href":"https:\/\/www.eddh-airport.de\/eddhairport\/wp-json\/wp\/v2\/media?parent=2477"}],"wp:term":[{"taxonomy":"category","embeddable":true,"href":"https:\/\/www.eddh-airport.de\/eddhairport\/wp-json\/wp\/v2\/categories?post=2477"},{"taxonomy":"post_tag","embeddable":true,"href":"https:\/\/www.eddh-airport.de\/eddhairport\/wp-json\/wp\/v2\/tags?post=2477"}],"curies":[{"name":"wp","href":"https:\/\/api.w.org\/{rel}","templated":true}]}}