{"id":1585,"date":"2019-05-14T18:21:36","date_gmt":"2019-05-14T16:21:36","guid":{"rendered":"https:\/\/www.eddh-airport.de\/eddhairport\/?p=1585"},"modified":"2019-08-08T08:52:16","modified_gmt":"2019-08-08T06:52:16","slug":"la-compagnie-d-avzp-f-hbuz","status":"publish","type":"post","link":"https:\/\/www.eddh-airport.de\/eddhairport\/la-compagnie-d-avzp-f-hbuz\/","title":{"rendered":"La Compagnie, D-AVZP (F-HBUZ)"},"content":{"rendered":"<h6>La Compagnie, D-AVZP (F-HBUZ)<\/h6>\n<p>F\u00fcr ein wenig Farbe am Himmel sorgte heute der erste Airbus A321-251NX f\u00fcr die franz\u00f6sische La Compagnie. Der Zweistrahler hob um kurz nach halb Neun am Morgen zu seinem Erstflug in Finkenwerder (XFW) ab. Von dort ging es Richtung Mecklenburg Vorpommern und Brandenburg, wo das Flugzeug in gl\u00e4nzender stahlblauer Lackierung ein umfassendes Testprogramm absolvierte. Nat\u00fcrlich durfte der obligatorische Low Approach am Hamburger Flughafen nicht fehlen. Dort setzte der Airbus mit der Testkennung D-AVZP um kurz vor 12 am Mittag zur Landung an, bevor die zuk\u00fcnftige F-HBUZ wieder durchstartete und zur\u00fcck nach Finkenwerder flog.<\/p>\n<p><a href=\"https:\/\/netairspace.cc\/pic\/319919\/\"><img decoding=\"async\" src=\"https:\/\/netairspace.cc\/pic\/319919\/hottestbrick_main.jpg\" alt=\"Aviation photo\" \/><\/a><br \/>\n<a href=\"https:\/\/netairspace.cc\/pic\/319919\/\"><span style=\"font-size: xx-small;\">D-AVZP at Hamburg &#8211; Fuhlsbuettel (Helmut Schmidt)<br \/>\nby Niclas Rebbelmund on netAirspace.cc<\/span><\/a><\/p>\n<p>Der Airbus A321neo soll die zwei in die Jahre gekommenen Boeing 757 der franz\u00f6sischen Gesellschaft ersetzt. Diese fliegen in kompletter Business-Class-Ausstattung meist zwischen Paris und New York. Nach seiner Auslieferung wird der Airbus die Registrierung F-HBUZ erhalten und 76 Passagieren in ausschlie\u00dflicher Business-Class Platz bieten. Ein Konzept was aktuell eher selten am Himmel zu beobachten ist, aber aufzugehen scheint.<\/p>\n","protected":false},"excerpt":{"rendered":"<p>La Compagnie, D-AVZP (F-HBUZ) F\u00fcr ein wenig Farbe am Himmel sorgte heute der erste Airbus A321-251NX f\u00fcr die franz\u00f6sische La Compagnie. Der Zweistrahler hob um kurz nach halb Neun am Morgen zu seinem Erstflug in Finkenwerder (XFW) ab. Von dort ging es Richtung Mecklenburg Vorpommern und Brandenburg, wo das Flugzeug in gl\u00e4nzender stahlblauer Lackierung ein [&hellip;]<\/p>\n","protected":false},"author":3,"featured_media":0,"comment_status":"open","ping_status":"open","sticky":false,"template":"","format":"standard","meta":{"_monsterinsights_skip_tracking":false,"_monsterinsights_sitenote_active":false,"_monsterinsights_sitenote_note":"","_monsterinsights_sitenote_category":0,"site-sidebar-layout":"default","site-content-layout":"","ast-site-content-layout":"default","site-content-style":"default","site-sidebar-style":"default","ast-global-header-display":"","ast-banner-title-visibility":"","ast-main-header-display":"","ast-hfb-above-header-display":"","ast-hfb-below-header-display":"","ast-hfb-mobile-header-display":"","site-post-title":"","ast-breadcrumbs-content":"","ast-featured-img":"","footer-sml-layout":"","ast-disable-related-posts":"","theme-transparent-header-meta":"","adv-header-id-meta":"","stick-header-meta":"","header-above-stick-meta":"","header-main-stick-meta":"","header-below-stick-meta":"","astra-migrate-meta-layouts":"default","ast-page-background-enabled":"default","ast-page-background-meta":{"desktop":{"background-color":"","background-image":"","background-repeat":"repeat","background-position":"center center","background-size":"auto","background-attachment":"scroll","background-type":"","background-media":"","overlay-type":"","overlay-color":"","overlay-opacity":"","overlay-gradient":""},"tablet":{"background-color":"","background-image":"","background-repeat":"repeat","background-position":"center center","background-size":"auto","background-attachment":"scroll","background-type":"","background-media":"","overlay-type":"","overlay-color":"","overlay-opacity":"","overlay-gradient":""},"mobile":{"background-color":"","background-image":"","background-repeat":"repeat","background-position":"center center","background-size":"auto","background-attachment":"scroll","background-type":"","background-media":"","overlay-type":"","overlay-color":"","overlay-opacity":"","overlay-gradient":""}},"ast-content-background-meta":{"desktop":{"background-color":"var(--ast-global-color-5)","background-image":"","background-repeat":"repeat","background-position":"center center","background-size":"auto","background-attachment":"scroll","background-type":"","background-media":"","overlay-type":"","overlay-color":"","overlay-opacity":"","overlay-gradient":""},"tablet":{"background-color":"var(--ast-global-color-5)","background-image":"","background-repeat":"repeat","background-position":"center center","background-size":"auto","background-attachment":"scroll","background-type":"","background-media":"","overlay-type":"","overlay-color":"","overlay-opacity":"","overlay-gradient":""},"mobile":{"background-color":"var(--ast-global-color-5)","background-image":"","background-repeat":"repeat","background-position":"center center","background-size":"auto","background-attachment":"scroll","background-type":"","background-media":"","overlay-type":"","overlay-color":"","overlay-opacity":"","overlay-gradient":""}},"footnotes":""},"categories":[8],"tags":[13,14,12,471,517,10,11,90,516,50],"class_list":["post-1585","post","type-post","status-publish","format-standard","hentry","category-movements-eddh","tag-a321","tag-a321neo","tag-airbus","tag-airbus-a321","tag-airbus-a321neo","tag-eddh","tag-ham","tag-hamburg-airport","tag-la-compagnie","tag-testflug"],"yoast_head":"<!-- This site is optimized with the Yoast SEO plugin v27.4 - https:\/\/yoast.com\/product\/yoast-seo-wordpress\/ -->\n<title>La Compagnie, D-AVZP (F-HBUZ) - eddh-airport<\/title>\n<meta name=\"description\" content=\"Am heutigen Mittag setzte ein Airbus A321neo der franz\u00f6isichen La Compagnie mit der zuk\u00fcnftigen Kennung F-HBUZ zur Landung am Hamburg Airport an.\" \/>\n<meta name=\"robots\" content=\"index, follow, max-snippet:-1, max-image-preview:large, max-video-preview:-1\" \/>\n<link rel=\"canonical\" href=\"https:\/\/www.eddh-airport.de\/eddhairport\/la-compagnie-d-avzp-f-hbuz\/\" \/>\n<meta property=\"og:locale\" content=\"de_DE\" \/>\n<meta property=\"og:type\" content=\"article\" \/>\n<meta property=\"og:title\" content=\"La Compagnie, D-AVZP (F-HBUZ) - eddh-airport\" \/>\n<meta property=\"og:description\" content=\"Am heutigen Mittag setzte ein Airbus A321neo der franz\u00f6isichen La Compagnie mit der zuk\u00fcnftigen Kennung F-HBUZ zur Landung am Hamburg Airport an.\" \/>\n<meta property=\"og:url\" content=\"https:\/\/www.eddh-airport.de\/eddhairport\/la-compagnie-d-avzp-f-hbuz\/\" \/>\n<meta property=\"og:site_name\" content=\"eddh-airport\" \/>\n<meta property=\"article:publisher\" content=\"https:\/\/www.facebook.com\/eddhairport\/\" \/>\n<meta property=\"article:published_time\" content=\"2019-05-14T16:21:36+00:00\" \/>\n<meta property=\"article:modified_time\" content=\"2019-08-08T06:52:16+00:00\" \/>\n<meta property=\"og:image\" content=\"https:\/\/netairspace.cc\/pic\/319919\/hottestbrick_main.jpg\" \/>\n<meta name=\"author\" content=\"Niclas Rebbelmund\" \/>\n<meta name=\"twitter:card\" content=\"summary_large_image\" \/>\n<meta name=\"twitter:creator\" content=\"@EDDH_airport_de\" \/>\n<meta name=\"twitter:site\" content=\"@EDDH_airport_de\" \/>\n<meta name=\"twitter:label1\" content=\"Verfasst von\" \/>\n\t<meta name=\"twitter:data1\" content=\"Niclas Rebbelmund\" \/>\n\t<meta name=\"twitter:label2\" content=\"Gesch\u00e4tzte Lesezeit\" \/>\n\t<meta name=\"twitter:data2\" content=\"1\u00a0Minute\" \/>\n<script type=\"application\/ld+json\" class=\"yoast-schema-graph\">{\"@context\":\"https:\\\/\\\/schema.org\",\"@graph\":[{\"@type\":\"Article\",\"@id\":\"https:\\\/\\\/www.eddh-airport.de\\\/eddhairport\\\/la-compagnie-d-avzp-f-hbuz\\\/#article\",\"isPartOf\":{\"@id\":\"https:\\\/\\\/www.eddh-airport.de\\\/eddhairport\\\/la-compagnie-d-avzp-f-hbuz\\\/\"},\"author\":{\"name\":\"Niclas Rebbelmund\",\"@id\":\"https:\\\/\\\/www.eddh-airport.de\\\/eddhairport\\\/#\\\/schema\\\/person\\\/69e52086d712e506636c8f4c5f088abe\"},\"headline\":\"La Compagnie, D-AVZP (F-HBUZ)\",\"datePublished\":\"2019-05-14T16:21:36+00:00\",\"dateModified\":\"2019-08-08T06:52:16+00:00\",\"mainEntityOfPage\":{\"@id\":\"https:\\\/\\\/www.eddh-airport.de\\\/eddhairport\\\/la-compagnie-d-avzp-f-hbuz\\\/\"},\"wordCount\":182,\"commentCount\":0,\"publisher\":{\"@id\":\"https:\\\/\\\/www.eddh-airport.de\\\/eddhairport\\\/#organization\"},\"image\":{\"@id\":\"https:\\\/\\\/www.eddh-airport.de\\\/eddhairport\\\/la-compagnie-d-avzp-f-hbuz\\\/#primaryimage\"},\"thumbnailUrl\":\"https:\\\/\\\/netairspace.cc\\\/pic\\\/319919\\\/hottestbrick_main.jpg\",\"keywords\":[\"A321\",\"A321Neo\",\"Airbus\",\"Airbus A321\",\"Airbus A321neo\",\"EDDH\",\"HAM\",\"Hamburg Airport\",\"La Compagnie\",\"Testflug\"],\"articleSection\":[\"Movements EDDH\"],\"inLanguage\":\"de\",\"potentialAction\":[{\"@type\":\"CommentAction\",\"name\":\"Comment\",\"target\":[\"https:\\\/\\\/www.eddh-airport.de\\\/eddhairport\\\/la-compagnie-d-avzp-f-hbuz\\\/#respond\"]}]},{\"@type\":\"WebPage\",\"@id\":\"https:\\\/\\\/www.eddh-airport.de\\\/eddhairport\\\/la-compagnie-d-avzp-f-hbuz\\\/\",\"url\":\"https:\\\/\\\/www.eddh-airport.de\\\/eddhairport\\\/la-compagnie-d-avzp-f-hbuz\\\/\",\"name\":\"La Compagnie, D-AVZP (F-HBUZ) - eddh-airport\",\"isPartOf\":{\"@id\":\"https:\\\/\\\/www.eddh-airport.de\\\/eddhairport\\\/#website\"},\"primaryImageOfPage\":{\"@id\":\"https:\\\/\\\/www.eddh-airport.de\\\/eddhairport\\\/la-compagnie-d-avzp-f-hbuz\\\/#primaryimage\"},\"image\":{\"@id\":\"https:\\\/\\\/www.eddh-airport.de\\\/eddhairport\\\/la-compagnie-d-avzp-f-hbuz\\\/#primaryimage\"},\"thumbnailUrl\":\"https:\\\/\\\/netairspace.cc\\\/pic\\\/319919\\\/hottestbrick_main.jpg\",\"datePublished\":\"2019-05-14T16:21:36+00:00\",\"dateModified\":\"2019-08-08T06:52:16+00:00\",\"description\":\"Am heutigen Mittag setzte ein Airbus A321neo der franz\u00f6isichen La Compagnie mit der zuk\u00fcnftigen Kennung F-HBUZ zur Landung am Hamburg Airport an.\",\"breadcrumb\":{\"@id\":\"https:\\\/\\\/www.eddh-airport.de\\\/eddhairport\\\/la-compagnie-d-avzp-f-hbuz\\\/#breadcrumb\"},\"inLanguage\":\"de\",\"potentialAction\":[{\"@type\":\"ReadAction\",\"target\":[\"https:\\\/\\\/www.eddh-airport.de\\\/eddhairport\\\/la-compagnie-d-avzp-f-hbuz\\\/\"]}]},{\"@type\":\"ImageObject\",\"inLanguage\":\"de\",\"@id\":\"https:\\\/\\\/www.eddh-airport.de\\\/eddhairport\\\/la-compagnie-d-avzp-f-hbuz\\\/#primaryimage\",\"url\":\"https:\\\/\\\/netairspace.cc\\\/pic\\\/319919\\\/hottestbrick_main.jpg\",\"contentUrl\":\"https:\\\/\\\/netairspace.cc\\\/pic\\\/319919\\\/hottestbrick_main.jpg\"},{\"@type\":\"BreadcrumbList\",\"@id\":\"https:\\\/\\\/www.eddh-airport.de\\\/eddhairport\\\/la-compagnie-d-avzp-f-hbuz\\\/#breadcrumb\",\"itemListElement\":[{\"@type\":\"ListItem\",\"position\":1,\"name\":\"Startseite\",\"item\":\"https:\\\/\\\/www.eddh-airport.de\\\/eddhairport\\\/\"},{\"@type\":\"ListItem\",\"position\":2,\"name\":\"La Compagnie, D-AVZP (F-HBUZ)\"}]},{\"@type\":\"WebSite\",\"@id\":\"https:\\\/\\\/www.eddh-airport.de\\\/eddhairport\\\/#website\",\"url\":\"https:\\\/\\\/www.eddh-airport.de\\\/eddhairport\\\/\",\"name\":\"eddh-airport\",\"description\":\"Luftfahrtnews und Planespotting aus Hamburg\",\"publisher\":{\"@id\":\"https:\\\/\\\/www.eddh-airport.de\\\/eddhairport\\\/#organization\"},\"potentialAction\":[{\"@type\":\"SearchAction\",\"target\":{\"@type\":\"EntryPoint\",\"urlTemplate\":\"https:\\\/\\\/www.eddh-airport.de\\\/eddhairport\\\/?s={search_term_string}\"},\"query-input\":{\"@type\":\"PropertyValueSpecification\",\"valueRequired\":true,\"valueName\":\"search_term_string\"}}],\"inLanguage\":\"de\"},{\"@type\":\"Organization\",\"@id\":\"https:\\\/\\\/www.eddh-airport.de\\\/eddhairport\\\/#organization\",\"name\":\"eddh-airport\",\"url\":\"https:\\\/\\\/www.eddh-airport.de\\\/eddhairport\\\/\",\"logo\":{\"@type\":\"ImageObject\",\"inLanguage\":\"de\",\"@id\":\"https:\\\/\\\/www.eddh-airport.de\\\/eddhairport\\\/#\\\/schema\\\/logo\\\/image\\\/\",\"url\":\"https:\\\/\\\/www.eddh-airport.de\\\/eddhairport\\\/wp-content\\\/uploads\\\/2018\\\/10\\\/cropped-Neues-Logo-blau-eine-Ebene-2.jpg\",\"contentUrl\":\"https:\\\/\\\/www.eddh-airport.de\\\/eddhairport\\\/wp-content\\\/uploads\\\/2018\\\/10\\\/cropped-Neues-Logo-blau-eine-Ebene-2.jpg\",\"width\":512,\"height\":512,\"caption\":\"eddh-airport\"},\"image\":{\"@id\":\"https:\\\/\\\/www.eddh-airport.de\\\/eddhairport\\\/#\\\/schema\\\/logo\\\/image\\\/\"},\"sameAs\":[\"https:\\\/\\\/www.facebook.com\\\/eddhairport\\\/\",\"https:\\\/\\\/x.com\\\/EDDH_airport_de\",\"https:\\\/\\\/www.instagram.com\\\/eddhairport\\\/?hl=de\"]},{\"@type\":\"Person\",\"@id\":\"https:\\\/\\\/www.eddh-airport.de\\\/eddhairport\\\/#\\\/schema\\\/person\\\/69e52086d712e506636c8f4c5f088abe\",\"name\":\"Niclas Rebbelmund\",\"image\":{\"@type\":\"ImageObject\",\"inLanguage\":\"de\",\"@id\":\"https:\\\/\\\/secure.gravatar.com\\\/avatar\\\/d84f2b77774e9493691ea91c216d4e4e5412d631f5fe9806ac1d1d54bd3c30cb?s=96&d=mm&r=g\",\"url\":\"https:\\\/\\\/secure.gravatar.com\\\/avatar\\\/d84f2b77774e9493691ea91c216d4e4e5412d631f5fe9806ac1d1d54bd3c30cb?s=96&d=mm&r=g\",\"contentUrl\":\"https:\\\/\\\/secure.gravatar.com\\\/avatar\\\/d84f2b77774e9493691ea91c216d4e4e5412d631f5fe9806ac1d1d54bd3c30cb?s=96&d=mm&r=g\",\"caption\":\"Niclas Rebbelmund\"},\"description\":\"34 Jahre, Team Nikon, Aviation &amp; Fotografie Enthusiast\",\"sameAs\":[\"https:\\\/\\\/www.instagram.com\\\/niclashco\\\/\"],\"url\":\"https:\\\/\\\/www.eddh-airport.de\\\/eddhairport\\\/author\\\/niclas-rebbelmund\\\/\"}]}<\/script>\n<!-- \/ Yoast SEO plugin. -->","yoast_head_json":{"title":"La Compagnie, D-AVZP (F-HBUZ) - eddh-airport","description":"Am heutigen Mittag setzte ein Airbus A321neo der franz\u00f6isichen La Compagnie mit der zuk\u00fcnftigen Kennung F-HBUZ zur Landung am Hamburg Airport an.","robots":{"index":"index","follow":"follow","max-snippet":"max-snippet:-1","max-image-preview":"max-image-preview:large","max-video-preview":"max-video-preview:-1"},"canonical":"https:\/\/www.eddh-airport.de\/eddhairport\/la-compagnie-d-avzp-f-hbuz\/","og_locale":"de_DE","og_type":"article","og_title":"La Compagnie, D-AVZP (F-HBUZ) - eddh-airport","og_description":"Am heutigen Mittag setzte ein Airbus A321neo der franz\u00f6isichen La Compagnie mit der zuk\u00fcnftigen Kennung F-HBUZ zur Landung am Hamburg Airport an.","og_url":"https:\/\/www.eddh-airport.de\/eddhairport\/la-compagnie-d-avzp-f-hbuz\/","og_site_name":"eddh-airport","article_publisher":"https:\/\/www.facebook.com\/eddhairport\/","article_published_time":"2019-05-14T16:21:36+00:00","article_modified_time":"2019-08-08T06:52:16+00:00","og_image":[{"url":"https:\/\/netairspace.cc\/pic\/319919\/hottestbrick_main.jpg","type":"","width":"","height":""}],"author":"Niclas Rebbelmund","twitter_card":"summary_large_image","twitter_creator":"@EDDH_airport_de","twitter_site":"@EDDH_airport_de","twitter_misc":{"Verfasst von":"Niclas Rebbelmund","Gesch\u00e4tzte Lesezeit":"1\u00a0Minute"},"schema":{"@context":"https:\/\/schema.org","@graph":[{"@type":"Article","@id":"https:\/\/www.eddh-airport.de\/eddhairport\/la-compagnie-d-avzp-f-hbuz\/#article","isPartOf":{"@id":"https:\/\/www.eddh-airport.de\/eddhairport\/la-compagnie-d-avzp-f-hbuz\/"},"author":{"name":"Niclas Rebbelmund","@id":"https:\/\/www.eddh-airport.de\/eddhairport\/#\/schema\/person\/69e52086d712e506636c8f4c5f088abe"},"headline":"La Compagnie, D-AVZP (F-HBUZ)","datePublished":"2019-05-14T16:21:36+00:00","dateModified":"2019-08-08T06:52:16+00:00","mainEntityOfPage":{"@id":"https:\/\/www.eddh-airport.de\/eddhairport\/la-compagnie-d-avzp-f-hbuz\/"},"wordCount":182,"commentCount":0,"publisher":{"@id":"https:\/\/www.eddh-airport.de\/eddhairport\/#organization"},"image":{"@id":"https:\/\/www.eddh-airport.de\/eddhairport\/la-compagnie-d-avzp-f-hbuz\/#primaryimage"},"thumbnailUrl":"https:\/\/netairspace.cc\/pic\/319919\/hottestbrick_main.jpg","keywords":["A321","A321Neo","Airbus","Airbus A321","Airbus A321neo","EDDH","HAM","Hamburg Airport","La Compagnie","Testflug"],"articleSection":["Movements EDDH"],"inLanguage":"de","potentialAction":[{"@type":"CommentAction","name":"Comment","target":["https:\/\/www.eddh-airport.de\/eddhairport\/la-compagnie-d-avzp-f-hbuz\/#respond"]}]},{"@type":"WebPage","@id":"https:\/\/www.eddh-airport.de\/eddhairport\/la-compagnie-d-avzp-f-hbuz\/","url":"https:\/\/www.eddh-airport.de\/eddhairport\/la-compagnie-d-avzp-f-hbuz\/","name":"La Compagnie, D-AVZP (F-HBUZ) - eddh-airport","isPartOf":{"@id":"https:\/\/www.eddh-airport.de\/eddhairport\/#website"},"primaryImageOfPage":{"@id":"https:\/\/www.eddh-airport.de\/eddhairport\/la-compagnie-d-avzp-f-hbuz\/#primaryimage"},"image":{"@id":"https:\/\/www.eddh-airport.de\/eddhairport\/la-compagnie-d-avzp-f-hbuz\/#primaryimage"},"thumbnailUrl":"https:\/\/netairspace.cc\/pic\/319919\/hottestbrick_main.jpg","datePublished":"2019-05-14T16:21:36+00:00","dateModified":"2019-08-08T06:52:16+00:00","description":"Am heutigen Mittag setzte ein Airbus A321neo der franz\u00f6isichen La Compagnie mit der zuk\u00fcnftigen Kennung F-HBUZ zur Landung am Hamburg Airport an.","breadcrumb":{"@id":"https:\/\/www.eddh-airport.de\/eddhairport\/la-compagnie-d-avzp-f-hbuz\/#breadcrumb"},"inLanguage":"de","potentialAction":[{"@type":"ReadAction","target":["https:\/\/www.eddh-airport.de\/eddhairport\/la-compagnie-d-avzp-f-hbuz\/"]}]},{"@type":"ImageObject","inLanguage":"de","@id":"https:\/\/www.eddh-airport.de\/eddhairport\/la-compagnie-d-avzp-f-hbuz\/#primaryimage","url":"https:\/\/netairspace.cc\/pic\/319919\/hottestbrick_main.jpg","contentUrl":"https:\/\/netairspace.cc\/pic\/319919\/hottestbrick_main.jpg"},{"@type":"BreadcrumbList","@id":"https:\/\/www.eddh-airport.de\/eddhairport\/la-compagnie-d-avzp-f-hbuz\/#breadcrumb","itemListElement":[{"@type":"ListItem","position":1,"name":"Startseite","item":"https:\/\/www.eddh-airport.de\/eddhairport\/"},{"@type":"ListItem","position":2,"name":"La Compagnie, D-AVZP (F-HBUZ)"}]},{"@type":"WebSite","@id":"https:\/\/www.eddh-airport.de\/eddhairport\/#website","url":"https:\/\/www.eddh-airport.de\/eddhairport\/","name":"eddh-airport","description":"Luftfahrtnews und Planespotting aus Hamburg","publisher":{"@id":"https:\/\/www.eddh-airport.de\/eddhairport\/#organization"},"potentialAction":[{"@type":"SearchAction","target":{"@type":"EntryPoint","urlTemplate":"https:\/\/www.eddh-airport.de\/eddhairport\/?s={search_term_string}"},"query-input":{"@type":"PropertyValueSpecification","valueRequired":true,"valueName":"search_term_string"}}],"inLanguage":"de"},{"@type":"Organization","@id":"https:\/\/www.eddh-airport.de\/eddhairport\/#organization","name":"eddh-airport","url":"https:\/\/www.eddh-airport.de\/eddhairport\/","logo":{"@type":"ImageObject","inLanguage":"de","@id":"https:\/\/www.eddh-airport.de\/eddhairport\/#\/schema\/logo\/image\/","url":"https:\/\/www.eddh-airport.de\/eddhairport\/wp-content\/uploads\/2018\/10\/cropped-Neues-Logo-blau-eine-Ebene-2.jpg","contentUrl":"https:\/\/www.eddh-airport.de\/eddhairport\/wp-content\/uploads\/2018\/10\/cropped-Neues-Logo-blau-eine-Ebene-2.jpg","width":512,"height":512,"caption":"eddh-airport"},"image":{"@id":"https:\/\/www.eddh-airport.de\/eddhairport\/#\/schema\/logo\/image\/"},"sameAs":["https:\/\/www.facebook.com\/eddhairport\/","https:\/\/x.com\/EDDH_airport_de","https:\/\/www.instagram.com\/eddhairport\/?hl=de"]},{"@type":"Person","@id":"https:\/\/www.eddh-airport.de\/eddhairport\/#\/schema\/person\/69e52086d712e506636c8f4c5f088abe","name":"Niclas Rebbelmund","image":{"@type":"ImageObject","inLanguage":"de","@id":"https:\/\/secure.gravatar.com\/avatar\/d84f2b77774e9493691ea91c216d4e4e5412d631f5fe9806ac1d1d54bd3c30cb?s=96&d=mm&r=g","url":"https:\/\/secure.gravatar.com\/avatar\/d84f2b77774e9493691ea91c216d4e4e5412d631f5fe9806ac1d1d54bd3c30cb?s=96&d=mm&r=g","contentUrl":"https:\/\/secure.gravatar.com\/avatar\/d84f2b77774e9493691ea91c216d4e4e5412d631f5fe9806ac1d1d54bd3c30cb?s=96&d=mm&r=g","caption":"Niclas Rebbelmund"},"description":"34 Jahre, Team Nikon, Aviation &amp; Fotografie Enthusiast","sameAs":["https:\/\/www.instagram.com\/niclashco\/"],"url":"https:\/\/www.eddh-airport.de\/eddhairport\/author\/niclas-rebbelmund\/"}]}},"_links":{"self":[{"href":"https:\/\/www.eddh-airport.de\/eddhairport\/wp-json\/wp\/v2\/posts\/1585","targetHints":{"allow":["GET"]}}],"collection":[{"href":"https:\/\/www.eddh-airport.de\/eddhairport\/wp-json\/wp\/v2\/posts"}],"about":[{"href":"https:\/\/www.eddh-airport.de\/eddhairport\/wp-json\/wp\/v2\/types\/post"}],"author":[{"embeddable":true,"href":"https:\/\/www.eddh-airport.de\/eddhairport\/wp-json\/wp\/v2\/users\/3"}],"replies":[{"embeddable":true,"href":"https:\/\/www.eddh-airport.de\/eddhairport\/wp-json\/wp\/v2\/comments?post=1585"}],"version-history":[{"count":3,"href":"https:\/\/www.eddh-airport.de\/eddhairport\/wp-json\/wp\/v2\/posts\/1585\/revisions"}],"predecessor-version":[{"id":1973,"href":"https:\/\/www.eddh-airport.de\/eddhairport\/wp-json\/wp\/v2\/posts\/1585\/revisions\/1973"}],"wp:attachment":[{"href":"https:\/\/www.eddh-airport.de\/eddhairport\/wp-json\/wp\/v2\/media?parent=1585"}],"wp:term":[{"taxonomy":"category","embeddable":true,"href":"https:\/\/www.eddh-airport.de\/eddhairport\/wp-json\/wp\/v2\/categories?post=1585"},{"taxonomy":"post_tag","embeddable":true,"href":"https:\/\/www.eddh-airport.de\/eddhairport\/wp-json\/wp\/v2\/tags?post=1585"}],"curies":[{"name":"wp","href":"https:\/\/api.w.org\/{rel}","templated":true}]}}