{"id":1489,"date":"2019-04-27T16:43:13","date_gmt":"2019-04-27T14:43:13","guid":{"rendered":"https:\/\/www.eddh-airport.de\/eddhairport\/?p=1489"},"modified":"2019-08-08T13:53:29","modified_gmt":"2019-08-08T11:53:29","slug":"kreuzfahrtcharter-air-europa-neos-alitalia","status":"publish","type":"post","link":"https:\/\/www.eddh-airport.de\/eddhairport\/kreuzfahrtcharter-air-europa-neos-alitalia\/","title":{"rendered":"Kreuzfahrtcharter, Air Europa \/ Neos \/ Alitalia"},"content":{"rendered":"<h6>Kreuzfahrtcharter, Air Europa \/ Neos \/ Alitalia<\/h6>\n<p>Es ist Ende April und da hei\u00dft es: Die Kreuzfahrtcharterfl\u00fcge starten wieder am Hamburger Flughafen. Wie auch im letzten Jahr werden diese Fl\u00fcge \u00fcber die Sommermonate von S\u00fcdeuropa nach Hamburg durchgef\u00fchrt. Gleich drei Fl\u00fcge waren am heutigen Samstag von nicht allt\u00e4glichen Airlines am Airport bedient worden.<\/p>\n<h6>Air Europa, EC-MKL<\/h6>\n<p>Den Anfang machte heute um kurz nach 13 Uhr am Mittag mit EC-MKL eine Boeing 737-85P(WL) der spanischen Air Europa. Das zweistrahlige Mittelstreckenflugzeug war in der spanischen Hauptstadt Madrid (MAD) gestartet und landete \u00fcber die Landebahn 15 in Fuhlsb\u00fcttel. Erfreulich ist, dass es gleich ein Flugzeug mit einem Sondersticker zu uns an den Flughafen geschafft hat. Denn die Boeing ziert ein Jubil\u00e4umssticker zum 30 j\u00e4hrigen Bestehen der spanischen Fluggesellschaft.<\/p>\n<p><a href=\"https:\/\/netairspace.cc\/pic\/315875\/\"><img decoding=\"async\" src=\"https:\/\/netairspace.cc\/pic\/315875\/hottestbrick_main.jpg\" alt=\"Aviation photo\" \/><\/a><br \/>\n<a href=\"https:\/\/netairspace.cc\/pic\/315875\/\"><span style=\"font-size: xx-small;\">EC-MKL at Hamburg &#8211; Fuhlsbuettel (Helmut Schmidt)<br \/>\nby Niclas Rebbelmund on netAirspace.cc<\/span><\/a><\/p>\n<p>Die knapp drei Jahre alte 737 wurde am 28. Juli 2016 im amerikanischen Renton (RNT) an Air Europa ausgeliefert. Das Flugzeug bietet 12 Passagieren in der Business Class und 168 in der Economy Class Platz.<\/p>\n<h6>Neos, I-NEOX<\/h6>\n<p>Kurz auf die Boeing 737 der Air Europa folgte ebenfalls eine Boeing 737-86N(WL) der italienischen Fluggesellschaft Neos. Diese kam aus dem italienischen Mailand (MXP) und landete ebenfalls \u00fcber die Bahn 15 in Hamburg. Die blaue Farbgebung des Zweistrahlers kommt einigen sicherlich verd\u00e4chtig bekannt vor und erinnert nicht nur an eine \u00e4ltere TUI Lackierung. Denn die deutsche TUI war einer der Joint Venture Partner bei der Gr\u00fcndung der Neos im Jahre 2001.<br \/>\nErfreulicherweise wei\u00dft dieses Flugzeug nicht nur einen Sondersticker auf, sondern gleich Zwei. Den Rumpf ziert der Schriftzug &#8220;Radio Italia&#8221; der selbiges bewerben soll. Auf den Au\u00dfenseiten der Split Scimitar Winglets ist das Logo des italienischen Weinherstellers &#8220;Beni di Batasiolo&#8221; aufgebracht.<\/p>\n<p><a href=\"https:\/\/netairspace.cc\/pic\/315878\/\"><img decoding=\"async\" src=\"https:\/\/netairspace.cc\/pic\/315878\/hottestbrick_main.jpg\" alt=\"Aviation photo\" \/><\/a><br \/>\n<a href=\"https:\/\/netairspace.cc\/pic\/315878\/\"><span style=\"font-size: xx-small;\">I-NEOX at Hamburg &#8211; Fuhlsbuettel (Helmut Schmidt)<br \/>\nby Niclas Rebbelmund on netAirspace.cc<\/span><\/a><\/p>\n<p>Die mehr als 15 Jahre alte Boeing 737 wurde am 20. April 2004 im amerikanischen Renton (RNT) an Neos \u00fcbergeben. Diese konfigurierte das Flugzeug mit 186 Sitzen und gab ihm den Taufnamen &#8220;Citt\u00e0 di Bologna&#8221;.<\/p>\n<h6>Alitalia, EI-IXZ<\/h6>\n<p>Als letzter der drei Charterfl\u00fcge landete mit EI-IXZ ein Airbus A321-112 der italienischen Alitalia aus Rom (FCO) kommend. Der Airbus ist eines der wenigen Flugzeuge in der Flotte der Italiener mit der markanten alten Lackierung.<\/p>\n<p><a href=\"https:\/\/netairspace.cc\/pic\/315890\/\"><img decoding=\"async\" src=\"https:\/\/netairspace.cc\/pic\/315890\/hottestbrick_main.jpg\" alt=\"Aviation photo\" \/><\/a><br \/>\n<a href=\"https:\/\/netairspace.cc\/pic\/315890\/\"><span style=\"font-size: xx-small;\">EI-IXZ at Hamburg &#8211; Fuhlsbuettel (Helmut Schmidt)<br \/>\nby Niclas Rebbelmund on netAirspace.cc<\/span><\/a><\/p>\n<p>Der knapp 21 Jahre alte Airbus wurde am 27. Juli 1998 in Finkenwerder (XFW) an Alitalia \u00fcbergeben, bietet seitdem 200 Passagieren Platz und tr\u00e4gt den Taufnamen &#8220;Piazza del Duomo ORVIETO&#8221;.<\/p>\n","protected":false},"excerpt":{"rendered":"<p>Kreuzfahrtcharter, Air Europa \/ Neos \/ Alitalia Es ist Ende April und da hei\u00dft es: Die Kreuzfahrtcharterfl\u00fcge starten wieder am Hamburger Flughafen. Wie auch im letzten Jahr werden diese Fl\u00fcge \u00fcber die Sommermonate von S\u00fcdeuropa nach Hamburg durchgef\u00fchrt. Gleich drei Fl\u00fcge waren am heutigen Samstag von nicht allt\u00e4glichen Airlines am Airport bedient worden. Air Europa, [&hellip;]<\/p>\n","protected":false},"author":3,"featured_media":0,"comment_status":"open","ping_status":"open","sticky":false,"template":"","format":"standard","meta":{"_monsterinsights_skip_tracking":false,"_monsterinsights_sitenote_active":false,"_monsterinsights_sitenote_note":"","_monsterinsights_sitenote_category":0,"site-sidebar-layout":"default","site-content-layout":"","ast-site-content-layout":"default","site-content-style":"default","site-sidebar-style":"default","ast-global-header-display":"","ast-banner-title-visibility":"","ast-main-header-display":"","ast-hfb-above-header-display":"","ast-hfb-below-header-display":"","ast-hfb-mobile-header-display":"","site-post-title":"","ast-breadcrumbs-content":"","ast-featured-img":"","footer-sml-layout":"","ast-disable-related-posts":"","theme-transparent-header-meta":"","adv-header-id-meta":"","stick-header-meta":"","header-above-stick-meta":"","header-main-stick-meta":"","header-below-stick-meta":"","astra-migrate-meta-layouts":"default","ast-page-background-enabled":"default","ast-page-background-meta":{"desktop":{"background-color":"","background-image":"","background-repeat":"repeat","background-position":"center center","background-size":"auto","background-attachment":"scroll","background-type":"","background-media":"","overlay-type":"","overlay-color":"","overlay-opacity":"","overlay-gradient":""},"tablet":{"background-color":"","background-image":"","background-repeat":"repeat","background-position":"center center","background-size":"auto","background-attachment":"scroll","background-type":"","background-media":"","overlay-type":"","overlay-color":"","overlay-opacity":"","overlay-gradient":""},"mobile":{"background-color":"","background-image":"","background-repeat":"repeat","background-position":"center center","background-size":"auto","background-attachment":"scroll","background-type":"","background-media":"","overlay-type":"","overlay-color":"","overlay-opacity":"","overlay-gradient":""}},"ast-content-background-meta":{"desktop":{"background-color":"var(--ast-global-color-5)","background-image":"","background-repeat":"repeat","background-position":"center center","background-size":"auto","background-attachment":"scroll","background-type":"","background-media":"","overlay-type":"","overlay-color":"","overlay-opacity":"","overlay-gradient":""},"tablet":{"background-color":"var(--ast-global-color-5)","background-image":"","background-repeat":"repeat","background-position":"center center","background-size":"auto","background-attachment":"scroll","background-type":"","background-media":"","overlay-type":"","overlay-color":"","overlay-opacity":"","overlay-gradient":""},"mobile":{"background-color":"var(--ast-global-color-5)","background-image":"","background-repeat":"repeat","background-position":"center center","background-size":"auto","background-attachment":"scroll","background-type":"","background-media":"","overlay-type":"","overlay-color":"","overlay-opacity":"","overlay-gradient":""}},"footnotes":""},"categories":[8],"tags":[52,424,94,12,481,39,40,29,423,468,86,479,480],"class_list":["post-1489","post","type-post","status-publish","format-standard","hentry","category-movements-eddh","tag-52","tag-737-800","tag-air-europa","tag-airbus","tag-alitalia","tag-b737","tag-b737-800","tag-boeing","tag-boeing-737","tag-boeing-737-800","tag-charter","tag-kreuzfahrtcharter","tag-neos"],"yoast_head":"<!-- This site is optimized with the Yoast SEO plugin v27.4 - https:\/\/yoast.com\/product\/yoast-seo-wordpress\/ -->\n<title>Kreuzfahrtcharter, Air Europa \/ Neos \/ Alitalia - eddh-airport<\/title>\n<meta name=\"description\" content=\"Seit dem heutigen Mittag fliegen die ersten Charterfl\u00fcge wieder im Auftrag von Kreuzfahrten. Gleich drei Airlines landeten am Mittag in Hamburg.\" \/>\n<meta name=\"robots\" content=\"index, follow, max-snippet:-1, max-image-preview:large, max-video-preview:-1\" \/>\n<link rel=\"canonical\" href=\"https:\/\/www.eddh-airport.de\/eddhairport\/kreuzfahrtcharter-air-europa-neos-alitalia\/\" \/>\n<meta property=\"og:locale\" content=\"de_DE\" \/>\n<meta property=\"og:type\" content=\"article\" \/>\n<meta property=\"og:title\" content=\"Kreuzfahrtcharter, Air Europa \/ Neos \/ Alitalia - eddh-airport\" \/>\n<meta property=\"og:description\" content=\"Seit dem heutigen Mittag fliegen die ersten Charterfl\u00fcge wieder im Auftrag von Kreuzfahrten. Gleich drei Airlines landeten am Mittag in Hamburg.\" \/>\n<meta property=\"og:url\" content=\"https:\/\/www.eddh-airport.de\/eddhairport\/kreuzfahrtcharter-air-europa-neos-alitalia\/\" \/>\n<meta property=\"og:site_name\" content=\"eddh-airport\" \/>\n<meta property=\"article:publisher\" content=\"https:\/\/www.facebook.com\/eddhairport\/\" \/>\n<meta property=\"article:published_time\" content=\"2019-04-27T14:43:13+00:00\" \/>\n<meta property=\"article:modified_time\" content=\"2019-08-08T11:53:29+00:00\" \/>\n<meta property=\"og:image\" content=\"https:\/\/netairspace.cc\/pic\/315875\/hottestbrick_main.jpg\" \/>\n<meta name=\"author\" content=\"Niclas Rebbelmund\" \/>\n<meta name=\"twitter:card\" content=\"summary_large_image\" \/>\n<meta name=\"twitter:creator\" content=\"@EDDH_airport_de\" \/>\n<meta name=\"twitter:site\" content=\"@EDDH_airport_de\" \/>\n<meta name=\"twitter:label1\" content=\"Verfasst von\" \/>\n\t<meta name=\"twitter:data1\" content=\"Niclas Rebbelmund\" \/>\n\t<meta name=\"twitter:label2\" content=\"Gesch\u00e4tzte Lesezeit\" \/>\n\t<meta name=\"twitter:data2\" content=\"2\u00a0Minuten\" \/>\n<script type=\"application\/ld+json\" class=\"yoast-schema-graph\">{\"@context\":\"https:\\\/\\\/schema.org\",\"@graph\":[{\"@type\":\"Article\",\"@id\":\"https:\\\/\\\/www.eddh-airport.de\\\/eddhairport\\\/kreuzfahrtcharter-air-europa-neos-alitalia\\\/#article\",\"isPartOf\":{\"@id\":\"https:\\\/\\\/www.eddh-airport.de\\\/eddhairport\\\/kreuzfahrtcharter-air-europa-neos-alitalia\\\/\"},\"author\":{\"name\":\"Niclas Rebbelmund\",\"@id\":\"https:\\\/\\\/www.eddh-airport.de\\\/eddhairport\\\/#\\\/schema\\\/person\\\/69e52086d712e506636c8f4c5f088abe\"},\"headline\":\"Kreuzfahrtcharter, Air Europa \\\/ Neos \\\/ Alitalia\",\"datePublished\":\"2019-04-27T14:43:13+00:00\",\"dateModified\":\"2019-08-08T11:53:29+00:00\",\"mainEntityOfPage\":{\"@id\":\"https:\\\/\\\/www.eddh-airport.de\\\/eddhairport\\\/kreuzfahrtcharter-air-europa-neos-alitalia\\\/\"},\"wordCount\":418,\"commentCount\":0,\"publisher\":{\"@id\":\"https:\\\/\\\/www.eddh-airport.de\\\/eddhairport\\\/#organization\"},\"image\":{\"@id\":\"https:\\\/\\\/www.eddh-airport.de\\\/eddhairport\\\/kreuzfahrtcharter-air-europa-neos-alitalia\\\/#primaryimage\"},\"thumbnailUrl\":\"https:\\\/\\\/netairspace.cc\\\/pic\\\/315875\\\/hottestbrick_main.jpg\",\"keywords\":[\"737\",\"737-800\",\"Air Europa\",\"Airbus\",\"Alitalia\",\"B737\",\"B737-800\",\"Boeing\",\"Boeing 737\",\"Boeing 737-800\",\"charter\",\"Kreuzfahrtcharter\",\"Neos\"],\"articleSection\":[\"Movements EDDH\"],\"inLanguage\":\"de\",\"potentialAction\":[{\"@type\":\"CommentAction\",\"name\":\"Comment\",\"target\":[\"https:\\\/\\\/www.eddh-airport.de\\\/eddhairport\\\/kreuzfahrtcharter-air-europa-neos-alitalia\\\/#respond\"]}]},{\"@type\":\"WebPage\",\"@id\":\"https:\\\/\\\/www.eddh-airport.de\\\/eddhairport\\\/kreuzfahrtcharter-air-europa-neos-alitalia\\\/\",\"url\":\"https:\\\/\\\/www.eddh-airport.de\\\/eddhairport\\\/kreuzfahrtcharter-air-europa-neos-alitalia\\\/\",\"name\":\"Kreuzfahrtcharter, Air Europa \\\/ Neos \\\/ Alitalia - eddh-airport\",\"isPartOf\":{\"@id\":\"https:\\\/\\\/www.eddh-airport.de\\\/eddhairport\\\/#website\"},\"primaryImageOfPage\":{\"@id\":\"https:\\\/\\\/www.eddh-airport.de\\\/eddhairport\\\/kreuzfahrtcharter-air-europa-neos-alitalia\\\/#primaryimage\"},\"image\":{\"@id\":\"https:\\\/\\\/www.eddh-airport.de\\\/eddhairport\\\/kreuzfahrtcharter-air-europa-neos-alitalia\\\/#primaryimage\"},\"thumbnailUrl\":\"https:\\\/\\\/netairspace.cc\\\/pic\\\/315875\\\/hottestbrick_main.jpg\",\"datePublished\":\"2019-04-27T14:43:13+00:00\",\"dateModified\":\"2019-08-08T11:53:29+00:00\",\"description\":\"Seit dem heutigen Mittag fliegen die ersten Charterfl\u00fcge wieder im Auftrag von Kreuzfahrten. Gleich drei Airlines landeten am Mittag in Hamburg.\",\"breadcrumb\":{\"@id\":\"https:\\\/\\\/www.eddh-airport.de\\\/eddhairport\\\/kreuzfahrtcharter-air-europa-neos-alitalia\\\/#breadcrumb\"},\"inLanguage\":\"de\",\"potentialAction\":[{\"@type\":\"ReadAction\",\"target\":[\"https:\\\/\\\/www.eddh-airport.de\\\/eddhairport\\\/kreuzfahrtcharter-air-europa-neos-alitalia\\\/\"]}]},{\"@type\":\"ImageObject\",\"inLanguage\":\"de\",\"@id\":\"https:\\\/\\\/www.eddh-airport.de\\\/eddhairport\\\/kreuzfahrtcharter-air-europa-neos-alitalia\\\/#primaryimage\",\"url\":\"https:\\\/\\\/netairspace.cc\\\/pic\\\/315875\\\/hottestbrick_main.jpg\",\"contentUrl\":\"https:\\\/\\\/netairspace.cc\\\/pic\\\/315875\\\/hottestbrick_main.jpg\"},{\"@type\":\"BreadcrumbList\",\"@id\":\"https:\\\/\\\/www.eddh-airport.de\\\/eddhairport\\\/kreuzfahrtcharter-air-europa-neos-alitalia\\\/#breadcrumb\",\"itemListElement\":[{\"@type\":\"ListItem\",\"position\":1,\"name\":\"Startseite\",\"item\":\"https:\\\/\\\/www.eddh-airport.de\\\/eddhairport\\\/\"},{\"@type\":\"ListItem\",\"position\":2,\"name\":\"Kreuzfahrtcharter, Air Europa \\\/ Neos \\\/ Alitalia\"}]},{\"@type\":\"WebSite\",\"@id\":\"https:\\\/\\\/www.eddh-airport.de\\\/eddhairport\\\/#website\",\"url\":\"https:\\\/\\\/www.eddh-airport.de\\\/eddhairport\\\/\",\"name\":\"eddh-airport\",\"description\":\"Luftfahrtnews und Planespotting aus Hamburg\",\"publisher\":{\"@id\":\"https:\\\/\\\/www.eddh-airport.de\\\/eddhairport\\\/#organization\"},\"potentialAction\":[{\"@type\":\"SearchAction\",\"target\":{\"@type\":\"EntryPoint\",\"urlTemplate\":\"https:\\\/\\\/www.eddh-airport.de\\\/eddhairport\\\/?s={search_term_string}\"},\"query-input\":{\"@type\":\"PropertyValueSpecification\",\"valueRequired\":true,\"valueName\":\"search_term_string\"}}],\"inLanguage\":\"de\"},{\"@type\":\"Organization\",\"@id\":\"https:\\\/\\\/www.eddh-airport.de\\\/eddhairport\\\/#organization\",\"name\":\"eddh-airport\",\"url\":\"https:\\\/\\\/www.eddh-airport.de\\\/eddhairport\\\/\",\"logo\":{\"@type\":\"ImageObject\",\"inLanguage\":\"de\",\"@id\":\"https:\\\/\\\/www.eddh-airport.de\\\/eddhairport\\\/#\\\/schema\\\/logo\\\/image\\\/\",\"url\":\"https:\\\/\\\/www.eddh-airport.de\\\/eddhairport\\\/wp-content\\\/uploads\\\/2018\\\/10\\\/cropped-Neues-Logo-blau-eine-Ebene-2.jpg\",\"contentUrl\":\"https:\\\/\\\/www.eddh-airport.de\\\/eddhairport\\\/wp-content\\\/uploads\\\/2018\\\/10\\\/cropped-Neues-Logo-blau-eine-Ebene-2.jpg\",\"width\":512,\"height\":512,\"caption\":\"eddh-airport\"},\"image\":{\"@id\":\"https:\\\/\\\/www.eddh-airport.de\\\/eddhairport\\\/#\\\/schema\\\/logo\\\/image\\\/\"},\"sameAs\":[\"https:\\\/\\\/www.facebook.com\\\/eddhairport\\\/\",\"https:\\\/\\\/x.com\\\/EDDH_airport_de\",\"https:\\\/\\\/www.instagram.com\\\/eddhairport\\\/?hl=de\"]},{\"@type\":\"Person\",\"@id\":\"https:\\\/\\\/www.eddh-airport.de\\\/eddhairport\\\/#\\\/schema\\\/person\\\/69e52086d712e506636c8f4c5f088abe\",\"name\":\"Niclas Rebbelmund\",\"image\":{\"@type\":\"ImageObject\",\"inLanguage\":\"de\",\"@id\":\"https:\\\/\\\/secure.gravatar.com\\\/avatar\\\/d84f2b77774e9493691ea91c216d4e4e5412d631f5fe9806ac1d1d54bd3c30cb?s=96&d=mm&r=g\",\"url\":\"https:\\\/\\\/secure.gravatar.com\\\/avatar\\\/d84f2b77774e9493691ea91c216d4e4e5412d631f5fe9806ac1d1d54bd3c30cb?s=96&d=mm&r=g\",\"contentUrl\":\"https:\\\/\\\/secure.gravatar.com\\\/avatar\\\/d84f2b77774e9493691ea91c216d4e4e5412d631f5fe9806ac1d1d54bd3c30cb?s=96&d=mm&r=g\",\"caption\":\"Niclas Rebbelmund\"},\"description\":\"34 Jahre, Team Nikon, Aviation &amp; Fotografie Enthusiast\",\"sameAs\":[\"https:\\\/\\\/www.instagram.com\\\/niclashco\\\/\"],\"url\":\"https:\\\/\\\/www.eddh-airport.de\\\/eddhairport\\\/author\\\/niclas-rebbelmund\\\/\"}]}<\/script>\n<!-- \/ Yoast SEO plugin. -->","yoast_head_json":{"title":"Kreuzfahrtcharter, Air Europa \/ Neos \/ Alitalia - eddh-airport","description":"Seit dem heutigen Mittag fliegen die ersten Charterfl\u00fcge wieder im Auftrag von Kreuzfahrten. Gleich drei Airlines landeten am Mittag in Hamburg.","robots":{"index":"index","follow":"follow","max-snippet":"max-snippet:-1","max-image-preview":"max-image-preview:large","max-video-preview":"max-video-preview:-1"},"canonical":"https:\/\/www.eddh-airport.de\/eddhairport\/kreuzfahrtcharter-air-europa-neos-alitalia\/","og_locale":"de_DE","og_type":"article","og_title":"Kreuzfahrtcharter, Air Europa \/ Neos \/ Alitalia - eddh-airport","og_description":"Seit dem heutigen Mittag fliegen die ersten Charterfl\u00fcge wieder im Auftrag von Kreuzfahrten. Gleich drei Airlines landeten am Mittag in Hamburg.","og_url":"https:\/\/www.eddh-airport.de\/eddhairport\/kreuzfahrtcharter-air-europa-neos-alitalia\/","og_site_name":"eddh-airport","article_publisher":"https:\/\/www.facebook.com\/eddhairport\/","article_published_time":"2019-04-27T14:43:13+00:00","article_modified_time":"2019-08-08T11:53:29+00:00","og_image":[{"url":"https:\/\/netairspace.cc\/pic\/315875\/hottestbrick_main.jpg","type":"","width":"","height":""}],"author":"Niclas Rebbelmund","twitter_card":"summary_large_image","twitter_creator":"@EDDH_airport_de","twitter_site":"@EDDH_airport_de","twitter_misc":{"Verfasst von":"Niclas Rebbelmund","Gesch\u00e4tzte Lesezeit":"2\u00a0Minuten"},"schema":{"@context":"https:\/\/schema.org","@graph":[{"@type":"Article","@id":"https:\/\/www.eddh-airport.de\/eddhairport\/kreuzfahrtcharter-air-europa-neos-alitalia\/#article","isPartOf":{"@id":"https:\/\/www.eddh-airport.de\/eddhairport\/kreuzfahrtcharter-air-europa-neos-alitalia\/"},"author":{"name":"Niclas Rebbelmund","@id":"https:\/\/www.eddh-airport.de\/eddhairport\/#\/schema\/person\/69e52086d712e506636c8f4c5f088abe"},"headline":"Kreuzfahrtcharter, Air Europa \/ Neos \/ Alitalia","datePublished":"2019-04-27T14:43:13+00:00","dateModified":"2019-08-08T11:53:29+00:00","mainEntityOfPage":{"@id":"https:\/\/www.eddh-airport.de\/eddhairport\/kreuzfahrtcharter-air-europa-neos-alitalia\/"},"wordCount":418,"commentCount":0,"publisher":{"@id":"https:\/\/www.eddh-airport.de\/eddhairport\/#organization"},"image":{"@id":"https:\/\/www.eddh-airport.de\/eddhairport\/kreuzfahrtcharter-air-europa-neos-alitalia\/#primaryimage"},"thumbnailUrl":"https:\/\/netairspace.cc\/pic\/315875\/hottestbrick_main.jpg","keywords":["737","737-800","Air Europa","Airbus","Alitalia","B737","B737-800","Boeing","Boeing 737","Boeing 737-800","charter","Kreuzfahrtcharter","Neos"],"articleSection":["Movements EDDH"],"inLanguage":"de","potentialAction":[{"@type":"CommentAction","name":"Comment","target":["https:\/\/www.eddh-airport.de\/eddhairport\/kreuzfahrtcharter-air-europa-neos-alitalia\/#respond"]}]},{"@type":"WebPage","@id":"https:\/\/www.eddh-airport.de\/eddhairport\/kreuzfahrtcharter-air-europa-neos-alitalia\/","url":"https:\/\/www.eddh-airport.de\/eddhairport\/kreuzfahrtcharter-air-europa-neos-alitalia\/","name":"Kreuzfahrtcharter, Air Europa \/ Neos \/ Alitalia - eddh-airport","isPartOf":{"@id":"https:\/\/www.eddh-airport.de\/eddhairport\/#website"},"primaryImageOfPage":{"@id":"https:\/\/www.eddh-airport.de\/eddhairport\/kreuzfahrtcharter-air-europa-neos-alitalia\/#primaryimage"},"image":{"@id":"https:\/\/www.eddh-airport.de\/eddhairport\/kreuzfahrtcharter-air-europa-neos-alitalia\/#primaryimage"},"thumbnailUrl":"https:\/\/netairspace.cc\/pic\/315875\/hottestbrick_main.jpg","datePublished":"2019-04-27T14:43:13+00:00","dateModified":"2019-08-08T11:53:29+00:00","description":"Seit dem heutigen Mittag fliegen die ersten Charterfl\u00fcge wieder im Auftrag von Kreuzfahrten. Gleich drei Airlines landeten am Mittag in Hamburg.","breadcrumb":{"@id":"https:\/\/www.eddh-airport.de\/eddhairport\/kreuzfahrtcharter-air-europa-neos-alitalia\/#breadcrumb"},"inLanguage":"de","potentialAction":[{"@type":"ReadAction","target":["https:\/\/www.eddh-airport.de\/eddhairport\/kreuzfahrtcharter-air-europa-neos-alitalia\/"]}]},{"@type":"ImageObject","inLanguage":"de","@id":"https:\/\/www.eddh-airport.de\/eddhairport\/kreuzfahrtcharter-air-europa-neos-alitalia\/#primaryimage","url":"https:\/\/netairspace.cc\/pic\/315875\/hottestbrick_main.jpg","contentUrl":"https:\/\/netairspace.cc\/pic\/315875\/hottestbrick_main.jpg"},{"@type":"BreadcrumbList","@id":"https:\/\/www.eddh-airport.de\/eddhairport\/kreuzfahrtcharter-air-europa-neos-alitalia\/#breadcrumb","itemListElement":[{"@type":"ListItem","position":1,"name":"Startseite","item":"https:\/\/www.eddh-airport.de\/eddhairport\/"},{"@type":"ListItem","position":2,"name":"Kreuzfahrtcharter, Air Europa \/ Neos \/ Alitalia"}]},{"@type":"WebSite","@id":"https:\/\/www.eddh-airport.de\/eddhairport\/#website","url":"https:\/\/www.eddh-airport.de\/eddhairport\/","name":"eddh-airport","description":"Luftfahrtnews und Planespotting aus Hamburg","publisher":{"@id":"https:\/\/www.eddh-airport.de\/eddhairport\/#organization"},"potentialAction":[{"@type":"SearchAction","target":{"@type":"EntryPoint","urlTemplate":"https:\/\/www.eddh-airport.de\/eddhairport\/?s={search_term_string}"},"query-input":{"@type":"PropertyValueSpecification","valueRequired":true,"valueName":"search_term_string"}}],"inLanguage":"de"},{"@type":"Organization","@id":"https:\/\/www.eddh-airport.de\/eddhairport\/#organization","name":"eddh-airport","url":"https:\/\/www.eddh-airport.de\/eddhairport\/","logo":{"@type":"ImageObject","inLanguage":"de","@id":"https:\/\/www.eddh-airport.de\/eddhairport\/#\/schema\/logo\/image\/","url":"https:\/\/www.eddh-airport.de\/eddhairport\/wp-content\/uploads\/2018\/10\/cropped-Neues-Logo-blau-eine-Ebene-2.jpg","contentUrl":"https:\/\/www.eddh-airport.de\/eddhairport\/wp-content\/uploads\/2018\/10\/cropped-Neues-Logo-blau-eine-Ebene-2.jpg","width":512,"height":512,"caption":"eddh-airport"},"image":{"@id":"https:\/\/www.eddh-airport.de\/eddhairport\/#\/schema\/logo\/image\/"},"sameAs":["https:\/\/www.facebook.com\/eddhairport\/","https:\/\/x.com\/EDDH_airport_de","https:\/\/www.instagram.com\/eddhairport\/?hl=de"]},{"@type":"Person","@id":"https:\/\/www.eddh-airport.de\/eddhairport\/#\/schema\/person\/69e52086d712e506636c8f4c5f088abe","name":"Niclas Rebbelmund","image":{"@type":"ImageObject","inLanguage":"de","@id":"https:\/\/secure.gravatar.com\/avatar\/d84f2b77774e9493691ea91c216d4e4e5412d631f5fe9806ac1d1d54bd3c30cb?s=96&d=mm&r=g","url":"https:\/\/secure.gravatar.com\/avatar\/d84f2b77774e9493691ea91c216d4e4e5412d631f5fe9806ac1d1d54bd3c30cb?s=96&d=mm&r=g","contentUrl":"https:\/\/secure.gravatar.com\/avatar\/d84f2b77774e9493691ea91c216d4e4e5412d631f5fe9806ac1d1d54bd3c30cb?s=96&d=mm&r=g","caption":"Niclas Rebbelmund"},"description":"34 Jahre, Team Nikon, Aviation &amp; Fotografie Enthusiast","sameAs":["https:\/\/www.instagram.com\/niclashco\/"],"url":"https:\/\/www.eddh-airport.de\/eddhairport\/author\/niclas-rebbelmund\/"}]}},"_links":{"self":[{"href":"https:\/\/www.eddh-airport.de\/eddhairport\/wp-json\/wp\/v2\/posts\/1489","targetHints":{"allow":["GET"]}}],"collection":[{"href":"https:\/\/www.eddh-airport.de\/eddhairport\/wp-json\/wp\/v2\/posts"}],"about":[{"href":"https:\/\/www.eddh-airport.de\/eddhairport\/wp-json\/wp\/v2\/types\/post"}],"author":[{"embeddable":true,"href":"https:\/\/www.eddh-airport.de\/eddhairport\/wp-json\/wp\/v2\/users\/3"}],"replies":[{"embeddable":true,"href":"https:\/\/www.eddh-airport.de\/eddhairport\/wp-json\/wp\/v2\/comments?post=1489"}],"version-history":[{"count":8,"href":"https:\/\/www.eddh-airport.de\/eddhairport\/wp-json\/wp\/v2\/posts\/1489\/revisions"}],"predecessor-version":[{"id":2008,"href":"https:\/\/www.eddh-airport.de\/eddhairport\/wp-json\/wp\/v2\/posts\/1489\/revisions\/2008"}],"wp:attachment":[{"href":"https:\/\/www.eddh-airport.de\/eddhairport\/wp-json\/wp\/v2\/media?parent=1489"}],"wp:term":[{"taxonomy":"category","embeddable":true,"href":"https:\/\/www.eddh-airport.de\/eddhairport\/wp-json\/wp\/v2\/categories?post=1489"},{"taxonomy":"post_tag","embeddable":true,"href":"https:\/\/www.eddh-airport.de\/eddhairport\/wp-json\/wp\/v2\/tags?post=1489"}],"curies":[{"name":"wp","href":"https:\/\/api.w.org\/{rel}","templated":true}]}}