{"id":1293,"date":"2019-03-01T16:37:38","date_gmt":"2019-03-01T15:37:38","guid":{"rendered":"https:\/\/www.eddh-airport.de\/eddhairport\/?p=1293"},"modified":"2019-08-08T14:10:31","modified_gmt":"2019-08-08T12:10:31","slug":"cargolux-lx-vcn","status":"publish","type":"post","link":"https:\/\/www.eddh-airport.de\/eddhairport\/cargolux-lx-vcn\/","title":{"rendered":"Cargolux, LX-VCN"},"content":{"rendered":"\r\n<h6 class=\"wp-block-heading\">Cargolux, LX-VCN<\/h6>\r\n\r\n\r\n\r\n<p>Schon seit einigen Tagen hielten sich die Ger\u00fcchte hartn\u00e4ckig, dass eine Boeing 747 Cargo von New York (JFK) nach Hamburg transportieren sollte. Am heutigen Vormittag bewahrheitet sich dieses Szenario. Mit LX-VCN landete eine Boeing 747-8R7F der Cargolux Airlines International bei uns am Hamburg Airport. Der Frachter startete um kurz nach halb 11 (Ortszeit) am Abend in New York (JFK) und setzte um kurz nach 11 am Vormittag \u00fcber die Landebahn 23 am Flughafen in Fuhlsb\u00fcttel auf. Grund f\u00fcr den Besuch war die Lieferung von zwei neo-Triebwerken.<\/p>\r\n<p>Um kurz vor 13 Uhr am Mittag setzte LX-VCN ihren Weg Richtung Luxemburg (LUX) \u00fcber die Startbahn 33 fort.<\/p>\r\n<p><\/p>\r\n<p><a href=\"https:\/\/netairspace.cc\/pic\/298385\/\"><img decoding=\"async\" src=\"https:\/\/netairspace.cc\/pic\/298385\/hottestbrick_main.jpg\" alt=\"Aviation photo\" \/><\/a><br \/><a href=\"https:\/\/netairspace.cc\/pic\/298385\/\"><span style=\"font-size: xx-small;\">LX-VCN at Hamburg &#8211; Fuhlsbuettel (Helmut Schmidt)<br \/>by Niclas Rebbelmund on netAirspace.cc<\/span><\/a><\/p>\r\n<p><a href=\"https:\/\/www.netairspace.cc\/pic\/298386\/\"><img decoding=\"async\" src=\"https:\/\/netairspace.cc\/pic\/298386\/hottestbrick_main.jpg\" alt=\"Aviation photo\" \/><\/a><br \/><a href=\"https:\/\/netairspace.cc\/pic\/298386\/\"><span style=\"font-size: xx-small;\">LX-VCN at Hamburg &#8211; Fuhlsbuettel (Helmut Schmidt)<br \/>by Niclas Rebbelmund on netAirspace.cc<\/span><\/a><\/p>\r\n<p><\/p>\r\n<p>Die 2,5 Jahre alte Boeing 747-8R7F wurde am 29. September 2016 im amerikanischen Everett (PAE) an die Cargolux Airlines International \u00fcbergeben. Der Vierstrahler wird angestrieben von vier GEnx-2B67 und tr\u00e4gt den Taufnamen &#8220;Spirit of Schengen&#8221;.<\/p>\r\n<p><\/p>","protected":false},"excerpt":{"rendered":"<p>Cargolux, LX-VCN Schon seit einigen Tagen hielten sich die Ger\u00fcchte hartn\u00e4ckig, dass eine Boeing 747 Cargo von New York (JFK) nach Hamburg transportieren sollte. Am heutigen Vormittag bewahrheitet sich dieses Szenario. Mit LX-VCN landete eine Boeing 747-8R7F der Cargolux Airlines International bei uns am Hamburg Airport. Der Frachter startete um kurz nach halb 11 (Ortszeit) [&hellip;]<\/p>\n","protected":false},"author":3,"featured_media":0,"comment_status":"open","ping_status":"open","sticky":false,"template":"","format":"standard","meta":{"_monsterinsights_skip_tracking":false,"_monsterinsights_sitenote_active":false,"_monsterinsights_sitenote_note":"","_monsterinsights_sitenote_category":0,"site-sidebar-layout":"default","site-content-layout":"","ast-site-content-layout":"default","site-content-style":"default","site-sidebar-style":"default","ast-global-header-display":"","ast-banner-title-visibility":"","ast-main-header-display":"","ast-hfb-above-header-display":"","ast-hfb-below-header-display":"","ast-hfb-mobile-header-display":"","site-post-title":"","ast-breadcrumbs-content":"","ast-featured-img":"","footer-sml-layout":"","ast-disable-related-posts":"","theme-transparent-header-meta":"","adv-header-id-meta":"","stick-header-meta":"","header-above-stick-meta":"","header-main-stick-meta":"","header-below-stick-meta":"","astra-migrate-meta-layouts":"default","ast-page-background-enabled":"default","ast-page-background-meta":{"desktop":{"background-color":"","background-image":"","background-repeat":"repeat","background-position":"center center","background-size":"auto","background-attachment":"scroll","background-type":"","background-media":"","overlay-type":"","overlay-color":"","overlay-opacity":"","overlay-gradient":""},"tablet":{"background-color":"","background-image":"","background-repeat":"repeat","background-position":"center center","background-size":"auto","background-attachment":"scroll","background-type":"","background-media":"","overlay-type":"","overlay-color":"","overlay-opacity":"","overlay-gradient":""},"mobile":{"background-color":"","background-image":"","background-repeat":"repeat","background-position":"center center","background-size":"auto","background-attachment":"scroll","background-type":"","background-media":"","overlay-type":"","overlay-color":"","overlay-opacity":"","overlay-gradient":""}},"ast-content-background-meta":{"desktop":{"background-color":"var(--ast-global-color-5)","background-image":"","background-repeat":"repeat","background-position":"center center","background-size":"auto","background-attachment":"scroll","background-type":"","background-media":"","overlay-type":"","overlay-color":"","overlay-opacity":"","overlay-gradient":""},"tablet":{"background-color":"var(--ast-global-color-5)","background-image":"","background-repeat":"repeat","background-position":"center center","background-size":"auto","background-attachment":"scroll","background-type":"","background-media":"","overlay-type":"","overlay-color":"","overlay-opacity":"","overlay-gradient":""},"mobile":{"background-color":"var(--ast-global-color-5)","background-image":"","background-repeat":"repeat","background-position":"center center","background-size":"auto","background-attachment":"scroll","background-type":"","background-media":"","overlay-type":"","overlay-color":"","overlay-opacity":"","overlay-gradient":""}},"footnotes":""},"categories":[8],"tags":[428,61,429,29,427,426,190,425,10,11,90],"class_list":["post-1293","post","type-post","status-publish","format-standard","hentry","category-movements-eddh","tag-747-8f","tag-b747","tag-b747-8f","tag-boeing","tag-boeing-747-8f","tag-boeing747","tag-cargo","tag-cargolux","tag-eddh","tag-ham","tag-hamburg-airport"],"yoast_head":"<!-- This site is optimized with the Yoast SEO plugin v27.4 - https:\/\/yoast.com\/product\/yoast-seo-wordpress\/ -->\n<title>Cargolux, LX-VCN - eddh-airport<\/title>\n<meta name=\"robots\" content=\"index, follow, max-snippet:-1, max-image-preview:large, max-video-preview:-1\" \/>\n<link rel=\"canonical\" href=\"https:\/\/www.eddh-airport.de\/eddhairport\/cargolux-lx-vcn\/\" \/>\n<meta property=\"og:locale\" content=\"de_DE\" \/>\n<meta property=\"og:type\" content=\"article\" \/>\n<meta property=\"og:title\" content=\"Cargolux, LX-VCN - eddh-airport\" \/>\n<meta property=\"og:description\" content=\"Cargolux, LX-VCN Schon seit einigen Tagen hielten sich die Ger\u00fcchte hartn\u00e4ckig, dass eine Boeing 747 Cargo von New York (JFK) nach Hamburg transportieren sollte. Am heutigen Vormittag bewahrheitet sich dieses Szenario. Mit LX-VCN landete eine Boeing 747-8R7F der Cargolux Airlines International bei uns am Hamburg Airport. Der Frachter startete um kurz nach halb 11 (Ortszeit) [&hellip;]\" \/>\n<meta property=\"og:url\" content=\"https:\/\/www.eddh-airport.de\/eddhairport\/cargolux-lx-vcn\/\" \/>\n<meta property=\"og:site_name\" content=\"eddh-airport\" \/>\n<meta property=\"article:publisher\" content=\"https:\/\/www.facebook.com\/eddhairport\/\" \/>\n<meta property=\"article:published_time\" content=\"2019-03-01T15:37:38+00:00\" \/>\n<meta property=\"article:modified_time\" content=\"2019-08-08T12:10:31+00:00\" \/>\n<meta property=\"og:image\" content=\"https:\/\/netairspace.cc\/pic\/298385\/hottestbrick_main.jpg\" \/>\n<meta name=\"author\" content=\"Niclas Rebbelmund\" \/>\n<meta name=\"twitter:card\" content=\"summary_large_image\" \/>\n<meta name=\"twitter:creator\" content=\"@EDDH_airport_de\" \/>\n<meta name=\"twitter:site\" content=\"@EDDH_airport_de\" \/>\n<meta name=\"twitter:label1\" content=\"Verfasst von\" \/>\n\t<meta name=\"twitter:data1\" content=\"Niclas Rebbelmund\" \/>\n\t<meta name=\"twitter:label2\" content=\"Gesch\u00e4tzte Lesezeit\" \/>\n\t<meta name=\"twitter:data2\" content=\"1\u00a0Minute\" \/>\n<script type=\"application\/ld+json\" class=\"yoast-schema-graph\">{\"@context\":\"https:\\\/\\\/schema.org\",\"@graph\":[{\"@type\":\"Article\",\"@id\":\"https:\\\/\\\/www.eddh-airport.de\\\/eddhairport\\\/cargolux-lx-vcn\\\/#article\",\"isPartOf\":{\"@id\":\"https:\\\/\\\/www.eddh-airport.de\\\/eddhairport\\\/cargolux-lx-vcn\\\/\"},\"author\":{\"name\":\"Niclas Rebbelmund\",\"@id\":\"https:\\\/\\\/www.eddh-airport.de\\\/eddhairport\\\/#\\\/schema\\\/person\\\/69e52086d712e506636c8f4c5f088abe\"},\"headline\":\"Cargolux, LX-VCN\",\"datePublished\":\"2019-03-01T15:37:38+00:00\",\"dateModified\":\"2019-08-08T12:10:31+00:00\",\"mainEntityOfPage\":{\"@id\":\"https:\\\/\\\/www.eddh-airport.de\\\/eddhairport\\\/cargolux-lx-vcn\\\/\"},\"wordCount\":171,\"commentCount\":0,\"publisher\":{\"@id\":\"https:\\\/\\\/www.eddh-airport.de\\\/eddhairport\\\/#organization\"},\"image\":{\"@id\":\"https:\\\/\\\/www.eddh-airport.de\\\/eddhairport\\\/cargolux-lx-vcn\\\/#primaryimage\"},\"thumbnailUrl\":\"https:\\\/\\\/netairspace.cc\\\/pic\\\/298385\\\/hottestbrick_main.jpg\",\"keywords\":[\"747-8F\",\"B747\",\"B747-8F\",\"Boeing\",\"Boeing 747-8F\",\"Boeing747\",\"Cargo\",\"Cargolux\",\"EDDH\",\"HAM\",\"Hamburg Airport\"],\"articleSection\":[\"Movements EDDH\"],\"inLanguage\":\"de\",\"potentialAction\":[{\"@type\":\"CommentAction\",\"name\":\"Comment\",\"target\":[\"https:\\\/\\\/www.eddh-airport.de\\\/eddhairport\\\/cargolux-lx-vcn\\\/#respond\"]}]},{\"@type\":\"WebPage\",\"@id\":\"https:\\\/\\\/www.eddh-airport.de\\\/eddhairport\\\/cargolux-lx-vcn\\\/\",\"url\":\"https:\\\/\\\/www.eddh-airport.de\\\/eddhairport\\\/cargolux-lx-vcn\\\/\",\"name\":\"Cargolux, LX-VCN - eddh-airport\",\"isPartOf\":{\"@id\":\"https:\\\/\\\/www.eddh-airport.de\\\/eddhairport\\\/#website\"},\"primaryImageOfPage\":{\"@id\":\"https:\\\/\\\/www.eddh-airport.de\\\/eddhairport\\\/cargolux-lx-vcn\\\/#primaryimage\"},\"image\":{\"@id\":\"https:\\\/\\\/www.eddh-airport.de\\\/eddhairport\\\/cargolux-lx-vcn\\\/#primaryimage\"},\"thumbnailUrl\":\"https:\\\/\\\/netairspace.cc\\\/pic\\\/298385\\\/hottestbrick_main.jpg\",\"datePublished\":\"2019-03-01T15:37:38+00:00\",\"dateModified\":\"2019-08-08T12:10:31+00:00\",\"breadcrumb\":{\"@id\":\"https:\\\/\\\/www.eddh-airport.de\\\/eddhairport\\\/cargolux-lx-vcn\\\/#breadcrumb\"},\"inLanguage\":\"de\",\"potentialAction\":[{\"@type\":\"ReadAction\",\"target\":[\"https:\\\/\\\/www.eddh-airport.de\\\/eddhairport\\\/cargolux-lx-vcn\\\/\"]}]},{\"@type\":\"ImageObject\",\"inLanguage\":\"de\",\"@id\":\"https:\\\/\\\/www.eddh-airport.de\\\/eddhairport\\\/cargolux-lx-vcn\\\/#primaryimage\",\"url\":\"https:\\\/\\\/netairspace.cc\\\/pic\\\/298385\\\/hottestbrick_main.jpg\",\"contentUrl\":\"https:\\\/\\\/netairspace.cc\\\/pic\\\/298385\\\/hottestbrick_main.jpg\"},{\"@type\":\"BreadcrumbList\",\"@id\":\"https:\\\/\\\/www.eddh-airport.de\\\/eddhairport\\\/cargolux-lx-vcn\\\/#breadcrumb\",\"itemListElement\":[{\"@type\":\"ListItem\",\"position\":1,\"name\":\"Startseite\",\"item\":\"https:\\\/\\\/www.eddh-airport.de\\\/eddhairport\\\/\"},{\"@type\":\"ListItem\",\"position\":2,\"name\":\"Cargolux, LX-VCN\"}]},{\"@type\":\"WebSite\",\"@id\":\"https:\\\/\\\/www.eddh-airport.de\\\/eddhairport\\\/#website\",\"url\":\"https:\\\/\\\/www.eddh-airport.de\\\/eddhairport\\\/\",\"name\":\"eddh-airport\",\"description\":\"Luftfahrtnews und Planespotting aus Hamburg\",\"publisher\":{\"@id\":\"https:\\\/\\\/www.eddh-airport.de\\\/eddhairport\\\/#organization\"},\"potentialAction\":[{\"@type\":\"SearchAction\",\"target\":{\"@type\":\"EntryPoint\",\"urlTemplate\":\"https:\\\/\\\/www.eddh-airport.de\\\/eddhairport\\\/?s={search_term_string}\"},\"query-input\":{\"@type\":\"PropertyValueSpecification\",\"valueRequired\":true,\"valueName\":\"search_term_string\"}}],\"inLanguage\":\"de\"},{\"@type\":\"Organization\",\"@id\":\"https:\\\/\\\/www.eddh-airport.de\\\/eddhairport\\\/#organization\",\"name\":\"eddh-airport\",\"url\":\"https:\\\/\\\/www.eddh-airport.de\\\/eddhairport\\\/\",\"logo\":{\"@type\":\"ImageObject\",\"inLanguage\":\"de\",\"@id\":\"https:\\\/\\\/www.eddh-airport.de\\\/eddhairport\\\/#\\\/schema\\\/logo\\\/image\\\/\",\"url\":\"https:\\\/\\\/www.eddh-airport.de\\\/eddhairport\\\/wp-content\\\/uploads\\\/2018\\\/10\\\/cropped-Neues-Logo-blau-eine-Ebene-2.jpg\",\"contentUrl\":\"https:\\\/\\\/www.eddh-airport.de\\\/eddhairport\\\/wp-content\\\/uploads\\\/2018\\\/10\\\/cropped-Neues-Logo-blau-eine-Ebene-2.jpg\",\"width\":512,\"height\":512,\"caption\":\"eddh-airport\"},\"image\":{\"@id\":\"https:\\\/\\\/www.eddh-airport.de\\\/eddhairport\\\/#\\\/schema\\\/logo\\\/image\\\/\"},\"sameAs\":[\"https:\\\/\\\/www.facebook.com\\\/eddhairport\\\/\",\"https:\\\/\\\/x.com\\\/EDDH_airport_de\",\"https:\\\/\\\/www.instagram.com\\\/eddhairport\\\/?hl=de\"]},{\"@type\":\"Person\",\"@id\":\"https:\\\/\\\/www.eddh-airport.de\\\/eddhairport\\\/#\\\/schema\\\/person\\\/69e52086d712e506636c8f4c5f088abe\",\"name\":\"Niclas Rebbelmund\",\"image\":{\"@type\":\"ImageObject\",\"inLanguage\":\"de\",\"@id\":\"https:\\\/\\\/secure.gravatar.com\\\/avatar\\\/d84f2b77774e9493691ea91c216d4e4e5412d631f5fe9806ac1d1d54bd3c30cb?s=96&d=mm&r=g\",\"url\":\"https:\\\/\\\/secure.gravatar.com\\\/avatar\\\/d84f2b77774e9493691ea91c216d4e4e5412d631f5fe9806ac1d1d54bd3c30cb?s=96&d=mm&r=g\",\"contentUrl\":\"https:\\\/\\\/secure.gravatar.com\\\/avatar\\\/d84f2b77774e9493691ea91c216d4e4e5412d631f5fe9806ac1d1d54bd3c30cb?s=96&d=mm&r=g\",\"caption\":\"Niclas Rebbelmund\"},\"description\":\"34 Jahre, Team Nikon, Aviation &amp; Fotografie Enthusiast\",\"sameAs\":[\"https:\\\/\\\/www.instagram.com\\\/niclashco\\\/\"],\"url\":\"https:\\\/\\\/www.eddh-airport.de\\\/eddhairport\\\/author\\\/niclas-rebbelmund\\\/\"}]}<\/script>\n<!-- \/ Yoast SEO plugin. -->","yoast_head_json":{"title":"Cargolux, LX-VCN - eddh-airport","robots":{"index":"index","follow":"follow","max-snippet":"max-snippet:-1","max-image-preview":"max-image-preview:large","max-video-preview":"max-video-preview:-1"},"canonical":"https:\/\/www.eddh-airport.de\/eddhairport\/cargolux-lx-vcn\/","og_locale":"de_DE","og_type":"article","og_title":"Cargolux, LX-VCN - eddh-airport","og_description":"Cargolux, LX-VCN Schon seit einigen Tagen hielten sich die Ger\u00fcchte hartn\u00e4ckig, dass eine Boeing 747 Cargo von New York (JFK) nach Hamburg transportieren sollte. Am heutigen Vormittag bewahrheitet sich dieses Szenario. Mit LX-VCN landete eine Boeing 747-8R7F der Cargolux Airlines International bei uns am Hamburg Airport. Der Frachter startete um kurz nach halb 11 (Ortszeit) [&hellip;]","og_url":"https:\/\/www.eddh-airport.de\/eddhairport\/cargolux-lx-vcn\/","og_site_name":"eddh-airport","article_publisher":"https:\/\/www.facebook.com\/eddhairport\/","article_published_time":"2019-03-01T15:37:38+00:00","article_modified_time":"2019-08-08T12:10:31+00:00","og_image":[{"url":"https:\/\/netairspace.cc\/pic\/298385\/hottestbrick_main.jpg","type":"","width":"","height":""}],"author":"Niclas Rebbelmund","twitter_card":"summary_large_image","twitter_creator":"@EDDH_airport_de","twitter_site":"@EDDH_airport_de","twitter_misc":{"Verfasst von":"Niclas Rebbelmund","Gesch\u00e4tzte Lesezeit":"1\u00a0Minute"},"schema":{"@context":"https:\/\/schema.org","@graph":[{"@type":"Article","@id":"https:\/\/www.eddh-airport.de\/eddhairport\/cargolux-lx-vcn\/#article","isPartOf":{"@id":"https:\/\/www.eddh-airport.de\/eddhairport\/cargolux-lx-vcn\/"},"author":{"name":"Niclas Rebbelmund","@id":"https:\/\/www.eddh-airport.de\/eddhairport\/#\/schema\/person\/69e52086d712e506636c8f4c5f088abe"},"headline":"Cargolux, LX-VCN","datePublished":"2019-03-01T15:37:38+00:00","dateModified":"2019-08-08T12:10:31+00:00","mainEntityOfPage":{"@id":"https:\/\/www.eddh-airport.de\/eddhairport\/cargolux-lx-vcn\/"},"wordCount":171,"commentCount":0,"publisher":{"@id":"https:\/\/www.eddh-airport.de\/eddhairport\/#organization"},"image":{"@id":"https:\/\/www.eddh-airport.de\/eddhairport\/cargolux-lx-vcn\/#primaryimage"},"thumbnailUrl":"https:\/\/netairspace.cc\/pic\/298385\/hottestbrick_main.jpg","keywords":["747-8F","B747","B747-8F","Boeing","Boeing 747-8F","Boeing747","Cargo","Cargolux","EDDH","HAM","Hamburg Airport"],"articleSection":["Movements EDDH"],"inLanguage":"de","potentialAction":[{"@type":"CommentAction","name":"Comment","target":["https:\/\/www.eddh-airport.de\/eddhairport\/cargolux-lx-vcn\/#respond"]}]},{"@type":"WebPage","@id":"https:\/\/www.eddh-airport.de\/eddhairport\/cargolux-lx-vcn\/","url":"https:\/\/www.eddh-airport.de\/eddhairport\/cargolux-lx-vcn\/","name":"Cargolux, LX-VCN - eddh-airport","isPartOf":{"@id":"https:\/\/www.eddh-airport.de\/eddhairport\/#website"},"primaryImageOfPage":{"@id":"https:\/\/www.eddh-airport.de\/eddhairport\/cargolux-lx-vcn\/#primaryimage"},"image":{"@id":"https:\/\/www.eddh-airport.de\/eddhairport\/cargolux-lx-vcn\/#primaryimage"},"thumbnailUrl":"https:\/\/netairspace.cc\/pic\/298385\/hottestbrick_main.jpg","datePublished":"2019-03-01T15:37:38+00:00","dateModified":"2019-08-08T12:10:31+00:00","breadcrumb":{"@id":"https:\/\/www.eddh-airport.de\/eddhairport\/cargolux-lx-vcn\/#breadcrumb"},"inLanguage":"de","potentialAction":[{"@type":"ReadAction","target":["https:\/\/www.eddh-airport.de\/eddhairport\/cargolux-lx-vcn\/"]}]},{"@type":"ImageObject","inLanguage":"de","@id":"https:\/\/www.eddh-airport.de\/eddhairport\/cargolux-lx-vcn\/#primaryimage","url":"https:\/\/netairspace.cc\/pic\/298385\/hottestbrick_main.jpg","contentUrl":"https:\/\/netairspace.cc\/pic\/298385\/hottestbrick_main.jpg"},{"@type":"BreadcrumbList","@id":"https:\/\/www.eddh-airport.de\/eddhairport\/cargolux-lx-vcn\/#breadcrumb","itemListElement":[{"@type":"ListItem","position":1,"name":"Startseite","item":"https:\/\/www.eddh-airport.de\/eddhairport\/"},{"@type":"ListItem","position":2,"name":"Cargolux, LX-VCN"}]},{"@type":"WebSite","@id":"https:\/\/www.eddh-airport.de\/eddhairport\/#website","url":"https:\/\/www.eddh-airport.de\/eddhairport\/","name":"eddh-airport","description":"Luftfahrtnews und Planespotting aus Hamburg","publisher":{"@id":"https:\/\/www.eddh-airport.de\/eddhairport\/#organization"},"potentialAction":[{"@type":"SearchAction","target":{"@type":"EntryPoint","urlTemplate":"https:\/\/www.eddh-airport.de\/eddhairport\/?s={search_term_string}"},"query-input":{"@type":"PropertyValueSpecification","valueRequired":true,"valueName":"search_term_string"}}],"inLanguage":"de"},{"@type":"Organization","@id":"https:\/\/www.eddh-airport.de\/eddhairport\/#organization","name":"eddh-airport","url":"https:\/\/www.eddh-airport.de\/eddhairport\/","logo":{"@type":"ImageObject","inLanguage":"de","@id":"https:\/\/www.eddh-airport.de\/eddhairport\/#\/schema\/logo\/image\/","url":"https:\/\/www.eddh-airport.de\/eddhairport\/wp-content\/uploads\/2018\/10\/cropped-Neues-Logo-blau-eine-Ebene-2.jpg","contentUrl":"https:\/\/www.eddh-airport.de\/eddhairport\/wp-content\/uploads\/2018\/10\/cropped-Neues-Logo-blau-eine-Ebene-2.jpg","width":512,"height":512,"caption":"eddh-airport"},"image":{"@id":"https:\/\/www.eddh-airport.de\/eddhairport\/#\/schema\/logo\/image\/"},"sameAs":["https:\/\/www.facebook.com\/eddhairport\/","https:\/\/x.com\/EDDH_airport_de","https:\/\/www.instagram.com\/eddhairport\/?hl=de"]},{"@type":"Person","@id":"https:\/\/www.eddh-airport.de\/eddhairport\/#\/schema\/person\/69e52086d712e506636c8f4c5f088abe","name":"Niclas Rebbelmund","image":{"@type":"ImageObject","inLanguage":"de","@id":"https:\/\/secure.gravatar.com\/avatar\/d84f2b77774e9493691ea91c216d4e4e5412d631f5fe9806ac1d1d54bd3c30cb?s=96&d=mm&r=g","url":"https:\/\/secure.gravatar.com\/avatar\/d84f2b77774e9493691ea91c216d4e4e5412d631f5fe9806ac1d1d54bd3c30cb?s=96&d=mm&r=g","contentUrl":"https:\/\/secure.gravatar.com\/avatar\/d84f2b77774e9493691ea91c216d4e4e5412d631f5fe9806ac1d1d54bd3c30cb?s=96&d=mm&r=g","caption":"Niclas Rebbelmund"},"description":"34 Jahre, Team Nikon, Aviation &amp; Fotografie Enthusiast","sameAs":["https:\/\/www.instagram.com\/niclashco\/"],"url":"https:\/\/www.eddh-airport.de\/eddhairport\/author\/niclas-rebbelmund\/"}]}},"_links":{"self":[{"href":"https:\/\/www.eddh-airport.de\/eddhairport\/wp-json\/wp\/v2\/posts\/1293","targetHints":{"allow":["GET"]}}],"collection":[{"href":"https:\/\/www.eddh-airport.de\/eddhairport\/wp-json\/wp\/v2\/posts"}],"about":[{"href":"https:\/\/www.eddh-airport.de\/eddhairport\/wp-json\/wp\/v2\/types\/post"}],"author":[{"embeddable":true,"href":"https:\/\/www.eddh-airport.de\/eddhairport\/wp-json\/wp\/v2\/users\/3"}],"replies":[{"embeddable":true,"href":"https:\/\/www.eddh-airport.de\/eddhairport\/wp-json\/wp\/v2\/comments?post=1293"}],"version-history":[{"count":11,"href":"https:\/\/www.eddh-airport.de\/eddhairport\/wp-json\/wp\/v2\/posts\/1293\/revisions"}],"predecessor-version":[{"id":2064,"href":"https:\/\/www.eddh-airport.de\/eddhairport\/wp-json\/wp\/v2\/posts\/1293\/revisions\/2064"}],"wp:attachment":[{"href":"https:\/\/www.eddh-airport.de\/eddhairport\/wp-json\/wp\/v2\/media?parent=1293"}],"wp:term":[{"taxonomy":"category","embeddable":true,"href":"https:\/\/www.eddh-airport.de\/eddhairport\/wp-json\/wp\/v2\/categories?post=1293"},{"taxonomy":"post_tag","embeddable":true,"href":"https:\/\/www.eddh-airport.de\/eddhairport\/wp-json\/wp\/v2\/tags?post=1293"}],"curies":[{"name":"wp","href":"https:\/\/api.w.org\/{rel}","templated":true}]}}