{"id":1063,"date":"2019-01-31T18:47:07","date_gmt":"2019-01-31T17:47:07","guid":{"rendered":"https:\/\/www.eddh-airport.de\/eddhairport\/?p=1063"},"modified":"2019-08-08T14:20:04","modified_gmt":"2019-08-08T12:20:04","slug":"eurowings-in-hybrid-lackierung-ok-neo","status":"publish","type":"post","link":"https:\/\/www.eddh-airport.de\/eddhairport\/eurowings-in-hybrid-lackierung-ok-neo\/","title":{"rendered":"Eurowings in Hybrid-Lackierung, OK-NEO"},"content":{"rendered":"\r\n<h6 class=\"wp-block-heading\">Eurowings in Hybrid-Lackierung, OK-NEO<\/h6>\r\n\r\n\r\n\r\n<p>Und j\u00e4hrlich gr\u00fc\u00dft das Murmeltier&#8230; Wie auch im letzten Winter fliegen f\u00fcr Eurowings auch in diesem Winter einige Airbus A319 der tschechischen CSA Czech Airlines. In diesem Jahr fliegen f\u00fcnf A319 im Wetlease f\u00fcr Eurowings haupts\u00e4chlich ab Stuttgart (STR). Dies gibt Eurowings die M\u00f6glichkeit effizient die eigenen Flugzeuge warten zu k\u00f6nnen, ohne gr\u00f6\u00dfere Flugausf\u00e4lle hinnehmen zu m\u00fcssen.<\/p>\r\n<p>Die f\u00fcnf Airbus A319-112 mit den Registrierungen OK-NEN, OK-NEM, OK-NEO, OK-NEP und OK-REQ wurden in diesem Leasing-Vorgang sogar an das Markenbild der Eurowings angeglichen. Die somit entstandene Hybrid-Lackierung aus Eurowings und CSA Czech Airlines ist auf Grund ihrer zeitlichen Begrenzung ein beliebtes Fotomotiv bei einigen Spottern. Exemplarisch landete bspw. heute Nachmittag mit OK-NEO wieder einer der f\u00fcnf A319 in Hybrid-Lackierungen \u00fcber die Landebahn 15 aus Stuttgart kommend.<\/p>\r\n<p><\/p>\r\n<p><a href=\"https:\/\/netairspace.cc\/pic\/291320\/\"><img decoding=\"async\" src=\"https:\/\/netairspace.cc\/pic\/291320\/hottestbrick_main.jpg\" alt=\"Aviation photo\" \/><\/a><br \/><a href=\"https:\/\/netairspace.cc\/pic\/291320\/\"><span style=\"font-size: xx-small;\">OK-NEO at Hamburg &#8211; Fuhlsbuettel (Helmut Schmidt)<br \/>by Niclas Rebbelmund on netAirspace.cc<\/span><\/a><\/p>\r\n<p><\/p>\r\n<p>Unbest\u00e4tigten Berichten zu Folge soll der Mutterkonzern der Czech Airlines, die ebenfalls tschechische Travel Service, aktuell pr\u00fcfen, ob die Airbus Flotte der Czech Airlines ver\u00e4u\u00dfert wird, da wohl eine einheitliche Boeing Flotte angestrebt wird. Dies w\u00e4ren dann f\u00fcr die f\u00fcnf Airbus A319 die letzten Eins\u00e4tze bis zum Ende des Leasings. Was danach mit ihnen geschieht ist bisher ungewiss.<\/p>\r\n<p><\/p>","protected":false},"excerpt":{"rendered":"<p>Eurowings in Hybrid-Lackierung, OK-NEO Und j\u00e4hrlich gr\u00fc\u00dft das Murmeltier&#8230; Wie auch im letzten Winter fliegen f\u00fcr Eurowings auch in diesem Winter einige Airbus A319 der tschechischen CSA Czech Airlines. In diesem Jahr fliegen f\u00fcnf A319 im Wetlease f\u00fcr Eurowings haupts\u00e4chlich ab Stuttgart (STR). Dies gibt Eurowings die M\u00f6glichkeit effizient die eigenen Flugzeuge warten zu k\u00f6nnen, [&hellip;]<\/p>\n","protected":false},"author":3,"featured_media":0,"comment_status":"open","ping_status":"open","sticky":false,"template":"","format":"standard","meta":{"_monsterinsights_skip_tracking":false,"_monsterinsights_sitenote_active":false,"_monsterinsights_sitenote_note":"","_monsterinsights_sitenote_category":0,"site-sidebar-layout":"default","site-content-layout":"","ast-site-content-layout":"default","site-content-style":"default","site-sidebar-style":"default","ast-global-header-display":"","ast-banner-title-visibility":"","ast-main-header-display":"","ast-hfb-above-header-display":"","ast-hfb-below-header-display":"","ast-hfb-mobile-header-display":"","site-post-title":"","ast-breadcrumbs-content":"","ast-featured-img":"","footer-sml-layout":"","ast-disable-related-posts":"","theme-transparent-header-meta":"","adv-header-id-meta":"","stick-header-meta":"","header-above-stick-meta":"","header-main-stick-meta":"","header-below-stick-meta":"","astra-migrate-meta-layouts":"default","ast-page-background-enabled":"default","ast-page-background-meta":{"desktop":{"background-color":"","background-image":"","background-repeat":"repeat","background-position":"center center","background-size":"auto","background-attachment":"scroll","background-type":"","background-media":"","overlay-type":"","overlay-color":"","overlay-opacity":"","overlay-gradient":""},"tablet":{"background-color":"","background-image":"","background-repeat":"repeat","background-position":"center center","background-size":"auto","background-attachment":"scroll","background-type":"","background-media":"","overlay-type":"","overlay-color":"","overlay-opacity":"","overlay-gradient":""},"mobile":{"background-color":"","background-image":"","background-repeat":"repeat","background-position":"center center","background-size":"auto","background-attachment":"scroll","background-type":"","background-media":"","overlay-type":"","overlay-color":"","overlay-opacity":"","overlay-gradient":""}},"ast-content-background-meta":{"desktop":{"background-color":"var(--ast-global-color-5)","background-image":"","background-repeat":"repeat","background-position":"center center","background-size":"auto","background-attachment":"scroll","background-type":"","background-media":"","overlay-type":"","overlay-color":"","overlay-opacity":"","overlay-gradient":""},"tablet":{"background-color":"var(--ast-global-color-5)","background-image":"","background-repeat":"repeat","background-position":"center center","background-size":"auto","background-attachment":"scroll","background-type":"","background-media":"","overlay-type":"","overlay-color":"","overlay-opacity":"","overlay-gradient":""},"mobile":{"background-color":"var(--ast-global-color-5)","background-image":"","background-repeat":"repeat","background-position":"center center","background-size":"auto","background-attachment":"scroll","background-type":"","background-media":"","overlay-type":"","overlay-color":"","overlay-opacity":"","overlay-gradient":""}},"footnotes":""},"categories":[1,8],"tags":[19,12,401,400,10,68,11,90,196],"class_list":["post-1063","post","type-post","status-publish","format-standard","hentry","category-allgemein","category-movements-eddh","tag-a319","tag-airbus","tag-czech","tag-czech-airlines","tag-eddh","tag-eurowings","tag-ham","tag-hamburg-airport","tag-hybrid"],"yoast_head":"<!-- This site is optimized with the Yoast SEO plugin v27.4 - https:\/\/yoast.com\/product\/yoast-seo-wordpress\/ -->\n<title>Eurowings in Hybrid-Lackierung, OK-NEO - eddh-airport<\/title>\n<meta name=\"description\" content=\"Seit einiger Zeit fliegt f\u00fcr Eurowings wieder die tschechische Czech Airlines mit einigen Airbus A319. Dieses Mal allerdings in Hybrid-Lackierung.\" \/>\n<meta name=\"robots\" content=\"index, follow, max-snippet:-1, max-image-preview:large, max-video-preview:-1\" \/>\n<link rel=\"canonical\" href=\"https:\/\/www.eddh-airport.de\/eddhairport\/eurowings-in-hybrid-lackierung-ok-neo\/\" \/>\n<meta property=\"og:locale\" content=\"de_DE\" \/>\n<meta property=\"og:type\" content=\"article\" \/>\n<meta property=\"og:title\" content=\"Eurowings in Hybrid-Lackierung, OK-NEO - eddh-airport\" \/>\n<meta property=\"og:description\" content=\"Seit einiger Zeit fliegt f\u00fcr Eurowings wieder die tschechische Czech Airlines mit einigen Airbus A319. Dieses Mal allerdings in Hybrid-Lackierung.\" \/>\n<meta property=\"og:url\" content=\"https:\/\/www.eddh-airport.de\/eddhairport\/eurowings-in-hybrid-lackierung-ok-neo\/\" \/>\n<meta property=\"og:site_name\" content=\"eddh-airport\" \/>\n<meta property=\"article:publisher\" content=\"https:\/\/www.facebook.com\/eddhairport\/\" \/>\n<meta property=\"article:published_time\" content=\"2019-01-31T17:47:07+00:00\" \/>\n<meta property=\"article:modified_time\" content=\"2019-08-08T12:20:04+00:00\" \/>\n<meta property=\"og:image\" content=\"https:\/\/netairspace.cc\/pic\/291320\/hottestbrick_main.jpg\" \/>\n<meta name=\"author\" content=\"Niclas Rebbelmund\" \/>\n<meta name=\"twitter:card\" content=\"summary_large_image\" \/>\n<meta name=\"twitter:creator\" content=\"@EDDH_airport_de\" \/>\n<meta name=\"twitter:site\" content=\"@EDDH_airport_de\" \/>\n<meta name=\"twitter:label1\" content=\"Verfasst von\" \/>\n\t<meta name=\"twitter:data1\" content=\"Niclas Rebbelmund\" \/>\n\t<meta name=\"twitter:label2\" content=\"Gesch\u00e4tzte Lesezeit\" \/>\n\t<meta name=\"twitter:data2\" content=\"1\u00a0Minute\" \/>\n<script type=\"application\/ld+json\" class=\"yoast-schema-graph\">{\"@context\":\"https:\\\/\\\/schema.org\",\"@graph\":[{\"@type\":\"Article\",\"@id\":\"https:\\\/\\\/www.eddh-airport.de\\\/eddhairport\\\/eurowings-in-hybrid-lackierung-ok-neo\\\/#article\",\"isPartOf\":{\"@id\":\"https:\\\/\\\/www.eddh-airport.de\\\/eddhairport\\\/eurowings-in-hybrid-lackierung-ok-neo\\\/\"},\"author\":{\"name\":\"Niclas Rebbelmund\",\"@id\":\"https:\\\/\\\/www.eddh-airport.de\\\/eddhairport\\\/#\\\/schema\\\/person\\\/69e52086d712e506636c8f4c5f088abe\"},\"headline\":\"Eurowings in Hybrid-Lackierung, OK-NEO\",\"datePublished\":\"2019-01-31T17:47:07+00:00\",\"dateModified\":\"2019-08-08T12:20:04+00:00\",\"mainEntityOfPage\":{\"@id\":\"https:\\\/\\\/www.eddh-airport.de\\\/eddhairport\\\/eurowings-in-hybrid-lackierung-ok-neo\\\/\"},\"wordCount\":224,\"commentCount\":0,\"publisher\":{\"@id\":\"https:\\\/\\\/www.eddh-airport.de\\\/eddhairport\\\/#organization\"},\"image\":{\"@id\":\"https:\\\/\\\/www.eddh-airport.de\\\/eddhairport\\\/eurowings-in-hybrid-lackierung-ok-neo\\\/#primaryimage\"},\"thumbnailUrl\":\"https:\\\/\\\/netairspace.cc\\\/pic\\\/291320\\\/hottestbrick_main.jpg\",\"keywords\":[\"A319\",\"Airbus\",\"Czech\",\"Czech Airlines\",\"EDDH\",\"Eurowings\",\"HAM\",\"Hamburg Airport\",\"Hybrid\"],\"articleSection\":{\"1\":\"Movements EDDH\"},\"inLanguage\":\"de\",\"potentialAction\":[{\"@type\":\"CommentAction\",\"name\":\"Comment\",\"target\":[\"https:\\\/\\\/www.eddh-airport.de\\\/eddhairport\\\/eurowings-in-hybrid-lackierung-ok-neo\\\/#respond\"]}]},{\"@type\":\"WebPage\",\"@id\":\"https:\\\/\\\/www.eddh-airport.de\\\/eddhairport\\\/eurowings-in-hybrid-lackierung-ok-neo\\\/\",\"url\":\"https:\\\/\\\/www.eddh-airport.de\\\/eddhairport\\\/eurowings-in-hybrid-lackierung-ok-neo\\\/\",\"name\":\"Eurowings in Hybrid-Lackierung, OK-NEO - eddh-airport\",\"isPartOf\":{\"@id\":\"https:\\\/\\\/www.eddh-airport.de\\\/eddhairport\\\/#website\"},\"primaryImageOfPage\":{\"@id\":\"https:\\\/\\\/www.eddh-airport.de\\\/eddhairport\\\/eurowings-in-hybrid-lackierung-ok-neo\\\/#primaryimage\"},\"image\":{\"@id\":\"https:\\\/\\\/www.eddh-airport.de\\\/eddhairport\\\/eurowings-in-hybrid-lackierung-ok-neo\\\/#primaryimage\"},\"thumbnailUrl\":\"https:\\\/\\\/netairspace.cc\\\/pic\\\/291320\\\/hottestbrick_main.jpg\",\"datePublished\":\"2019-01-31T17:47:07+00:00\",\"dateModified\":\"2019-08-08T12:20:04+00:00\",\"description\":\"Seit einiger Zeit fliegt f\u00fcr Eurowings wieder die tschechische Czech Airlines mit einigen Airbus A319. Dieses Mal allerdings in Hybrid-Lackierung.\",\"breadcrumb\":{\"@id\":\"https:\\\/\\\/www.eddh-airport.de\\\/eddhairport\\\/eurowings-in-hybrid-lackierung-ok-neo\\\/#breadcrumb\"},\"inLanguage\":\"de\",\"potentialAction\":[{\"@type\":\"ReadAction\",\"target\":[\"https:\\\/\\\/www.eddh-airport.de\\\/eddhairport\\\/eurowings-in-hybrid-lackierung-ok-neo\\\/\"]}]},{\"@type\":\"ImageObject\",\"inLanguage\":\"de\",\"@id\":\"https:\\\/\\\/www.eddh-airport.de\\\/eddhairport\\\/eurowings-in-hybrid-lackierung-ok-neo\\\/#primaryimage\",\"url\":\"https:\\\/\\\/netairspace.cc\\\/pic\\\/291320\\\/hottestbrick_main.jpg\",\"contentUrl\":\"https:\\\/\\\/netairspace.cc\\\/pic\\\/291320\\\/hottestbrick_main.jpg\"},{\"@type\":\"BreadcrumbList\",\"@id\":\"https:\\\/\\\/www.eddh-airport.de\\\/eddhairport\\\/eurowings-in-hybrid-lackierung-ok-neo\\\/#breadcrumb\",\"itemListElement\":[{\"@type\":\"ListItem\",\"position\":1,\"name\":\"Startseite\",\"item\":\"https:\\\/\\\/www.eddh-airport.de\\\/eddhairport\\\/\"},{\"@type\":\"ListItem\",\"position\":2,\"name\":\"Eurowings in Hybrid-Lackierung, OK-NEO\"}]},{\"@type\":\"WebSite\",\"@id\":\"https:\\\/\\\/www.eddh-airport.de\\\/eddhairport\\\/#website\",\"url\":\"https:\\\/\\\/www.eddh-airport.de\\\/eddhairport\\\/\",\"name\":\"eddh-airport\",\"description\":\"Luftfahrtnews und Planespotting aus Hamburg\",\"publisher\":{\"@id\":\"https:\\\/\\\/www.eddh-airport.de\\\/eddhairport\\\/#organization\"},\"potentialAction\":[{\"@type\":\"SearchAction\",\"target\":{\"@type\":\"EntryPoint\",\"urlTemplate\":\"https:\\\/\\\/www.eddh-airport.de\\\/eddhairport\\\/?s={search_term_string}\"},\"query-input\":{\"@type\":\"PropertyValueSpecification\",\"valueRequired\":true,\"valueName\":\"search_term_string\"}}],\"inLanguage\":\"de\"},{\"@type\":\"Organization\",\"@id\":\"https:\\\/\\\/www.eddh-airport.de\\\/eddhairport\\\/#organization\",\"name\":\"eddh-airport\",\"url\":\"https:\\\/\\\/www.eddh-airport.de\\\/eddhairport\\\/\",\"logo\":{\"@type\":\"ImageObject\",\"inLanguage\":\"de\",\"@id\":\"https:\\\/\\\/www.eddh-airport.de\\\/eddhairport\\\/#\\\/schema\\\/logo\\\/image\\\/\",\"url\":\"https:\\\/\\\/www.eddh-airport.de\\\/eddhairport\\\/wp-content\\\/uploads\\\/2018\\\/10\\\/cropped-Neues-Logo-blau-eine-Ebene-2.jpg\",\"contentUrl\":\"https:\\\/\\\/www.eddh-airport.de\\\/eddhairport\\\/wp-content\\\/uploads\\\/2018\\\/10\\\/cropped-Neues-Logo-blau-eine-Ebene-2.jpg\",\"width\":512,\"height\":512,\"caption\":\"eddh-airport\"},\"image\":{\"@id\":\"https:\\\/\\\/www.eddh-airport.de\\\/eddhairport\\\/#\\\/schema\\\/logo\\\/image\\\/\"},\"sameAs\":[\"https:\\\/\\\/www.facebook.com\\\/eddhairport\\\/\",\"https:\\\/\\\/x.com\\\/EDDH_airport_de\",\"https:\\\/\\\/www.instagram.com\\\/eddhairport\\\/?hl=de\"]},{\"@type\":\"Person\",\"@id\":\"https:\\\/\\\/www.eddh-airport.de\\\/eddhairport\\\/#\\\/schema\\\/person\\\/69e52086d712e506636c8f4c5f088abe\",\"name\":\"Niclas Rebbelmund\",\"image\":{\"@type\":\"ImageObject\",\"inLanguage\":\"de\",\"@id\":\"https:\\\/\\\/secure.gravatar.com\\\/avatar\\\/d84f2b77774e9493691ea91c216d4e4e5412d631f5fe9806ac1d1d54bd3c30cb?s=96&d=mm&r=g\",\"url\":\"https:\\\/\\\/secure.gravatar.com\\\/avatar\\\/d84f2b77774e9493691ea91c216d4e4e5412d631f5fe9806ac1d1d54bd3c30cb?s=96&d=mm&r=g\",\"contentUrl\":\"https:\\\/\\\/secure.gravatar.com\\\/avatar\\\/d84f2b77774e9493691ea91c216d4e4e5412d631f5fe9806ac1d1d54bd3c30cb?s=96&d=mm&r=g\",\"caption\":\"Niclas Rebbelmund\"},\"description\":\"34 Jahre, Team Nikon, Aviation &amp; Fotografie Enthusiast\",\"sameAs\":[\"https:\\\/\\\/www.instagram.com\\\/niclashco\\\/\"],\"url\":\"https:\\\/\\\/www.eddh-airport.de\\\/eddhairport\\\/author\\\/niclas-rebbelmund\\\/\"}]}<\/script>\n<!-- \/ Yoast SEO plugin. -->","yoast_head_json":{"title":"Eurowings in Hybrid-Lackierung, OK-NEO - eddh-airport","description":"Seit einiger Zeit fliegt f\u00fcr Eurowings wieder die tschechische Czech Airlines mit einigen Airbus A319. Dieses Mal allerdings in Hybrid-Lackierung.","robots":{"index":"index","follow":"follow","max-snippet":"max-snippet:-1","max-image-preview":"max-image-preview:large","max-video-preview":"max-video-preview:-1"},"canonical":"https:\/\/www.eddh-airport.de\/eddhairport\/eurowings-in-hybrid-lackierung-ok-neo\/","og_locale":"de_DE","og_type":"article","og_title":"Eurowings in Hybrid-Lackierung, OK-NEO - eddh-airport","og_description":"Seit einiger Zeit fliegt f\u00fcr Eurowings wieder die tschechische Czech Airlines mit einigen Airbus A319. Dieses Mal allerdings in Hybrid-Lackierung.","og_url":"https:\/\/www.eddh-airport.de\/eddhairport\/eurowings-in-hybrid-lackierung-ok-neo\/","og_site_name":"eddh-airport","article_publisher":"https:\/\/www.facebook.com\/eddhairport\/","article_published_time":"2019-01-31T17:47:07+00:00","article_modified_time":"2019-08-08T12:20:04+00:00","og_image":[{"url":"https:\/\/netairspace.cc\/pic\/291320\/hottestbrick_main.jpg","type":"","width":"","height":""}],"author":"Niclas Rebbelmund","twitter_card":"summary_large_image","twitter_creator":"@EDDH_airport_de","twitter_site":"@EDDH_airport_de","twitter_misc":{"Verfasst von":"Niclas Rebbelmund","Gesch\u00e4tzte Lesezeit":"1\u00a0Minute"},"schema":{"@context":"https:\/\/schema.org","@graph":[{"@type":"Article","@id":"https:\/\/www.eddh-airport.de\/eddhairport\/eurowings-in-hybrid-lackierung-ok-neo\/#article","isPartOf":{"@id":"https:\/\/www.eddh-airport.de\/eddhairport\/eurowings-in-hybrid-lackierung-ok-neo\/"},"author":{"name":"Niclas Rebbelmund","@id":"https:\/\/www.eddh-airport.de\/eddhairport\/#\/schema\/person\/69e52086d712e506636c8f4c5f088abe"},"headline":"Eurowings in Hybrid-Lackierung, OK-NEO","datePublished":"2019-01-31T17:47:07+00:00","dateModified":"2019-08-08T12:20:04+00:00","mainEntityOfPage":{"@id":"https:\/\/www.eddh-airport.de\/eddhairport\/eurowings-in-hybrid-lackierung-ok-neo\/"},"wordCount":224,"commentCount":0,"publisher":{"@id":"https:\/\/www.eddh-airport.de\/eddhairport\/#organization"},"image":{"@id":"https:\/\/www.eddh-airport.de\/eddhairport\/eurowings-in-hybrid-lackierung-ok-neo\/#primaryimage"},"thumbnailUrl":"https:\/\/netairspace.cc\/pic\/291320\/hottestbrick_main.jpg","keywords":["A319","Airbus","Czech","Czech Airlines","EDDH","Eurowings","HAM","Hamburg Airport","Hybrid"],"articleSection":{"1":"Movements EDDH"},"inLanguage":"de","potentialAction":[{"@type":"CommentAction","name":"Comment","target":["https:\/\/www.eddh-airport.de\/eddhairport\/eurowings-in-hybrid-lackierung-ok-neo\/#respond"]}]},{"@type":"WebPage","@id":"https:\/\/www.eddh-airport.de\/eddhairport\/eurowings-in-hybrid-lackierung-ok-neo\/","url":"https:\/\/www.eddh-airport.de\/eddhairport\/eurowings-in-hybrid-lackierung-ok-neo\/","name":"Eurowings in Hybrid-Lackierung, OK-NEO - eddh-airport","isPartOf":{"@id":"https:\/\/www.eddh-airport.de\/eddhairport\/#website"},"primaryImageOfPage":{"@id":"https:\/\/www.eddh-airport.de\/eddhairport\/eurowings-in-hybrid-lackierung-ok-neo\/#primaryimage"},"image":{"@id":"https:\/\/www.eddh-airport.de\/eddhairport\/eurowings-in-hybrid-lackierung-ok-neo\/#primaryimage"},"thumbnailUrl":"https:\/\/netairspace.cc\/pic\/291320\/hottestbrick_main.jpg","datePublished":"2019-01-31T17:47:07+00:00","dateModified":"2019-08-08T12:20:04+00:00","description":"Seit einiger Zeit fliegt f\u00fcr Eurowings wieder die tschechische Czech Airlines mit einigen Airbus A319. Dieses Mal allerdings in Hybrid-Lackierung.","breadcrumb":{"@id":"https:\/\/www.eddh-airport.de\/eddhairport\/eurowings-in-hybrid-lackierung-ok-neo\/#breadcrumb"},"inLanguage":"de","potentialAction":[{"@type":"ReadAction","target":["https:\/\/www.eddh-airport.de\/eddhairport\/eurowings-in-hybrid-lackierung-ok-neo\/"]}]},{"@type":"ImageObject","inLanguage":"de","@id":"https:\/\/www.eddh-airport.de\/eddhairport\/eurowings-in-hybrid-lackierung-ok-neo\/#primaryimage","url":"https:\/\/netairspace.cc\/pic\/291320\/hottestbrick_main.jpg","contentUrl":"https:\/\/netairspace.cc\/pic\/291320\/hottestbrick_main.jpg"},{"@type":"BreadcrumbList","@id":"https:\/\/www.eddh-airport.de\/eddhairport\/eurowings-in-hybrid-lackierung-ok-neo\/#breadcrumb","itemListElement":[{"@type":"ListItem","position":1,"name":"Startseite","item":"https:\/\/www.eddh-airport.de\/eddhairport\/"},{"@type":"ListItem","position":2,"name":"Eurowings in Hybrid-Lackierung, OK-NEO"}]},{"@type":"WebSite","@id":"https:\/\/www.eddh-airport.de\/eddhairport\/#website","url":"https:\/\/www.eddh-airport.de\/eddhairport\/","name":"eddh-airport","description":"Luftfahrtnews und Planespotting aus Hamburg","publisher":{"@id":"https:\/\/www.eddh-airport.de\/eddhairport\/#organization"},"potentialAction":[{"@type":"SearchAction","target":{"@type":"EntryPoint","urlTemplate":"https:\/\/www.eddh-airport.de\/eddhairport\/?s={search_term_string}"},"query-input":{"@type":"PropertyValueSpecification","valueRequired":true,"valueName":"search_term_string"}}],"inLanguage":"de"},{"@type":"Organization","@id":"https:\/\/www.eddh-airport.de\/eddhairport\/#organization","name":"eddh-airport","url":"https:\/\/www.eddh-airport.de\/eddhairport\/","logo":{"@type":"ImageObject","inLanguage":"de","@id":"https:\/\/www.eddh-airport.de\/eddhairport\/#\/schema\/logo\/image\/","url":"https:\/\/www.eddh-airport.de\/eddhairport\/wp-content\/uploads\/2018\/10\/cropped-Neues-Logo-blau-eine-Ebene-2.jpg","contentUrl":"https:\/\/www.eddh-airport.de\/eddhairport\/wp-content\/uploads\/2018\/10\/cropped-Neues-Logo-blau-eine-Ebene-2.jpg","width":512,"height":512,"caption":"eddh-airport"},"image":{"@id":"https:\/\/www.eddh-airport.de\/eddhairport\/#\/schema\/logo\/image\/"},"sameAs":["https:\/\/www.facebook.com\/eddhairport\/","https:\/\/x.com\/EDDH_airport_de","https:\/\/www.instagram.com\/eddhairport\/?hl=de"]},{"@type":"Person","@id":"https:\/\/www.eddh-airport.de\/eddhairport\/#\/schema\/person\/69e52086d712e506636c8f4c5f088abe","name":"Niclas Rebbelmund","image":{"@type":"ImageObject","inLanguage":"de","@id":"https:\/\/secure.gravatar.com\/avatar\/d84f2b77774e9493691ea91c216d4e4e5412d631f5fe9806ac1d1d54bd3c30cb?s=96&d=mm&r=g","url":"https:\/\/secure.gravatar.com\/avatar\/d84f2b77774e9493691ea91c216d4e4e5412d631f5fe9806ac1d1d54bd3c30cb?s=96&d=mm&r=g","contentUrl":"https:\/\/secure.gravatar.com\/avatar\/d84f2b77774e9493691ea91c216d4e4e5412d631f5fe9806ac1d1d54bd3c30cb?s=96&d=mm&r=g","caption":"Niclas Rebbelmund"},"description":"34 Jahre, Team Nikon, Aviation &amp; Fotografie Enthusiast","sameAs":["https:\/\/www.instagram.com\/niclashco\/"],"url":"https:\/\/www.eddh-airport.de\/eddhairport\/author\/niclas-rebbelmund\/"}]}},"_links":{"self":[{"href":"https:\/\/www.eddh-airport.de\/eddhairport\/wp-json\/wp\/v2\/posts\/1063","targetHints":{"allow":["GET"]}}],"collection":[{"href":"https:\/\/www.eddh-airport.de\/eddhairport\/wp-json\/wp\/v2\/posts"}],"about":[{"href":"https:\/\/www.eddh-airport.de\/eddhairport\/wp-json\/wp\/v2\/types\/post"}],"author":[{"embeddable":true,"href":"https:\/\/www.eddh-airport.de\/eddhairport\/wp-json\/wp\/v2\/users\/3"}],"replies":[{"embeddable":true,"href":"https:\/\/www.eddh-airport.de\/eddhairport\/wp-json\/wp\/v2\/comments?post=1063"}],"version-history":[{"count":5,"href":"https:\/\/www.eddh-airport.de\/eddhairport\/wp-json\/wp\/v2\/posts\/1063\/revisions"}],"predecessor-version":[{"id":2098,"href":"https:\/\/www.eddh-airport.de\/eddhairport\/wp-json\/wp\/v2\/posts\/1063\/revisions\/2098"}],"wp:attachment":[{"href":"https:\/\/www.eddh-airport.de\/eddhairport\/wp-json\/wp\/v2\/media?parent=1063"}],"wp:term":[{"taxonomy":"category","embeddable":true,"href":"https:\/\/www.eddh-airport.de\/eddhairport\/wp-json\/wp\/v2\/categories?post=1063"},{"taxonomy":"post_tag","embeddable":true,"href":"https:\/\/www.eddh-airport.de\/eddhairport\/wp-json\/wp\/v2\/tags?post=1063"}],"curies":[{"name":"wp","href":"https:\/\/api.w.org\/{rel}","templated":true}]}}