{"id":1041,"date":"2019-01-28T04:33:26","date_gmt":"2019-01-28T03:33:26","guid":{"rendered":"https:\/\/www.eddh-airport.de\/eddhairport\/?p=1041"},"modified":"2019-01-28T08:11:59","modified_gmt":"2019-01-28T07:11:59","slug":"bald-mit-emirates-erneut-nach-new-york","status":"publish","type":"post","link":"https:\/\/www.eddh-airport.de\/eddhairport\/bald-mit-emirates-erneut-nach-new-york\/","title":{"rendered":"Bald mit Emirates erneut nach New York?"},"content":{"rendered":"<h6>Bald mit Emirates erneut nach New York?<\/h6>\n<p>Es gab ihn bereits, den Flug von Dubai \u00fcber Hamburg nach New York John F. Kennedy. Der Flug bestand vom 29.10.2006 bis zum 30.03.2008. Damals flog man mit Boeing 777-300 und sp\u00e4ter dem Airbus A340-500 diese Strecke, leider auch in Konkurrenz zu United\/Continental Airlines. Geht es nun bald mit Emirates erneut nach New York? Wenn es nach dem Wunsch von Hamburgs ersten B\u00fcrgermeister geht, ja.<\/p>\n<p><a href=\"https:\/\/www.eddh-airport.de\/eddhairport\/wp-content\/uploads\/2019\/01\/ek.jpg\"><img fetchpriority=\"high\" decoding=\"async\" class=\"size-medium wp-image-1042 alignnone\" src=\"https:\/\/www.eddh-airport.de\/eddhairport\/wp-content\/uploads\/2019\/01\/ek-300x169.jpg\" alt=\"\" width=\"300\" height=\"169\" srcset=\"https:\/\/www.eddh-airport.de\/eddhairport\/wp-content\/uploads\/2019\/01\/ek-300x169.jpg 300w, https:\/\/www.eddh-airport.de\/eddhairport\/wp-content\/uploads\/2019\/01\/ek-768x432.jpg 768w, https:\/\/www.eddh-airport.de\/eddhairport\/wp-content\/uploads\/2019\/01\/ek-1024x576.jpg 1024w, https:\/\/www.eddh-airport.de\/eddhairport\/wp-content\/uploads\/2019\/01\/ek.jpg 1600w\" sizes=\"(max-width: 300px) 100vw, 300px\" \/><\/a><\/p>\n<h6 style=\"text-align: left;\">Tschentscher trifft Clark<\/h6>\n<p>Der Hamburger B\u00fcrgermeister traf sich w\u00e4hrend seines Besuches in Dubai unter anderem mit Tim Clark, dem Pr\u00e4sidenten von Emirates, dem er diesen Vorschlag unterbreitete. Dieser w\u00e4re grunds\u00e4tzlich nicht abgeneigt und bezeichnete eine solche Verbindung als wirtschaftlich durchf\u00fchrbar. Er f\u00fcrchte allerdings, dass es mit dem Marktzugang nicht ganz so einfach sein k\u00f6nnte, da Lufthansa, als Nationalcarrier, ein Interesse daran hat keine Flugg\u00e4ste, die sonst \u00fcber die eigenen Hubs fliegen, an andere Airlines zu verlieren. Die Situation ist zudem eine andere als damals. Mit United entf\u00e4llt dieses Mal ein Star Alliance Partner komplett auf der Strecke nach New York.<\/p>\n<p>Man darf also gespannt sein. Im Forum haben wir einen entsprechenden Diskussionsthread eingerichtet. Klickt dazu <a href=\"https:\/\/www.eddh-airport.de\/forum\/index.php?thread\/101-emirates-plant-flug-dxb-ham-jfk-erneut\/\" target=\"_blank\" rel=\"noreferrer noopener\" aria-label=\"HIER (\u00f6ffnet in neuem Tab)\">HIER<\/a>.<\/p>\n\n\n<p><\/p>\n","protected":false},"excerpt":{"rendered":"<p>Bald mit Emirates erneut nach New York? Es gab ihn bereits, den Flug von Dubai \u00fcber Hamburg nach New York John F. Kennedy. Der Flug bestand vom 29.10.2006 bis zum 30.03.2008. Damals flog man mit Boeing 777-300 und sp\u00e4ter dem Airbus A340-500 diese Strecke, leider auch in Konkurrenz zu United\/Continental Airlines. Geht es nun bald [&hellip;]<\/p>\n","protected":false},"author":1,"featured_media":0,"comment_status":"open","ping_status":"open","sticky":false,"template":"","format":"standard","meta":{"_monsterinsights_skip_tracking":false,"_monsterinsights_sitenote_active":false,"_monsterinsights_sitenote_note":"","_monsterinsights_sitenote_category":0,"site-sidebar-layout":"default","site-content-layout":"","ast-site-content-layout":"default","site-content-style":"default","site-sidebar-style":"default","ast-global-header-display":"","ast-banner-title-visibility":"","ast-main-header-display":"","ast-hfb-above-header-display":"","ast-hfb-below-header-display":"","ast-hfb-mobile-header-display":"","site-post-title":"","ast-breadcrumbs-content":"","ast-featured-img":"","footer-sml-layout":"","ast-disable-related-posts":"","theme-transparent-header-meta":"","adv-header-id-meta":"","stick-header-meta":"","header-above-stick-meta":"","header-main-stick-meta":"","header-below-stick-meta":"","astra-migrate-meta-layouts":"default","ast-page-background-enabled":"default","ast-page-background-meta":{"desktop":{"background-color":"","background-image":"","background-repeat":"repeat","background-position":"center center","background-size":"auto","background-attachment":"scroll","background-type":"","background-media":"","overlay-type":"","overlay-color":"","overlay-opacity":"","overlay-gradient":""},"tablet":{"background-color":"","background-image":"","background-repeat":"repeat","background-position":"center center","background-size":"auto","background-attachment":"scroll","background-type":"","background-media":"","overlay-type":"","overlay-color":"","overlay-opacity":"","overlay-gradient":""},"mobile":{"background-color":"","background-image":"","background-repeat":"repeat","background-position":"center center","background-size":"auto","background-attachment":"scroll","background-type":"","background-media":"","overlay-type":"","overlay-color":"","overlay-opacity":"","overlay-gradient":""}},"ast-content-background-meta":{"desktop":{"background-color":"var(--ast-global-color-5)","background-image":"","background-repeat":"repeat","background-position":"center center","background-size":"auto","background-attachment":"scroll","background-type":"","background-media":"","overlay-type":"","overlay-color":"","overlay-opacity":"","overlay-gradient":""},"tablet":{"background-color":"var(--ast-global-color-5)","background-image":"","background-repeat":"repeat","background-position":"center center","background-size":"auto","background-attachment":"scroll","background-type":"","background-media":"","overlay-type":"","overlay-color":"","overlay-opacity":"","overlay-gradient":""},"mobile":{"background-color":"var(--ast-global-color-5)","background-image":"","background-repeat":"repeat","background-position":"center center","background-size":"auto","background-attachment":"scroll","background-type":"","background-media":"","overlay-type":"","overlay-color":"","overlay-opacity":"","overlay-gradient":""}},"footnotes":""},"categories":[76],"tags":[10,28,11,78,321],"class_list":["post-1041","post","type-post","status-publish","format-standard","hentry","category-airlinenews","tag-eddh","tag-emirates","tag-ham","tag-hamburg","tag-new-york"],"yoast_head":"<!-- This site is optimized with the Yoast SEO plugin v27.4 - https:\/\/yoast.com\/product\/yoast-seo-wordpress\/ -->\n<title>Bald mit Emirates erneut nach New York? - eddh-airport<\/title>\n<meta name=\"description\" content=\"Bald mit Emirates erneut nach New York? Wenn es nach Hamburgs ersten B\u00fcrgermeister geht, ja. Dieser Sprach w\u00e4hrend seines Dubai-Besuches mit Tim Clark.\" \/>\n<meta name=\"robots\" content=\"index, follow, max-snippet:-1, max-image-preview:large, max-video-preview:-1\" \/>\n<link rel=\"canonical\" href=\"https:\/\/www.eddh-airport.de\/eddhairport\/bald-mit-emirates-erneut-nach-new-york\/\" \/>\n<meta property=\"og:locale\" content=\"de_DE\" \/>\n<meta property=\"og:type\" content=\"article\" \/>\n<meta property=\"og:title\" content=\"Bald mit Emirates erneut nach New York? - eddh-airport\" \/>\n<meta property=\"og:description\" content=\"Bald mit Emirates erneut nach New York? Wenn es nach Hamburgs ersten B\u00fcrgermeister geht, ja. Dieser Sprach w\u00e4hrend seines Dubai-Besuches mit Tim Clark.\" \/>\n<meta property=\"og:url\" content=\"https:\/\/www.eddh-airport.de\/eddhairport\/bald-mit-emirates-erneut-nach-new-york\/\" \/>\n<meta property=\"og:site_name\" content=\"eddh-airport\" \/>\n<meta property=\"article:publisher\" content=\"https:\/\/www.facebook.com\/eddhairport\/\" \/>\n<meta property=\"article:published_time\" content=\"2019-01-28T03:33:26+00:00\" \/>\n<meta property=\"article:modified_time\" content=\"2019-01-28T07:11:59+00:00\" \/>\n<meta property=\"og:image\" content=\"https:\/\/www.eddh-airport.de\/eddhairport\/wp-content\/uploads\/2019\/01\/ek-300x169.jpg\" \/>\n<meta name=\"author\" content=\"Timo Soyke\" \/>\n<meta name=\"twitter:card\" content=\"summary_large_image\" \/>\n<meta name=\"twitter:creator\" content=\"@EDDH_airport_de\" \/>\n<meta name=\"twitter:site\" content=\"@EDDH_airport_de\" \/>\n<meta name=\"twitter:label1\" content=\"Verfasst von\" \/>\n\t<meta name=\"twitter:data1\" content=\"Timo Soyke\" \/>\n\t<meta name=\"twitter:label2\" content=\"Gesch\u00e4tzte Lesezeit\" \/>\n\t<meta name=\"twitter:data2\" content=\"1\u00a0Minute\" \/>\n<script type=\"application\/ld+json\" class=\"yoast-schema-graph\">{\"@context\":\"https:\\\/\\\/schema.org\",\"@graph\":[{\"@type\":\"Article\",\"@id\":\"https:\\\/\\\/www.eddh-airport.de\\\/eddhairport\\\/bald-mit-emirates-erneut-nach-new-york\\\/#article\",\"isPartOf\":{\"@id\":\"https:\\\/\\\/www.eddh-airport.de\\\/eddhairport\\\/bald-mit-emirates-erneut-nach-new-york\\\/\"},\"author\":{\"name\":\"Timo Soyke\",\"@id\":\"https:\\\/\\\/www.eddh-airport.de\\\/eddhairport\\\/#\\\/schema\\\/person\\\/215dbb8135c74e69a26ed4d4430769ed\"},\"headline\":\"Bald mit Emirates erneut nach New York?\",\"datePublished\":\"2019-01-28T03:33:26+00:00\",\"dateModified\":\"2019-01-28T07:11:59+00:00\",\"mainEntityOfPage\":{\"@id\":\"https:\\\/\\\/www.eddh-airport.de\\\/eddhairport\\\/bald-mit-emirates-erneut-nach-new-york\\\/\"},\"wordCount\":207,\"commentCount\":0,\"publisher\":{\"@id\":\"https:\\\/\\\/www.eddh-airport.de\\\/eddhairport\\\/#organization\"},\"image\":{\"@id\":\"https:\\\/\\\/www.eddh-airport.de\\\/eddhairport\\\/bald-mit-emirates-erneut-nach-new-york\\\/#primaryimage\"},\"thumbnailUrl\":\"https:\\\/\\\/www.eddh-airport.de\\\/eddhairport\\\/wp-content\\\/uploads\\\/2019\\\/01\\\/ek-300x169.jpg\",\"keywords\":[\"EDDH\",\"Emirates\",\"HAM\",\"Hamburg\",\"New York\"],\"articleSection\":[\"Airlinenews\"],\"inLanguage\":\"de\",\"potentialAction\":[{\"@type\":\"CommentAction\",\"name\":\"Comment\",\"target\":[\"https:\\\/\\\/www.eddh-airport.de\\\/eddhairport\\\/bald-mit-emirates-erneut-nach-new-york\\\/#respond\"]}]},{\"@type\":\"WebPage\",\"@id\":\"https:\\\/\\\/www.eddh-airport.de\\\/eddhairport\\\/bald-mit-emirates-erneut-nach-new-york\\\/\",\"url\":\"https:\\\/\\\/www.eddh-airport.de\\\/eddhairport\\\/bald-mit-emirates-erneut-nach-new-york\\\/\",\"name\":\"Bald mit Emirates erneut nach New York? - eddh-airport\",\"isPartOf\":{\"@id\":\"https:\\\/\\\/www.eddh-airport.de\\\/eddhairport\\\/#website\"},\"primaryImageOfPage\":{\"@id\":\"https:\\\/\\\/www.eddh-airport.de\\\/eddhairport\\\/bald-mit-emirates-erneut-nach-new-york\\\/#primaryimage\"},\"image\":{\"@id\":\"https:\\\/\\\/www.eddh-airport.de\\\/eddhairport\\\/bald-mit-emirates-erneut-nach-new-york\\\/#primaryimage\"},\"thumbnailUrl\":\"https:\\\/\\\/www.eddh-airport.de\\\/eddhairport\\\/wp-content\\\/uploads\\\/2019\\\/01\\\/ek-300x169.jpg\",\"datePublished\":\"2019-01-28T03:33:26+00:00\",\"dateModified\":\"2019-01-28T07:11:59+00:00\",\"description\":\"Bald mit Emirates erneut nach New York? Wenn es nach Hamburgs ersten B\u00fcrgermeister geht, ja. Dieser Sprach w\u00e4hrend seines Dubai-Besuches mit Tim Clark.\",\"breadcrumb\":{\"@id\":\"https:\\\/\\\/www.eddh-airport.de\\\/eddhairport\\\/bald-mit-emirates-erneut-nach-new-york\\\/#breadcrumb\"},\"inLanguage\":\"de\",\"potentialAction\":[{\"@type\":\"ReadAction\",\"target\":[\"https:\\\/\\\/www.eddh-airport.de\\\/eddhairport\\\/bald-mit-emirates-erneut-nach-new-york\\\/\"]}]},{\"@type\":\"ImageObject\",\"inLanguage\":\"de\",\"@id\":\"https:\\\/\\\/www.eddh-airport.de\\\/eddhairport\\\/bald-mit-emirates-erneut-nach-new-york\\\/#primaryimage\",\"url\":\"https:\\\/\\\/www.eddh-airport.de\\\/eddhairport\\\/wp-content\\\/uploads\\\/2019\\\/01\\\/ek.jpg\",\"contentUrl\":\"https:\\\/\\\/www.eddh-airport.de\\\/eddhairport\\\/wp-content\\\/uploads\\\/2019\\\/01\\\/ek.jpg\",\"width\":1600,\"height\":900},{\"@type\":\"BreadcrumbList\",\"@id\":\"https:\\\/\\\/www.eddh-airport.de\\\/eddhairport\\\/bald-mit-emirates-erneut-nach-new-york\\\/#breadcrumb\",\"itemListElement\":[{\"@type\":\"ListItem\",\"position\":1,\"name\":\"Startseite\",\"item\":\"https:\\\/\\\/www.eddh-airport.de\\\/eddhairport\\\/\"},{\"@type\":\"ListItem\",\"position\":2,\"name\":\"Bald mit Emirates erneut nach New York?\"}]},{\"@type\":\"WebSite\",\"@id\":\"https:\\\/\\\/www.eddh-airport.de\\\/eddhairport\\\/#website\",\"url\":\"https:\\\/\\\/www.eddh-airport.de\\\/eddhairport\\\/\",\"name\":\"eddh-airport\",\"description\":\"Luftfahrtnews und Planespotting aus Hamburg\",\"publisher\":{\"@id\":\"https:\\\/\\\/www.eddh-airport.de\\\/eddhairport\\\/#organization\"},\"potentialAction\":[{\"@type\":\"SearchAction\",\"target\":{\"@type\":\"EntryPoint\",\"urlTemplate\":\"https:\\\/\\\/www.eddh-airport.de\\\/eddhairport\\\/?s={search_term_string}\"},\"query-input\":{\"@type\":\"PropertyValueSpecification\",\"valueRequired\":true,\"valueName\":\"search_term_string\"}}],\"inLanguage\":\"de\"},{\"@type\":\"Organization\",\"@id\":\"https:\\\/\\\/www.eddh-airport.de\\\/eddhairport\\\/#organization\",\"name\":\"eddh-airport\",\"url\":\"https:\\\/\\\/www.eddh-airport.de\\\/eddhairport\\\/\",\"logo\":{\"@type\":\"ImageObject\",\"inLanguage\":\"de\",\"@id\":\"https:\\\/\\\/www.eddh-airport.de\\\/eddhairport\\\/#\\\/schema\\\/logo\\\/image\\\/\",\"url\":\"https:\\\/\\\/www.eddh-airport.de\\\/eddhairport\\\/wp-content\\\/uploads\\\/2018\\\/10\\\/cropped-Neues-Logo-blau-eine-Ebene-2.jpg\",\"contentUrl\":\"https:\\\/\\\/www.eddh-airport.de\\\/eddhairport\\\/wp-content\\\/uploads\\\/2018\\\/10\\\/cropped-Neues-Logo-blau-eine-Ebene-2.jpg\",\"width\":512,\"height\":512,\"caption\":\"eddh-airport\"},\"image\":{\"@id\":\"https:\\\/\\\/www.eddh-airport.de\\\/eddhairport\\\/#\\\/schema\\\/logo\\\/image\\\/\"},\"sameAs\":[\"https:\\\/\\\/www.facebook.com\\\/eddhairport\\\/\",\"https:\\\/\\\/x.com\\\/EDDH_airport_de\",\"https:\\\/\\\/www.instagram.com\\\/eddhairport\\\/?hl=de\"]},{\"@type\":\"Person\",\"@id\":\"https:\\\/\\\/www.eddh-airport.de\\\/eddhairport\\\/#\\\/schema\\\/person\\\/215dbb8135c74e69a26ed4d4430769ed\",\"name\":\"Timo Soyke\",\"image\":{\"@type\":\"ImageObject\",\"inLanguage\":\"de\",\"@id\":\"https:\\\/\\\/secure.gravatar.com\\\/avatar\\\/b2e4754e6816c52584f724da7648112ad5d1f0b1afc020e780292a8b474e46d0?s=96&d=mm&r=g\",\"url\":\"https:\\\/\\\/secure.gravatar.com\\\/avatar\\\/b2e4754e6816c52584f724da7648112ad5d1f0b1afc020e780292a8b474e46d0?s=96&d=mm&r=g\",\"contentUrl\":\"https:\\\/\\\/secure.gravatar.com\\\/avatar\\\/b2e4754e6816c52584f724da7648112ad5d1f0b1afc020e780292a8b474e46d0?s=96&d=mm&r=g\",\"caption\":\"Timo Soyke\"},\"url\":\"https:\\\/\\\/www.eddh-airport.de\\\/eddhairport\\\/author\\\/timo-soyke\\\/\"}]}<\/script>\n<!-- \/ Yoast SEO plugin. -->","yoast_head_json":{"title":"Bald mit Emirates erneut nach New York? - eddh-airport","description":"Bald mit Emirates erneut nach New York? Wenn es nach Hamburgs ersten B\u00fcrgermeister geht, ja. Dieser Sprach w\u00e4hrend seines Dubai-Besuches mit Tim Clark.","robots":{"index":"index","follow":"follow","max-snippet":"max-snippet:-1","max-image-preview":"max-image-preview:large","max-video-preview":"max-video-preview:-1"},"canonical":"https:\/\/www.eddh-airport.de\/eddhairport\/bald-mit-emirates-erneut-nach-new-york\/","og_locale":"de_DE","og_type":"article","og_title":"Bald mit Emirates erneut nach New York? - eddh-airport","og_description":"Bald mit Emirates erneut nach New York? Wenn es nach Hamburgs ersten B\u00fcrgermeister geht, ja. Dieser Sprach w\u00e4hrend seines Dubai-Besuches mit Tim Clark.","og_url":"https:\/\/www.eddh-airport.de\/eddhairport\/bald-mit-emirates-erneut-nach-new-york\/","og_site_name":"eddh-airport","article_publisher":"https:\/\/www.facebook.com\/eddhairport\/","article_published_time":"2019-01-28T03:33:26+00:00","article_modified_time":"2019-01-28T07:11:59+00:00","og_image":[{"url":"https:\/\/www.eddh-airport.de\/eddhairport\/wp-content\/uploads\/2019\/01\/ek-300x169.jpg","type":"","width":"","height":""}],"author":"Timo Soyke","twitter_card":"summary_large_image","twitter_creator":"@EDDH_airport_de","twitter_site":"@EDDH_airport_de","twitter_misc":{"Verfasst von":"Timo Soyke","Gesch\u00e4tzte Lesezeit":"1\u00a0Minute"},"schema":{"@context":"https:\/\/schema.org","@graph":[{"@type":"Article","@id":"https:\/\/www.eddh-airport.de\/eddhairport\/bald-mit-emirates-erneut-nach-new-york\/#article","isPartOf":{"@id":"https:\/\/www.eddh-airport.de\/eddhairport\/bald-mit-emirates-erneut-nach-new-york\/"},"author":{"name":"Timo Soyke","@id":"https:\/\/www.eddh-airport.de\/eddhairport\/#\/schema\/person\/215dbb8135c74e69a26ed4d4430769ed"},"headline":"Bald mit Emirates erneut nach New York?","datePublished":"2019-01-28T03:33:26+00:00","dateModified":"2019-01-28T07:11:59+00:00","mainEntityOfPage":{"@id":"https:\/\/www.eddh-airport.de\/eddhairport\/bald-mit-emirates-erneut-nach-new-york\/"},"wordCount":207,"commentCount":0,"publisher":{"@id":"https:\/\/www.eddh-airport.de\/eddhairport\/#organization"},"image":{"@id":"https:\/\/www.eddh-airport.de\/eddhairport\/bald-mit-emirates-erneut-nach-new-york\/#primaryimage"},"thumbnailUrl":"https:\/\/www.eddh-airport.de\/eddhairport\/wp-content\/uploads\/2019\/01\/ek-300x169.jpg","keywords":["EDDH","Emirates","HAM","Hamburg","New York"],"articleSection":["Airlinenews"],"inLanguage":"de","potentialAction":[{"@type":"CommentAction","name":"Comment","target":["https:\/\/www.eddh-airport.de\/eddhairport\/bald-mit-emirates-erneut-nach-new-york\/#respond"]}]},{"@type":"WebPage","@id":"https:\/\/www.eddh-airport.de\/eddhairport\/bald-mit-emirates-erneut-nach-new-york\/","url":"https:\/\/www.eddh-airport.de\/eddhairport\/bald-mit-emirates-erneut-nach-new-york\/","name":"Bald mit Emirates erneut nach New York? - eddh-airport","isPartOf":{"@id":"https:\/\/www.eddh-airport.de\/eddhairport\/#website"},"primaryImageOfPage":{"@id":"https:\/\/www.eddh-airport.de\/eddhairport\/bald-mit-emirates-erneut-nach-new-york\/#primaryimage"},"image":{"@id":"https:\/\/www.eddh-airport.de\/eddhairport\/bald-mit-emirates-erneut-nach-new-york\/#primaryimage"},"thumbnailUrl":"https:\/\/www.eddh-airport.de\/eddhairport\/wp-content\/uploads\/2019\/01\/ek-300x169.jpg","datePublished":"2019-01-28T03:33:26+00:00","dateModified":"2019-01-28T07:11:59+00:00","description":"Bald mit Emirates erneut nach New York? Wenn es nach Hamburgs ersten B\u00fcrgermeister geht, ja. Dieser Sprach w\u00e4hrend seines Dubai-Besuches mit Tim Clark.","breadcrumb":{"@id":"https:\/\/www.eddh-airport.de\/eddhairport\/bald-mit-emirates-erneut-nach-new-york\/#breadcrumb"},"inLanguage":"de","potentialAction":[{"@type":"ReadAction","target":["https:\/\/www.eddh-airport.de\/eddhairport\/bald-mit-emirates-erneut-nach-new-york\/"]}]},{"@type":"ImageObject","inLanguage":"de","@id":"https:\/\/www.eddh-airport.de\/eddhairport\/bald-mit-emirates-erneut-nach-new-york\/#primaryimage","url":"https:\/\/www.eddh-airport.de\/eddhairport\/wp-content\/uploads\/2019\/01\/ek.jpg","contentUrl":"https:\/\/www.eddh-airport.de\/eddhairport\/wp-content\/uploads\/2019\/01\/ek.jpg","width":1600,"height":900},{"@type":"BreadcrumbList","@id":"https:\/\/www.eddh-airport.de\/eddhairport\/bald-mit-emirates-erneut-nach-new-york\/#breadcrumb","itemListElement":[{"@type":"ListItem","position":1,"name":"Startseite","item":"https:\/\/www.eddh-airport.de\/eddhairport\/"},{"@type":"ListItem","position":2,"name":"Bald mit Emirates erneut nach New York?"}]},{"@type":"WebSite","@id":"https:\/\/www.eddh-airport.de\/eddhairport\/#website","url":"https:\/\/www.eddh-airport.de\/eddhairport\/","name":"eddh-airport","description":"Luftfahrtnews und Planespotting aus Hamburg","publisher":{"@id":"https:\/\/www.eddh-airport.de\/eddhairport\/#organization"},"potentialAction":[{"@type":"SearchAction","target":{"@type":"EntryPoint","urlTemplate":"https:\/\/www.eddh-airport.de\/eddhairport\/?s={search_term_string}"},"query-input":{"@type":"PropertyValueSpecification","valueRequired":true,"valueName":"search_term_string"}}],"inLanguage":"de"},{"@type":"Organization","@id":"https:\/\/www.eddh-airport.de\/eddhairport\/#organization","name":"eddh-airport","url":"https:\/\/www.eddh-airport.de\/eddhairport\/","logo":{"@type":"ImageObject","inLanguage":"de","@id":"https:\/\/www.eddh-airport.de\/eddhairport\/#\/schema\/logo\/image\/","url":"https:\/\/www.eddh-airport.de\/eddhairport\/wp-content\/uploads\/2018\/10\/cropped-Neues-Logo-blau-eine-Ebene-2.jpg","contentUrl":"https:\/\/www.eddh-airport.de\/eddhairport\/wp-content\/uploads\/2018\/10\/cropped-Neues-Logo-blau-eine-Ebene-2.jpg","width":512,"height":512,"caption":"eddh-airport"},"image":{"@id":"https:\/\/www.eddh-airport.de\/eddhairport\/#\/schema\/logo\/image\/"},"sameAs":["https:\/\/www.facebook.com\/eddhairport\/","https:\/\/x.com\/EDDH_airport_de","https:\/\/www.instagram.com\/eddhairport\/?hl=de"]},{"@type":"Person","@id":"https:\/\/www.eddh-airport.de\/eddhairport\/#\/schema\/person\/215dbb8135c74e69a26ed4d4430769ed","name":"Timo Soyke","image":{"@type":"ImageObject","inLanguage":"de","@id":"https:\/\/secure.gravatar.com\/avatar\/b2e4754e6816c52584f724da7648112ad5d1f0b1afc020e780292a8b474e46d0?s=96&d=mm&r=g","url":"https:\/\/secure.gravatar.com\/avatar\/b2e4754e6816c52584f724da7648112ad5d1f0b1afc020e780292a8b474e46d0?s=96&d=mm&r=g","contentUrl":"https:\/\/secure.gravatar.com\/avatar\/b2e4754e6816c52584f724da7648112ad5d1f0b1afc020e780292a8b474e46d0?s=96&d=mm&r=g","caption":"Timo Soyke"},"url":"https:\/\/www.eddh-airport.de\/eddhairport\/author\/timo-soyke\/"}]}},"_links":{"self":[{"href":"https:\/\/www.eddh-airport.de\/eddhairport\/wp-json\/wp\/v2\/posts\/1041","targetHints":{"allow":["GET"]}}],"collection":[{"href":"https:\/\/www.eddh-airport.de\/eddhairport\/wp-json\/wp\/v2\/posts"}],"about":[{"href":"https:\/\/www.eddh-airport.de\/eddhairport\/wp-json\/wp\/v2\/types\/post"}],"author":[{"embeddable":true,"href":"https:\/\/www.eddh-airport.de\/eddhairport\/wp-json\/wp\/v2\/users\/1"}],"replies":[{"embeddable":true,"href":"https:\/\/www.eddh-airport.de\/eddhairport\/wp-json\/wp\/v2\/comments?post=1041"}],"version-history":[{"count":7,"href":"https:\/\/www.eddh-airport.de\/eddhairport\/wp-json\/wp\/v2\/posts\/1041\/revisions"}],"predecessor-version":[{"id":1056,"href":"https:\/\/www.eddh-airport.de\/eddhairport\/wp-json\/wp\/v2\/posts\/1041\/revisions\/1056"}],"wp:attachment":[{"href":"https:\/\/www.eddh-airport.de\/eddhairport\/wp-json\/wp\/v2\/media?parent=1041"}],"wp:term":[{"taxonomy":"category","embeddable":true,"href":"https:\/\/www.eddh-airport.de\/eddhairport\/wp-json\/wp\/v2\/categories?post=1041"},{"taxonomy":"post_tag","embeddable":true,"href":"https:\/\/www.eddh-airport.de\/eddhairport\/wp-json\/wp\/v2\/tags?post=1041"}],"curies":[{"name":"wp","href":"https:\/\/api.w.org\/{rel}","templated":true}]}}