{"id":10233,"date":"2026-01-26T21:16:52","date_gmt":"2026-01-26T20:16:52","guid":{"rendered":"https:\/\/www.eddh-airport.de\/eddhairport\/?p=10233"},"modified":"2026-01-26T21:16:52","modified_gmt":"2026-01-26T20:16:52","slug":"nordseekonferenz-in-hamburg","status":"publish","type":"post","link":"https:\/\/www.eddh-airport.de\/eddhairport\/nordseekonferenz-in-hamburg\/","title":{"rendered":"Nordseekonferenz in Hamburg"},"content":{"rendered":"<h6>Nordseekonferenz in Hamburg<\/h6>\n<p>Sperrungen in der Innenstadt, freigehaltene Kapazit\u00e4ten am Airport &#8211; so eilte der heutigen Nordseekonferenz eine gewisse erwartete Gr\u00f6\u00dfe voraus. Der 3. Internationale Nordsee-Gipfel findet zum ersten Mal in der Hansestadt statt und lud neben Vertretern einiger Anrainerstaaten der Nordsee auch Delegationen von NATO und Europ\u00e4ischer Union ins Rathaus. Das Ziel ist es, die Nordsee durch den Ausbau von Offshore-Windenergie und Wasserstoffinfrastruktur zum weltweit gr\u00f6\u00dften Reservoir f\u00fcr saubere Energie zu machen. Dennoch blieb die gro\u00dfe Anreisewelle von Regierungsmaschinen am Hamburger Flughafen aus. So reisten bis Mittag lediglich die niederl\u00e4ndische Regierung mit ihrer Boeing 737-700(WL) BBJ (Kennung: PH-GOV), sowie die norwegische Delegation mit einer angemieteten Dassault Falcon 7X (Kennung: OY-VIK) und eine Bombardier Challenger 850 der Air X Charter aus Luxembourg (Registrierung: 9H-BOO) in Fuhlsb\u00fcttel an.<\/p>\n<p><a href=\"https:\/\/www.netairspace.cc\/pic\/706360\/\"><img decoding=\"async\" src=\"https:\/\/www.netairspace.cc\/pic\/706360\/hottestbrick_main.jpg\" alt=\"Aviation photo\" \/><\/a><br \/>\n<a href=\"https:\/\/www.netairspace.cc\/pic\/706360\/\"><span style=\"font-size: xx-small;\">PH-GOV at Hamburg &#8211; Fuhlsbuettel (Helmut Schmidt)<br \/>\nby Niclas Rebbelmund on netAirspace<\/span><\/a><\/p>\n<p><a href=\"https:\/\/www.netairspace.cc\/pic\/706357\/\"><img decoding=\"async\" src=\"https:\/\/www.netairspace.cc\/pic\/706357\/hottestbrick_main.jpg\" alt=\"Aviation photo\" \/><\/a><br \/>\n<a href=\"https:\/\/www.netairspace.cc\/pic\/706357\/\"><span style=\"font-size: xx-small;\">OY-VIK at Hamburg &#8211; Fuhlsbuettel (Helmut Schmidt)<br \/>\nby Niclas Rebbelmund on netAirspace<\/span><\/a><\/p>\n<p>Die Regierung D\u00e4nemarks bevorzugte den Weg \u00fcber die Stra\u00dfe, w\u00e4hrend Vertreter der EU und Belgiens mit einer Linienmaschine der Brussels Airlines anreisten. Sowohl die Boeing 737, als auch die Falcon 7X und die Challenger 850 parkten alle auf dem Vorfeld 2. Dort erwarteten bereits Kolonnen mit Limousinen die hochrangigen G\u00e4ste. Am Abend landete mit OO-LUM dann noch die Dassault Falcon 7X der belgischen und mit C-215 eine Bombardier Challenger 604 der d\u00e4nischen Regierung, mutma\u00dflich, um ihre Delegationen nicht auf einem Linienflug sp\u00e4ter am Abend gen Heimat zu bef\u00f6rdern.<\/p>\n<p><a href=\"https:\/\/www.netairspace.cc\/pic\/706408\/\"><img decoding=\"async\" src=\"https:\/\/www.netairspace.cc\/pic\/706408\/hottestbrick_main.jpg\" alt=\"Aviation photo\" \/><\/a><br \/>\n<a href=\"https:\/\/www.netairspace.cc\/pic\/706408\/\"><span style=\"font-size: xx-small;\">OO-LUM at Hamburg &#8211; Fuhlsbuettel (Helmut Schmidt)<br \/>\nby Niclas Rebbelmund on netAirspace<\/span><\/a><\/p>\n<p><a href=\"https:\/\/www.netairspace.cc\/pic\/706406\/\"><img decoding=\"async\" src=\"https:\/\/www.netairspace.cc\/pic\/706406\/hottestbrick_main.jpg\" alt=\"Aviation photo\" \/><\/a><br \/>\n<a href=\"https:\/\/www.netairspace.cc\/pic\/706406\/\"><span style=\"font-size: xx-small;\">C-215 at Hamburg &#8211; Fuhlsbuettel (Helmut Schmidt)<br \/>\nby Niclas Rebbelmund on netAirspace<\/span><\/a><\/p>\n<p><a href=\"https:\/\/www.netairspace.cc\/pic\/706409\/\"><img decoding=\"async\" src=\"https:\/\/www.netairspace.cc\/pic\/706409\/hottestbrick_main.jpg\" alt=\"Aviation photo\" \/><\/a><br \/>\n<a href=\"https:\/\/www.netairspace.cc\/pic\/706409\/\"><span style=\"font-size: xx-small;\">9H-BOO at Hamburg &#8211; Fuhlsbuettel (Helmut Schmidt)<br \/>\nby Niclas Rebbelmund on netAirspace<\/span><\/a><\/p>\n","protected":false},"excerpt":{"rendered":"<p>Nordseekonferenz in Hamburg Sperrungen in der Innenstadt, freigehaltene Kapazit\u00e4ten am Airport &#8211; so eilte der heutigen Nordseekonferenz eine gewisse erwartete Gr\u00f6\u00dfe voraus. Der 3. Internationale Nordsee-Gipfel findet zum ersten Mal in der Hansestadt statt und lud neben Vertretern einiger Anrainerstaaten der Nordsee auch Delegationen von NATO und Europ\u00e4ischer Union ins Rathaus. Das Ziel ist es, [&hellip;]<\/p>\n","protected":false},"author":3,"featured_media":0,"comment_status":"open","ping_status":"open","sticky":false,"template":"","format":"standard","meta":{"_monsterinsights_skip_tracking":false,"_monsterinsights_sitenote_active":false,"_monsterinsights_sitenote_note":"","_monsterinsights_sitenote_category":0,"site-sidebar-layout":"default","site-content-layout":"","ast-site-content-layout":"default","site-content-style":"default","site-sidebar-style":"default","ast-global-header-display":"","ast-banner-title-visibility":"","ast-main-header-display":"","ast-hfb-above-header-display":"","ast-hfb-below-header-display":"","ast-hfb-mobile-header-display":"","site-post-title":"","ast-breadcrumbs-content":"","ast-featured-img":"","footer-sml-layout":"","ast-disable-related-posts":"","theme-transparent-header-meta":"default","adv-header-id-meta":"","stick-header-meta":"","header-above-stick-meta":"","header-main-stick-meta":"","header-below-stick-meta":"","astra-migrate-meta-layouts":"set","ast-page-background-enabled":"default","ast-page-background-meta":{"desktop":{"background-color":"","background-image":"","background-repeat":"repeat","background-position":"center center","background-size":"auto","background-attachment":"scroll","background-type":"","background-media":"","overlay-type":"","overlay-color":"","overlay-opacity":"","overlay-gradient":""},"tablet":{"background-color":"","background-image":"","background-repeat":"repeat","background-position":"center center","background-size":"auto","background-attachment":"scroll","background-type":"","background-media":"","overlay-type":"","overlay-color":"","overlay-opacity":"","overlay-gradient":""},"mobile":{"background-color":"","background-image":"","background-repeat":"repeat","background-position":"center center","background-size":"auto","background-attachment":"scroll","background-type":"","background-media":"","overlay-type":"","overlay-color":"","overlay-opacity":"","overlay-gradient":""}},"ast-content-background-meta":{"desktop":{"background-color":"var(--ast-global-color-5)","background-image":"","background-repeat":"repeat","background-position":"center center","background-size":"auto","background-attachment":"scroll","background-type":"","background-media":"","overlay-type":"","overlay-color":"","overlay-opacity":"","overlay-gradient":""},"tablet":{"background-color":"var(--ast-global-color-5)","background-image":"","background-repeat":"repeat","background-position":"center center","background-size":"auto","background-attachment":"scroll","background-type":"","background-media":"","overlay-type":"","overlay-color":"","overlay-opacity":"","overlay-gradient":""},"mobile":{"background-color":"var(--ast-global-color-5)","background-image":"","background-repeat":"repeat","background-position":"center center","background-size":"auto","background-attachment":"scroll","background-type":"","background-media":"","overlay-type":"","overlay-color":"","overlay-opacity":"","overlay-gradient":""}},"footnotes":""},"categories":[8],"tags":[52,417,502,1582,268,298,29,423,510,274,1032,674,675,796,10,240,932,11,90,2129],"class_list":["post-10233","post","type-post","status-publish","format-standard","hentry","category-movements-eddh","tag-52","tag-737-700","tag-737-700bbj","tag-air-x","tag-air-x-charter","tag-b737-700","tag-boeing","tag-boeing-737","tag-boeing-737-700bbj","tag-bombardier","tag-bombardier-challenger","tag-bombardier-challenger-850","tag-challenger-850","tag-dassault-falcon","tag-eddh","tag-falcon","tag-falcon-7x","tag-ham","tag-hamburg-airport","tag-nordseekonferenz"],"yoast_head":"<!-- This site is optimized with the Yoast SEO plugin v27.4 - https:\/\/yoast.com\/product\/yoast-seo-wordpress\/ -->\n<title>Nordseekonferenz in Hamburg - eddh-airport<\/title>\n<meta name=\"description\" content=\"Heute fand zum ersten Mal die Nordseekonferenz in Hamburg statt - nat\u00fcrlich nicht ohne einigen Regierungs-Flugverkehr in Fuhlsb\u00fcttel.\" \/>\n<meta name=\"robots\" content=\"index, follow, max-snippet:-1, max-image-preview:large, max-video-preview:-1\" \/>\n<link rel=\"canonical\" href=\"https:\/\/www.eddh-airport.de\/eddhairport\/nordseekonferenz-in-hamburg\/\" \/>\n<meta property=\"og:locale\" content=\"de_DE\" \/>\n<meta property=\"og:type\" content=\"article\" \/>\n<meta property=\"og:title\" content=\"Nordseekonferenz in Hamburg - eddh-airport\" \/>\n<meta property=\"og:description\" content=\"Heute fand zum ersten Mal die Nordseekonferenz in Hamburg statt - nat\u00fcrlich nicht ohne einigen Regierungs-Flugverkehr in Fuhlsb\u00fcttel.\" \/>\n<meta property=\"og:url\" content=\"https:\/\/www.eddh-airport.de\/eddhairport\/nordseekonferenz-in-hamburg\/\" \/>\n<meta property=\"og:site_name\" content=\"eddh-airport\" \/>\n<meta property=\"article:publisher\" content=\"https:\/\/www.facebook.com\/eddhairport\/\" \/>\n<meta property=\"article:published_time\" content=\"2026-01-26T20:16:52+00:00\" \/>\n<meta property=\"og:image\" content=\"https:\/\/www.netairspace.cc\/pic\/706360\/hottestbrick_main.jpg\" \/>\n<meta name=\"author\" content=\"Niclas Rebbelmund\" \/>\n<meta name=\"twitter:card\" content=\"summary_large_image\" \/>\n<meta name=\"twitter:creator\" content=\"@EDDH_airport_de\" \/>\n<meta name=\"twitter:site\" content=\"@EDDH_airport_de\" \/>\n<meta name=\"twitter:label1\" content=\"Verfasst von\" \/>\n\t<meta name=\"twitter:data1\" content=\"Niclas Rebbelmund\" \/>\n\t<meta name=\"twitter:label2\" content=\"Gesch\u00e4tzte Lesezeit\" \/>\n\t<meta name=\"twitter:data2\" content=\"3\u00a0Minuten\" \/>\n<script type=\"application\/ld+json\" class=\"yoast-schema-graph\">{\"@context\":\"https:\\\/\\\/schema.org\",\"@graph\":[{\"@type\":\"Article\",\"@id\":\"https:\\\/\\\/www.eddh-airport.de\\\/eddhairport\\\/nordseekonferenz-in-hamburg\\\/#article\",\"isPartOf\":{\"@id\":\"https:\\\/\\\/www.eddh-airport.de\\\/eddhairport\\\/nordseekonferenz-in-hamburg\\\/\"},\"author\":{\"name\":\"Niclas Rebbelmund\",\"@id\":\"https:\\\/\\\/www.eddh-airport.de\\\/eddhairport\\\/#\\\/schema\\\/person\\\/69e52086d712e506636c8f4c5f088abe\"},\"headline\":\"Nordseekonferenz in Hamburg\",\"datePublished\":\"2026-01-26T20:16:52+00:00\",\"mainEntityOfPage\":{\"@id\":\"https:\\\/\\\/www.eddh-airport.de\\\/eddhairport\\\/nordseekonferenz-in-hamburg\\\/\"},\"wordCount\":289,\"commentCount\":0,\"publisher\":{\"@id\":\"https:\\\/\\\/www.eddh-airport.de\\\/eddhairport\\\/#organization\"},\"image\":{\"@id\":\"https:\\\/\\\/www.eddh-airport.de\\\/eddhairport\\\/nordseekonferenz-in-hamburg\\\/#primaryimage\"},\"thumbnailUrl\":\"https:\\\/\\\/www.netairspace.cc\\\/pic\\\/706360\\\/hottestbrick_main.jpg\",\"keywords\":[\"737\",\"737-700\",\"737-700BBJ\",\"Air X\",\"AIR X Charter\",\"B737-700\",\"Boeing\",\"Boeing 737\",\"Boeing 737-700BBJ\",\"Bombardier\",\"Bombardier Challenger\",\"Bombardier Challenger 850\",\"Challenger 850\",\"Dassault Falcon\",\"EDDH\",\"Falcon\",\"Falcon 7X\",\"HAM\",\"Hamburg Airport\",\"Nordseekonferenz\"],\"articleSection\":[\"Movements EDDH\"],\"inLanguage\":\"de\",\"potentialAction\":[{\"@type\":\"CommentAction\",\"name\":\"Comment\",\"target\":[\"https:\\\/\\\/www.eddh-airport.de\\\/eddhairport\\\/nordseekonferenz-in-hamburg\\\/#respond\"]}]},{\"@type\":\"WebPage\",\"@id\":\"https:\\\/\\\/www.eddh-airport.de\\\/eddhairport\\\/nordseekonferenz-in-hamburg\\\/\",\"url\":\"https:\\\/\\\/www.eddh-airport.de\\\/eddhairport\\\/nordseekonferenz-in-hamburg\\\/\",\"name\":\"Nordseekonferenz in Hamburg - eddh-airport\",\"isPartOf\":{\"@id\":\"https:\\\/\\\/www.eddh-airport.de\\\/eddhairport\\\/#website\"},\"primaryImageOfPage\":{\"@id\":\"https:\\\/\\\/www.eddh-airport.de\\\/eddhairport\\\/nordseekonferenz-in-hamburg\\\/#primaryimage\"},\"image\":{\"@id\":\"https:\\\/\\\/www.eddh-airport.de\\\/eddhairport\\\/nordseekonferenz-in-hamburg\\\/#primaryimage\"},\"thumbnailUrl\":\"https:\\\/\\\/www.netairspace.cc\\\/pic\\\/706360\\\/hottestbrick_main.jpg\",\"datePublished\":\"2026-01-26T20:16:52+00:00\",\"description\":\"Heute fand zum ersten Mal die Nordseekonferenz in Hamburg statt - nat\u00fcrlich nicht ohne einigen Regierungs-Flugverkehr in Fuhlsb\u00fcttel.\",\"breadcrumb\":{\"@id\":\"https:\\\/\\\/www.eddh-airport.de\\\/eddhairport\\\/nordseekonferenz-in-hamburg\\\/#breadcrumb\"},\"inLanguage\":\"de\",\"potentialAction\":[{\"@type\":\"ReadAction\",\"target\":[\"https:\\\/\\\/www.eddh-airport.de\\\/eddhairport\\\/nordseekonferenz-in-hamburg\\\/\"]}]},{\"@type\":\"ImageObject\",\"inLanguage\":\"de\",\"@id\":\"https:\\\/\\\/www.eddh-airport.de\\\/eddhairport\\\/nordseekonferenz-in-hamburg\\\/#primaryimage\",\"url\":\"https:\\\/\\\/www.netairspace.cc\\\/pic\\\/706360\\\/hottestbrick_main.jpg\",\"contentUrl\":\"https:\\\/\\\/www.netairspace.cc\\\/pic\\\/706360\\\/hottestbrick_main.jpg\"},{\"@type\":\"BreadcrumbList\",\"@id\":\"https:\\\/\\\/www.eddh-airport.de\\\/eddhairport\\\/nordseekonferenz-in-hamburg\\\/#breadcrumb\",\"itemListElement\":[{\"@type\":\"ListItem\",\"position\":1,\"name\":\"Startseite\",\"item\":\"https:\\\/\\\/www.eddh-airport.de\\\/eddhairport\\\/\"},{\"@type\":\"ListItem\",\"position\":2,\"name\":\"Nordseekonferenz in Hamburg\"}]},{\"@type\":\"WebSite\",\"@id\":\"https:\\\/\\\/www.eddh-airport.de\\\/eddhairport\\\/#website\",\"url\":\"https:\\\/\\\/www.eddh-airport.de\\\/eddhairport\\\/\",\"name\":\"eddh-airport\",\"description\":\"Luftfahrtnews und Planespotting aus Hamburg\",\"publisher\":{\"@id\":\"https:\\\/\\\/www.eddh-airport.de\\\/eddhairport\\\/#organization\"},\"potentialAction\":[{\"@type\":\"SearchAction\",\"target\":{\"@type\":\"EntryPoint\",\"urlTemplate\":\"https:\\\/\\\/www.eddh-airport.de\\\/eddhairport\\\/?s={search_term_string}\"},\"query-input\":{\"@type\":\"PropertyValueSpecification\",\"valueRequired\":true,\"valueName\":\"search_term_string\"}}],\"inLanguage\":\"de\"},{\"@type\":\"Organization\",\"@id\":\"https:\\\/\\\/www.eddh-airport.de\\\/eddhairport\\\/#organization\",\"name\":\"eddh-airport\",\"url\":\"https:\\\/\\\/www.eddh-airport.de\\\/eddhairport\\\/\",\"logo\":{\"@type\":\"ImageObject\",\"inLanguage\":\"de\",\"@id\":\"https:\\\/\\\/www.eddh-airport.de\\\/eddhairport\\\/#\\\/schema\\\/logo\\\/image\\\/\",\"url\":\"https:\\\/\\\/www.eddh-airport.de\\\/eddhairport\\\/wp-content\\\/uploads\\\/2018\\\/10\\\/cropped-Neues-Logo-blau-eine-Ebene-2.jpg\",\"contentUrl\":\"https:\\\/\\\/www.eddh-airport.de\\\/eddhairport\\\/wp-content\\\/uploads\\\/2018\\\/10\\\/cropped-Neues-Logo-blau-eine-Ebene-2.jpg\",\"width\":512,\"height\":512,\"caption\":\"eddh-airport\"},\"image\":{\"@id\":\"https:\\\/\\\/www.eddh-airport.de\\\/eddhairport\\\/#\\\/schema\\\/logo\\\/image\\\/\"},\"sameAs\":[\"https:\\\/\\\/www.facebook.com\\\/eddhairport\\\/\",\"https:\\\/\\\/x.com\\\/EDDH_airport_de\",\"https:\\\/\\\/www.instagram.com\\\/eddhairport\\\/?hl=de\"]},{\"@type\":\"Person\",\"@id\":\"https:\\\/\\\/www.eddh-airport.de\\\/eddhairport\\\/#\\\/schema\\\/person\\\/69e52086d712e506636c8f4c5f088abe\",\"name\":\"Niclas Rebbelmund\",\"image\":{\"@type\":\"ImageObject\",\"inLanguage\":\"de\",\"@id\":\"https:\\\/\\\/secure.gravatar.com\\\/avatar\\\/d84f2b77774e9493691ea91c216d4e4e5412d631f5fe9806ac1d1d54bd3c30cb?s=96&d=mm&r=g\",\"url\":\"https:\\\/\\\/secure.gravatar.com\\\/avatar\\\/d84f2b77774e9493691ea91c216d4e4e5412d631f5fe9806ac1d1d54bd3c30cb?s=96&d=mm&r=g\",\"contentUrl\":\"https:\\\/\\\/secure.gravatar.com\\\/avatar\\\/d84f2b77774e9493691ea91c216d4e4e5412d631f5fe9806ac1d1d54bd3c30cb?s=96&d=mm&r=g\",\"caption\":\"Niclas Rebbelmund\"},\"description\":\"34 Jahre, Team Nikon, Aviation &amp; Fotografie Enthusiast\",\"sameAs\":[\"https:\\\/\\\/www.instagram.com\\\/niclashco\\\/\"],\"url\":\"https:\\\/\\\/www.eddh-airport.de\\\/eddhairport\\\/author\\\/niclas-rebbelmund\\\/\"}]}<\/script>\n<!-- \/ Yoast SEO plugin. -->","yoast_head_json":{"title":"Nordseekonferenz in Hamburg - eddh-airport","description":"Heute fand zum ersten Mal die Nordseekonferenz in Hamburg statt - nat\u00fcrlich nicht ohne einigen Regierungs-Flugverkehr in Fuhlsb\u00fcttel.","robots":{"index":"index","follow":"follow","max-snippet":"max-snippet:-1","max-image-preview":"max-image-preview:large","max-video-preview":"max-video-preview:-1"},"canonical":"https:\/\/www.eddh-airport.de\/eddhairport\/nordseekonferenz-in-hamburg\/","og_locale":"de_DE","og_type":"article","og_title":"Nordseekonferenz in Hamburg - eddh-airport","og_description":"Heute fand zum ersten Mal die Nordseekonferenz in Hamburg statt - nat\u00fcrlich nicht ohne einigen Regierungs-Flugverkehr in Fuhlsb\u00fcttel.","og_url":"https:\/\/www.eddh-airport.de\/eddhairport\/nordseekonferenz-in-hamburg\/","og_site_name":"eddh-airport","article_publisher":"https:\/\/www.facebook.com\/eddhairport\/","article_published_time":"2026-01-26T20:16:52+00:00","og_image":[{"url":"https:\/\/www.netairspace.cc\/pic\/706360\/hottestbrick_main.jpg","type":"","width":"","height":""}],"author":"Niclas Rebbelmund","twitter_card":"summary_large_image","twitter_creator":"@EDDH_airport_de","twitter_site":"@EDDH_airport_de","twitter_misc":{"Verfasst von":"Niclas Rebbelmund","Gesch\u00e4tzte Lesezeit":"3\u00a0Minuten"},"schema":{"@context":"https:\/\/schema.org","@graph":[{"@type":"Article","@id":"https:\/\/www.eddh-airport.de\/eddhairport\/nordseekonferenz-in-hamburg\/#article","isPartOf":{"@id":"https:\/\/www.eddh-airport.de\/eddhairport\/nordseekonferenz-in-hamburg\/"},"author":{"name":"Niclas Rebbelmund","@id":"https:\/\/www.eddh-airport.de\/eddhairport\/#\/schema\/person\/69e52086d712e506636c8f4c5f088abe"},"headline":"Nordseekonferenz in Hamburg","datePublished":"2026-01-26T20:16:52+00:00","mainEntityOfPage":{"@id":"https:\/\/www.eddh-airport.de\/eddhairport\/nordseekonferenz-in-hamburg\/"},"wordCount":289,"commentCount":0,"publisher":{"@id":"https:\/\/www.eddh-airport.de\/eddhairport\/#organization"},"image":{"@id":"https:\/\/www.eddh-airport.de\/eddhairport\/nordseekonferenz-in-hamburg\/#primaryimage"},"thumbnailUrl":"https:\/\/www.netairspace.cc\/pic\/706360\/hottestbrick_main.jpg","keywords":["737","737-700","737-700BBJ","Air X","AIR X Charter","B737-700","Boeing","Boeing 737","Boeing 737-700BBJ","Bombardier","Bombardier Challenger","Bombardier Challenger 850","Challenger 850","Dassault Falcon","EDDH","Falcon","Falcon 7X","HAM","Hamburg Airport","Nordseekonferenz"],"articleSection":["Movements EDDH"],"inLanguage":"de","potentialAction":[{"@type":"CommentAction","name":"Comment","target":["https:\/\/www.eddh-airport.de\/eddhairport\/nordseekonferenz-in-hamburg\/#respond"]}]},{"@type":"WebPage","@id":"https:\/\/www.eddh-airport.de\/eddhairport\/nordseekonferenz-in-hamburg\/","url":"https:\/\/www.eddh-airport.de\/eddhairport\/nordseekonferenz-in-hamburg\/","name":"Nordseekonferenz in Hamburg - eddh-airport","isPartOf":{"@id":"https:\/\/www.eddh-airport.de\/eddhairport\/#website"},"primaryImageOfPage":{"@id":"https:\/\/www.eddh-airport.de\/eddhairport\/nordseekonferenz-in-hamburg\/#primaryimage"},"image":{"@id":"https:\/\/www.eddh-airport.de\/eddhairport\/nordseekonferenz-in-hamburg\/#primaryimage"},"thumbnailUrl":"https:\/\/www.netairspace.cc\/pic\/706360\/hottestbrick_main.jpg","datePublished":"2026-01-26T20:16:52+00:00","description":"Heute fand zum ersten Mal die Nordseekonferenz in Hamburg statt - nat\u00fcrlich nicht ohne einigen Regierungs-Flugverkehr in Fuhlsb\u00fcttel.","breadcrumb":{"@id":"https:\/\/www.eddh-airport.de\/eddhairport\/nordseekonferenz-in-hamburg\/#breadcrumb"},"inLanguage":"de","potentialAction":[{"@type":"ReadAction","target":["https:\/\/www.eddh-airport.de\/eddhairport\/nordseekonferenz-in-hamburg\/"]}]},{"@type":"ImageObject","inLanguage":"de","@id":"https:\/\/www.eddh-airport.de\/eddhairport\/nordseekonferenz-in-hamburg\/#primaryimage","url":"https:\/\/www.netairspace.cc\/pic\/706360\/hottestbrick_main.jpg","contentUrl":"https:\/\/www.netairspace.cc\/pic\/706360\/hottestbrick_main.jpg"},{"@type":"BreadcrumbList","@id":"https:\/\/www.eddh-airport.de\/eddhairport\/nordseekonferenz-in-hamburg\/#breadcrumb","itemListElement":[{"@type":"ListItem","position":1,"name":"Startseite","item":"https:\/\/www.eddh-airport.de\/eddhairport\/"},{"@type":"ListItem","position":2,"name":"Nordseekonferenz in Hamburg"}]},{"@type":"WebSite","@id":"https:\/\/www.eddh-airport.de\/eddhairport\/#website","url":"https:\/\/www.eddh-airport.de\/eddhairport\/","name":"eddh-airport","description":"Luftfahrtnews und Planespotting aus Hamburg","publisher":{"@id":"https:\/\/www.eddh-airport.de\/eddhairport\/#organization"},"potentialAction":[{"@type":"SearchAction","target":{"@type":"EntryPoint","urlTemplate":"https:\/\/www.eddh-airport.de\/eddhairport\/?s={search_term_string}"},"query-input":{"@type":"PropertyValueSpecification","valueRequired":true,"valueName":"search_term_string"}}],"inLanguage":"de"},{"@type":"Organization","@id":"https:\/\/www.eddh-airport.de\/eddhairport\/#organization","name":"eddh-airport","url":"https:\/\/www.eddh-airport.de\/eddhairport\/","logo":{"@type":"ImageObject","inLanguage":"de","@id":"https:\/\/www.eddh-airport.de\/eddhairport\/#\/schema\/logo\/image\/","url":"https:\/\/www.eddh-airport.de\/eddhairport\/wp-content\/uploads\/2018\/10\/cropped-Neues-Logo-blau-eine-Ebene-2.jpg","contentUrl":"https:\/\/www.eddh-airport.de\/eddhairport\/wp-content\/uploads\/2018\/10\/cropped-Neues-Logo-blau-eine-Ebene-2.jpg","width":512,"height":512,"caption":"eddh-airport"},"image":{"@id":"https:\/\/www.eddh-airport.de\/eddhairport\/#\/schema\/logo\/image\/"},"sameAs":["https:\/\/www.facebook.com\/eddhairport\/","https:\/\/x.com\/EDDH_airport_de","https:\/\/www.instagram.com\/eddhairport\/?hl=de"]},{"@type":"Person","@id":"https:\/\/www.eddh-airport.de\/eddhairport\/#\/schema\/person\/69e52086d712e506636c8f4c5f088abe","name":"Niclas Rebbelmund","image":{"@type":"ImageObject","inLanguage":"de","@id":"https:\/\/secure.gravatar.com\/avatar\/d84f2b77774e9493691ea91c216d4e4e5412d631f5fe9806ac1d1d54bd3c30cb?s=96&d=mm&r=g","url":"https:\/\/secure.gravatar.com\/avatar\/d84f2b77774e9493691ea91c216d4e4e5412d631f5fe9806ac1d1d54bd3c30cb?s=96&d=mm&r=g","contentUrl":"https:\/\/secure.gravatar.com\/avatar\/d84f2b77774e9493691ea91c216d4e4e5412d631f5fe9806ac1d1d54bd3c30cb?s=96&d=mm&r=g","caption":"Niclas Rebbelmund"},"description":"34 Jahre, Team Nikon, Aviation &amp; Fotografie Enthusiast","sameAs":["https:\/\/www.instagram.com\/niclashco\/"],"url":"https:\/\/www.eddh-airport.de\/eddhairport\/author\/niclas-rebbelmund\/"}]}},"_links":{"self":[{"href":"https:\/\/www.eddh-airport.de\/eddhairport\/wp-json\/wp\/v2\/posts\/10233","targetHints":{"allow":["GET"]}}],"collection":[{"href":"https:\/\/www.eddh-airport.de\/eddhairport\/wp-json\/wp\/v2\/posts"}],"about":[{"href":"https:\/\/www.eddh-airport.de\/eddhairport\/wp-json\/wp\/v2\/types\/post"}],"author":[{"embeddable":true,"href":"https:\/\/www.eddh-airport.de\/eddhairport\/wp-json\/wp\/v2\/users\/3"}],"replies":[{"embeddable":true,"href":"https:\/\/www.eddh-airport.de\/eddhairport\/wp-json\/wp\/v2\/comments?post=10233"}],"version-history":[{"count":4,"href":"https:\/\/www.eddh-airport.de\/eddhairport\/wp-json\/wp\/v2\/posts\/10233\/revisions"}],"predecessor-version":[{"id":10237,"href":"https:\/\/www.eddh-airport.de\/eddhairport\/wp-json\/wp\/v2\/posts\/10233\/revisions\/10237"}],"wp:attachment":[{"href":"https:\/\/www.eddh-airport.de\/eddhairport\/wp-json\/wp\/v2\/media?parent=10233"}],"wp:term":[{"taxonomy":"category","embeddable":true,"href":"https:\/\/www.eddh-airport.de\/eddhairport\/wp-json\/wp\/v2\/categories?post=10233"},{"taxonomy":"post_tag","embeddable":true,"href":"https:\/\/www.eddh-airport.de\/eddhairport\/wp-json\/wp\/v2\/tags?post=10233"}],"curies":[{"name":"wp","href":"https:\/\/api.w.org\/{rel}","templated":true}]}}