{"id":10063,"date":"2025-09-06T15:53:49","date_gmt":"2025-09-06T13:53:49","guid":{"rendered":"https:\/\/www.eddh-airport.de\/eddhairport\/?p=10063"},"modified":"2025-09-08T16:03:38","modified_gmt":"2025-09-08T14:03:38","slug":"armee-de-lair-f-rapp","status":"publish","type":"post","link":"https:\/\/www.eddh-airport.de\/eddhairport\/armee-de-lair-f-rapp\/","title":{"rendered":"Arm\u00e9e de l\u2019Air, F-RAPP"},"content":{"rendered":"<h6>Arm\u00e9e de l\u2019Air, F-RAPP<\/h6>\n<p>Nachdem bereits vor zwei Tagen eine Lockheed Martin KC-130J Hercules der franz\u00f6sischen Luftstreitkr\u00e4fte einen kurzen Stopp in Fuhlsb\u00fcttel einlegte (<a href=\"https:\/\/www.eddh-airport.de\/eddhairport\/armee-de-lair-f-rapq\/\">hier gehts zum Artikel<\/a>), landete am heutigen Vormittag erneut diesmal jedoch mit F-RAPP eine Lockheed C-130J-30 Super Hercules der Franzosen in Hamburg. Die viermotorige Maschine kam von ihrer Basis an der franz\u00f6sischen \u00c9vreux-Fauville Air Base (EVX) und rollte nach der Landung \u00fcber die Piste 23 auf das Vorfeld 2.<\/p>\n<p><a href=\"https:\/\/www.netairspace.cc\/pic\/692214\/\"><img decoding=\"async\" src=\"https:\/\/www.netairspace.cc\/pic\/692214\/hottestbrick_main.jpg\" alt=\"Aviation photo\" \/><\/a><br \/>\n<a href=\"https:\/\/www.netairspace.cc\/pic\/692214\/\"><span style=\"font-size: xx-small;\">5847 at Hamburg &#8211; Fuhlsbuettel (Helmut Schmidt)<br \/>\nby Timo Soyke on netAirspace<\/span><\/a><\/p>\n<p>Dort wurde die im Jahre 2018 gefertigte Hercules dann abgefertigt und flog am Mittag \u00fcber die Piste 33 in Richtung des schottischen Flughafens Glasgow (GLA) wieder ab. Wie auch die KC-130J am Donnerstag geh\u00f6rt diese &#8220;Herc&#8221; mit der milit\u00e4rischen Kennung 5847 und der zivile Registrierung F-RAPP der Binationale Lufttransportstaffel Rhin\/Rhein der deutschen und franz\u00f6sischen Luftstreitkr\u00e4fte an. Vier, je zwei C-130J-30 Super Hercules und KC-130J, steuerte dabei die Arm\u00e9e de l\u2019Air bei. Der Anteil der deutschen Luftwaffe besteht dabei aus je drei C-130J-30 und KC-130J.<\/p>\n","protected":false},"excerpt":{"rendered":"<p>Arm\u00e9e de l\u2019Air, F-RAPP Nachdem bereits vor zwei Tagen eine Lockheed Martin KC-130J Hercules der franz\u00f6sischen Luftstreitkr\u00e4fte einen kurzen Stopp in Fuhlsb\u00fcttel einlegte (hier gehts zum Artikel), landete am heutigen Vormittag erneut diesmal jedoch mit F-RAPP eine Lockheed C-130J-30 Super Hercules der Franzosen in Hamburg. Die viermotorige Maschine kam von ihrer Basis an der franz\u00f6sischen [&hellip;]<\/p>\n","protected":false},"author":3,"featured_media":0,"comment_status":"open","ping_status":"open","sticky":false,"template":"","format":"standard","meta":{"_monsterinsights_skip_tracking":false,"_monsterinsights_sitenote_active":false,"_monsterinsights_sitenote_note":"","_monsterinsights_sitenote_category":0,"site-sidebar-layout":"default","site-content-layout":"","ast-site-content-layout":"default","site-content-style":"default","site-sidebar-style":"default","ast-global-header-display":"","ast-banner-title-visibility":"","ast-main-header-display":"","ast-hfb-above-header-display":"","ast-hfb-below-header-display":"","ast-hfb-mobile-header-display":"","site-post-title":"","ast-breadcrumbs-content":"","ast-featured-img":"","footer-sml-layout":"","ast-disable-related-posts":"","theme-transparent-header-meta":"default","adv-header-id-meta":"","stick-header-meta":"","header-above-stick-meta":"","header-main-stick-meta":"","header-below-stick-meta":"","astra-migrate-meta-layouts":"set","ast-page-background-enabled":"default","ast-page-background-meta":{"desktop":{"background-color":"","background-image":"","background-repeat":"repeat","background-position":"center center","background-size":"auto","background-attachment":"scroll","background-type":"","background-media":"","overlay-type":"","overlay-color":"","overlay-opacity":"","overlay-gradient":""},"tablet":{"background-color":"","background-image":"","background-repeat":"repeat","background-position":"center center","background-size":"auto","background-attachment":"scroll","background-type":"","background-media":"","overlay-type":"","overlay-color":"","overlay-opacity":"","overlay-gradient":""},"mobile":{"background-color":"","background-image":"","background-repeat":"repeat","background-position":"center center","background-size":"auto","background-attachment":"scroll","background-type":"","background-media":"","overlay-type":"","overlay-color":"","overlay-opacity":"","overlay-gradient":""}},"ast-content-background-meta":{"desktop":{"background-color":"var(--ast-global-color-5)","background-image":"","background-repeat":"repeat","background-position":"center center","background-size":"auto","background-attachment":"scroll","background-type":"","background-media":"","overlay-type":"","overlay-color":"","overlay-opacity":"","overlay-gradient":""},"tablet":{"background-color":"var(--ast-global-color-5)","background-image":"","background-repeat":"repeat","background-position":"center center","background-size":"auto","background-attachment":"scroll","background-type":"","background-media":"","overlay-type":"","overlay-color":"","overlay-opacity":"","overlay-gradient":""},"mobile":{"background-color":"var(--ast-global-color-5)","background-image":"","background-repeat":"repeat","background-position":"center center","background-size":"auto","background-attachment":"scroll","background-type":"","background-media":"","overlay-type":"","overlay-color":"","overlay-opacity":"","overlay-gradient":""}},"footnotes":""},"categories":[8],"tags":[825,1482,148,936,1534,1535,149,1530,10,223,11,90,156,147,835,935,1532,1533,1528,1531],"class_list":["post-10063","post","type-post","status-publish","format-standard","hentry","category-movements-eddh","tag-armee-de-lair","tag-armee-de-lair-french-air-force","tag-c-130","tag-c-130j","tag-c-130j-hercules","tag-c-130j-super-hercules","tag-c130","tag-c130j","tag-eddh","tag-french-air-force","tag-ham","tag-hamburg-airport","tag-hercules","tag-lockheed","tag-lockheed-c-130","tag-lockheed-c-130j","tag-lockheed-c-130j-hercules","tag-lockheed-c-130j-super-hercules","tag-lockheed-martin","tag-super-hercules"],"yoast_head":"<!-- This site is optimized with the Yoast SEO plugin v27.4 - https:\/\/yoast.com\/product\/yoast-seo-wordpress\/ -->\n<title>Arm\u00e9e de l\u2019Air, F-RAPP - eddh-airport<\/title>\n<meta name=\"description\" content=\"Am heutigen Vormittag landete mit F-RAPP erneut eine Hercules der franz\u00f6sischen Arm\u00e9e de l\u2019Air am Hamburger Flughafen.\" \/>\n<meta name=\"robots\" content=\"index, follow, max-snippet:-1, max-image-preview:large, max-video-preview:-1\" \/>\n<link rel=\"canonical\" href=\"https:\/\/www.eddh-airport.de\/eddhairport\/armee-de-lair-f-rapp\/\" \/>\n<meta property=\"og:locale\" content=\"de_DE\" \/>\n<meta property=\"og:type\" content=\"article\" \/>\n<meta property=\"og:title\" content=\"Arm\u00e9e de l\u2019Air, F-RAPP - eddh-airport\" \/>\n<meta property=\"og:description\" content=\"Am heutigen Vormittag landete mit F-RAPP erneut eine Hercules der franz\u00f6sischen Arm\u00e9e de l\u2019Air am Hamburger Flughafen.\" \/>\n<meta property=\"og:url\" content=\"https:\/\/www.eddh-airport.de\/eddhairport\/armee-de-lair-f-rapp\/\" \/>\n<meta property=\"og:site_name\" content=\"eddh-airport\" \/>\n<meta property=\"article:publisher\" content=\"https:\/\/www.facebook.com\/eddhairport\/\" \/>\n<meta property=\"article:published_time\" content=\"2025-09-06T13:53:49+00:00\" \/>\n<meta property=\"article:modified_time\" content=\"2025-09-08T14:03:38+00:00\" \/>\n<meta property=\"og:image\" content=\"https:\/\/www.netairspace.cc\/pic\/692214\/hottestbrick_main.jpg\" \/>\n<meta name=\"author\" content=\"Niclas Rebbelmund\" \/>\n<meta name=\"twitter:card\" content=\"summary_large_image\" \/>\n<meta name=\"twitter:creator\" content=\"@EDDH_airport_de\" \/>\n<meta name=\"twitter:site\" content=\"@EDDH_airport_de\" \/>\n<meta name=\"twitter:label1\" content=\"Verfasst von\" \/>\n\t<meta name=\"twitter:data1\" content=\"Niclas Rebbelmund\" \/>\n\t<meta name=\"twitter:label2\" content=\"Gesch\u00e4tzte Lesezeit\" \/>\n\t<meta name=\"twitter:data2\" content=\"2\u00a0Minuten\" \/>\n<script type=\"application\/ld+json\" class=\"yoast-schema-graph\">{\"@context\":\"https:\\\/\\\/schema.org\",\"@graph\":[{\"@type\":\"Article\",\"@id\":\"https:\\\/\\\/www.eddh-airport.de\\\/eddhairport\\\/armee-de-lair-f-rapp\\\/#article\",\"isPartOf\":{\"@id\":\"https:\\\/\\\/www.eddh-airport.de\\\/eddhairport\\\/armee-de-lair-f-rapp\\\/\"},\"author\":{\"name\":\"Niclas Rebbelmund\",\"@id\":\"https:\\\/\\\/www.eddh-airport.de\\\/eddhairport\\\/#\\\/schema\\\/person\\\/69e52086d712e506636c8f4c5f088abe\"},\"headline\":\"Arm\u00e9e de l\u2019Air, F-RAPP\",\"datePublished\":\"2025-09-06T13:53:49+00:00\",\"dateModified\":\"2025-09-08T14:03:38+00:00\",\"mainEntityOfPage\":{\"@id\":\"https:\\\/\\\/www.eddh-airport.de\\\/eddhairport\\\/armee-de-lair-f-rapp\\\/\"},\"wordCount\":188,\"commentCount\":0,\"publisher\":{\"@id\":\"https:\\\/\\\/www.eddh-airport.de\\\/eddhairport\\\/#organization\"},\"image\":{\"@id\":\"https:\\\/\\\/www.eddh-airport.de\\\/eddhairport\\\/armee-de-lair-f-rapp\\\/#primaryimage\"},\"thumbnailUrl\":\"https:\\\/\\\/www.netairspace.cc\\\/pic\\\/692214\\\/hottestbrick_main.jpg\",\"keywords\":[\"Arm\u00e9e de l'Air\",\"Arm\u00e9e de l'Air (French Air Force)\",\"C-130\",\"C-130J\",\"C-130J Hercules\",\"C-130J Super Hercules\",\"C130\",\"C130J\",\"EDDH\",\"French Air Force\",\"HAM\",\"Hamburg Airport\",\"Hercules\",\"Lockheed\",\"Lockheed C-130\",\"Lockheed C-130J\",\"Lockheed C-130J Hercules\",\"Lockheed C-130J Super Hercules\",\"Lockheed Martin\",\"Super Hercules\"],\"articleSection\":[\"Movements EDDH\"],\"inLanguage\":\"de\",\"potentialAction\":[{\"@type\":\"CommentAction\",\"name\":\"Comment\",\"target\":[\"https:\\\/\\\/www.eddh-airport.de\\\/eddhairport\\\/armee-de-lair-f-rapp\\\/#respond\"]}]},{\"@type\":\"WebPage\",\"@id\":\"https:\\\/\\\/www.eddh-airport.de\\\/eddhairport\\\/armee-de-lair-f-rapp\\\/\",\"url\":\"https:\\\/\\\/www.eddh-airport.de\\\/eddhairport\\\/armee-de-lair-f-rapp\\\/\",\"name\":\"Arm\u00e9e de l\u2019Air, F-RAPP - eddh-airport\",\"isPartOf\":{\"@id\":\"https:\\\/\\\/www.eddh-airport.de\\\/eddhairport\\\/#website\"},\"primaryImageOfPage\":{\"@id\":\"https:\\\/\\\/www.eddh-airport.de\\\/eddhairport\\\/armee-de-lair-f-rapp\\\/#primaryimage\"},\"image\":{\"@id\":\"https:\\\/\\\/www.eddh-airport.de\\\/eddhairport\\\/armee-de-lair-f-rapp\\\/#primaryimage\"},\"thumbnailUrl\":\"https:\\\/\\\/www.netairspace.cc\\\/pic\\\/692214\\\/hottestbrick_main.jpg\",\"datePublished\":\"2025-09-06T13:53:49+00:00\",\"dateModified\":\"2025-09-08T14:03:38+00:00\",\"description\":\"Am heutigen Vormittag landete mit F-RAPP erneut eine Hercules der franz\u00f6sischen Arm\u00e9e de l\u2019Air am Hamburger Flughafen.\",\"breadcrumb\":{\"@id\":\"https:\\\/\\\/www.eddh-airport.de\\\/eddhairport\\\/armee-de-lair-f-rapp\\\/#breadcrumb\"},\"inLanguage\":\"de\",\"potentialAction\":[{\"@type\":\"ReadAction\",\"target\":[\"https:\\\/\\\/www.eddh-airport.de\\\/eddhairport\\\/armee-de-lair-f-rapp\\\/\"]}]},{\"@type\":\"ImageObject\",\"inLanguage\":\"de\",\"@id\":\"https:\\\/\\\/www.eddh-airport.de\\\/eddhairport\\\/armee-de-lair-f-rapp\\\/#primaryimage\",\"url\":\"https:\\\/\\\/www.netairspace.cc\\\/pic\\\/692214\\\/hottestbrick_main.jpg\",\"contentUrl\":\"https:\\\/\\\/www.netairspace.cc\\\/pic\\\/692214\\\/hottestbrick_main.jpg\"},{\"@type\":\"BreadcrumbList\",\"@id\":\"https:\\\/\\\/www.eddh-airport.de\\\/eddhairport\\\/armee-de-lair-f-rapp\\\/#breadcrumb\",\"itemListElement\":[{\"@type\":\"ListItem\",\"position\":1,\"name\":\"Startseite\",\"item\":\"https:\\\/\\\/www.eddh-airport.de\\\/eddhairport\\\/\"},{\"@type\":\"ListItem\",\"position\":2,\"name\":\"Arm\u00e9e de l\u2019Air, F-RAPP\"}]},{\"@type\":\"WebSite\",\"@id\":\"https:\\\/\\\/www.eddh-airport.de\\\/eddhairport\\\/#website\",\"url\":\"https:\\\/\\\/www.eddh-airport.de\\\/eddhairport\\\/\",\"name\":\"eddh-airport\",\"description\":\"Luftfahrtnews und Planespotting aus Hamburg\",\"publisher\":{\"@id\":\"https:\\\/\\\/www.eddh-airport.de\\\/eddhairport\\\/#organization\"},\"potentialAction\":[{\"@type\":\"SearchAction\",\"target\":{\"@type\":\"EntryPoint\",\"urlTemplate\":\"https:\\\/\\\/www.eddh-airport.de\\\/eddhairport\\\/?s={search_term_string}\"},\"query-input\":{\"@type\":\"PropertyValueSpecification\",\"valueRequired\":true,\"valueName\":\"search_term_string\"}}],\"inLanguage\":\"de\"},{\"@type\":\"Organization\",\"@id\":\"https:\\\/\\\/www.eddh-airport.de\\\/eddhairport\\\/#organization\",\"name\":\"eddh-airport\",\"url\":\"https:\\\/\\\/www.eddh-airport.de\\\/eddhairport\\\/\",\"logo\":{\"@type\":\"ImageObject\",\"inLanguage\":\"de\",\"@id\":\"https:\\\/\\\/www.eddh-airport.de\\\/eddhairport\\\/#\\\/schema\\\/logo\\\/image\\\/\",\"url\":\"https:\\\/\\\/www.eddh-airport.de\\\/eddhairport\\\/wp-content\\\/uploads\\\/2018\\\/10\\\/cropped-Neues-Logo-blau-eine-Ebene-2.jpg\",\"contentUrl\":\"https:\\\/\\\/www.eddh-airport.de\\\/eddhairport\\\/wp-content\\\/uploads\\\/2018\\\/10\\\/cropped-Neues-Logo-blau-eine-Ebene-2.jpg\",\"width\":512,\"height\":512,\"caption\":\"eddh-airport\"},\"image\":{\"@id\":\"https:\\\/\\\/www.eddh-airport.de\\\/eddhairport\\\/#\\\/schema\\\/logo\\\/image\\\/\"},\"sameAs\":[\"https:\\\/\\\/www.facebook.com\\\/eddhairport\\\/\",\"https:\\\/\\\/x.com\\\/EDDH_airport_de\",\"https:\\\/\\\/www.instagram.com\\\/eddhairport\\\/?hl=de\"]},{\"@type\":\"Person\",\"@id\":\"https:\\\/\\\/www.eddh-airport.de\\\/eddhairport\\\/#\\\/schema\\\/person\\\/69e52086d712e506636c8f4c5f088abe\",\"name\":\"Niclas Rebbelmund\",\"image\":{\"@type\":\"ImageObject\",\"inLanguage\":\"de\",\"@id\":\"https:\\\/\\\/secure.gravatar.com\\\/avatar\\\/d84f2b77774e9493691ea91c216d4e4e5412d631f5fe9806ac1d1d54bd3c30cb?s=96&d=mm&r=g\",\"url\":\"https:\\\/\\\/secure.gravatar.com\\\/avatar\\\/d84f2b77774e9493691ea91c216d4e4e5412d631f5fe9806ac1d1d54bd3c30cb?s=96&d=mm&r=g\",\"contentUrl\":\"https:\\\/\\\/secure.gravatar.com\\\/avatar\\\/d84f2b77774e9493691ea91c216d4e4e5412d631f5fe9806ac1d1d54bd3c30cb?s=96&d=mm&r=g\",\"caption\":\"Niclas Rebbelmund\"},\"description\":\"34 Jahre, Team Nikon, Aviation &amp; Fotografie Enthusiast\",\"sameAs\":[\"https:\\\/\\\/www.instagram.com\\\/niclashco\\\/\"],\"url\":\"https:\\\/\\\/www.eddh-airport.de\\\/eddhairport\\\/author\\\/niclas-rebbelmund\\\/\"}]}<\/script>\n<!-- \/ Yoast SEO plugin. -->","yoast_head_json":{"title":"Arm\u00e9e de l\u2019Air, F-RAPP - eddh-airport","description":"Am heutigen Vormittag landete mit F-RAPP erneut eine Hercules der franz\u00f6sischen Arm\u00e9e de l\u2019Air am Hamburger Flughafen.","robots":{"index":"index","follow":"follow","max-snippet":"max-snippet:-1","max-image-preview":"max-image-preview:large","max-video-preview":"max-video-preview:-1"},"canonical":"https:\/\/www.eddh-airport.de\/eddhairport\/armee-de-lair-f-rapp\/","og_locale":"de_DE","og_type":"article","og_title":"Arm\u00e9e de l\u2019Air, F-RAPP - eddh-airport","og_description":"Am heutigen Vormittag landete mit F-RAPP erneut eine Hercules der franz\u00f6sischen Arm\u00e9e de l\u2019Air am Hamburger Flughafen.","og_url":"https:\/\/www.eddh-airport.de\/eddhairport\/armee-de-lair-f-rapp\/","og_site_name":"eddh-airport","article_publisher":"https:\/\/www.facebook.com\/eddhairport\/","article_published_time":"2025-09-06T13:53:49+00:00","article_modified_time":"2025-09-08T14:03:38+00:00","og_image":[{"url":"https:\/\/www.netairspace.cc\/pic\/692214\/hottestbrick_main.jpg","type":"","width":"","height":""}],"author":"Niclas Rebbelmund","twitter_card":"summary_large_image","twitter_creator":"@EDDH_airport_de","twitter_site":"@EDDH_airport_de","twitter_misc":{"Verfasst von":"Niclas Rebbelmund","Gesch\u00e4tzte Lesezeit":"2\u00a0Minuten"},"schema":{"@context":"https:\/\/schema.org","@graph":[{"@type":"Article","@id":"https:\/\/www.eddh-airport.de\/eddhairport\/armee-de-lair-f-rapp\/#article","isPartOf":{"@id":"https:\/\/www.eddh-airport.de\/eddhairport\/armee-de-lair-f-rapp\/"},"author":{"name":"Niclas Rebbelmund","@id":"https:\/\/www.eddh-airport.de\/eddhairport\/#\/schema\/person\/69e52086d712e506636c8f4c5f088abe"},"headline":"Arm\u00e9e de l\u2019Air, F-RAPP","datePublished":"2025-09-06T13:53:49+00:00","dateModified":"2025-09-08T14:03:38+00:00","mainEntityOfPage":{"@id":"https:\/\/www.eddh-airport.de\/eddhairport\/armee-de-lair-f-rapp\/"},"wordCount":188,"commentCount":0,"publisher":{"@id":"https:\/\/www.eddh-airport.de\/eddhairport\/#organization"},"image":{"@id":"https:\/\/www.eddh-airport.de\/eddhairport\/armee-de-lair-f-rapp\/#primaryimage"},"thumbnailUrl":"https:\/\/www.netairspace.cc\/pic\/692214\/hottestbrick_main.jpg","keywords":["Arm\u00e9e de l'Air","Arm\u00e9e de l'Air (French Air Force)","C-130","C-130J","C-130J Hercules","C-130J Super Hercules","C130","C130J","EDDH","French Air Force","HAM","Hamburg Airport","Hercules","Lockheed","Lockheed C-130","Lockheed C-130J","Lockheed C-130J Hercules","Lockheed C-130J Super Hercules","Lockheed Martin","Super Hercules"],"articleSection":["Movements EDDH"],"inLanguage":"de","potentialAction":[{"@type":"CommentAction","name":"Comment","target":["https:\/\/www.eddh-airport.de\/eddhairport\/armee-de-lair-f-rapp\/#respond"]}]},{"@type":"WebPage","@id":"https:\/\/www.eddh-airport.de\/eddhairport\/armee-de-lair-f-rapp\/","url":"https:\/\/www.eddh-airport.de\/eddhairport\/armee-de-lair-f-rapp\/","name":"Arm\u00e9e de l\u2019Air, F-RAPP - eddh-airport","isPartOf":{"@id":"https:\/\/www.eddh-airport.de\/eddhairport\/#website"},"primaryImageOfPage":{"@id":"https:\/\/www.eddh-airport.de\/eddhairport\/armee-de-lair-f-rapp\/#primaryimage"},"image":{"@id":"https:\/\/www.eddh-airport.de\/eddhairport\/armee-de-lair-f-rapp\/#primaryimage"},"thumbnailUrl":"https:\/\/www.netairspace.cc\/pic\/692214\/hottestbrick_main.jpg","datePublished":"2025-09-06T13:53:49+00:00","dateModified":"2025-09-08T14:03:38+00:00","description":"Am heutigen Vormittag landete mit F-RAPP erneut eine Hercules der franz\u00f6sischen Arm\u00e9e de l\u2019Air am Hamburger Flughafen.","breadcrumb":{"@id":"https:\/\/www.eddh-airport.de\/eddhairport\/armee-de-lair-f-rapp\/#breadcrumb"},"inLanguage":"de","potentialAction":[{"@type":"ReadAction","target":["https:\/\/www.eddh-airport.de\/eddhairport\/armee-de-lair-f-rapp\/"]}]},{"@type":"ImageObject","inLanguage":"de","@id":"https:\/\/www.eddh-airport.de\/eddhairport\/armee-de-lair-f-rapp\/#primaryimage","url":"https:\/\/www.netairspace.cc\/pic\/692214\/hottestbrick_main.jpg","contentUrl":"https:\/\/www.netairspace.cc\/pic\/692214\/hottestbrick_main.jpg"},{"@type":"BreadcrumbList","@id":"https:\/\/www.eddh-airport.de\/eddhairport\/armee-de-lair-f-rapp\/#breadcrumb","itemListElement":[{"@type":"ListItem","position":1,"name":"Startseite","item":"https:\/\/www.eddh-airport.de\/eddhairport\/"},{"@type":"ListItem","position":2,"name":"Arm\u00e9e de l\u2019Air, F-RAPP"}]},{"@type":"WebSite","@id":"https:\/\/www.eddh-airport.de\/eddhairport\/#website","url":"https:\/\/www.eddh-airport.de\/eddhairport\/","name":"eddh-airport","description":"Luftfahrtnews und Planespotting aus Hamburg","publisher":{"@id":"https:\/\/www.eddh-airport.de\/eddhairport\/#organization"},"potentialAction":[{"@type":"SearchAction","target":{"@type":"EntryPoint","urlTemplate":"https:\/\/www.eddh-airport.de\/eddhairport\/?s={search_term_string}"},"query-input":{"@type":"PropertyValueSpecification","valueRequired":true,"valueName":"search_term_string"}}],"inLanguage":"de"},{"@type":"Organization","@id":"https:\/\/www.eddh-airport.de\/eddhairport\/#organization","name":"eddh-airport","url":"https:\/\/www.eddh-airport.de\/eddhairport\/","logo":{"@type":"ImageObject","inLanguage":"de","@id":"https:\/\/www.eddh-airport.de\/eddhairport\/#\/schema\/logo\/image\/","url":"https:\/\/www.eddh-airport.de\/eddhairport\/wp-content\/uploads\/2018\/10\/cropped-Neues-Logo-blau-eine-Ebene-2.jpg","contentUrl":"https:\/\/www.eddh-airport.de\/eddhairport\/wp-content\/uploads\/2018\/10\/cropped-Neues-Logo-blau-eine-Ebene-2.jpg","width":512,"height":512,"caption":"eddh-airport"},"image":{"@id":"https:\/\/www.eddh-airport.de\/eddhairport\/#\/schema\/logo\/image\/"},"sameAs":["https:\/\/www.facebook.com\/eddhairport\/","https:\/\/x.com\/EDDH_airport_de","https:\/\/www.instagram.com\/eddhairport\/?hl=de"]},{"@type":"Person","@id":"https:\/\/www.eddh-airport.de\/eddhairport\/#\/schema\/person\/69e52086d712e506636c8f4c5f088abe","name":"Niclas Rebbelmund","image":{"@type":"ImageObject","inLanguage":"de","@id":"https:\/\/secure.gravatar.com\/avatar\/d84f2b77774e9493691ea91c216d4e4e5412d631f5fe9806ac1d1d54bd3c30cb?s=96&d=mm&r=g","url":"https:\/\/secure.gravatar.com\/avatar\/d84f2b77774e9493691ea91c216d4e4e5412d631f5fe9806ac1d1d54bd3c30cb?s=96&d=mm&r=g","contentUrl":"https:\/\/secure.gravatar.com\/avatar\/d84f2b77774e9493691ea91c216d4e4e5412d631f5fe9806ac1d1d54bd3c30cb?s=96&d=mm&r=g","caption":"Niclas Rebbelmund"},"description":"34 Jahre, Team Nikon, Aviation &amp; Fotografie Enthusiast","sameAs":["https:\/\/www.instagram.com\/niclashco\/"],"url":"https:\/\/www.eddh-airport.de\/eddhairport\/author\/niclas-rebbelmund\/"}]}},"_links":{"self":[{"href":"https:\/\/www.eddh-airport.de\/eddhairport\/wp-json\/wp\/v2\/posts\/10063","targetHints":{"allow":["GET"]}}],"collection":[{"href":"https:\/\/www.eddh-airport.de\/eddhairport\/wp-json\/wp\/v2\/posts"}],"about":[{"href":"https:\/\/www.eddh-airport.de\/eddhairport\/wp-json\/wp\/v2\/types\/post"}],"author":[{"embeddable":true,"href":"https:\/\/www.eddh-airport.de\/eddhairport\/wp-json\/wp\/v2\/users\/3"}],"replies":[{"embeddable":true,"href":"https:\/\/www.eddh-airport.de\/eddhairport\/wp-json\/wp\/v2\/comments?post=10063"}],"version-history":[{"count":1,"href":"https:\/\/www.eddh-airport.de\/eddhairport\/wp-json\/wp\/v2\/posts\/10063\/revisions"}],"predecessor-version":[{"id":10064,"href":"https:\/\/www.eddh-airport.de\/eddhairport\/wp-json\/wp\/v2\/posts\/10063\/revisions\/10064"}],"wp:attachment":[{"href":"https:\/\/www.eddh-airport.de\/eddhairport\/wp-json\/wp\/v2\/media?parent=10063"}],"wp:term":[{"taxonomy":"category","embeddable":true,"href":"https:\/\/www.eddh-airport.de\/eddhairport\/wp-json\/wp\/v2\/categories?post=10063"},{"taxonomy":"post_tag","embeddable":true,"href":"https:\/\/www.eddh-airport.de\/eddhairport\/wp-json\/wp\/v2\/tags?post=10063"}],"curies":[{"name":"wp","href":"https:\/\/api.w.org\/{rel}","templated":true}]}}