{"id":10050,"date":"2025-09-04T20:42:11","date_gmt":"2025-09-04T18:42:11","guid":{"rendered":"https:\/\/www.eddh-airport.de\/eddhairport\/?p=10050"},"modified":"2025-09-05T07:51:08","modified_gmt":"2025-09-05T05:51:08","slug":"armee-de-lair-f-rapq","status":"publish","type":"post","link":"https:\/\/www.eddh-airport.de\/eddhairport\/armee-de-lair-f-rapq\/","title":{"rendered":"Arm\u00e9e de l&#8217;Air, F-RAPQ"},"content":{"rendered":"<h6>Arm\u00e9e de l&#8217;Air, F-RAPQ<\/h6>\n<p>Aktuell h\u00e4lt die Bundeswehr unter anderem \u00fcber Schleswig Holstein Man\u00f6ver im Rahmen der \u00dcbung &#8220;SNAP 2025&#8221; ab. Dabei steht vor allen Dingen der Fliegerhorst in Jagel (WBG) im Fokus. \u00dcber den Tag verteilt nahm an dieser \u00dcbung auch eine Lockheed Martin KC-130J Hercules der Arm\u00e9e de l&#8217;Air teil. Die Maschine mit der Kennung F-RAPQ legte auf dem R\u00fcckweg zu ihrer Basis am Milit\u00e4rflugplatz \u00c9vreux-Fauville (EVX) eine kurzen Zwischenstopp am Hamburger Flughafen ein. Daf\u00fcr setzte der Tanker \u00fcber die Piste 15 auf und flog nach einer kurzen Abfertigung auf dem Vorfeld 2 \u00fcber die Startbahn 23 wieder ab.<\/p>\n<p><a href=\"https:\/\/www.netairspace.cc\/pic\/692037\/\"><img decoding=\"async\" src=\"https:\/\/www.netairspace.cc\/pic\/692037\/hottestbrick_main.jpg\" alt=\"Aviation photo\" \/><\/a><br \/>\n<a href=\"https:\/\/www.netairspace.cc\/pic\/692037\/\"><span style=\"font-size: xx-small;\">5874\/61-PQ at Hamburg &#8211; Fuhlsbuettel (Helmut Schmidt)<br \/>\nby Niclas Rebbelmund on netAirspace<\/span><\/a><\/p>\n<p>Auf der Basis im franz\u00f6sischen \u00c9vreux ist seit Mitte 2021 auch die Binationale Lufttransportstaffel Rhin\/Rhein stationiert der diese Hercules angeh\u00f6rt. Dabei teilen sich die deutschen und franz\u00f6sischen Luftstreitkr\u00e4fte den Betrieb der dort stationierten Lockheed C-130 Staffel. Die Staffel betreibt je f\u00fcnf C-130J Super Hercules in der Version C-130J-30 mit verl\u00e4ngertem Rumpf und f\u00fcnf Maschinen in der Tankerversion KC-130J. Die mehr als sechs Jahre alte F-RAPQ ist dabei eine von zwei KC-130J der Franzosen, die jedoch bei den heutigen Fl\u00fcgen auch von deutschen Piloten gesteuerte wurde.<\/p>\n","protected":false},"excerpt":{"rendered":"<p>Arm\u00e9e de l&#8217;Air, F-RAPQ Aktuell h\u00e4lt die Bundeswehr unter anderem \u00fcber Schleswig Holstein Man\u00f6ver im Rahmen der \u00dcbung &#8220;SNAP 2025&#8221; ab. Dabei steht vor allen Dingen der Fliegerhorst in Jagel (WBG) im Fokus. \u00dcber den Tag verteilt nahm an dieser \u00dcbung auch eine Lockheed Martin KC-130J Hercules der Arm\u00e9e de l&#8217;Air teil. Die Maschine mit [&hellip;]<\/p>\n","protected":false},"author":3,"featured_media":0,"comment_status":"open","ping_status":"open","sticky":false,"template":"","format":"standard","meta":{"_monsterinsights_skip_tracking":false,"_monsterinsights_sitenote_active":false,"_monsterinsights_sitenote_note":"","_monsterinsights_sitenote_category":0,"site-sidebar-layout":"default","site-content-layout":"","ast-site-content-layout":"default","site-content-style":"default","site-sidebar-style":"default","ast-global-header-display":"","ast-banner-title-visibility":"","ast-main-header-display":"","ast-hfb-above-header-display":"","ast-hfb-below-header-display":"","ast-hfb-mobile-header-display":"","site-post-title":"","ast-breadcrumbs-content":"","ast-featured-img":"","footer-sml-layout":"","ast-disable-related-posts":"","theme-transparent-header-meta":"default","adv-header-id-meta":"","stick-header-meta":"","header-above-stick-meta":"","header-main-stick-meta":"","header-below-stick-meta":"","astra-migrate-meta-layouts":"set","ast-page-background-enabled":"default","ast-page-background-meta":{"desktop":{"background-color":"","background-image":"","background-repeat":"repeat","background-position":"center center","background-size":"auto","background-attachment":"scroll","background-type":"","background-media":"","overlay-type":"","overlay-color":"","overlay-opacity":"","overlay-gradient":""},"tablet":{"background-color":"","background-image":"","background-repeat":"repeat","background-position":"center center","background-size":"auto","background-attachment":"scroll","background-type":"","background-media":"","overlay-type":"","overlay-color":"","overlay-opacity":"","overlay-gradient":""},"mobile":{"background-color":"","background-image":"","background-repeat":"repeat","background-position":"center center","background-size":"auto","background-attachment":"scroll","background-type":"","background-media":"","overlay-type":"","overlay-color":"","overlay-opacity":"","overlay-gradient":""}},"ast-content-background-meta":{"desktop":{"background-color":"var(--ast-global-color-5)","background-image":"","background-repeat":"repeat","background-position":"center center","background-size":"auto","background-attachment":"scroll","background-type":"","background-media":"","overlay-type":"","overlay-color":"","overlay-opacity":"","overlay-gradient":""},"tablet":{"background-color":"var(--ast-global-color-5)","background-image":"","background-repeat":"repeat","background-position":"center center","background-size":"auto","background-attachment":"scroll","background-type":"","background-media":"","overlay-type":"","overlay-color":"","overlay-opacity":"","overlay-gradient":""},"mobile":{"background-color":"var(--ast-global-color-5)","background-image":"","background-repeat":"repeat","background-position":"center center","background-size":"auto","background-attachment":"scroll","background-type":"","background-media":"","overlay-type":"","overlay-color":"","overlay-opacity":"","overlay-gradient":""}},"footnotes":""},"categories":[8],"tags":[825,148,936,149,1530,10,223,11,90,156,363,1956,1954,1955,147,1528,1958,1959,1957,1960],"class_list":["post-10050","post","type-post","status-publish","format-standard","hentry","category-movements-eddh","tag-armee-de-lair","tag-c-130","tag-c-130j","tag-c130","tag-c130j","tag-eddh","tag-french-air-force","tag-ham","tag-hamburg-airport","tag-hercules","tag-kc-130","tag-kc-130j","tag-kc130","tag-kc130j","tag-lockheed","tag-lockheed-martin","tag-lockheed-martin-c-130","tag-lockheed-martin-kc-130","tag-lockheed-martin-kc-130j","tag-lockheed-martin-kc130"],"yoast_head":"<!-- This site is optimized with the Yoast SEO plugin v27.4 - https:\/\/yoast.com\/product\/yoast-seo-wordpress\/ -->\n<title>Arm\u00e9e de l&#039;Air, F-RAPQ - eddh-airport<\/title>\n<meta name=\"description\" content=\"Am heutigen Nachmittag besuchte mit F-RAPQ eine Lockheed Martin KC-130J Hercules der Arm\u00e9e de l&#039;Air den Hamburger Flughafen.\" \/>\n<meta name=\"robots\" content=\"index, follow, max-snippet:-1, max-image-preview:large, max-video-preview:-1\" \/>\n<link rel=\"canonical\" href=\"https:\/\/www.eddh-airport.de\/eddhairport\/armee-de-lair-f-rapq\/\" \/>\n<meta property=\"og:locale\" content=\"de_DE\" \/>\n<meta property=\"og:type\" content=\"article\" \/>\n<meta property=\"og:title\" content=\"Arm\u00e9e de l&#039;Air, F-RAPQ - eddh-airport\" \/>\n<meta property=\"og:description\" content=\"Am heutigen Nachmittag besuchte mit F-RAPQ eine Lockheed Martin KC-130J Hercules der Arm\u00e9e de l&#039;Air den Hamburger Flughafen.\" \/>\n<meta property=\"og:url\" content=\"https:\/\/www.eddh-airport.de\/eddhairport\/armee-de-lair-f-rapq\/\" \/>\n<meta property=\"og:site_name\" content=\"eddh-airport\" \/>\n<meta property=\"article:publisher\" content=\"https:\/\/www.facebook.com\/eddhairport\/\" \/>\n<meta property=\"article:published_time\" content=\"2025-09-04T18:42:11+00:00\" \/>\n<meta property=\"article:modified_time\" content=\"2025-09-05T05:51:08+00:00\" \/>\n<meta property=\"og:image\" content=\"https:\/\/www.netairspace.cc\/pic\/692037\/hottestbrick_main.jpg\" \/>\n<meta name=\"author\" content=\"Niclas Rebbelmund\" \/>\n<meta name=\"twitter:card\" content=\"summary_large_image\" \/>\n<meta name=\"twitter:creator\" content=\"@EDDH_airport_de\" \/>\n<meta name=\"twitter:site\" content=\"@EDDH_airport_de\" \/>\n<meta name=\"twitter:label1\" content=\"Verfasst von\" \/>\n\t<meta name=\"twitter:data1\" content=\"Niclas Rebbelmund\" \/>\n\t<meta name=\"twitter:label2\" content=\"Gesch\u00e4tzte Lesezeit\" \/>\n\t<meta name=\"twitter:data2\" content=\"2\u00a0Minuten\" \/>\n<script type=\"application\/ld+json\" class=\"yoast-schema-graph\">{\"@context\":\"https:\\\/\\\/schema.org\",\"@graph\":[{\"@type\":\"Article\",\"@id\":\"https:\\\/\\\/www.eddh-airport.de\\\/eddhairport\\\/armee-de-lair-f-rapq\\\/#article\",\"isPartOf\":{\"@id\":\"https:\\\/\\\/www.eddh-airport.de\\\/eddhairport\\\/armee-de-lair-f-rapq\\\/\"},\"author\":{\"name\":\"Niclas Rebbelmund\",\"@id\":\"https:\\\/\\\/www.eddh-airport.de\\\/eddhairport\\\/#\\\/schema\\\/person\\\/69e52086d712e506636c8f4c5f088abe\"},\"headline\":\"Arm\u00e9e de l&#8217;Air, F-RAPQ\",\"datePublished\":\"2025-09-04T18:42:11+00:00\",\"dateModified\":\"2025-09-05T05:51:08+00:00\",\"mainEntityOfPage\":{\"@id\":\"https:\\\/\\\/www.eddh-airport.de\\\/eddhairport\\\/armee-de-lair-f-rapq\\\/\"},\"wordCount\":222,\"commentCount\":0,\"publisher\":{\"@id\":\"https:\\\/\\\/www.eddh-airport.de\\\/eddhairport\\\/#organization\"},\"image\":{\"@id\":\"https:\\\/\\\/www.eddh-airport.de\\\/eddhairport\\\/armee-de-lair-f-rapq\\\/#primaryimage\"},\"thumbnailUrl\":\"https:\\\/\\\/www.netairspace.cc\\\/pic\\\/692037\\\/hottestbrick_main.jpg\",\"keywords\":[\"Arm\u00e9e de l'Air\",\"C-130\",\"C-130J\",\"C130\",\"C130J\",\"EDDH\",\"French Air Force\",\"HAM\",\"Hamburg Airport\",\"Hercules\",\"KC-130\",\"KC-130J\",\"KC130\",\"KC130J\",\"Lockheed\",\"Lockheed Martin\",\"Lockheed Martin C-130\",\"Lockheed Martin KC-130\",\"Lockheed Martin KC-130J\",\"Lockheed Martin KC130\"],\"articleSection\":[\"Movements EDDH\"],\"inLanguage\":\"de\",\"potentialAction\":[{\"@type\":\"CommentAction\",\"name\":\"Comment\",\"target\":[\"https:\\\/\\\/www.eddh-airport.de\\\/eddhairport\\\/armee-de-lair-f-rapq\\\/#respond\"]}]},{\"@type\":\"WebPage\",\"@id\":\"https:\\\/\\\/www.eddh-airport.de\\\/eddhairport\\\/armee-de-lair-f-rapq\\\/\",\"url\":\"https:\\\/\\\/www.eddh-airport.de\\\/eddhairport\\\/armee-de-lair-f-rapq\\\/\",\"name\":\"Arm\u00e9e de l'Air, F-RAPQ - eddh-airport\",\"isPartOf\":{\"@id\":\"https:\\\/\\\/www.eddh-airport.de\\\/eddhairport\\\/#website\"},\"primaryImageOfPage\":{\"@id\":\"https:\\\/\\\/www.eddh-airport.de\\\/eddhairport\\\/armee-de-lair-f-rapq\\\/#primaryimage\"},\"image\":{\"@id\":\"https:\\\/\\\/www.eddh-airport.de\\\/eddhairport\\\/armee-de-lair-f-rapq\\\/#primaryimage\"},\"thumbnailUrl\":\"https:\\\/\\\/www.netairspace.cc\\\/pic\\\/692037\\\/hottestbrick_main.jpg\",\"datePublished\":\"2025-09-04T18:42:11+00:00\",\"dateModified\":\"2025-09-05T05:51:08+00:00\",\"description\":\"Am heutigen Nachmittag besuchte mit F-RAPQ eine Lockheed Martin KC-130J Hercules der Arm\u00e9e de l'Air den Hamburger Flughafen.\",\"breadcrumb\":{\"@id\":\"https:\\\/\\\/www.eddh-airport.de\\\/eddhairport\\\/armee-de-lair-f-rapq\\\/#breadcrumb\"},\"inLanguage\":\"de\",\"potentialAction\":[{\"@type\":\"ReadAction\",\"target\":[\"https:\\\/\\\/www.eddh-airport.de\\\/eddhairport\\\/armee-de-lair-f-rapq\\\/\"]}]},{\"@type\":\"ImageObject\",\"inLanguage\":\"de\",\"@id\":\"https:\\\/\\\/www.eddh-airport.de\\\/eddhairport\\\/armee-de-lair-f-rapq\\\/#primaryimage\",\"url\":\"https:\\\/\\\/www.netairspace.cc\\\/pic\\\/692037\\\/hottestbrick_main.jpg\",\"contentUrl\":\"https:\\\/\\\/www.netairspace.cc\\\/pic\\\/692037\\\/hottestbrick_main.jpg\"},{\"@type\":\"BreadcrumbList\",\"@id\":\"https:\\\/\\\/www.eddh-airport.de\\\/eddhairport\\\/armee-de-lair-f-rapq\\\/#breadcrumb\",\"itemListElement\":[{\"@type\":\"ListItem\",\"position\":1,\"name\":\"Startseite\",\"item\":\"https:\\\/\\\/www.eddh-airport.de\\\/eddhairport\\\/\"},{\"@type\":\"ListItem\",\"position\":2,\"name\":\"Arm\u00e9e de l&#8217;Air, F-RAPQ\"}]},{\"@type\":\"WebSite\",\"@id\":\"https:\\\/\\\/www.eddh-airport.de\\\/eddhairport\\\/#website\",\"url\":\"https:\\\/\\\/www.eddh-airport.de\\\/eddhairport\\\/\",\"name\":\"eddh-airport\",\"description\":\"Luftfahrtnews und Planespotting aus Hamburg\",\"publisher\":{\"@id\":\"https:\\\/\\\/www.eddh-airport.de\\\/eddhairport\\\/#organization\"},\"potentialAction\":[{\"@type\":\"SearchAction\",\"target\":{\"@type\":\"EntryPoint\",\"urlTemplate\":\"https:\\\/\\\/www.eddh-airport.de\\\/eddhairport\\\/?s={search_term_string}\"},\"query-input\":{\"@type\":\"PropertyValueSpecification\",\"valueRequired\":true,\"valueName\":\"search_term_string\"}}],\"inLanguage\":\"de\"},{\"@type\":\"Organization\",\"@id\":\"https:\\\/\\\/www.eddh-airport.de\\\/eddhairport\\\/#organization\",\"name\":\"eddh-airport\",\"url\":\"https:\\\/\\\/www.eddh-airport.de\\\/eddhairport\\\/\",\"logo\":{\"@type\":\"ImageObject\",\"inLanguage\":\"de\",\"@id\":\"https:\\\/\\\/www.eddh-airport.de\\\/eddhairport\\\/#\\\/schema\\\/logo\\\/image\\\/\",\"url\":\"https:\\\/\\\/www.eddh-airport.de\\\/eddhairport\\\/wp-content\\\/uploads\\\/2018\\\/10\\\/cropped-Neues-Logo-blau-eine-Ebene-2.jpg\",\"contentUrl\":\"https:\\\/\\\/www.eddh-airport.de\\\/eddhairport\\\/wp-content\\\/uploads\\\/2018\\\/10\\\/cropped-Neues-Logo-blau-eine-Ebene-2.jpg\",\"width\":512,\"height\":512,\"caption\":\"eddh-airport\"},\"image\":{\"@id\":\"https:\\\/\\\/www.eddh-airport.de\\\/eddhairport\\\/#\\\/schema\\\/logo\\\/image\\\/\"},\"sameAs\":[\"https:\\\/\\\/www.facebook.com\\\/eddhairport\\\/\",\"https:\\\/\\\/x.com\\\/EDDH_airport_de\",\"https:\\\/\\\/www.instagram.com\\\/eddhairport\\\/?hl=de\"]},{\"@type\":\"Person\",\"@id\":\"https:\\\/\\\/www.eddh-airport.de\\\/eddhairport\\\/#\\\/schema\\\/person\\\/69e52086d712e506636c8f4c5f088abe\",\"name\":\"Niclas Rebbelmund\",\"image\":{\"@type\":\"ImageObject\",\"inLanguage\":\"de\",\"@id\":\"https:\\\/\\\/secure.gravatar.com\\\/avatar\\\/d84f2b77774e9493691ea91c216d4e4e5412d631f5fe9806ac1d1d54bd3c30cb?s=96&d=mm&r=g\",\"url\":\"https:\\\/\\\/secure.gravatar.com\\\/avatar\\\/d84f2b77774e9493691ea91c216d4e4e5412d631f5fe9806ac1d1d54bd3c30cb?s=96&d=mm&r=g\",\"contentUrl\":\"https:\\\/\\\/secure.gravatar.com\\\/avatar\\\/d84f2b77774e9493691ea91c216d4e4e5412d631f5fe9806ac1d1d54bd3c30cb?s=96&d=mm&r=g\",\"caption\":\"Niclas Rebbelmund\"},\"description\":\"34 Jahre, Team Nikon, Aviation &amp; Fotografie Enthusiast\",\"sameAs\":[\"https:\\\/\\\/www.instagram.com\\\/niclashco\\\/\"],\"url\":\"https:\\\/\\\/www.eddh-airport.de\\\/eddhairport\\\/author\\\/niclas-rebbelmund\\\/\"}]}<\/script>\n<!-- \/ Yoast SEO plugin. -->","yoast_head_json":{"title":"Arm\u00e9e de l'Air, F-RAPQ - eddh-airport","description":"Am heutigen Nachmittag besuchte mit F-RAPQ eine Lockheed Martin KC-130J Hercules der Arm\u00e9e de l'Air den Hamburger Flughafen.","robots":{"index":"index","follow":"follow","max-snippet":"max-snippet:-1","max-image-preview":"max-image-preview:large","max-video-preview":"max-video-preview:-1"},"canonical":"https:\/\/www.eddh-airport.de\/eddhairport\/armee-de-lair-f-rapq\/","og_locale":"de_DE","og_type":"article","og_title":"Arm\u00e9e de l'Air, F-RAPQ - eddh-airport","og_description":"Am heutigen Nachmittag besuchte mit F-RAPQ eine Lockheed Martin KC-130J Hercules der Arm\u00e9e de l'Air den Hamburger Flughafen.","og_url":"https:\/\/www.eddh-airport.de\/eddhairport\/armee-de-lair-f-rapq\/","og_site_name":"eddh-airport","article_publisher":"https:\/\/www.facebook.com\/eddhairport\/","article_published_time":"2025-09-04T18:42:11+00:00","article_modified_time":"2025-09-05T05:51:08+00:00","og_image":[{"url":"https:\/\/www.netairspace.cc\/pic\/692037\/hottestbrick_main.jpg","type":"","width":"","height":""}],"author":"Niclas Rebbelmund","twitter_card":"summary_large_image","twitter_creator":"@EDDH_airport_de","twitter_site":"@EDDH_airport_de","twitter_misc":{"Verfasst von":"Niclas Rebbelmund","Gesch\u00e4tzte Lesezeit":"2\u00a0Minuten"},"schema":{"@context":"https:\/\/schema.org","@graph":[{"@type":"Article","@id":"https:\/\/www.eddh-airport.de\/eddhairport\/armee-de-lair-f-rapq\/#article","isPartOf":{"@id":"https:\/\/www.eddh-airport.de\/eddhairport\/armee-de-lair-f-rapq\/"},"author":{"name":"Niclas Rebbelmund","@id":"https:\/\/www.eddh-airport.de\/eddhairport\/#\/schema\/person\/69e52086d712e506636c8f4c5f088abe"},"headline":"Arm\u00e9e de l&#8217;Air, F-RAPQ","datePublished":"2025-09-04T18:42:11+00:00","dateModified":"2025-09-05T05:51:08+00:00","mainEntityOfPage":{"@id":"https:\/\/www.eddh-airport.de\/eddhairport\/armee-de-lair-f-rapq\/"},"wordCount":222,"commentCount":0,"publisher":{"@id":"https:\/\/www.eddh-airport.de\/eddhairport\/#organization"},"image":{"@id":"https:\/\/www.eddh-airport.de\/eddhairport\/armee-de-lair-f-rapq\/#primaryimage"},"thumbnailUrl":"https:\/\/www.netairspace.cc\/pic\/692037\/hottestbrick_main.jpg","keywords":["Arm\u00e9e de l'Air","C-130","C-130J","C130","C130J","EDDH","French Air Force","HAM","Hamburg Airport","Hercules","KC-130","KC-130J","KC130","KC130J","Lockheed","Lockheed Martin","Lockheed Martin C-130","Lockheed Martin KC-130","Lockheed Martin KC-130J","Lockheed Martin KC130"],"articleSection":["Movements EDDH"],"inLanguage":"de","potentialAction":[{"@type":"CommentAction","name":"Comment","target":["https:\/\/www.eddh-airport.de\/eddhairport\/armee-de-lair-f-rapq\/#respond"]}]},{"@type":"WebPage","@id":"https:\/\/www.eddh-airport.de\/eddhairport\/armee-de-lair-f-rapq\/","url":"https:\/\/www.eddh-airport.de\/eddhairport\/armee-de-lair-f-rapq\/","name":"Arm\u00e9e de l'Air, F-RAPQ - eddh-airport","isPartOf":{"@id":"https:\/\/www.eddh-airport.de\/eddhairport\/#website"},"primaryImageOfPage":{"@id":"https:\/\/www.eddh-airport.de\/eddhairport\/armee-de-lair-f-rapq\/#primaryimage"},"image":{"@id":"https:\/\/www.eddh-airport.de\/eddhairport\/armee-de-lair-f-rapq\/#primaryimage"},"thumbnailUrl":"https:\/\/www.netairspace.cc\/pic\/692037\/hottestbrick_main.jpg","datePublished":"2025-09-04T18:42:11+00:00","dateModified":"2025-09-05T05:51:08+00:00","description":"Am heutigen Nachmittag besuchte mit F-RAPQ eine Lockheed Martin KC-130J Hercules der Arm\u00e9e de l'Air den Hamburger Flughafen.","breadcrumb":{"@id":"https:\/\/www.eddh-airport.de\/eddhairport\/armee-de-lair-f-rapq\/#breadcrumb"},"inLanguage":"de","potentialAction":[{"@type":"ReadAction","target":["https:\/\/www.eddh-airport.de\/eddhairport\/armee-de-lair-f-rapq\/"]}]},{"@type":"ImageObject","inLanguage":"de","@id":"https:\/\/www.eddh-airport.de\/eddhairport\/armee-de-lair-f-rapq\/#primaryimage","url":"https:\/\/www.netairspace.cc\/pic\/692037\/hottestbrick_main.jpg","contentUrl":"https:\/\/www.netairspace.cc\/pic\/692037\/hottestbrick_main.jpg"},{"@type":"BreadcrumbList","@id":"https:\/\/www.eddh-airport.de\/eddhairport\/armee-de-lair-f-rapq\/#breadcrumb","itemListElement":[{"@type":"ListItem","position":1,"name":"Startseite","item":"https:\/\/www.eddh-airport.de\/eddhairport\/"},{"@type":"ListItem","position":2,"name":"Arm\u00e9e de l&#8217;Air, F-RAPQ"}]},{"@type":"WebSite","@id":"https:\/\/www.eddh-airport.de\/eddhairport\/#website","url":"https:\/\/www.eddh-airport.de\/eddhairport\/","name":"eddh-airport","description":"Luftfahrtnews und Planespotting aus Hamburg","publisher":{"@id":"https:\/\/www.eddh-airport.de\/eddhairport\/#organization"},"potentialAction":[{"@type":"SearchAction","target":{"@type":"EntryPoint","urlTemplate":"https:\/\/www.eddh-airport.de\/eddhairport\/?s={search_term_string}"},"query-input":{"@type":"PropertyValueSpecification","valueRequired":true,"valueName":"search_term_string"}}],"inLanguage":"de"},{"@type":"Organization","@id":"https:\/\/www.eddh-airport.de\/eddhairport\/#organization","name":"eddh-airport","url":"https:\/\/www.eddh-airport.de\/eddhairport\/","logo":{"@type":"ImageObject","inLanguage":"de","@id":"https:\/\/www.eddh-airport.de\/eddhairport\/#\/schema\/logo\/image\/","url":"https:\/\/www.eddh-airport.de\/eddhairport\/wp-content\/uploads\/2018\/10\/cropped-Neues-Logo-blau-eine-Ebene-2.jpg","contentUrl":"https:\/\/www.eddh-airport.de\/eddhairport\/wp-content\/uploads\/2018\/10\/cropped-Neues-Logo-blau-eine-Ebene-2.jpg","width":512,"height":512,"caption":"eddh-airport"},"image":{"@id":"https:\/\/www.eddh-airport.de\/eddhairport\/#\/schema\/logo\/image\/"},"sameAs":["https:\/\/www.facebook.com\/eddhairport\/","https:\/\/x.com\/EDDH_airport_de","https:\/\/www.instagram.com\/eddhairport\/?hl=de"]},{"@type":"Person","@id":"https:\/\/www.eddh-airport.de\/eddhairport\/#\/schema\/person\/69e52086d712e506636c8f4c5f088abe","name":"Niclas Rebbelmund","image":{"@type":"ImageObject","inLanguage":"de","@id":"https:\/\/secure.gravatar.com\/avatar\/d84f2b77774e9493691ea91c216d4e4e5412d631f5fe9806ac1d1d54bd3c30cb?s=96&d=mm&r=g","url":"https:\/\/secure.gravatar.com\/avatar\/d84f2b77774e9493691ea91c216d4e4e5412d631f5fe9806ac1d1d54bd3c30cb?s=96&d=mm&r=g","contentUrl":"https:\/\/secure.gravatar.com\/avatar\/d84f2b77774e9493691ea91c216d4e4e5412d631f5fe9806ac1d1d54bd3c30cb?s=96&d=mm&r=g","caption":"Niclas Rebbelmund"},"description":"34 Jahre, Team Nikon, Aviation &amp; Fotografie Enthusiast","sameAs":["https:\/\/www.instagram.com\/niclashco\/"],"url":"https:\/\/www.eddh-airport.de\/eddhairport\/author\/niclas-rebbelmund\/"}]}},"_links":{"self":[{"href":"https:\/\/www.eddh-airport.de\/eddhairport\/wp-json\/wp\/v2\/posts\/10050","targetHints":{"allow":["GET"]}}],"collection":[{"href":"https:\/\/www.eddh-airport.de\/eddhairport\/wp-json\/wp\/v2\/posts"}],"about":[{"href":"https:\/\/www.eddh-airport.de\/eddhairport\/wp-json\/wp\/v2\/types\/post"}],"author":[{"embeddable":true,"href":"https:\/\/www.eddh-airport.de\/eddhairport\/wp-json\/wp\/v2\/users\/3"}],"replies":[{"embeddable":true,"href":"https:\/\/www.eddh-airport.de\/eddhairport\/wp-json\/wp\/v2\/comments?post=10050"}],"version-history":[{"count":1,"href":"https:\/\/www.eddh-airport.de\/eddhairport\/wp-json\/wp\/v2\/posts\/10050\/revisions"}],"predecessor-version":[{"id":10051,"href":"https:\/\/www.eddh-airport.de\/eddhairport\/wp-json\/wp\/v2\/posts\/10050\/revisions\/10051"}],"wp:attachment":[{"href":"https:\/\/www.eddh-airport.de\/eddhairport\/wp-json\/wp\/v2\/media?parent=10050"}],"wp:term":[{"taxonomy":"category","embeddable":true,"href":"https:\/\/www.eddh-airport.de\/eddhairport\/wp-json\/wp\/v2\/categories?post=10050"},{"taxonomy":"post_tag","embeddable":true,"href":"https:\/\/www.eddh-airport.de\/eddhairport\/wp-json\/wp\/v2\/tags?post=10050"}],"curies":[{"name":"wp","href":"https:\/\/api.w.org\/{rel}","templated":true}]}}